{"id":2308,"date":"2023-05-30T08:00:03","date_gmt":"2023-05-30T06:00:03","guid":{"rendered":"https:\/\/www.suavinex.com\/livingsuavinex\/?p=2308"},"modified":"2023-11-07T09:36:17","modified_gmt":"2023-11-07T08:36:17","slug":"problemas-con-el-pecho","status":"publish","type":"post","link":"https:\/\/www.suavinex.com\/livingsuavinex\/problemas-con-el-pecho\/","title":{"rendered":"Problemas en la lactancia materna y c\u00f3mo afrontarlos"},"content":{"rendered":"\n<p>El milagro de la\u00a0leche materna, o el primer gesto de amor de una mam\u00e1 con su beb\u00e9, es una de las experiencias m\u00e1s \u00edntimas e indescriptibles para cualquier mujer. Pero\u00a0<strong>algunos problemas con el pecho<\/strong>\u00a0como la obstrucci\u00f3n mamaria, las grietas, el dolor de pecho en lactancia o la <a href=\"https:\/\/www.suavinex.com\/livingsuavinex\/lactancia-materna-mastitis\/\">mastitis<\/a> pueden dificultar a las mam\u00e1s la experiencia de la\u00a0<a href=\"https:\/\/www.suavinex.com\/disfrutomilactancia\">lactancia materna<\/a>.<\/p>\n\n\n\n<p>La mayor\u00eda de las veces estos trastornos ocurren porque\u00a0<strong>el beb\u00e9 no tiene un <a href=\"https:\/\/www.suavinex.com\/livingsuavinex\/beneficios-lactancia-materna\/\">buen agarre\u00a0<\/a>o las tomas no se realizan con la frecuencia necesaria<\/strong>. Adem\u00e1s de recomendarte emplear una\u00a0<a href=\"https:\/\/www.suavinex.com\/bano-y-cuidado-del-bebe\/cosmetica-mama\/balsamo-pezon-30ml\/p\/000000000000308865\">crema para pez\u00f3n en lactancia<\/a>\u00a0rica en lanolina para favorecer la regeneraci\u00f3n de la piel y prevenir o reducir problemas como las grietas en la lactancia y el dolor de pecho, hoy nos gustar\u00eda facilitarte\u00a0algunos consejos para reconocer posibles problemas con el\u00a0pecho y tratarlos de la mejor manera posible.<\/p>\n\n\n\n<h2 class=\"wp-block-heading\"><strong>Los problemas en la lactancia m\u00e1s habituales<\/strong><\/h2>\n\n\n\n<p>En principio, la lactancia materna no tiene por qu\u00e9 provocar sufrimiento a la mam\u00e1. No obstante, si el beb\u00e9 o <a href=\"https:\/\/www.suavinex.com\/livingsuavinex\/que-es-un-neonato\/\">neonato<\/a> no se coge al pecho de la forma correcta o las tomas no se realizan con la frecuencia necesaria, se pueden producir molestos trastornos, que pueden dificultar, en gran medida, la lactancia materna. He aqu\u00ed los <strong>principales problemas en la lactancia con el pecho<\/strong> y algunos consejos para reconocerlos y tratarlos de la mejor manera posible.<\/p>\n\n\n\n<h3 class=\"wp-block-heading\"><strong><a href=\"https:\/\/www.suavinex.com\/livingsuavinex\/grietas-pezon-consejos\/\">Grietas en el pez\u00f3n<\/a><\/strong><\/h3>\n\n\n\n<p>Son\u00a0<strong>peque\u00f1os cortes profundos\u00a0<\/strong>situados casi siempre en el centro del pez\u00f3n, aunque tambi\u00e9n pueden producirse en otras partes. Estas grietas en el pez\u00f3n causan un dolor en la mama en la lactancia. Habitualmente se producen por una succi\u00f3n incorrecta del beb\u00e9, ya sea por un mal agarre o porque tenga frenillo.<\/p>\n\n\n\n<h3 class=\"wp-block-heading\"><strong>\u00bfQu\u00e9 deber\u00edas hacer ante las grietas en el pez\u00f3n?<\/strong><\/h3>\n\n\n\n<ul class=\"wp-block-list\">\n<li>Corrige las <a href=\"https:\/\/www.suavinex.com\/livingsuavinex\/posturas-amamantar\/\">posturas en la lactancia<\/a> del peque.<\/li>\n\n\n\n<li>No es recomendable suspender la lactancia, a pesar de que los cortes sangren. Existe el peligro de provocar una obstrucci\u00f3n mamaria y de disminuir la producci\u00f3n de leche.<\/li>\n\n\n\n<li>Se puede <a href=\"https:\/\/www.suavinex.com\/livingsuavinex\/extraccion-leche-materna\/\">extraer la leche<\/a> hasta que el trastorno pase y d\u00e1rsela al beb\u00e9 mediante un&nbsp;<a href=\"https:\/\/www.suavinex.com\/biberones-y-accesorios\/biberones\/c\/0021\">biber\u00f3n<\/a> con ayuda del <a href=\"https:\/\/www.suavinex.com\/lactancia-materna\/sacaleches-y-extractores-de-leche\/set-de-lactancia-con-extractor-manual-zero-zero\/p\/set_lactancia_extractor_zero\">Set de Lactancia con Extractor Manual Zero Zero<\/a> muy f\u00e1cil de usar, permite regular el ritmo de extracci\u00f3n.<\/li>\n<\/ul>\n\n\n<div class=\"wp-block-image\">\n<figure class=\"aligncenter\"><a href=\"https:\/\/www.suavinex.com\/lactancia-materna\/sacaleches-y-extractores-de-leche\/set-de-lactancia-con-extractor-manual-zero-zero\/p\/set_lactancia_extractor_zero\"><img loading=\"lazy\" decoding=\"async\" width=\"700\" height=\"300\" src=\"https:\/\/www.suavinex.com\/livingsuavinex\/wp-content\/uploads\/2023\/04\/Set-de-Lactancia-con-Extractor-Manual-Zero-Zero.jpg\" alt=\"\" class=\"wp-image-43809\" srcset=\"https:\/\/www.suavinex.com\/livingsuavinex\/wp-content\/uploads\/2023\/04\/Set-de-Lactancia-con-Extractor-Manual-Zero-Zero.jpg 700w, https:\/\/www.suavinex.com\/livingsuavinex\/wp-content\/uploads\/2023\/04\/Set-de-Lactancia-con-Extractor-Manual-Zero-Zero-300x129.jpg 300w, https:\/\/www.suavinex.com\/livingsuavinex\/wp-content\/uploads\/2023\/04\/Set-de-Lactancia-con-Extractor-Manual-Zero-Zero-200x86.jpg 200w, https:\/\/www.suavinex.com\/livingsuavinex\/wp-content\/uploads\/2023\/04\/Set-de-Lactancia-con-Extractor-Manual-Zero-Zero-400x171.jpg 400w, https:\/\/www.suavinex.com\/livingsuavinex\/wp-content\/uploads\/2023\/04\/Set-de-Lactancia-con-Extractor-Manual-Zero-Zero-600x257.jpg 600w\" sizes=\"auto, (max-width: 700px) 100vw, 700px\" \/><\/a><\/figure><\/div>\n\n\n<ul class=\"wp-block-list\">\n<li>Tambi\u00e9n puedes usar pezoneras de forma provisional hasta que curen u optar por el <a href=\"https:\/\/www.suavinex.com\/lactancia-materna\/cuidado-del-pecho\/s-conchas-protectoras-recolectoras-i3\/p\/000000000000400872\">Set de 2 conchas protectoras y 2 conchas recolectoras<\/a> para evitar el roce de la ropa sobre el pecho sensible o da\u00f1ado por las grietas o irritaciones.<\/li>\n<\/ul>\n\n\n<div class=\"wp-block-image\">\n<figure class=\"aligncenter\"><a href=\"https:\/\/www.suavinex.com\/lactancia-materna\/cuidado-del-pecho\/s-conchas-protectoras-recolectoras-i3\/p\/000000000000400872\"><img loading=\"lazy\" decoding=\"async\" width=\"700\" height=\"300\" src=\"https:\/\/www.suavinex.com\/livingsuavinex\/wp-content\/uploads\/2016\/03\/Set-de-2-conchas-protectoras-y-2-conchas-recolectoras.png\" alt=\"Set de 2 conchas protectoras y 2 conchas recolectoras\" class=\"wp-image-43150\" srcset=\"https:\/\/www.suavinex.com\/livingsuavinex\/wp-content\/uploads\/2016\/03\/Set-de-2-conchas-protectoras-y-2-conchas-recolectoras.png 700w, https:\/\/www.suavinex.com\/livingsuavinex\/wp-content\/uploads\/2016\/03\/Set-de-2-conchas-protectoras-y-2-conchas-recolectoras-300x129.png 300w, https:\/\/www.suavinex.com\/livingsuavinex\/wp-content\/uploads\/2016\/03\/Set-de-2-conchas-protectoras-y-2-conchas-recolectoras-200x86.png 200w, https:\/\/www.suavinex.com\/livingsuavinex\/wp-content\/uploads\/2016\/03\/Set-de-2-conchas-protectoras-y-2-conchas-recolectoras-400x171.png 400w, https:\/\/www.suavinex.com\/livingsuavinex\/wp-content\/uploads\/2016\/03\/Set-de-2-conchas-protectoras-y-2-conchas-recolectoras-600x257.png 600w\" sizes=\"auto, (max-width: 700px) 100vw, 700px\" \/><\/a><\/figure><\/div>\n\n\n<h3 class=\"wp-block-heading\"><strong>Obstrucci\u00f3n mamaria<\/strong><\/h3>\n\n\n\n<p>Es uno de los problemas en la lactancia habituales, se trata de un estancamiento de la leche. Puede darse durante toda la lactancia, aunque es m\u00e1s habitual en los <a href=\"https:\/\/www.suavinex.com\/livingsuavinex\/primeros-dias-bebe\/\">primeros d\u00edas de vida del beb\u00e9<\/a>. Se produce porque\u00a0<strong>los pechos no se vac\u00edan con suficiente frecuencia o porque el beb\u00e9 se agarra\u00a0de forma incorrecta<\/strong>. Sus s\u00edntomas son: hinchaz\u00f3n, piel tensa y brillante, enrojecimiento, dolor de pecho en la lactancia y, en ocasiones, fiebre.<\/p>\n\n\n\n<h3 class=\"wp-block-heading\"><strong>\u00bfC\u00f3mo actuar ante la obstrucci\u00f3n mamaria?<\/strong><\/h3>\n\n\n\n<ul class=\"wp-block-list\">\n<li>Se deben aplicar&nbsp;<strong>pa\u00f1os calientes <\/strong>sobre la zona durante 10-15 minutos antes del inicio de la tetada.<\/li>\n\n\n\n<li>Tambi\u00e9n se pueden poner compresas fr\u00edas entre una toma y otra durante 10 minutos, aproximadamente, para aliviar el dolor de pecho en la lactancia y reducir la inflamaci\u00f3n.<\/li>\n\n\n\n<li>Es importante colocar al beb\u00e9 con el ment\u00f3n hacia el lugar en el que notes la obstrucci\u00f3n, para que le sea m\u00e1s f\u00e1cil deshacerla.<\/li>\n<\/ul>\n\n\n\n<h3 class=\"wp-block-heading\"><strong><a href=\"https:\/\/www.suavinex.com\/livingsuavinex\/lactancia-materna-mastitis\/\">Mastitis<\/a><\/strong><\/h3>\n\n\n\n<p>Es una infecci\u00f3n del pecho causada por la&nbsp;<strong>penetraci\u00f3n de bacterias en el interior de la gl\u00e1ndula mamaria<\/strong>, normalmente, a trav\u00e9s de grietas en el&nbsp;<strong>pez\u00f3n<\/strong>. Tambi\u00e9n puede producirse por una&nbsp;<strong>obstrucci\u00f3n mamaria<\/strong>&nbsp;que no ha sido tratada de forma adecuada, por una bajada moment\u00e1nea de las defensas, bastante com\u00fan durante el&nbsp;<a href=\"https:\/\/www.suavinex.com\/livingsuavinex\/puerperio-mujer\/\">puerperio<\/a>, o por el hecho de llevar sujetadores demasiado estrechos.<\/p>\n\n\n\n<p>Este trastorno puede manifestarse en la lactancia con dolor de pecho y enrojecimiento de la piel, adem\u00e1s de fiebre, cansancio, n\u00e1useas y dolor de cabeza.<\/p>\n\n\n\n<h3 class=\"wp-block-heading\"><strong>\u00bfQu\u00e9 hacer para curar las mastitis?<\/strong><\/h3>\n\n\n\n<ul class=\"wp-block-list\">\n<li>Es importante <strong>no suspender la lactancia materna<\/strong>&nbsp;y, en el caso de que un pecho se encuentre inflamado, sacar leche de \u00e9l puede aliviar. Es fundamental para intentar mejorarlo.<\/li>\n\n\n\n<li>Adem\u00e1s, se debe\u00a0<strong>masajear la mama dolorida con suaves movimientos<\/strong> en direcci\u00f3n a la <a href=\"https:\/\/www.suavinex.com\/livingsuavinex\/areola-en-el-embarazo-cambios-en-la-areola-durante-el-embarazo\/\">areola<\/a>, para facilitar el vaciado de la leche. Y para almacenarla de forma adecuada, puedes utilizar las <a href=\"https:\/\/www.suavinex.com\/lactancia-materna\/accesorios-de-lactancia\/s-bolsas-almacenaje-leche-materna\/p\/000000000000400639\">Bolsas de almacenaje con cierre zip &#8211; 25 uds<\/a> o los <a href=\"https:\/\/www.suavinex.com\/lactancia-materna\/accesorios-de-lactancia\/s-tarritos-almacenaje-10ud-i3\/p\/000000000000304594\">Tarritos de almacenaje con rosca \u2013 10 uds<\/a>.<\/li>\n<\/ul>\n\n\n<div class=\"wp-block-image\">\n<figure class=\"aligncenter\"><a href=\"https:\/\/www.suavinex.com\/lactancia-materna\/accesorios-de-lactancia\/s-bolsas-almacenaje-leche-materna\/p\/000000000000400639\"><img loading=\"lazy\" decoding=\"async\" width=\"700\" height=\"300\" src=\"https:\/\/www.suavinex.com\/livingsuavinex\/wp-content\/uploads\/2021\/08\/bolsas-de-almacenaje-de-leche-materna-25-ud.jpg\" alt=\"bolsas de almacenaje de leche materna 25 ud\" class=\"wp-image-41956\" srcset=\"https:\/\/www.suavinex.com\/livingsuavinex\/wp-content\/uploads\/2021\/08\/bolsas-de-almacenaje-de-leche-materna-25-ud.jpg 700w, https:\/\/www.suavinex.com\/livingsuavinex\/wp-content\/uploads\/2021\/08\/bolsas-de-almacenaje-de-leche-materna-25-ud-300x129.jpg 300w, https:\/\/www.suavinex.com\/livingsuavinex\/wp-content\/uploads\/2021\/08\/bolsas-de-almacenaje-de-leche-materna-25-ud-200x86.jpg 200w, https:\/\/www.suavinex.com\/livingsuavinex\/wp-content\/uploads\/2021\/08\/bolsas-de-almacenaje-de-leche-materna-25-ud-400x171.jpg 400w, https:\/\/www.suavinex.com\/livingsuavinex\/wp-content\/uploads\/2021\/08\/bolsas-de-almacenaje-de-leche-materna-25-ud-600x257.jpg 600w\" sizes=\"auto, (max-width: 700px) 100vw, 700px\" \/><\/a><\/figure><\/div>\n\n\n<h3 class=\"wp-block-heading\"><strong>Obstrucci\u00f3n del conducto<\/strong><\/h3>\n\n\n\n<p>Es una inflamaci\u00f3n localizada que impide la salida de la leche por la zona afectada. Se originan por las<strong>\u00a0tetadas poco frecuentes o por una incorrecta extracci\u00f3n de la leche<\/strong>\u00a0de un solo pecho. Suelen producir hinchaz\u00f3n, tensi\u00f3n y dolor de mama en la lactancia.<\/p>\n\n\n\n<h3 class=\"wp-block-heading\"><strong>\u00bfC\u00f3mo actuar cuando sufres una obstrucci\u00f3n del conducto?<\/strong><\/h3>\n\n\n\n<ul class=\"wp-block-list\">\n<li>Se deben&nbsp;<strong>evitar los sujetadores demasiado estrechos<\/strong>y, en general, todo lo que pueda irritar el pecho, como puntillas, piezas met\u00e1licas, etc.<\/li>\n\n\n\n<li>Conviene&nbsp;<strong>efectuar tomas frecuentes<\/strong>, variando de vez en cuando la posici\u00f3n del beb\u00e9.<\/li>\n\n\n\n<li><strong>Aplicar compresas calientes <\/strong>o realizar suaves masajes en el pecho antes de la tetada. As\u00ed&nbsp;mejora el drenaje de los senos.<\/li>\n<\/ul>\n\n\n\n<p>Dentro de nuestro cat\u00e1logo online de <a href=\"https:\/\/www.suavinex.com\/lactancia-materna\/accesorios-de-lactancia\/c\/0062\">accesorios de lactancia<\/a> tambi\u00e9n encontrar\u00e1s nuestros <a href=\"https:\/\/www.suavinex.com\/lactancia-materna\/cuidado-del-pecho\/pack-discos-de-lactancia-absorbentes-2-cajas-de-60ud-120-discos\/p\/000000000000309167\">Discos de Lactancia absorbentes. 3 Cajas de 60 unidades<\/a> para absorber las p\u00e9rdidas de leche preservando el pecho de la humedad. Lo mejor es que son transpirables y mantienen el equilibrio natural de la piel ayudando a prevenir la aparici\u00f3n de grietas e irritaciones.<\/p>\n\n\n<div class=\"wp-block-image\">\n<figure class=\"aligncenter\"><a href=\"https:\/\/www.suavinex.com\/lactancia-materna\/cuidado-del-pecho\/pack-discos-de-lactancia-absorbentes-2-cajas-de-60ud-120-discos\/p\/000000000000309167\"><img loading=\"lazy\" decoding=\"async\" width=\"700\" height=\"300\" src=\"https:\/\/www.suavinex.com\/livingsuavinex\/wp-content\/uploads\/2011\/11\/Discos-de-Lactancia-absorbentes.jpg\" alt=\"Discos de Lactancia absorbentes. 3 Cajas de 60 unidades (180 unidades)\" class=\"wp-image-43907\" srcset=\"https:\/\/www.suavinex.com\/livingsuavinex\/wp-content\/uploads\/2011\/11\/Discos-de-Lactancia-absorbentes.jpg 700w, https:\/\/www.suavinex.com\/livingsuavinex\/wp-content\/uploads\/2011\/11\/Discos-de-Lactancia-absorbentes-300x129.jpg 300w, https:\/\/www.suavinex.com\/livingsuavinex\/wp-content\/uploads\/2011\/11\/Discos-de-Lactancia-absorbentes-200x86.jpg 200w, https:\/\/www.suavinex.com\/livingsuavinex\/wp-content\/uploads\/2011\/11\/Discos-de-Lactancia-absorbentes-400x171.jpg 400w, https:\/\/www.suavinex.com\/livingsuavinex\/wp-content\/uploads\/2011\/11\/Discos-de-Lactancia-absorbentes-600x257.jpg 600w\" sizes=\"auto, (max-width: 700px) 100vw, 700px\" \/><\/a><\/figure><\/div>\n\n\n<p>\u00bfHas tenido alg\u00fan problema de pecho que haya dificultado tu lactancia?&nbsp;\u00bfC\u00f3mo lo has solucionado?<\/p>\n\n\n<div class=\"wp-block-image\">\n<figure class=\"aligncenter\"><a href=\"https:\/\/www.suavinex.com\/livingsuavinex\/registro-crm\/\"><img loading=\"lazy\" decoding=\"async\" width=\"690\" height=\"212\" src=\"https:\/\/www.suavinex.com\/livingsuavinex\/wp-content\/uploads\/2021\/11\/Suavinex-Newsletter.jpg\" alt=\"Suavinex Newsletter\" class=\"wp-image-42187\" srcset=\"https:\/\/www.suavinex.com\/livingsuavinex\/wp-content\/uploads\/2021\/11\/Suavinex-Newsletter.jpg 690w, https:\/\/www.suavinex.com\/livingsuavinex\/wp-content\/uploads\/2021\/11\/Suavinex-Newsletter-300x92.jpg 300w, https:\/\/www.suavinex.com\/livingsuavinex\/wp-content\/uploads\/2021\/11\/Suavinex-Newsletter-200x61.jpg 200w, https:\/\/www.suavinex.com\/livingsuavinex\/wp-content\/uploads\/2021\/11\/Suavinex-Newsletter-400x123.jpg 400w, https:\/\/www.suavinex.com\/livingsuavinex\/wp-content\/uploads\/2021\/11\/Suavinex-Newsletter-600x184.jpg 600w\" sizes=\"auto, (max-width: 690px) 100vw, 690px\" \/><\/a><\/figure><\/div>","protected":false},"excerpt":{"rendered":"El milagro de la\u00a0leche materna, o el primer gesto de amor de una mam\u00e1 con su beb\u00e9, es una de las experiencias m\u00e1s \u00edntimas e indescriptibles para cualquier mujer. Pero\u00a0algunos problemas con el pecho\u00a0como la obstrucci\u00f3n mamaria, las grietas, el dolor de pecho en lactancia o la mastitis pueden dificultar&#8230; <a class=\"view-article\" href=\"https:\/\/www.suavinex.com\/livingsuavinex\/problemas-con-el-pecho\/\">Ver art\u00edculo<\/a>","protected":false},"author":288,"featured_media":43908,"comment_status":"closed","ping_status":"closed","sticky":false,"template":"","format":"standard","meta":{"inline_featured_image":false,"footnotes":""},"categories":[49],"tags":[2219,234,944],"class_list":["post-2308","post","type-post","status-publish","format-standard","has-post-thumbnail","hentry","category-lactancia","tag-alimentacion","tag-bebe","tag-salud"],"yoast_head":"<!-- This site is optimized with the Yoast SEO plugin v26.8 - https:\/\/yoast.com\/product\/yoast-seo-wordpress\/ -->\n<title>Problemas en la lactancia materna y c\u00f3mo afrontarlos<\/title>\n<meta name=\"description\" content=\"Te contamos algunos de los problemas en la lactancia relacionados con el pecho y te damos algunos consejos para lidiar con ellos.\" \/>\n<meta name=\"robots\" content=\"index, follow, max-snippet:-1, max-image-preview:large, max-video-preview:-1\" \/>\n<link rel=\"canonical\" href=\"https:\/\/www.suavinex.com\/livingsuavinex\/problemas-con-el-pecho\/\" \/>\n<meta property=\"og:locale\" content=\"es_ES\" \/>\n<meta property=\"og:type\" content=\"article\" \/>\n<meta property=\"og:title\" content=\"Problemas en la lactancia materna y c\u00f3mo afrontarlos\" \/>\n<meta property=\"og:description\" content=\"Te contamos algunos de los problemas en la lactancia relacionados con el pecho y te damos algunos consejos para lidiar con ellos.\" \/>\n<meta property=\"og:url\" content=\"https:\/\/www.suavinex.com\/livingsuavinex\/problemas-con-el-pecho\/\" \/>\n<meta property=\"og:site_name\" content=\"Living Suavinex\" \/>\n<meta property=\"article:publisher\" content=\"https:\/\/www.facebook.com\/SuavinexSpain\" \/>\n<meta property=\"article:published_time\" content=\"2023-05-30T06:00:03+00:00\" \/>\n<meta property=\"article:modified_time\" content=\"2023-11-07T08:36:17+00:00\" \/>\n<meta property=\"og:image\" content=\"https:\/\/www.suavinex.com\/livingsuavinex\/wp-content\/uploads\/2011\/11\/problemas-lactancia-materna.jpg\" \/>\n\t<meta property=\"og:image:width\" content=\"1200\" \/>\n\t<meta property=\"og:image:height\" content=\"800\" \/>\n\t<meta property=\"og:image:type\" content=\"image\/jpeg\" \/>\n<meta name=\"author\" content=\"Living Suavinex\" \/>\n<meta name=\"twitter:card\" content=\"summary_large_image\" \/>\n<meta name=\"twitter:creator\" content=\"@SuavinexSpain\" \/>\n<meta name=\"twitter:site\" content=\"@SuavinexSpain\" \/>\n<meta name=\"twitter:label1\" content=\"Escrito por\" \/>\n\t<meta name=\"twitter:data1\" content=\"Living Suavinex\" \/>\n\t<meta name=\"twitter:label2\" content=\"Tiempo de lectura\" \/>\n\t<meta name=\"twitter:data2\" content=\"6 minutos\" \/>\n<script type=\"application\/ld+json\" class=\"yoast-schema-graph\">{\"@context\":\"https:\/\/schema.org\",\"@graph\":[{\"@type\":\"Article\",\"@id\":\"https:\/\/www.suavinex.com\/livingsuavinex\/problemas-con-el-pecho\/#article\",\"isPartOf\":{\"@id\":\"https:\/\/www.suavinex.com\/livingsuavinex\/problemas-con-el-pecho\/\"},\"author\":{\"name\":\"Living Suavinex\",\"@id\":\"https:\/\/www.suavinex.com\/livingsuavinex\/#\/schema\/person\/64fd7b62c88b0024a3ceeffb47f07eb6\"},\"headline\":\"Problemas en la lactancia materna y c\u00f3mo afrontarlos\",\"datePublished\":\"2023-05-30T06:00:03+00:00\",\"dateModified\":\"2023-11-07T08:36:17+00:00\",\"mainEntityOfPage\":{\"@id\":\"https:\/\/www.suavinex.com\/livingsuavinex\/problemas-con-el-pecho\/\"},\"wordCount\":997,\"publisher\":{\"@id\":\"https:\/\/www.suavinex.com\/livingsuavinex\/#organization\"},\"image\":{\"@id\":\"https:\/\/www.suavinex.com\/livingsuavinex\/problemas-con-el-pecho\/#primaryimage\"},\"thumbnailUrl\":\"https:\/\/www.suavinex.com\/livingsuavinex\/wp-content\/uploads\/2011\/11\/problemas-lactancia-materna.jpg\",\"keywords\":[\"Alimentaci\u00f3n\",\"Beb\u00e9\",\"Salud\"],\"articleSection\":[\"Lactancia\"],\"inLanguage\":\"es\"},{\"@type\":\"WebPage\",\"@id\":\"https:\/\/www.suavinex.com\/livingsuavinex\/problemas-con-el-pecho\/\",\"url\":\"https:\/\/www.suavinex.com\/livingsuavinex\/problemas-con-el-pecho\/\",\"name\":\"Problemas en la lactancia materna y c\u00f3mo afrontarlos\",\"isPartOf\":{\"@id\":\"https:\/\/www.suavinex.com\/livingsuavinex\/#website\"},\"primaryImageOfPage\":{\"@id\":\"https:\/\/www.suavinex.com\/livingsuavinex\/problemas-con-el-pecho\/#primaryimage\"},\"image\":{\"@id\":\"https:\/\/www.suavinex.com\/livingsuavinex\/problemas-con-el-pecho\/#primaryimage\"},\"thumbnailUrl\":\"https:\/\/www.suavinex.com\/livingsuavinex\/wp-content\/uploads\/2011\/11\/problemas-lactancia-materna.jpg\",\"datePublished\":\"2023-05-30T06:00:03+00:00\",\"dateModified\":\"2023-11-07T08:36:17+00:00\",\"description\":\"Te contamos algunos de los problemas en la lactancia relacionados con el pecho y te damos algunos consejos para lidiar con ellos.\",\"breadcrumb\":{\"@id\":\"https:\/\/www.suavinex.com\/livingsuavinex\/problemas-con-el-pecho\/#breadcrumb\"},\"inLanguage\":\"es\",\"potentialAction\":[{\"@type\":\"ReadAction\",\"target\":[\"https:\/\/www.suavinex.com\/livingsuavinex\/problemas-con-el-pecho\/\"]}]},{\"@type\":\"ImageObject\",\"inLanguage\":\"es\",\"@id\":\"https:\/\/www.suavinex.com\/livingsuavinex\/problemas-con-el-pecho\/#primaryimage\",\"url\":\"https:\/\/www.suavinex.com\/livingsuavinex\/wp-content\/uploads\/2011\/11\/problemas-lactancia-materna.jpg\",\"contentUrl\":\"https:\/\/www.suavinex.com\/livingsuavinex\/wp-content\/uploads\/2011\/11\/problemas-lactancia-materna.jpg\",\"width\":1200,\"height\":800,\"caption\":\"Problemas lactancia materna\"},{\"@type\":\"BreadcrumbList\",\"@id\":\"https:\/\/www.suavinex.com\/livingsuavinex\/problemas-con-el-pecho\/#breadcrumb\",\"itemListElement\":[{\"@type\":\"ListItem\",\"position\":1,\"name\":\"Portada\",\"item\":\"https:\/\/www.suavinex.com\/livingsuavinex\/\"},{\"@type\":\"ListItem\",\"position\":2,\"name\":\"Problemas en la lactancia materna y c\u00f3mo afrontarlos\"}]},{\"@type\":\"WebSite\",\"@id\":\"https:\/\/www.suavinex.com\/livingsuavinex\/#website\",\"url\":\"https:\/\/www.suavinex.com\/livingsuavinex\/\",\"name\":\"Living Suavinex\",\"description\":\"| Familias reales\",\"publisher\":{\"@id\":\"https:\/\/www.suavinex.com\/livingsuavinex\/#organization\"},\"potentialAction\":[{\"@type\":\"SearchAction\",\"target\":{\"@type\":\"EntryPoint\",\"urlTemplate\":\"https:\/\/www.suavinex.com\/livingsuavinex\/?s={search_term_string}\"},\"query-input\":{\"@type\":\"PropertyValueSpecification\",\"valueRequired\":true,\"valueName\":\"search_term_string\"}}],\"inLanguage\":\"es\"},{\"@type\":\"Organization\",\"@id\":\"https:\/\/www.suavinex.com\/livingsuavinex\/#organization\",\"name\":\"Suavinex\",\"url\":\"https:\/\/www.suavinex.com\/livingsuavinex\/\",\"logo\":{\"@type\":\"ImageObject\",\"inLanguage\":\"es\",\"@id\":\"https:\/\/www.suavinex.com\/livingsuavinex\/#\/schema\/logo\/image\/\",\"url\":\"https:\/\/www.suavinex.com\/livingsuavinex\/wp-content\/uploads\/2018\/07\/living_sx_logo_mvl.png\",\"contentUrl\":\"https:\/\/www.suavinex.com\/livingsuavinex\/wp-content\/uploads\/2018\/07\/living_sx_logo_mvl.png\",\"width\":350,\"height\":70,\"caption\":\"Suavinex\"},\"image\":{\"@id\":\"https:\/\/www.suavinex.com\/livingsuavinex\/#\/schema\/logo\/image\/\"},\"sameAs\":[\"https:\/\/www.facebook.com\/SuavinexSpain\",\"https:\/\/x.com\/SuavinexSpain\",\"https:\/\/www.instagram.com\/suavinex_spain\/\",\"https:\/\/www.pinterest.es\/SuavinexSpain\/\",\"https:\/\/www.youtube.com\/channel\/UCgeJREx2R_ZvV2aQMrfWgcA\"]},{\"@type\":\"Person\",\"@id\":\"https:\/\/www.suavinex.com\/livingsuavinex\/#\/schema\/person\/64fd7b62c88b0024a3ceeffb47f07eb6\",\"name\":\"Living Suavinex\",\"image\":{\"@type\":\"ImageObject\",\"inLanguage\":\"es\",\"@id\":\"https:\/\/www.suavinex.com\/livingsuavinex\/#\/schema\/person\/image\/\",\"url\":\"https:\/\/www.suavinex.com\/livingsuavinex\/wp-content\/uploads\/2017\/05\/Living-Suavinex_avatar-96x96.png\",\"contentUrl\":\"https:\/\/www.suavinex.com\/livingsuavinex\/wp-content\/uploads\/2017\/05\/Living-Suavinex_avatar-96x96.png\",\"caption\":\"Living Suavinex\"}}]}<\/script>\n<!-- \/ Yoast SEO plugin. -->","yoast_head_json":{"title":"Problemas en la lactancia materna y c\u00f3mo afrontarlos","description":"Te contamos algunos de los problemas en la lactancia relacionados con el pecho y te damos algunos consejos para lidiar con ellos.","robots":{"index":"index","follow":"follow","max-snippet":"max-snippet:-1","max-image-preview":"max-image-preview:large","max-video-preview":"max-video-preview:-1"},"canonical":"https:\/\/www.suavinex.com\/livingsuavinex\/problemas-con-el-pecho\/","og_locale":"es_ES","og_type":"article","og_title":"Problemas en la lactancia materna y c\u00f3mo afrontarlos","og_description":"Te contamos algunos de los problemas en la lactancia relacionados con el pecho y te damos algunos consejos para lidiar con ellos.","og_url":"https:\/\/www.suavinex.com\/livingsuavinex\/problemas-con-el-pecho\/","og_site_name":"Living Suavinex","article_publisher":"https:\/\/www.facebook.com\/SuavinexSpain","article_published_time":"2023-05-30T06:00:03+00:00","article_modified_time":"2023-11-07T08:36:17+00:00","og_image":[{"width":1200,"height":800,"url":"https:\/\/www.suavinex.com\/livingsuavinex\/wp-content\/uploads\/2011\/11\/problemas-lactancia-materna.jpg","type":"image\/jpeg"}],"author":"Living Suavinex","twitter_card":"summary_large_image","twitter_creator":"@SuavinexSpain","twitter_site":"@SuavinexSpain","twitter_misc":{"Escrito por":"Living Suavinex","Tiempo de lectura":"6 minutos"},"schema":{"@context":"https:\/\/schema.org","@graph":[{"@type":"Article","@id":"https:\/\/www.suavinex.com\/livingsuavinex\/problemas-con-el-pecho\/#article","isPartOf":{"@id":"https:\/\/www.suavinex.com\/livingsuavinex\/problemas-con-el-pecho\/"},"author":{"name":"Living Suavinex","@id":"https:\/\/www.suavinex.com\/livingsuavinex\/#\/schema\/person\/64fd7b62c88b0024a3ceeffb47f07eb6"},"headline":"Problemas en la lactancia materna y c\u00f3mo afrontarlos","datePublished":"2023-05-30T06:00:03+00:00","dateModified":"2023-11-07T08:36:17+00:00","mainEntityOfPage":{"@id":"https:\/\/www.suavinex.com\/livingsuavinex\/problemas-con-el-pecho\/"},"wordCount":997,"publisher":{"@id":"https:\/\/www.suavinex.com\/livingsuavinex\/#organization"},"image":{"@id":"https:\/\/www.suavinex.com\/livingsuavinex\/problemas-con-el-pecho\/#primaryimage"},"thumbnailUrl":"https:\/\/www.suavinex.com\/livingsuavinex\/wp-content\/uploads\/2011\/11\/problemas-lactancia-materna.jpg","keywords":["Alimentaci\u00f3n","Beb\u00e9","Salud"],"articleSection":["Lactancia"],"inLanguage":"es"},{"@type":"WebPage","@id":"https:\/\/www.suavinex.com\/livingsuavinex\/problemas-con-el-pecho\/","url":"https:\/\/www.suavinex.com\/livingsuavinex\/problemas-con-el-pecho\/","name":"Problemas en la lactancia materna y c\u00f3mo afrontarlos","isPartOf":{"@id":"https:\/\/www.suavinex.com\/livingsuavinex\/#website"},"primaryImageOfPage":{"@id":"https:\/\/www.suavinex.com\/livingsuavinex\/problemas-con-el-pecho\/#primaryimage"},"image":{"@id":"https:\/\/www.suavinex.com\/livingsuavinex\/problemas-con-el-pecho\/#primaryimage"},"thumbnailUrl":"https:\/\/www.suavinex.com\/livingsuavinex\/wp-content\/uploads\/2011\/11\/problemas-lactancia-materna.jpg","datePublished":"2023-05-30T06:00:03+00:00","dateModified":"2023-11-07T08:36:17+00:00","description":"Te contamos algunos de los problemas en la lactancia relacionados con el pecho y te damos algunos consejos para lidiar con ellos.","breadcrumb":{"@id":"https:\/\/www.suavinex.com\/livingsuavinex\/problemas-con-el-pecho\/#breadcrumb"},"inLanguage":"es","potentialAction":[{"@type":"ReadAction","target":["https:\/\/www.suavinex.com\/livingsuavinex\/problemas-con-el-pecho\/"]}]},{"@type":"ImageObject","inLanguage":"es","@id":"https:\/\/www.suavinex.com\/livingsuavinex\/problemas-con-el-pecho\/#primaryimage","url":"https:\/\/www.suavinex.com\/livingsuavinex\/wp-content\/uploads\/2011\/11\/problemas-lactancia-materna.jpg","contentUrl":"https:\/\/www.suavinex.com\/livingsuavinex\/wp-content\/uploads\/2011\/11\/problemas-lactancia-materna.jpg","width":1200,"height":800,"caption":"Problemas lactancia materna"},{"@type":"BreadcrumbList","@id":"https:\/\/www.suavinex.com\/livingsuavinex\/problemas-con-el-pecho\/#breadcrumb","itemListElement":[{"@type":"ListItem","position":1,"name":"Portada","item":"https:\/\/www.suavinex.com\/livingsuavinex\/"},{"@type":"ListItem","position":2,"name":"Problemas en la lactancia materna y c\u00f3mo afrontarlos"}]},{"@type":"WebSite","@id":"https:\/\/www.suavinex.com\/livingsuavinex\/#website","url":"https:\/\/www.suavinex.com\/livingsuavinex\/","name":"Living Suavinex","description":"| Familias reales","publisher":{"@id":"https:\/\/www.suavinex.com\/livingsuavinex\/#organization"},"potentialAction":[{"@type":"SearchAction","target":{"@type":"EntryPoint","urlTemplate":"https:\/\/www.suavinex.com\/livingsuavinex\/?s={search_term_string}"},"query-input":{"@type":"PropertyValueSpecification","valueRequired":true,"valueName":"search_term_string"}}],"inLanguage":"es"},{"@type":"Organization","@id":"https:\/\/www.suavinex.com\/livingsuavinex\/#organization","name":"Suavinex","url":"https:\/\/www.suavinex.com\/livingsuavinex\/","logo":{"@type":"ImageObject","inLanguage":"es","@id":"https:\/\/www.suavinex.com\/livingsuavinex\/#\/schema\/logo\/image\/","url":"https:\/\/www.suavinex.com\/livingsuavinex\/wp-content\/uploads\/2018\/07\/living_sx_logo_mvl.png","contentUrl":"https:\/\/www.suavinex.com\/livingsuavinex\/wp-content\/uploads\/2018\/07\/living_sx_logo_mvl.png","width":350,"height":70,"caption":"Suavinex"},"image":{"@id":"https:\/\/www.suavinex.com\/livingsuavinex\/#\/schema\/logo\/image\/"},"sameAs":["https:\/\/www.facebook.com\/SuavinexSpain","https:\/\/x.com\/SuavinexSpain","https:\/\/www.instagram.com\/suavinex_spain\/","https:\/\/www.pinterest.es\/SuavinexSpain\/","https:\/\/www.youtube.com\/channel\/UCgeJREx2R_ZvV2aQMrfWgcA"]},{"@type":"Person","@id":"https:\/\/www.suavinex.com\/livingsuavinex\/#\/schema\/person\/64fd7b62c88b0024a3ceeffb47f07eb6","name":"Living Suavinex","image":{"@type":"ImageObject","inLanguage":"es","@id":"https:\/\/www.suavinex.com\/livingsuavinex\/#\/schema\/person\/image\/","url":"https:\/\/www.suavinex.com\/livingsuavinex\/wp-content\/uploads\/2017\/05\/Living-Suavinex_avatar-96x96.png","contentUrl":"https:\/\/www.suavinex.com\/livingsuavinex\/wp-content\/uploads\/2017\/05\/Living-Suavinex_avatar-96x96.png","caption":"Living Suavinex"}}]}},"_links":{"self":[{"href":"https:\/\/www.suavinex.com\/livingsuavinex\/wp-json\/wp\/v2\/posts\/2308","targetHints":{"allow":["GET"]}}],"collection":[{"href":"https:\/\/www.suavinex.com\/livingsuavinex\/wp-json\/wp\/v2\/posts"}],"about":[{"href":"https:\/\/www.suavinex.com\/livingsuavinex\/wp-json\/wp\/v2\/types\/post"}],"author":[{"embeddable":true,"href":"https:\/\/www.suavinex.com\/livingsuavinex\/wp-json\/wp\/v2\/users\/288"}],"replies":[{"embeddable":true,"href":"https:\/\/www.suavinex.com\/livingsuavinex\/wp-json\/wp\/v2\/comments?post=2308"}],"version-history":[{"count":16,"href":"https:\/\/www.suavinex.com\/livingsuavinex\/wp-json\/wp\/v2\/posts\/2308\/revisions"}],"predecessor-version":[{"id":45150,"href":"https:\/\/www.suavinex.com\/livingsuavinex\/wp-json\/wp\/v2\/posts\/2308\/revisions\/45150"}],"wp:featuredmedia":[{"embeddable":true,"href":"https:\/\/www.suavinex.com\/livingsuavinex\/wp-json\/wp\/v2\/media\/43908"}],"wp:attachment":[{"href":"https:\/\/www.suavinex.com\/livingsuavinex\/wp-json\/wp\/v2\/media?parent=2308"}],"wp:term":[{"taxonomy":"category","embeddable":true,"href":"https:\/\/www.suavinex.com\/livingsuavinex\/wp-json\/wp\/v2\/categories?post=2308"},{"taxonomy":"post_tag","embeddable":true,"href":"https:\/\/www.suavinex.com\/livingsuavinex\/wp-json\/wp\/v2\/tags?post=2308"}],"curies":[{"name":"wp","href":"https:\/\/api.w.org\/{rel}","templated":true}]}}