{"id":1972,"date":"2025-03-14T10:02:39","date_gmt":"2025-03-14T09:02:39","guid":{"rendered":"https:\/\/www.suavinex.com\/livingsuavinex\/?p=1972"},"modified":"2025-03-31T08:11:25","modified_gmt":"2025-03-31T06:11:25","slug":"prevenir-estrias","status":"publish","type":"post","link":"https:\/\/www.suavinex.com\/livingsuavinex\/prevenir-estrias\/","title":{"rendered":"Estr\u00edas y embarazo. \u00bfC\u00f3mo prevenir las estr\u00edas en el embarazo?"},"content":{"rendered":"\n<p><span data-contrast=\"auto\">Est\u00e1s embarazada, \u00a1enhorabuena! Est\u00e1s entrando en una etapa preciosa de tu vida y creando una nueva en tu interior. Seguro que est\u00e1s muy emocionada e ilusionada, pero, tambi\u00e9n, un poquito preocupada. Es normal. Especialmente si eres mam\u00e1 primeriza.<\/span><span data-ccp-props=\"{}\">&nbsp;<\/span><\/p>\n\n\n\n<p><span data-contrast=\"auto\">El embarazo conlleva una enorme cantidad de dudas y preguntas, por no hablar de todos los <\/span><b><span data-contrast=\"auto\">cambios f\u00edsicos <\/span><\/b><span data-contrast=\"auto\">que se van a producir. Uno de estos cambios, concretamente, preocupa a muchas mam\u00e1s, tanto si se trata del primer embarazo como si ya tienen experiencia. Se trata de las <\/span><b><span data-contrast=\"auto\">estr\u00edas en el embarazo<\/span><\/b><span data-contrast=\"auto\">.<\/span><span data-ccp-props=\"{}\">&nbsp;<\/span><\/p>\n\n\n\n<p><span data-contrast=\"auto\">Siempre nos hacemos las mismas preguntas: \u00bfQu\u00e9 son?, \u00bfp<\/span><b><span data-contrast=\"auto\">or qu\u00e9 salen estr\u00edas en el embarazo<\/span><\/b><span data-contrast=\"auto\">?, \u00bflas estr\u00edas del embarazo se quitan? Y lo m\u00e1s preguntado: \u00bfpuedo <\/span><b><span data-contrast=\"auto\">prevenir las estr\u00edas en el embarazo<\/span><\/b><span data-contrast=\"auto\">?<\/span><span data-ccp-props=\"{}\">&nbsp;<\/span><\/p>\n\n\n\n<p><span data-contrast=\"auto\">Las estr\u00edas son uno de los problemas de piel m\u00e1s habituales, aunque no son exclusivas de la etapa de la gestaci\u00f3n. Estas <\/span><b><span data-contrast=\"auto\">peque\u00f1as lesiones de la piel<\/span><\/b><span data-contrast=\"auto\"> aparecen en otros periodos de la vida de la mujer, como la pubertad y la menopausia. Tambi\u00e9n pueden sufrirlas los hombres. Pero \u00bfcu\u00e1l es el motivo de la <\/span><b><span data-contrast=\"auto\">aparici\u00f3n de estr\u00edas durante el embarazo<\/span><\/b><span data-contrast=\"auto\">? <\/span><span data-ccp-props=\"{}\">&nbsp;<\/span><\/p>\n\n\n\n<p><span data-contrast=\"auto\">A continuaci\u00f3n, te contaremos todo lo que tienes que saber sobre ellas y te dejaremos todas las claves para que puedas darles esquinazo.<\/span><span data-ccp-props=\"{}\">&nbsp;<\/span><\/p>\n\n\n\n<h2 class=\"wp-block-heading\"><span data-contrast=\"none\">\u00bfQu\u00e9 son las estr\u00edas en el embarazo?<\/span><span data-ccp-props=\"{&quot;134245418&quot;:true,&quot;134245529&quot;:true,&quot;335559738&quot;:160,&quot;335559739&quot;:80}\">&nbsp;<\/span><\/h2>\n\n\n\n<p><span data-contrast=\"auto\">Las estr\u00edas en el embarazo, cuando aparecen en la piel, <\/span><b><span data-contrast=\"auto\">son una serie de l\u00edneas irregulares<\/span><\/b><span data-contrast=\"auto\"> que la surcan como si fuesen cicatrices. En un primer momento, las estr\u00edas en el embarazo son rojas, pero se vuelven blancas con el tiempo.&nbsp;&nbsp;<\/span><span data-ccp-props=\"{}\">&nbsp;<\/span><\/p>\n\n\n\n<p><span data-contrast=\"auto\">\u00a1Las <\/span><b><span data-contrast=\"auto\">estr\u00edas en el embarazo en la barriga<\/span><\/b><span data-contrast=\"auto\"> son lo m\u00e1s habitual del mundo! Entre el 75 y el 95% de las mujeres que no toman medidas de prevenci\u00f3n durante el embarazo, las padecen y sufren de cerca. Para que no tengas que buscar en Google: \u201c<\/span><b><span data-contrast=\"auto\">estr\u00edas embarazo eliminar<\/span><\/b><span data-contrast=\"auto\">\u201d, te recomendamos la aplicaci\u00f3n de una <\/span><b><span data-contrast=\"auto\">crema para estr\u00edas <\/span><\/b><span data-contrast=\"auto\">durante el embarazo, nuestra <\/span><a href=\"https:\/\/www.suavinex.com\/bano-y-cuidado-del-bebe\/cosmetica-mama\/crema-cuidado-esencial-estrias-400ml\/p\/000000000000308861\" target=\"_blank\" rel=\"noreferrer noopener\"><span data-contrast=\"none\">Crema Antiestr\u00edas Embarazo<\/span><\/a><span data-contrast=\"auto\"> cuenta con ingredientes de origen natural, centella asi\u00e1tica y \u00e1cido hialur\u00f3nico, que fomente la elasticidad de la piel. \u00a1La mejor crema para las estr\u00edas antes, durante y despu\u00e9s del embarazo!<\/span><\/p>\n\n\n\n<h2 class=\"wp-block-heading\"><span data-contrast=\"none\">\u00bfCu\u00e1ndo salen las estr\u00edas en el embarazo?<\/span><span data-ccp-props=\"{&quot;134245418&quot;:true,&quot;134245529&quot;:true,&quot;335559738&quot;:160,&quot;335559739&quot;:80}\">&nbsp;<\/span><\/h2>\n\n\n\n<p><span data-contrast=\"auto\">El cuerpo de la mujer se ve sometido a varios <\/span><a href=\"https:\/\/www.suavinex.com\/livingsuavinex\/cambios-piel-embarazo\/\" target=\"_blank\" rel=\"noreferrer noopener\"><span data-contrast=\"none\">cambios en la piel durante el embarazo<\/span><\/a><span data-contrast=\"auto\">. Uno de los m\u00e1s notables es su <\/span><b><span data-contrast=\"auto\">estiramiento en zonas como la barriga<\/span><\/b><span data-contrast=\"auto\">, los pechos, las caderas o los muslos. Este aumento del volumen hace que se rompan las fibras de elastina y col\u00e1geno de la piel, lo que <\/span><b><span data-contrast=\"auto\">da lugar a una cicatriz, que es la estr\u00eda<\/span><\/b><span data-contrast=\"auto\">. Este es el principal motivo de su aparici\u00f3n, pero tambi\u00e9n hay otras causas que las provocan:\u00a0<\/span><\/p>\n\n\n\n<ul class=\"wp-block-list\">\n<li><span data-contrast=\"auto\">La <\/span><b><span data-contrast=\"auto\">falta de elasticidad de la piel<\/span><\/b><span data-contrast=\"auto\">. Una piel seca es m\u00e1s fr\u00e1gil y es m\u00e1s susceptible de sufrir da\u00f1os.<\/span><span data-ccp-props=\"{}\">\u00a0<\/span><\/li>\n\n\n\n<li><span data-contrast=\"auto\">Los <\/span><b><span data-contrast=\"auto\">cambios hormonales<\/span><\/b><span data-contrast=\"auto\">, que alteran la producci\u00f3n de col\u00e1geno.<\/span><span data-ccp-props=\"{}\">\u00a0<\/span><\/li>\n\n\n\n<li><span data-contrast=\"auto\">Una <\/span><b><span data-contrast=\"auto\">predisposici\u00f3n gen\u00e9tica<\/span><\/b><span data-contrast=\"auto\"> que hace que las estr\u00edas aparezcan de generaci\u00f3n en generaci\u00f3n. Las pieles claras y secas son m\u00e1s propensas a sufrirlas.<\/span><span data-ccp-props=\"{}\">\u00a0<\/span><\/li>\n<\/ul>\n\n\n\n<p><span data-contrast=\"auto\">Aunque no se dan en todos los casos, s\u00ed que son <\/span><b><span data-contrast=\"auto\">m\u00e1s probables en los <\/span><\/b><a href=\"https:\/\/www.suavinex.com\/livingsuavinex\/embarazo-multiple\/\" target=\"_blank\" rel=\"noreferrer noopener\"><b><span data-contrast=\"none\">embarazos m\u00faltiples<\/span><\/b><\/a><span data-contrast=\"auto\">, ya la piel de la barriga se estira m\u00e1s que en los embarazos de un solo beb\u00e9. Lo mismo ocurre con los embarazos en los que el beb\u00e9 tiene un peso elevado.\u00a0<\/span><\/p>\n\n\n\n<h2 class=\"wp-block-heading\"><span data-contrast=\"none\">\u00bfC\u00f3mo evitar las estr\u00edas en el embarazo?<\/span><span data-ccp-props=\"{&quot;134245418&quot;:true,&quot;134245529&quot;:true,&quot;335559738&quot;:160,&quot;335559739&quot;:80}\">\u00a0<\/span><\/h2>\n\n\n\n<p><span data-contrast=\"auto\">C\u00f3mo coment\u00e1bamos antes, uno de los factores que favorece la aparici\u00f3n de las estr\u00edas es gen\u00e9tico, as\u00ed que contra eso poco vas a poder hacer, pero tranquila, que no est\u00e1 todo perdido.<\/span><span data-ccp-props=\"{}\">&nbsp;<\/span><\/p>\n\n\n\n<p><a href=\"https:\/\/www.suavinex.com\/livingsuavinex\/cuidar-piel-embarazo\/\" target=\"_blank\" rel=\"noreferrer noopener\"><span data-contrast=\"none\">Cuidar la piel en el embarazo<\/span><\/a><span data-contrast=\"auto\"> es fundamental para <\/span><b><span data-contrast=\"auto\">prevenir la aparici\u00f3n de estr\u00edas<\/span><\/b><span data-contrast=\"auto\">. De hecho, es interesante que empieces a prestarle atenci\u00f3n desde el momento en que comiences a pensar en quedarte embarazada. \u00bfC\u00f3mo? Nutri\u00e9ndola intensamente.\u00a0\u00a0<\/span><\/p>\n\n\n\n<p><span data-contrast=\"auto\">Nosotros te recomendamos<\/span><b><span data-contrast=\"auto\"> los dos m\u00e9todos m\u00e1s eficaces: <\/span><\/b><span data-ccp-props=\"{}\">&nbsp;<\/span><\/p>\n\n\n\n<ul class=\"wp-block-list\">\n<li><b><span data-contrast=\"auto\">Llevar una buena hidrataci\u00f3n interior<\/span><\/b><span data-contrast=\"auto\">, basada en beber la suficiente agua diaria, ya sabes, lo de los famosos dos litros, y consumir muchas frutas y verduras, ser\u00e1 lo mejor para las estr\u00edas en el embarazo.<\/span><span data-ccp-props=\"{}\">\u00a0<\/span><\/li>\n\n\n\n<li><span data-contrast=\"auto\">Aplicar nuestro <\/span><b><span data-contrast=\"auto\">tratamiento para estr\u00edas durante el embarazo<\/span><\/b><span data-contrast=\"auto\">, el aceite de tacto seco para la noche y la crema para evitar estr\u00edas en el embarazo de textura sedosa para el d\u00eda, un <\/span><a href=\"https:\/\/www.suavinex.com\/bano-y-cuidado-del-bebe\/cosmetica-mama\/set-rutina-cuidado-esencial-estrias\/p\/set_embarazo_postparto\" target=\"_blank\" rel=\"noreferrer noopener\"><span data-contrast=\"none\">set Rutina Cuidado Esencial Estr\u00edas<\/span><\/a><span data-contrast=\"auto\"> cl\u00ednicamente testado.\u00a0\u00a0<\/span><\/li>\n<\/ul>\n\n\n<div class=\"carrusel\"><ul class=\"recomendacion\"><li class=\"producto\"><div class=\"wrapProducto\"><a target=\"_blank\" class=\"imagen\" href=\"https:\/\/www.suavinex.com\/bano-y-cuidado-del-bebe\/cosmetica-mama\/set-rutina-cuidado-esencial-estrias\/p\/set_embarazo_postparto\"><img decoding=\"async\" src=\"https:\/\/www.suavinex.com\/medias\/Set-Cuidado-Estrias-2025-prod-01.jpg?context=bWFzdGVyfGltYWdlc3wzNTg0NDR8aW1hZ2UvanBlZ3xpbWFnZXMvaDAyL2hmNy84OTMwMDMyMTU2NzAyLmpwZ3w1MTZmOWY3YWZmYzBiYmY5NjA1ZDk0MTU0M2NiOWZkZGJlMjQ3ZWFlMzg5ZGU5MzhhMDlhMjM3ZTU1ODZjZGE0\"><\/a><div class=\"productname\"><a target=\"_blank\" href=\"https:\/\/www.suavinex.com\/bano-y-cuidado-del-bebe\/cosmetica-mama\/set-rutina-cuidado-esencial-estrias\/p\/set_embarazo_postparto\">Set tratamiento estr\u00edas embarazo Cuidado Esencial<\/a><div><div class=\"bloquePrecio\"><div class=\"precioProducto\">53.49 \u20ac<\/div><a target=\"_blank\" class=\"ctabuy\" href=\"https:\/\/www.suavinex.com\/bano-y-cuidado-del-bebe\/cosmetica-mama\/set-rutina-cuidado-esencial-estrias\/p\/set_embarazo_postparto\">COMPRAR<\/a><\/div><\/div><\/li><\/ul><\/div>\n\n\n\n<p><span data-contrast=\"auto\">Como para casi todo en la vida, llevar una buena alimentaci\u00f3n en el embarazo y hacer <\/span><a href=\"https:\/\/www.suavinex.com\/livingsuavinex\/ejercicio-embarazo\/\" target=\"_blank\" rel=\"noreferrer noopener\"><span data-contrast=\"none\">ejercicio en el embarazo<\/span><\/a><span data-contrast=\"auto\"> ser\u00e1n de gran ayuda en el proceso. Pero no te preocupes, sabemos que los <\/span><a href=\"https:\/\/www.suavinex.com\/livingsuavinex\/antojos-embarazo\/\" target=\"_blank\" rel=\"noreferrer noopener\"><span data-contrast=\"none\">antojos en el embarazo<\/span><\/a><span data-contrast=\"auto\"> son muy comunes as\u00ed que debes saber que si llevas una rutina saludable habitualmente, nada te impide pegarte un caprichito de vez en cuando y <\/span><a href=\"https:\/\/www.suavinex.com\/livingsuavinex\/se-pueden-comer-pizzas-en-el-embarazo-y-kebab\/\"><span data-contrast=\"none\">comer pizza en el embarazo<\/span><\/a><span data-contrast=\"auto\">.\u00a0<\/span><\/p>\n\n\n\n<h2 class=\"wp-block-heading\"><span data-contrast=\"none\">\u00bfC\u00f3mo quitar las estr\u00edas despu\u00e9s del embarazo?<\/span><span data-ccp-props=\"{&quot;134233117&quot;:false,&quot;134233118&quot;:false,&quot;134245418&quot;:true,&quot;134245529&quot;:true,&quot;335551550&quot;:6,&quot;335551620&quot;:6,&quot;335557856&quot;:16777215,&quot;335559738&quot;:0,&quot;335559739&quot;:0}\">&nbsp;<\/span><\/h2>\n\n\n\n<p><span data-contrast=\"auto\">Si has tenido estr\u00edas en el embarazo, el tratamiento ser\u00e1 esencial si pretendes revertir la situaci\u00f3n de tu piel en el post embarazo. Para eso, te recomendamos el uso de <\/span><a href=\"https:\/\/www.suavinex.com\/livingsuavinex\/mejores-cremas-postparto\/\"><span data-contrast=\"none\">cremas postparto<\/span><\/a><span data-contrast=\"auto\">.<\/span><\/p>\n\n\n<div class=\"carrusel\"><ul class=\"recomendacion\"><li class=\"producto\"><div class=\"wrapProducto\"><a target=\"_blank\" class=\"imagen\" href=\"https:\/\/www.suavinex.com\/bano-y-cuidado-del-bebe\/cosmetica-mama\/canastilla-regalo-para-mama-recuperacion-post-parto\/p\/base_canastilla_cuidados_postembarazo\"><img decoding=\"async\" src=\"https:\/\/www.suavinex.com\/medias\/Canastilla-Mam-Postparto-2025-prod-01.jpg?context=bWFzdGVyfGltYWdlc3wyOTkyODJ8aW1hZ2UvanBlZ3xpbWFnZXMvaDBjL2gyNy84OTI5OTgyODczNjMwLmpwZ3w0YjM2MzU1YTg5MmU3ODBhYWVhZTYxOWIzMzg5Y2E2MjUxYjIyNzBkZWZlMGMyMjFlOWRkNWI0NDY5MzU4M2Uz\"><\/a><div class=\"productname\"><a target=\"_blank\" href=\"https:\/\/www.suavinex.com\/bano-y-cuidado-del-bebe\/cosmetica-mama\/canastilla-regalo-para-mama-recuperacion-post-parto\/p\/base_canastilla_cuidados_postembarazo\">Canastilla Regalo para Mam\u00e1, Recuperaci\u00f3n Post Parto<\/a><div><div class=\"bloquePrecio\"><div class=\"precioProducto\">76.5 \u20ac<\/div><a target=\"_blank\" class=\"ctabuy\" href=\"https:\/\/www.suavinex.com\/bano-y-cuidado-del-bebe\/cosmetica-mama\/canastilla-regalo-para-mama-recuperacion-post-parto\/p\/base_canastilla_cuidados_postembarazo\">COMPRAR<\/a><\/div><\/div><\/li><\/ul><\/div>\n\n\n\n<p><span data-contrast=\"auto\">Si las cremas no dan el resultado que buscas, siempre puedes acudir a una cl\u00ednica est\u00e9tica a preguntar por alguno de sus tratamientos para estr\u00edas despu\u00e9s del embarazo.&nbsp;<\/span><span data-ccp-props=\"{}\">&nbsp;<\/span><\/p>\n\n\n\n<p><span data-ccp-props=\"{}\">&nbsp;<\/span><\/p>\n\n\n\n<p><span data-contrast=\"auto\">Recuerda que la aparici\u00f3n de <\/span><b><span data-contrast=\"auto\">estr\u00edas en el embarazo en la barriga <\/span><\/b><span data-contrast=\"auto\">es totalmente normal. Si a pesar de todo, tu piel tiene tendencia a la aparici\u00f3n de estr\u00edas y no las puedes evitar del todo, no pasa nada, no debes sentirte acomplejada por ello. Tu cuerpo ha sido capaz de desarrollar una vida totalmente nueva en su interior y eso es lo que deber\u00edas recordar cuando veas tus estr\u00edas.<\/span><span data-ccp-props=\"{}\">&nbsp;<\/span><\/p>\n\n\n\n<p><span data-contrast=\"auto\">Y t\u00fa, \u00bftuviste estr\u00edas en el embarazo?<\/span><span data-ccp-props=\"{}\">&nbsp;<\/span><\/p>\n\n\n\n<p><span data-ccp-props=\"{}\">&nbsp;<\/span><\/p>\n\n\n\n<p><span data-contrast=\"auto\">Fuentes:<\/span><span data-ccp-props=\"{}\">&nbsp;<\/span><\/p>\n\n\n\n<p><a href=\"https:\/\/www.hola.com\/padres\/20210604303264\/estrias-embarazo-prevencion-tg-swng\/\" target=\"_blank\" rel=\"noreferrer noopener nofollow\"><span data-contrast=\"none\">\u00bfSe pueden evitar las estr\u00edas en el embarazo?<\/span><\/a><span data-contrast=\"auto\"> \u2013 Hola\u00a0<\/span><\/p>\n\n\n\n<p><a href=\"https:\/\/www.serpadres.es\/embarazo\/ejercicios-belleza-embarazo\/articulo\/10-trucos-para-prevenir-las-estrias-en-el-embarazo\" target=\"_blank\" rel=\"noreferrer noopener nofollow\"><span data-contrast=\"none\">10 trucos para prevenir las estr\u00edas en el embarazo<\/span><\/a><span data-contrast=\"auto\"> \u2013 serPadres\u00a0<\/span><\/p>\n\n\n\n<p><\/p>\n","protected":false},"excerpt":{"rendered":"Est\u00e1s embarazada, \u00a1enhorabuena! Est\u00e1s entrando en una etapa preciosa de tu vida y creando una nueva en tu interior. Seguro que est\u00e1s muy emocionada e ilusionada, pero, tambi\u00e9n, un poquito preocupada. Es normal. Especialmente si eres mam\u00e1 primeriza.&nbsp; El embarazo conlleva una enorme cantidad de dudas y preguntas, por no&#8230; <a class=\"view-article\" href=\"https:\/\/www.suavinex.com\/livingsuavinex\/prevenir-estrias\/\">Ver art\u00edculo<\/a>","protected":false},"author":297,"featured_media":42244,"comment_status":"open","ping_status":"open","sticky":false,"template":"","format":"standard","meta":{"inline_featured_image":false,"footnotes":""},"categories":[7],"tags":[9,1080],"class_list":["post-1972","post","type-post","status-publish","format-standard","has-post-thumbnail","hentry","category-embarazo","tag-maternidad","tag-producto-suavinex"],"yoast_head":"<!-- This site is optimized with the Yoast SEO plugin v26.8 - https:\/\/yoast.com\/product\/yoast-seo-wordpress\/ -->\n<title>Estr\u00edas en el embarazo. Qu\u00e9 son y c\u00f3mo prevenirlas | Living Suavinex<\/title>\n<meta name=\"description\" content=\"Las estr\u00edas y el embarazo est\u00e1n \u00edntimamente ligadas. Su aparici\u00f3n es de lo m\u00e1s habitual pero \u00bfsab\u00edas que se pueden prevenir?\" \/>\n<meta name=\"robots\" content=\"index, follow, max-snippet:-1, max-image-preview:large, max-video-preview:-1\" \/>\n<link rel=\"canonical\" href=\"https:\/\/www.suavinex.com\/livingsuavinex\/prevenir-estrias\/\" \/>\n<meta property=\"og:locale\" content=\"es_ES\" \/>\n<meta property=\"og:type\" content=\"article\" \/>\n<meta property=\"og:title\" content=\"Estr\u00edas en el embarazo. Qu\u00e9 son y c\u00f3mo prevenirlas | Living Suavinex\" \/>\n<meta property=\"og:description\" content=\"Las estr\u00edas y el embarazo est\u00e1n \u00edntimamente ligadas. Su aparici\u00f3n es de lo m\u00e1s habitual pero \u00bfsab\u00edas que se pueden prevenir?\" \/>\n<meta property=\"og:url\" content=\"https:\/\/www.suavinex.com\/livingsuavinex\/prevenir-estrias\/\" \/>\n<meta property=\"og:site_name\" content=\"Living Suavinex\" \/>\n<meta property=\"article:publisher\" content=\"https:\/\/www.facebook.com\/SuavinexSpain\" \/>\n<meta property=\"article:published_time\" content=\"2025-03-14T09:02:39+00:00\" \/>\n<meta property=\"article:modified_time\" content=\"2025-03-31T06:11:25+00:00\" \/>\n<meta property=\"og:image\" content=\"https:\/\/www.suavinex.com\/livingsuavinex\/wp-content\/uploads\/2011\/09\/prevenir-estr\u00edas.jpg\" \/>\n\t<meta property=\"og:image:width\" content=\"1200\" \/>\n\t<meta property=\"og:image:height\" content=\"800\" \/>\n\t<meta property=\"og:image:type\" content=\"image\/jpeg\" \/>\n<meta name=\"author\" content=\"Paula Gonzalo\" \/>\n<meta name=\"twitter:card\" content=\"summary_large_image\" \/>\n<meta name=\"twitter:creator\" content=\"@SuavinexSpain\" \/>\n<meta name=\"twitter:site\" content=\"@SuavinexSpain\" \/>\n<meta name=\"twitter:label1\" content=\"Escrito por\" \/>\n\t<meta name=\"twitter:data1\" content=\"Paula Gonzalo\" \/>\n\t<meta name=\"twitter:label2\" content=\"Tiempo de lectura\" \/>\n\t<meta name=\"twitter:data2\" content=\"5 minutos\" \/>\n<script type=\"application\/ld+json\" class=\"yoast-schema-graph\">{\"@context\":\"https:\/\/schema.org\",\"@graph\":[{\"@type\":\"Article\",\"@id\":\"https:\/\/www.suavinex.com\/livingsuavinex\/prevenir-estrias\/#article\",\"isPartOf\":{\"@id\":\"https:\/\/www.suavinex.com\/livingsuavinex\/prevenir-estrias\/\"},\"author\":{\"name\":\"Paula Gonzalo\",\"@id\":\"https:\/\/www.suavinex.com\/livingsuavinex\/#\/schema\/person\/adf54053ae070908b6a5293ef8d2c28a\"},\"headline\":\"Estr\u00edas y embarazo. \u00bfC\u00f3mo prevenir las estr\u00edas en el embarazo?\",\"datePublished\":\"2025-03-14T09:02:39+00:00\",\"dateModified\":\"2025-03-31T06:11:25+00:00\",\"mainEntityOfPage\":{\"@id\":\"https:\/\/www.suavinex.com\/livingsuavinex\/prevenir-estrias\/\"},\"wordCount\":1070,\"commentCount\":5,\"publisher\":{\"@id\":\"https:\/\/www.suavinex.com\/livingsuavinex\/#organization\"},\"image\":{\"@id\":\"https:\/\/www.suavinex.com\/livingsuavinex\/prevenir-estrias\/#primaryimage\"},\"thumbnailUrl\":\"https:\/\/www.suavinex.com\/livingsuavinex\/wp-content\/uploads\/2011\/09\/prevenir-estr\u00edas.jpg\",\"keywords\":[\"Maternidad\",\"Producto Suavinex\"],\"articleSection\":[\"Embarazo\"],\"inLanguage\":\"es\"},{\"@type\":\"WebPage\",\"@id\":\"https:\/\/www.suavinex.com\/livingsuavinex\/prevenir-estrias\/\",\"url\":\"https:\/\/www.suavinex.com\/livingsuavinex\/prevenir-estrias\/\",\"name\":\"Estr\u00edas en el embarazo. Qu\u00e9 son y c\u00f3mo prevenirlas | Living Suavinex\",\"isPartOf\":{\"@id\":\"https:\/\/www.suavinex.com\/livingsuavinex\/#website\"},\"primaryImageOfPage\":{\"@id\":\"https:\/\/www.suavinex.com\/livingsuavinex\/prevenir-estrias\/#primaryimage\"},\"image\":{\"@id\":\"https:\/\/www.suavinex.com\/livingsuavinex\/prevenir-estrias\/#primaryimage\"},\"thumbnailUrl\":\"https:\/\/www.suavinex.com\/livingsuavinex\/wp-content\/uploads\/2011\/09\/prevenir-estr\u00edas.jpg\",\"datePublished\":\"2025-03-14T09:02:39+00:00\",\"dateModified\":\"2025-03-31T06:11:25+00:00\",\"description\":\"Las estr\u00edas y el embarazo est\u00e1n \u00edntimamente ligadas. Su aparici\u00f3n es de lo m\u00e1s habitual pero \u00bfsab\u00edas que se pueden prevenir?\",\"breadcrumb\":{\"@id\":\"https:\/\/www.suavinex.com\/livingsuavinex\/prevenir-estrias\/#breadcrumb\"},\"inLanguage\":\"es\",\"potentialAction\":[{\"@type\":\"ReadAction\",\"target\":[\"https:\/\/www.suavinex.com\/livingsuavinex\/prevenir-estrias\/\"]}]},{\"@type\":\"ImageObject\",\"inLanguage\":\"es\",\"@id\":\"https:\/\/www.suavinex.com\/livingsuavinex\/prevenir-estrias\/#primaryimage\",\"url\":\"https:\/\/www.suavinex.com\/livingsuavinex\/wp-content\/uploads\/2011\/09\/prevenir-estr\u00edas.jpg\",\"contentUrl\":\"https:\/\/www.suavinex.com\/livingsuavinex\/wp-content\/uploads\/2011\/09\/prevenir-estr\u00edas.jpg\",\"width\":1200,\"height\":800},{\"@type\":\"BreadcrumbList\",\"@id\":\"https:\/\/www.suavinex.com\/livingsuavinex\/prevenir-estrias\/#breadcrumb\",\"itemListElement\":[{\"@type\":\"ListItem\",\"position\":1,\"name\":\"Portada\",\"item\":\"https:\/\/www.suavinex.com\/livingsuavinex\/\"},{\"@type\":\"ListItem\",\"position\":2,\"name\":\"Estr\u00edas y embarazo. \u00bfC\u00f3mo prevenir las estr\u00edas en el embarazo?\"}]},{\"@type\":\"WebSite\",\"@id\":\"https:\/\/www.suavinex.com\/livingsuavinex\/#website\",\"url\":\"https:\/\/www.suavinex.com\/livingsuavinex\/\",\"name\":\"Living Suavinex\",\"description\":\"| Familias reales\",\"publisher\":{\"@id\":\"https:\/\/www.suavinex.com\/livingsuavinex\/#organization\"},\"potentialAction\":[{\"@type\":\"SearchAction\",\"target\":{\"@type\":\"EntryPoint\",\"urlTemplate\":\"https:\/\/www.suavinex.com\/livingsuavinex\/?s={search_term_string}\"},\"query-input\":{\"@type\":\"PropertyValueSpecification\",\"valueRequired\":true,\"valueName\":\"search_term_string\"}}],\"inLanguage\":\"es\"},{\"@type\":\"Organization\",\"@id\":\"https:\/\/www.suavinex.com\/livingsuavinex\/#organization\",\"name\":\"Suavinex\",\"url\":\"https:\/\/www.suavinex.com\/livingsuavinex\/\",\"logo\":{\"@type\":\"ImageObject\",\"inLanguage\":\"es\",\"@id\":\"https:\/\/www.suavinex.com\/livingsuavinex\/#\/schema\/logo\/image\/\",\"url\":\"https:\/\/www.suavinex.com\/livingsuavinex\/wp-content\/uploads\/2018\/07\/living_sx_logo_mvl.png\",\"contentUrl\":\"https:\/\/www.suavinex.com\/livingsuavinex\/wp-content\/uploads\/2018\/07\/living_sx_logo_mvl.png\",\"width\":350,\"height\":70,\"caption\":\"Suavinex\"},\"image\":{\"@id\":\"https:\/\/www.suavinex.com\/livingsuavinex\/#\/schema\/logo\/image\/\"},\"sameAs\":[\"https:\/\/www.facebook.com\/SuavinexSpain\",\"https:\/\/x.com\/SuavinexSpain\",\"https:\/\/www.instagram.com\/suavinex_spain\/\",\"https:\/\/www.pinterest.es\/SuavinexSpain\/\",\"https:\/\/www.youtube.com\/channel\/UCgeJREx2R_ZvV2aQMrfWgcA\"]},{\"@type\":\"Person\",\"@id\":\"https:\/\/www.suavinex.com\/livingsuavinex\/#\/schema\/person\/adf54053ae070908b6a5293ef8d2c28a\",\"name\":\"Paula Gonzalo\",\"image\":{\"@type\":\"ImageObject\",\"inLanguage\":\"es\",\"@id\":\"https:\/\/www.suavinex.com\/livingsuavinex\/#\/schema\/person\/image\/\",\"url\":\"https:\/\/secure.gravatar.com\/avatar\/743d807d9020323f241090e3afb62686?s=96&d=mm&r=g\",\"contentUrl\":\"https:\/\/secure.gravatar.com\/avatar\/743d807d9020323f241090e3afb62686?s=96&d=mm&r=g\",\"caption\":\"Paula Gonzalo\"}}]}<\/script>\n<!-- \/ Yoast SEO plugin. -->","yoast_head_json":{"title":"Estr\u00edas en el embarazo. Qu\u00e9 son y c\u00f3mo prevenirlas | Living Suavinex","description":"Las estr\u00edas y el embarazo est\u00e1n \u00edntimamente ligadas. Su aparici\u00f3n es de lo m\u00e1s habitual pero \u00bfsab\u00edas que se pueden prevenir?","robots":{"index":"index","follow":"follow","max-snippet":"max-snippet:-1","max-image-preview":"max-image-preview:large","max-video-preview":"max-video-preview:-1"},"canonical":"https:\/\/www.suavinex.com\/livingsuavinex\/prevenir-estrias\/","og_locale":"es_ES","og_type":"article","og_title":"Estr\u00edas en el embarazo. Qu\u00e9 son y c\u00f3mo prevenirlas | Living Suavinex","og_description":"Las estr\u00edas y el embarazo est\u00e1n \u00edntimamente ligadas. Su aparici\u00f3n es de lo m\u00e1s habitual pero \u00bfsab\u00edas que se pueden prevenir?","og_url":"https:\/\/www.suavinex.com\/livingsuavinex\/prevenir-estrias\/","og_site_name":"Living Suavinex","article_publisher":"https:\/\/www.facebook.com\/SuavinexSpain","article_published_time":"2025-03-14T09:02:39+00:00","article_modified_time":"2025-03-31T06:11:25+00:00","og_image":[{"width":1200,"height":800,"url":"https:\/\/www.suavinex.com\/livingsuavinex\/wp-content\/uploads\/2011\/09\/prevenir-estr\u00edas.jpg","type":"image\/jpeg"}],"author":"Paula Gonzalo","twitter_card":"summary_large_image","twitter_creator":"@SuavinexSpain","twitter_site":"@SuavinexSpain","twitter_misc":{"Escrito por":"Paula Gonzalo","Tiempo de lectura":"5 minutos"},"schema":{"@context":"https:\/\/schema.org","@graph":[{"@type":"Article","@id":"https:\/\/www.suavinex.com\/livingsuavinex\/prevenir-estrias\/#article","isPartOf":{"@id":"https:\/\/www.suavinex.com\/livingsuavinex\/prevenir-estrias\/"},"author":{"name":"Paula Gonzalo","@id":"https:\/\/www.suavinex.com\/livingsuavinex\/#\/schema\/person\/adf54053ae070908b6a5293ef8d2c28a"},"headline":"Estr\u00edas y embarazo. \u00bfC\u00f3mo prevenir las estr\u00edas en el embarazo?","datePublished":"2025-03-14T09:02:39+00:00","dateModified":"2025-03-31T06:11:25+00:00","mainEntityOfPage":{"@id":"https:\/\/www.suavinex.com\/livingsuavinex\/prevenir-estrias\/"},"wordCount":1070,"commentCount":5,"publisher":{"@id":"https:\/\/www.suavinex.com\/livingsuavinex\/#organization"},"image":{"@id":"https:\/\/www.suavinex.com\/livingsuavinex\/prevenir-estrias\/#primaryimage"},"thumbnailUrl":"https:\/\/www.suavinex.com\/livingsuavinex\/wp-content\/uploads\/2011\/09\/prevenir-estr\u00edas.jpg","keywords":["Maternidad","Producto Suavinex"],"articleSection":["Embarazo"],"inLanguage":"es"},{"@type":"WebPage","@id":"https:\/\/www.suavinex.com\/livingsuavinex\/prevenir-estrias\/","url":"https:\/\/www.suavinex.com\/livingsuavinex\/prevenir-estrias\/","name":"Estr\u00edas en el embarazo. Qu\u00e9 son y c\u00f3mo prevenirlas | Living Suavinex","isPartOf":{"@id":"https:\/\/www.suavinex.com\/livingsuavinex\/#website"},"primaryImageOfPage":{"@id":"https:\/\/www.suavinex.com\/livingsuavinex\/prevenir-estrias\/#primaryimage"},"image":{"@id":"https:\/\/www.suavinex.com\/livingsuavinex\/prevenir-estrias\/#primaryimage"},"thumbnailUrl":"https:\/\/www.suavinex.com\/livingsuavinex\/wp-content\/uploads\/2011\/09\/prevenir-estr\u00edas.jpg","datePublished":"2025-03-14T09:02:39+00:00","dateModified":"2025-03-31T06:11:25+00:00","description":"Las estr\u00edas y el embarazo est\u00e1n \u00edntimamente ligadas. Su aparici\u00f3n es de lo m\u00e1s habitual pero \u00bfsab\u00edas que se pueden prevenir?","breadcrumb":{"@id":"https:\/\/www.suavinex.com\/livingsuavinex\/prevenir-estrias\/#breadcrumb"},"inLanguage":"es","potentialAction":[{"@type":"ReadAction","target":["https:\/\/www.suavinex.com\/livingsuavinex\/prevenir-estrias\/"]}]},{"@type":"ImageObject","inLanguage":"es","@id":"https:\/\/www.suavinex.com\/livingsuavinex\/prevenir-estrias\/#primaryimage","url":"https:\/\/www.suavinex.com\/livingsuavinex\/wp-content\/uploads\/2011\/09\/prevenir-estr\u00edas.jpg","contentUrl":"https:\/\/www.suavinex.com\/livingsuavinex\/wp-content\/uploads\/2011\/09\/prevenir-estr\u00edas.jpg","width":1200,"height":800},{"@type":"BreadcrumbList","@id":"https:\/\/www.suavinex.com\/livingsuavinex\/prevenir-estrias\/#breadcrumb","itemListElement":[{"@type":"ListItem","position":1,"name":"Portada","item":"https:\/\/www.suavinex.com\/livingsuavinex\/"},{"@type":"ListItem","position":2,"name":"Estr\u00edas y embarazo. \u00bfC\u00f3mo prevenir las estr\u00edas en el embarazo?"}]},{"@type":"WebSite","@id":"https:\/\/www.suavinex.com\/livingsuavinex\/#website","url":"https:\/\/www.suavinex.com\/livingsuavinex\/","name":"Living Suavinex","description":"| Familias reales","publisher":{"@id":"https:\/\/www.suavinex.com\/livingsuavinex\/#organization"},"potentialAction":[{"@type":"SearchAction","target":{"@type":"EntryPoint","urlTemplate":"https:\/\/www.suavinex.com\/livingsuavinex\/?s={search_term_string}"},"query-input":{"@type":"PropertyValueSpecification","valueRequired":true,"valueName":"search_term_string"}}],"inLanguage":"es"},{"@type":"Organization","@id":"https:\/\/www.suavinex.com\/livingsuavinex\/#organization","name":"Suavinex","url":"https:\/\/www.suavinex.com\/livingsuavinex\/","logo":{"@type":"ImageObject","inLanguage":"es","@id":"https:\/\/www.suavinex.com\/livingsuavinex\/#\/schema\/logo\/image\/","url":"https:\/\/www.suavinex.com\/livingsuavinex\/wp-content\/uploads\/2018\/07\/living_sx_logo_mvl.png","contentUrl":"https:\/\/www.suavinex.com\/livingsuavinex\/wp-content\/uploads\/2018\/07\/living_sx_logo_mvl.png","width":350,"height":70,"caption":"Suavinex"},"image":{"@id":"https:\/\/www.suavinex.com\/livingsuavinex\/#\/schema\/logo\/image\/"},"sameAs":["https:\/\/www.facebook.com\/SuavinexSpain","https:\/\/x.com\/SuavinexSpain","https:\/\/www.instagram.com\/suavinex_spain\/","https:\/\/www.pinterest.es\/SuavinexSpain\/","https:\/\/www.youtube.com\/channel\/UCgeJREx2R_ZvV2aQMrfWgcA"]},{"@type":"Person","@id":"https:\/\/www.suavinex.com\/livingsuavinex\/#\/schema\/person\/adf54053ae070908b6a5293ef8d2c28a","name":"Paula Gonzalo","image":{"@type":"ImageObject","inLanguage":"es","@id":"https:\/\/www.suavinex.com\/livingsuavinex\/#\/schema\/person\/image\/","url":"https:\/\/secure.gravatar.com\/avatar\/743d807d9020323f241090e3afb62686?s=96&d=mm&r=g","contentUrl":"https:\/\/secure.gravatar.com\/avatar\/743d807d9020323f241090e3afb62686?s=96&d=mm&r=g","caption":"Paula Gonzalo"}}]}},"_links":{"self":[{"href":"https:\/\/www.suavinex.com\/livingsuavinex\/wp-json\/wp\/v2\/posts\/1972","targetHints":{"allow":["GET"]}}],"collection":[{"href":"https:\/\/www.suavinex.com\/livingsuavinex\/wp-json\/wp\/v2\/posts"}],"about":[{"href":"https:\/\/www.suavinex.com\/livingsuavinex\/wp-json\/wp\/v2\/types\/post"}],"author":[{"embeddable":true,"href":"https:\/\/www.suavinex.com\/livingsuavinex\/wp-json\/wp\/v2\/users\/297"}],"replies":[{"embeddable":true,"href":"https:\/\/www.suavinex.com\/livingsuavinex\/wp-json\/wp\/v2\/comments?post=1972"}],"version-history":[{"count":7,"href":"https:\/\/www.suavinex.com\/livingsuavinex\/wp-json\/wp\/v2\/posts\/1972\/revisions"}],"predecessor-version":[{"id":46409,"href":"https:\/\/www.suavinex.com\/livingsuavinex\/wp-json\/wp\/v2\/posts\/1972\/revisions\/46409"}],"wp:featuredmedia":[{"embeddable":true,"href":"https:\/\/www.suavinex.com\/livingsuavinex\/wp-json\/wp\/v2\/media\/42244"}],"wp:attachment":[{"href":"https:\/\/www.suavinex.com\/livingsuavinex\/wp-json\/wp\/v2\/media?parent=1972"}],"wp:term":[{"taxonomy":"category","embeddable":true,"href":"https:\/\/www.suavinex.com\/livingsuavinex\/wp-json\/wp\/v2\/categories?post=1972"},{"taxonomy":"post_tag","embeddable":true,"href":"https:\/\/www.suavinex.com\/livingsuavinex\/wp-json\/wp\/v2\/tags?post=1972"}],"curies":[{"name":"wp","href":"https:\/\/api.w.org\/{rel}","templated":true}]}}