{"id":19702,"date":"2018-03-01T06:08:00","date_gmt":"2018-03-01T05:08:00","guid":{"rendered":"https:\/\/www.suavinex.com\/livingsuavinex\/?p=19702"},"modified":"2022-11-14T20:56:09","modified_gmt":"2022-11-14T19:56:09","slug":"derechos-laborales-de-la-mujer","status":"publish","type":"post","link":"https:\/\/www.suavinex.com\/livingsuavinex\/derechos-laborales-de-la-mujer\/","title":{"rendered":"Consultorio Suavinex con la abogada Mar\u00eda S\u00e1nchez: derechos laborales de la mujer en su maternidad"},"content":{"rendered":"<p><strong>\u00bfConoces tus derechos laborales durante el embarazo y la maternidad?<\/strong> Es importante estar informadas y<a href=\"https:\/\/www.suavinex.com\/livingsuavinex\/irpf-maternidad\/\" target=\"_blank\" rel=\"noopener\"> solventar las posibles dudas<\/a> que se puedan plantear para, si fuera necesario, hacerlos valer.<\/p>\n<p>Derechos a revisiones m\u00e9dicas durante el embarazo, protecci\u00f3n contra el despido, permisos posibles, excedencia, reducci\u00f3n de jornada, entre otros. La teor\u00eda puede parecer simple, lo complicado es aplicarla a cada caso particular. \u00bfTienes preguntas sobre tu situaci\u00f3n actual o tu futuro pr\u00f3ximo?<\/p>\n<h2>D\u00e9janos tu consulta<\/h2>\n<p>El pr\u00f3ximo jueves 8 de marzo, precisamente el D\u00eda de la Mujer, en horario de 20:30 a 22:30, en nuestro <a href=\"https:\/\/www.facebook.com\/SuavinexSpain\/\" target=\"_blank\" rel=\"noopener\">muro de Facebook,<\/a> la abogada Mar\u00eda S\u00e1nchez podr\u00e1 contestar todas vuestras preguntas en directo.<\/p>\n<p>Tambi\u00e9n pod\u00e9is dejar desde este momento vuestra consulta en un comentario de este post. Mar\u00eda os contestar\u00e1 el mismo d\u00eda del consultorio.<\/p>\n<p>\u00a1No te quedes con dudas!<\/p>\n","protected":false},"excerpt":{"rendered":"\u00bfConoces tus derechos laborales durante el embarazo y la maternidad? Es importante estar informadas y solventar las posibles dudas que se puedan plantear para, si fuera necesario, hacerlos valer. Derechos a revisiones m\u00e9dicas durante el embarazo, protecci\u00f3n contra el despido, permisos posibles, excedencia, reducci\u00f3n de jornada, entre otros. La teor\u00eda&#8230; <a class=\"view-article\" href=\"https:\/\/www.suavinex.com\/livingsuavinex\/derechos-laborales-de-la-mujer\/\">Ver art\u00edculo<\/a>","protected":false},"author":295,"featured_media":19706,"comment_status":"open","ping_status":"open","sticky":false,"template":"","format":"standard","meta":{"inline_featured_image":false,"footnotes":""},"categories":[7],"tags":[2220,1225,9,46],"class_list":["post-19702","post","type-post","status-publish","format-standard","has-post-thumbnail","hentry","category-embarazo","tag-conciliacion","tag-consultorio-suavinex","tag-maternidad","tag-mujer"],"yoast_head":"<!-- This site is optimized with the Yoast SEO plugin v26.8 - https:\/\/yoast.com\/product\/yoast-seo-wordpress\/ -->\n<title>Consultorio Suavinex: derechos laborales de la mujer en su maternidad<\/title>\n<meta name=\"description\" content=\"Si tienes dudas acerca de los derechos laborales de la mujer en la maternidad no te pierdas nuestro consultorios en el que trataremos de dar respuesta a todas las que te puedas plantear.\" \/>\n<meta name=\"robots\" content=\"index, follow, max-snippet:-1, max-image-preview:large, max-video-preview:-1\" \/>\n<link rel=\"canonical\" href=\"https:\/\/www.suavinex.com\/livingsuavinex\/derechos-laborales-de-la-mujer\/\" \/>\n<meta property=\"og:locale\" content=\"es_ES\" \/>\n<meta property=\"og:type\" content=\"article\" \/>\n<meta property=\"og:title\" content=\"Consultorio Suavinex: derechos laborales de la mujer en su maternidad\" \/>\n<meta property=\"og:description\" content=\"Si tienes dudas acerca de los derechos laborales de la mujer en la maternidad no te pierdas nuestro consultorios en el que trataremos de dar respuesta a todas las que te puedas plantear.\" \/>\n<meta property=\"og:url\" content=\"https:\/\/www.suavinex.com\/livingsuavinex\/derechos-laborales-de-la-mujer\/\" \/>\n<meta property=\"og:site_name\" content=\"Living Suavinex\" \/>\n<meta property=\"article:publisher\" content=\"https:\/\/www.facebook.com\/SuavinexSpain\" \/>\n<meta property=\"article:published_time\" content=\"2018-03-01T05:08:00+00:00\" \/>\n<meta property=\"article:modified_time\" content=\"2022-11-14T19:56:09+00:00\" \/>\n<meta property=\"og:image\" content=\"https:\/\/www.suavinex.com\/livingsuavinex\/wp-content\/uploads\/2018\/03\/derechos-laborales-de-la-mujer.jpg\" \/>\n\t<meta property=\"og:image:width\" content=\"875\" \/>\n\t<meta property=\"og:image:height\" content=\"556\" \/>\n\t<meta property=\"og:image:type\" content=\"image\/jpeg\" \/>\n<meta name=\"author\" content=\"Suavinex Central\" \/>\n<meta name=\"twitter:card\" content=\"summary_large_image\" \/>\n<meta name=\"twitter:creator\" content=\"@SuavinexSpain\" \/>\n<meta name=\"twitter:site\" content=\"@SuavinexSpain\" \/>\n<meta name=\"twitter:label1\" content=\"Escrito por\" \/>\n\t<meta name=\"twitter:data1\" content=\"Suavinex Central\" \/>\n\t<meta name=\"twitter:label2\" content=\"Tiempo de lectura\" \/>\n\t<meta name=\"twitter:data2\" content=\"1 minuto\" \/>\n<script type=\"application\/ld+json\" class=\"yoast-schema-graph\">{\"@context\":\"https:\/\/schema.org\",\"@graph\":[{\"@type\":\"Article\",\"@id\":\"https:\/\/www.suavinex.com\/livingsuavinex\/derechos-laborales-de-la-mujer\/#article\",\"isPartOf\":{\"@id\":\"https:\/\/www.suavinex.com\/livingsuavinex\/derechos-laborales-de-la-mujer\/\"},\"author\":{\"name\":\"Suavinex Central\",\"@id\":\"https:\/\/www.suavinex.com\/livingsuavinex\/#\/schema\/person\/836d83f4b1821b11b7b47cffd08f1ecb\"},\"headline\":\"Consultorio Suavinex con la abogada Mar\u00eda S\u00e1nchez: derechos laborales de la mujer en su maternidad\",\"datePublished\":\"2018-03-01T05:08:00+00:00\",\"dateModified\":\"2022-11-14T19:56:09+00:00\",\"mainEntityOfPage\":{\"@id\":\"https:\/\/www.suavinex.com\/livingsuavinex\/derechos-laborales-de-la-mujer\/\"},\"wordCount\":164,\"commentCount\":43,\"publisher\":{\"@id\":\"https:\/\/www.suavinex.com\/livingsuavinex\/#organization\"},\"image\":{\"@id\":\"https:\/\/www.suavinex.com\/livingsuavinex\/derechos-laborales-de-la-mujer\/#primaryimage\"},\"thumbnailUrl\":\"https:\/\/www.suavinex.com\/livingsuavinex\/wp-content\/uploads\/2018\/03\/derechos-laborales-de-la-mujer.jpg\",\"keywords\":[\"Conciliaci\u00f3n\",\"Consultorio Suavinex\",\"Maternidad\",\"Mujer\"],\"articleSection\":[\"Embarazo\"],\"inLanguage\":\"es\"},{\"@type\":\"WebPage\",\"@id\":\"https:\/\/www.suavinex.com\/livingsuavinex\/derechos-laborales-de-la-mujer\/\",\"url\":\"https:\/\/www.suavinex.com\/livingsuavinex\/derechos-laborales-de-la-mujer\/\",\"name\":\"Consultorio Suavinex: derechos laborales de la mujer en su maternidad\",\"isPartOf\":{\"@id\":\"https:\/\/www.suavinex.com\/livingsuavinex\/#website\"},\"primaryImageOfPage\":{\"@id\":\"https:\/\/www.suavinex.com\/livingsuavinex\/derechos-laborales-de-la-mujer\/#primaryimage\"},\"image\":{\"@id\":\"https:\/\/www.suavinex.com\/livingsuavinex\/derechos-laborales-de-la-mujer\/#primaryimage\"},\"thumbnailUrl\":\"https:\/\/www.suavinex.com\/livingsuavinex\/wp-content\/uploads\/2018\/03\/derechos-laborales-de-la-mujer.jpg\",\"datePublished\":\"2018-03-01T05:08:00+00:00\",\"dateModified\":\"2022-11-14T19:56:09+00:00\",\"description\":\"Si tienes dudas acerca de los derechos laborales de la mujer en la maternidad no te pierdas nuestro consultorios en el que trataremos de dar respuesta a todas las que te puedas plantear.\",\"breadcrumb\":{\"@id\":\"https:\/\/www.suavinex.com\/livingsuavinex\/derechos-laborales-de-la-mujer\/#breadcrumb\"},\"inLanguage\":\"es\",\"potentialAction\":[{\"@type\":\"ReadAction\",\"target\":[\"https:\/\/www.suavinex.com\/livingsuavinex\/derechos-laborales-de-la-mujer\/\"]}]},{\"@type\":\"ImageObject\",\"inLanguage\":\"es\",\"@id\":\"https:\/\/www.suavinex.com\/livingsuavinex\/derechos-laborales-de-la-mujer\/#primaryimage\",\"url\":\"https:\/\/www.suavinex.com\/livingsuavinex\/wp-content\/uploads\/2018\/03\/derechos-laborales-de-la-mujer.jpg\",\"contentUrl\":\"https:\/\/www.suavinex.com\/livingsuavinex\/wp-content\/uploads\/2018\/03\/derechos-laborales-de-la-mujer.jpg\",\"width\":875,\"height\":556,\"caption\":\"derechos laborales de la mujer\"},{\"@type\":\"BreadcrumbList\",\"@id\":\"https:\/\/www.suavinex.com\/livingsuavinex\/derechos-laborales-de-la-mujer\/#breadcrumb\",\"itemListElement\":[{\"@type\":\"ListItem\",\"position\":1,\"name\":\"Portada\",\"item\":\"https:\/\/www.suavinex.com\/livingsuavinex\/\"},{\"@type\":\"ListItem\",\"position\":2,\"name\":\"Consultorio Suavinex con la abogada Mar\u00eda S\u00e1nchez: derechos laborales de la mujer en su maternidad\"}]},{\"@type\":\"WebSite\",\"@id\":\"https:\/\/www.suavinex.com\/livingsuavinex\/#website\",\"url\":\"https:\/\/www.suavinex.com\/livingsuavinex\/\",\"name\":\"Living Suavinex\",\"description\":\"| Familias reales\",\"publisher\":{\"@id\":\"https:\/\/www.suavinex.com\/livingsuavinex\/#organization\"},\"potentialAction\":[{\"@type\":\"SearchAction\",\"target\":{\"@type\":\"EntryPoint\",\"urlTemplate\":\"https:\/\/www.suavinex.com\/livingsuavinex\/?s={search_term_string}\"},\"query-input\":{\"@type\":\"PropertyValueSpecification\",\"valueRequired\":true,\"valueName\":\"search_term_string\"}}],\"inLanguage\":\"es\"},{\"@type\":\"Organization\",\"@id\":\"https:\/\/www.suavinex.com\/livingsuavinex\/#organization\",\"name\":\"Suavinex\",\"url\":\"https:\/\/www.suavinex.com\/livingsuavinex\/\",\"logo\":{\"@type\":\"ImageObject\",\"inLanguage\":\"es\",\"@id\":\"https:\/\/www.suavinex.com\/livingsuavinex\/#\/schema\/logo\/image\/\",\"url\":\"https:\/\/www.suavinex.com\/livingsuavinex\/wp-content\/uploads\/2018\/07\/living_sx_logo_mvl.png\",\"contentUrl\":\"https:\/\/www.suavinex.com\/livingsuavinex\/wp-content\/uploads\/2018\/07\/living_sx_logo_mvl.png\",\"width\":350,\"height\":70,\"caption\":\"Suavinex\"},\"image\":{\"@id\":\"https:\/\/www.suavinex.com\/livingsuavinex\/#\/schema\/logo\/image\/\"},\"sameAs\":[\"https:\/\/www.facebook.com\/SuavinexSpain\",\"https:\/\/x.com\/SuavinexSpain\",\"https:\/\/www.instagram.com\/suavinex_spain\/\",\"https:\/\/www.pinterest.es\/SuavinexSpain\/\",\"https:\/\/www.youtube.com\/channel\/UCgeJREx2R_ZvV2aQMrfWgcA\"]},{\"@type\":\"Person\",\"@id\":\"https:\/\/www.suavinex.com\/livingsuavinex\/#\/schema\/person\/836d83f4b1821b11b7b47cffd08f1ecb\",\"name\":\"Suavinex Central\",\"image\":{\"@type\":\"ImageObject\",\"inLanguage\":\"es\",\"@id\":\"https:\/\/www.suavinex.com\/livingsuavinex\/#\/schema\/person\/image\/\",\"url\":\"https:\/\/secure.gravatar.com\/avatar\/bd43680b784882668035add29f959967?s=96&d=mm&r=g\",\"contentUrl\":\"https:\/\/secure.gravatar.com\/avatar\/bd43680b784882668035add29f959967?s=96&d=mm&r=g\",\"caption\":\"Suavinex Central\"}}]}<\/script>\n<!-- \/ Yoast SEO plugin. -->","yoast_head_json":{"title":"Consultorio Suavinex: derechos laborales de la mujer en su maternidad","description":"Si tienes dudas acerca de los derechos laborales de la mujer en la maternidad no te pierdas nuestro consultorios en el que trataremos de dar respuesta a todas las que te puedas plantear.","robots":{"index":"index","follow":"follow","max-snippet":"max-snippet:-1","max-image-preview":"max-image-preview:large","max-video-preview":"max-video-preview:-1"},"canonical":"https:\/\/www.suavinex.com\/livingsuavinex\/derechos-laborales-de-la-mujer\/","og_locale":"es_ES","og_type":"article","og_title":"Consultorio Suavinex: derechos laborales de la mujer en su maternidad","og_description":"Si tienes dudas acerca de los derechos laborales de la mujer en la maternidad no te pierdas nuestro consultorios en el que trataremos de dar respuesta a todas las que te puedas plantear.","og_url":"https:\/\/www.suavinex.com\/livingsuavinex\/derechos-laborales-de-la-mujer\/","og_site_name":"Living Suavinex","article_publisher":"https:\/\/www.facebook.com\/SuavinexSpain","article_published_time":"2018-03-01T05:08:00+00:00","article_modified_time":"2022-11-14T19:56:09+00:00","og_image":[{"width":875,"height":556,"url":"https:\/\/www.suavinex.com\/livingsuavinex\/wp-content\/uploads\/2018\/03\/derechos-laborales-de-la-mujer.jpg","type":"image\/jpeg"}],"author":"Suavinex Central","twitter_card":"summary_large_image","twitter_creator":"@SuavinexSpain","twitter_site":"@SuavinexSpain","twitter_misc":{"Escrito por":"Suavinex Central","Tiempo de lectura":"1 minuto"},"schema":{"@context":"https:\/\/schema.org","@graph":[{"@type":"Article","@id":"https:\/\/www.suavinex.com\/livingsuavinex\/derechos-laborales-de-la-mujer\/#article","isPartOf":{"@id":"https:\/\/www.suavinex.com\/livingsuavinex\/derechos-laborales-de-la-mujer\/"},"author":{"name":"Suavinex Central","@id":"https:\/\/www.suavinex.com\/livingsuavinex\/#\/schema\/person\/836d83f4b1821b11b7b47cffd08f1ecb"},"headline":"Consultorio Suavinex con la abogada Mar\u00eda S\u00e1nchez: derechos laborales de la mujer en su maternidad","datePublished":"2018-03-01T05:08:00+00:00","dateModified":"2022-11-14T19:56:09+00:00","mainEntityOfPage":{"@id":"https:\/\/www.suavinex.com\/livingsuavinex\/derechos-laborales-de-la-mujer\/"},"wordCount":164,"commentCount":43,"publisher":{"@id":"https:\/\/www.suavinex.com\/livingsuavinex\/#organization"},"image":{"@id":"https:\/\/www.suavinex.com\/livingsuavinex\/derechos-laborales-de-la-mujer\/#primaryimage"},"thumbnailUrl":"https:\/\/www.suavinex.com\/livingsuavinex\/wp-content\/uploads\/2018\/03\/derechos-laborales-de-la-mujer.jpg","keywords":["Conciliaci\u00f3n","Consultorio Suavinex","Maternidad","Mujer"],"articleSection":["Embarazo"],"inLanguage":"es"},{"@type":"WebPage","@id":"https:\/\/www.suavinex.com\/livingsuavinex\/derechos-laborales-de-la-mujer\/","url":"https:\/\/www.suavinex.com\/livingsuavinex\/derechos-laborales-de-la-mujer\/","name":"Consultorio Suavinex: derechos laborales de la mujer en su maternidad","isPartOf":{"@id":"https:\/\/www.suavinex.com\/livingsuavinex\/#website"},"primaryImageOfPage":{"@id":"https:\/\/www.suavinex.com\/livingsuavinex\/derechos-laborales-de-la-mujer\/#primaryimage"},"image":{"@id":"https:\/\/www.suavinex.com\/livingsuavinex\/derechos-laborales-de-la-mujer\/#primaryimage"},"thumbnailUrl":"https:\/\/www.suavinex.com\/livingsuavinex\/wp-content\/uploads\/2018\/03\/derechos-laborales-de-la-mujer.jpg","datePublished":"2018-03-01T05:08:00+00:00","dateModified":"2022-11-14T19:56:09+00:00","description":"Si tienes dudas acerca de los derechos laborales de la mujer en la maternidad no te pierdas nuestro consultorios en el que trataremos de dar respuesta a todas las que te puedas plantear.","breadcrumb":{"@id":"https:\/\/www.suavinex.com\/livingsuavinex\/derechos-laborales-de-la-mujer\/#breadcrumb"},"inLanguage":"es","potentialAction":[{"@type":"ReadAction","target":["https:\/\/www.suavinex.com\/livingsuavinex\/derechos-laborales-de-la-mujer\/"]}]},{"@type":"ImageObject","inLanguage":"es","@id":"https:\/\/www.suavinex.com\/livingsuavinex\/derechos-laborales-de-la-mujer\/#primaryimage","url":"https:\/\/www.suavinex.com\/livingsuavinex\/wp-content\/uploads\/2018\/03\/derechos-laborales-de-la-mujer.jpg","contentUrl":"https:\/\/www.suavinex.com\/livingsuavinex\/wp-content\/uploads\/2018\/03\/derechos-laborales-de-la-mujer.jpg","width":875,"height":556,"caption":"derechos laborales de la mujer"},{"@type":"BreadcrumbList","@id":"https:\/\/www.suavinex.com\/livingsuavinex\/derechos-laborales-de-la-mujer\/#breadcrumb","itemListElement":[{"@type":"ListItem","position":1,"name":"Portada","item":"https:\/\/www.suavinex.com\/livingsuavinex\/"},{"@type":"ListItem","position":2,"name":"Consultorio Suavinex con la abogada Mar\u00eda S\u00e1nchez: derechos laborales de la mujer en su maternidad"}]},{"@type":"WebSite","@id":"https:\/\/www.suavinex.com\/livingsuavinex\/#website","url":"https:\/\/www.suavinex.com\/livingsuavinex\/","name":"Living Suavinex","description":"| Familias reales","publisher":{"@id":"https:\/\/www.suavinex.com\/livingsuavinex\/#organization"},"potentialAction":[{"@type":"SearchAction","target":{"@type":"EntryPoint","urlTemplate":"https:\/\/www.suavinex.com\/livingsuavinex\/?s={search_term_string}"},"query-input":{"@type":"PropertyValueSpecification","valueRequired":true,"valueName":"search_term_string"}}],"inLanguage":"es"},{"@type":"Organization","@id":"https:\/\/www.suavinex.com\/livingsuavinex\/#organization","name":"Suavinex","url":"https:\/\/www.suavinex.com\/livingsuavinex\/","logo":{"@type":"ImageObject","inLanguage":"es","@id":"https:\/\/www.suavinex.com\/livingsuavinex\/#\/schema\/logo\/image\/","url":"https:\/\/www.suavinex.com\/livingsuavinex\/wp-content\/uploads\/2018\/07\/living_sx_logo_mvl.png","contentUrl":"https:\/\/www.suavinex.com\/livingsuavinex\/wp-content\/uploads\/2018\/07\/living_sx_logo_mvl.png","width":350,"height":70,"caption":"Suavinex"},"image":{"@id":"https:\/\/www.suavinex.com\/livingsuavinex\/#\/schema\/logo\/image\/"},"sameAs":["https:\/\/www.facebook.com\/SuavinexSpain","https:\/\/x.com\/SuavinexSpain","https:\/\/www.instagram.com\/suavinex_spain\/","https:\/\/www.pinterest.es\/SuavinexSpain\/","https:\/\/www.youtube.com\/channel\/UCgeJREx2R_ZvV2aQMrfWgcA"]},{"@type":"Person","@id":"https:\/\/www.suavinex.com\/livingsuavinex\/#\/schema\/person\/836d83f4b1821b11b7b47cffd08f1ecb","name":"Suavinex Central","image":{"@type":"ImageObject","inLanguage":"es","@id":"https:\/\/www.suavinex.com\/livingsuavinex\/#\/schema\/person\/image\/","url":"https:\/\/secure.gravatar.com\/avatar\/bd43680b784882668035add29f959967?s=96&d=mm&r=g","contentUrl":"https:\/\/secure.gravatar.com\/avatar\/bd43680b784882668035add29f959967?s=96&d=mm&r=g","caption":"Suavinex Central"}}]}},"_links":{"self":[{"href":"https:\/\/www.suavinex.com\/livingsuavinex\/wp-json\/wp\/v2\/posts\/19702","targetHints":{"allow":["GET"]}}],"collection":[{"href":"https:\/\/www.suavinex.com\/livingsuavinex\/wp-json\/wp\/v2\/posts"}],"about":[{"href":"https:\/\/www.suavinex.com\/livingsuavinex\/wp-json\/wp\/v2\/types\/post"}],"author":[{"embeddable":true,"href":"https:\/\/www.suavinex.com\/livingsuavinex\/wp-json\/wp\/v2\/users\/295"}],"replies":[{"embeddable":true,"href":"https:\/\/www.suavinex.com\/livingsuavinex\/wp-json\/wp\/v2\/comments?post=19702"}],"version-history":[{"count":1,"href":"https:\/\/www.suavinex.com\/livingsuavinex\/wp-json\/wp\/v2\/posts\/19702\/revisions"}],"predecessor-version":[{"id":19707,"href":"https:\/\/www.suavinex.com\/livingsuavinex\/wp-json\/wp\/v2\/posts\/19702\/revisions\/19707"}],"wp:featuredmedia":[{"embeddable":true,"href":"https:\/\/www.suavinex.com\/livingsuavinex\/wp-json\/wp\/v2\/media\/19706"}],"wp:attachment":[{"href":"https:\/\/www.suavinex.com\/livingsuavinex\/wp-json\/wp\/v2\/media?parent=19702"}],"wp:term":[{"taxonomy":"category","embeddable":true,"href":"https:\/\/www.suavinex.com\/livingsuavinex\/wp-json\/wp\/v2\/categories?post=19702"},{"taxonomy":"post_tag","embeddable":true,"href":"https:\/\/www.suavinex.com\/livingsuavinex\/wp-json\/wp\/v2\/tags?post=19702"}],"curies":[{"name":"wp","href":"https:\/\/api.w.org\/{rel}","templated":true}]}}