{"id":19606,"date":"2018-02-22T07:00:33","date_gmt":"2018-02-22T06:00:33","guid":{"rendered":"https:\/\/www.suavinex.com\/livingsuavinex\/?p=19606"},"modified":"2020-04-01T00:37:27","modified_gmt":"2020-03-31T22:37:27","slug":"euskadi-permiso-paternidad","status":"publish","type":"post","link":"https:\/\/www.suavinex.com\/livingsuavinex\/euskadi-permiso-paternidad\/","title":{"rendered":"Euskadi equipara el permiso de paternidad al de maternidad"},"content":{"rendered":"<p>La crianza ha sido tradicionalmente un tema de mujeres, de madres. Pero a d\u00eda de hoy tenemos claro que la pareja tambi\u00e9n tiene un destacado papel. Por ese motivo <strong>son importantes las medidas que incentiven no s\u00f3lo la conciliaci\u00f3n sino tambi\u00e9n la corresponsabilidad<\/strong>. Son cuestiones que est\u00e1n encima de la mesa pero que, hasta el momento, no se hab\u00edan llevado a la pr\u00e1ctica. Por fin, una comunidad aut\u00f3noma ha decidido que ha llegado la hora de afianzar el cambio.<\/p>\n<p>Seg\u00fan anunci\u00f3 la semana pasada el portavoz del gobierno vasco, Josu Erkoreka, <strong>la equiparaci\u00f3n del permiso de paternidad al de maternidad en breve ser\u00e1 un hecho en Euskadi.<\/strong> La medida estar\u00e1 recogida en el borrador de anteproyecto de Ley de Empleo P\u00fablico Vasco. Ser\u00e1, por tanto, aplicable al cuerpo funcionarial. En la pr\u00e1ctica se traducir\u00e1 en 18 semanas de permiso para ambos progenitores <a href=\"https:\/\/www.suavinex.com\/livingsuavinex\/prestacion-economica-baja-maternidad\/\" target=\"_blank\" rel=\"noopener noreferrer\">100% remunerados<\/a> e intransferibles, con independencia de su sexo. La duraci\u00f3n es de dos semanas m\u00e1s en caso de partos o adopciones m\u00faltiples o si hay discapacidad.<\/p>\n<h2>El permiso de paternidad<\/h2>\n<p>El decreto que regula los permisos de paternidad y maternidad en Euskadi otorga cuatro semanas transferibles en el primer caso y dieciocho en el segundo por nacimiento, adopci\u00f3n, acogimiento o subrogaci\u00f3n. \u00bfConseguir\u00e1 el Gobierno Vasco <strong>ejercer de motor de cambio social, a la vez que de modelo para las empresas privadas? <\/strong>Este primer paso sin duda traer\u00e1 consecuencias interesantes que esperamos pronto se produzcan<strong>.\u00a0<\/strong>El portavoz vasco resalt\u00f3 que la implicaci\u00f3n de los hombres en el cuidado de hijos redunda en el empoderamiento femenino, adem\u00e1s, de resultar clave en la prevenci\u00f3n de la violencia de g\u00e9nero. Tambi\u00e9n se\u00f1al\u00f3 que, el\u00a0a\u00f1o pasado, <a href=\"https:\/\/www.20minutos.es\/noticia\/3263844\/0\/euskadi-equiparacion-permiso-paternidad\/\" target=\"_blank\" rel=\"noopener noreferrer\">el 90% de los permisos fue solicitado por mujeres.<\/a> Esto significa que la carga dom\u00e9stica y de cuidados recay\u00f3, de forma mayoritaria, en la madre.<\/p>\n<p>La reivindicaci\u00f3n de unos permisos iguales e intransferibles no es nueva. Ha llegado, incluso, a estar en los programas electorales de algunos partidos pol\u00edticos. Pero el gobierno vasco ha sido el primero en poner en pr\u00e1ctica medidas en este sentido. Solo el tiempo nos dir\u00e1 si, efectivamente, act\u00faa como acicate para la administraci\u00f3n central o las de otras comunidades.<\/p>\n<p>\u00bfQu\u00e9 opinas de esta medida? \u00bfEst\u00e1s a favor de la ampliaci\u00f3n del permiso de paternidad o crees que es necesario empezar por el de maternidad? \u00bfQu\u00e9 te parece que se lleve a cabo en el cuerpo de funcionarios? El debate est\u00e1 servido.<\/p>\n","protected":false},"excerpt":{"rendered":"La crianza ha sido tradicionalmente un tema de mujeres, de madres. Pero a d\u00eda de hoy tenemos claro que la pareja tambi\u00e9n tiene un destacado papel. Por ese motivo son importantes las medidas que incentiven no s\u00f3lo la conciliaci\u00f3n sino tambi\u00e9n la corresponsabilidad. Son cuestiones que est\u00e1n encima de la&#8230; <a class=\"view-article\" href=\"https:\/\/www.suavinex.com\/livingsuavinex\/euskadi-permiso-paternidad\/\">Ver art\u00edculo<\/a>","protected":false},"author":295,"featured_media":19634,"comment_status":"open","ping_status":"open","sticky":false,"template":"","format":"standard","meta":{"inline_featured_image":false,"footnotes":""},"categories":[2272],"tags":[12,191],"class_list":["post-19606","post","type-post","status-publish","format-standard","has-post-thumbnail","hentry","category-tips-crianza","tag-hijos","tag-paternidad"],"yoast_head":"<!-- This site is optimized with the Yoast SEO plugin v26.8 - https:\/\/yoast.com\/product\/yoast-seo-wordpress\/ -->\n<title>Euskadi equipara el permiso de paternidad al de maternidad | LS<\/title>\n<meta name=\"robots\" content=\"index, follow, max-snippet:-1, max-image-preview:large, max-video-preview:-1\" \/>\n<link rel=\"canonical\" href=\"https:\/\/www.suavinex.com\/livingsuavinex\/euskadi-permiso-paternidad\/\" \/>\n<meta property=\"og:locale\" content=\"es_ES\" \/>\n<meta property=\"og:type\" content=\"article\" \/>\n<meta property=\"og:title\" content=\"Euskadi equipara el permiso de paternidad al de maternidad | LS\" \/>\n<meta property=\"og:description\" content=\"La crianza ha sido tradicionalmente un tema de mujeres, de madres. Pero a d\u00eda de hoy tenemos claro que la pareja tambi\u00e9n tiene un destacado papel. Por ese motivo son importantes las medidas que incentiven no s\u00f3lo la conciliaci\u00f3n sino tambi\u00e9n la corresponsabilidad. Son cuestiones que est\u00e1n encima de la... Ver art\u00edculo\" \/>\n<meta property=\"og:url\" content=\"https:\/\/www.suavinex.com\/livingsuavinex\/euskadi-permiso-paternidad\/\" \/>\n<meta property=\"og:site_name\" content=\"Living Suavinex\" \/>\n<meta property=\"article:publisher\" content=\"https:\/\/www.facebook.com\/SuavinexSpain\" \/>\n<meta property=\"article:published_time\" content=\"2018-02-22T06:00:33+00:00\" \/>\n<meta property=\"article:modified_time\" content=\"2020-03-31T22:37:27+00:00\" \/>\n<meta property=\"og:image\" content=\"https:\/\/www.suavinex.com\/livingsuavinex\/wp-content\/uploads\/2018\/02\/permiso-de-paternidad.jpg\" \/>\n\t<meta property=\"og:image:width\" content=\"875\" \/>\n\t<meta property=\"og:image:height\" content=\"482\" \/>\n\t<meta property=\"og:image:type\" content=\"image\/jpeg\" \/>\n<meta name=\"author\" content=\"Suavinex Central\" \/>\n<meta name=\"twitter:card\" content=\"summary_large_image\" \/>\n<meta name=\"twitter:creator\" content=\"@SuavinexSpain\" \/>\n<meta name=\"twitter:site\" content=\"@SuavinexSpain\" \/>\n<meta name=\"twitter:label1\" content=\"Escrito por\" \/>\n\t<meta name=\"twitter:data1\" content=\"Suavinex Central\" \/>\n\t<meta name=\"twitter:label2\" content=\"Tiempo de lectura\" \/>\n\t<meta name=\"twitter:data2\" content=\"2 minutos\" \/>\n<script type=\"application\/ld+json\" class=\"yoast-schema-graph\">{\"@context\":\"https:\/\/schema.org\",\"@graph\":[{\"@type\":\"Article\",\"@id\":\"https:\/\/www.suavinex.com\/livingsuavinex\/euskadi-permiso-paternidad\/#article\",\"isPartOf\":{\"@id\":\"https:\/\/www.suavinex.com\/livingsuavinex\/euskadi-permiso-paternidad\/\"},\"author\":{\"name\":\"Suavinex Central\",\"@id\":\"https:\/\/www.suavinex.com\/livingsuavinex\/#\/schema\/person\/836d83f4b1821b11b7b47cffd08f1ecb\"},\"headline\":\"Euskadi equipara el permiso de paternidad al de maternidad\",\"datePublished\":\"2018-02-22T06:00:33+00:00\",\"dateModified\":\"2020-03-31T22:37:27+00:00\",\"mainEntityOfPage\":{\"@id\":\"https:\/\/www.suavinex.com\/livingsuavinex\/euskadi-permiso-paternidad\/\"},\"wordCount\":440,\"commentCount\":4,\"publisher\":{\"@id\":\"https:\/\/www.suavinex.com\/livingsuavinex\/#organization\"},\"image\":{\"@id\":\"https:\/\/www.suavinex.com\/livingsuavinex\/euskadi-permiso-paternidad\/#primaryimage\"},\"thumbnailUrl\":\"https:\/\/www.suavinex.com\/livingsuavinex\/wp-content\/uploads\/2018\/02\/permiso-de-paternidad.jpg\",\"keywords\":[\"Hijos\",\"Paternidad\"],\"articleSection\":[\"Tips de crianza\"],\"inLanguage\":\"es\"},{\"@type\":\"WebPage\",\"@id\":\"https:\/\/www.suavinex.com\/livingsuavinex\/euskadi-permiso-paternidad\/\",\"url\":\"https:\/\/www.suavinex.com\/livingsuavinex\/euskadi-permiso-paternidad\/\",\"name\":\"Euskadi equipara el permiso de paternidad al de maternidad | LS\",\"isPartOf\":{\"@id\":\"https:\/\/www.suavinex.com\/livingsuavinex\/#website\"},\"primaryImageOfPage\":{\"@id\":\"https:\/\/www.suavinex.com\/livingsuavinex\/euskadi-permiso-paternidad\/#primaryimage\"},\"image\":{\"@id\":\"https:\/\/www.suavinex.com\/livingsuavinex\/euskadi-permiso-paternidad\/#primaryimage\"},\"thumbnailUrl\":\"https:\/\/www.suavinex.com\/livingsuavinex\/wp-content\/uploads\/2018\/02\/permiso-de-paternidad.jpg\",\"datePublished\":\"2018-02-22T06:00:33+00:00\",\"dateModified\":\"2020-03-31T22:37:27+00:00\",\"breadcrumb\":{\"@id\":\"https:\/\/www.suavinex.com\/livingsuavinex\/euskadi-permiso-paternidad\/#breadcrumb\"},\"inLanguage\":\"es\",\"potentialAction\":[{\"@type\":\"ReadAction\",\"target\":[\"https:\/\/www.suavinex.com\/livingsuavinex\/euskadi-permiso-paternidad\/\"]}]},{\"@type\":\"ImageObject\",\"inLanguage\":\"es\",\"@id\":\"https:\/\/www.suavinex.com\/livingsuavinex\/euskadi-permiso-paternidad\/#primaryimage\",\"url\":\"https:\/\/www.suavinex.com\/livingsuavinex\/wp-content\/uploads\/2018\/02\/permiso-de-paternidad.jpg\",\"contentUrl\":\"https:\/\/www.suavinex.com\/livingsuavinex\/wp-content\/uploads\/2018\/02\/permiso-de-paternidad.jpg\",\"width\":875,\"height\":482,\"caption\":\"permiso de paternidad\"},{\"@type\":\"BreadcrumbList\",\"@id\":\"https:\/\/www.suavinex.com\/livingsuavinex\/euskadi-permiso-paternidad\/#breadcrumb\",\"itemListElement\":[{\"@type\":\"ListItem\",\"position\":1,\"name\":\"Portada\",\"item\":\"https:\/\/www.suavinex.com\/livingsuavinex\/\"},{\"@type\":\"ListItem\",\"position\":2,\"name\":\"Euskadi equipara el permiso de paternidad al de maternidad\"}]},{\"@type\":\"WebSite\",\"@id\":\"https:\/\/www.suavinex.com\/livingsuavinex\/#website\",\"url\":\"https:\/\/www.suavinex.com\/livingsuavinex\/\",\"name\":\"Living Suavinex\",\"description\":\"| Familias reales\",\"publisher\":{\"@id\":\"https:\/\/www.suavinex.com\/livingsuavinex\/#organization\"},\"potentialAction\":[{\"@type\":\"SearchAction\",\"target\":{\"@type\":\"EntryPoint\",\"urlTemplate\":\"https:\/\/www.suavinex.com\/livingsuavinex\/?s={search_term_string}\"},\"query-input\":{\"@type\":\"PropertyValueSpecification\",\"valueRequired\":true,\"valueName\":\"search_term_string\"}}],\"inLanguage\":\"es\"},{\"@type\":\"Organization\",\"@id\":\"https:\/\/www.suavinex.com\/livingsuavinex\/#organization\",\"name\":\"Suavinex\",\"url\":\"https:\/\/www.suavinex.com\/livingsuavinex\/\",\"logo\":{\"@type\":\"ImageObject\",\"inLanguage\":\"es\",\"@id\":\"https:\/\/www.suavinex.com\/livingsuavinex\/#\/schema\/logo\/image\/\",\"url\":\"https:\/\/www.suavinex.com\/livingsuavinex\/wp-content\/uploads\/2018\/07\/living_sx_logo_mvl.png\",\"contentUrl\":\"https:\/\/www.suavinex.com\/livingsuavinex\/wp-content\/uploads\/2018\/07\/living_sx_logo_mvl.png\",\"width\":350,\"height\":70,\"caption\":\"Suavinex\"},\"image\":{\"@id\":\"https:\/\/www.suavinex.com\/livingsuavinex\/#\/schema\/logo\/image\/\"},\"sameAs\":[\"https:\/\/www.facebook.com\/SuavinexSpain\",\"https:\/\/x.com\/SuavinexSpain\",\"https:\/\/www.instagram.com\/suavinex_spain\/\",\"https:\/\/www.pinterest.es\/SuavinexSpain\/\",\"https:\/\/www.youtube.com\/channel\/UCgeJREx2R_ZvV2aQMrfWgcA\"]},{\"@type\":\"Person\",\"@id\":\"https:\/\/www.suavinex.com\/livingsuavinex\/#\/schema\/person\/836d83f4b1821b11b7b47cffd08f1ecb\",\"name\":\"Suavinex Central\",\"image\":{\"@type\":\"ImageObject\",\"inLanguage\":\"es\",\"@id\":\"https:\/\/www.suavinex.com\/livingsuavinex\/#\/schema\/person\/image\/\",\"url\":\"https:\/\/secure.gravatar.com\/avatar\/bd43680b784882668035add29f959967?s=96&d=mm&r=g\",\"contentUrl\":\"https:\/\/secure.gravatar.com\/avatar\/bd43680b784882668035add29f959967?s=96&d=mm&r=g\",\"caption\":\"Suavinex Central\"}}]}<\/script>\n<!-- \/ Yoast SEO plugin. -->","yoast_head_json":{"title":"Euskadi equipara el permiso de paternidad al de maternidad | LS","robots":{"index":"index","follow":"follow","max-snippet":"max-snippet:-1","max-image-preview":"max-image-preview:large","max-video-preview":"max-video-preview:-1"},"canonical":"https:\/\/www.suavinex.com\/livingsuavinex\/euskadi-permiso-paternidad\/","og_locale":"es_ES","og_type":"article","og_title":"Euskadi equipara el permiso de paternidad al de maternidad | LS","og_description":"La crianza ha sido tradicionalmente un tema de mujeres, de madres. Pero a d\u00eda de hoy tenemos claro que la pareja tambi\u00e9n tiene un destacado papel. Por ese motivo son importantes las medidas que incentiven no s\u00f3lo la conciliaci\u00f3n sino tambi\u00e9n la corresponsabilidad. Son cuestiones que est\u00e1n encima de la... Ver art\u00edculo","og_url":"https:\/\/www.suavinex.com\/livingsuavinex\/euskadi-permiso-paternidad\/","og_site_name":"Living Suavinex","article_publisher":"https:\/\/www.facebook.com\/SuavinexSpain","article_published_time":"2018-02-22T06:00:33+00:00","article_modified_time":"2020-03-31T22:37:27+00:00","og_image":[{"width":875,"height":482,"url":"https:\/\/www.suavinex.com\/livingsuavinex\/wp-content\/uploads\/2018\/02\/permiso-de-paternidad.jpg","type":"image\/jpeg"}],"author":"Suavinex Central","twitter_card":"summary_large_image","twitter_creator":"@SuavinexSpain","twitter_site":"@SuavinexSpain","twitter_misc":{"Escrito por":"Suavinex Central","Tiempo de lectura":"2 minutos"},"schema":{"@context":"https:\/\/schema.org","@graph":[{"@type":"Article","@id":"https:\/\/www.suavinex.com\/livingsuavinex\/euskadi-permiso-paternidad\/#article","isPartOf":{"@id":"https:\/\/www.suavinex.com\/livingsuavinex\/euskadi-permiso-paternidad\/"},"author":{"name":"Suavinex Central","@id":"https:\/\/www.suavinex.com\/livingsuavinex\/#\/schema\/person\/836d83f4b1821b11b7b47cffd08f1ecb"},"headline":"Euskadi equipara el permiso de paternidad al de maternidad","datePublished":"2018-02-22T06:00:33+00:00","dateModified":"2020-03-31T22:37:27+00:00","mainEntityOfPage":{"@id":"https:\/\/www.suavinex.com\/livingsuavinex\/euskadi-permiso-paternidad\/"},"wordCount":440,"commentCount":4,"publisher":{"@id":"https:\/\/www.suavinex.com\/livingsuavinex\/#organization"},"image":{"@id":"https:\/\/www.suavinex.com\/livingsuavinex\/euskadi-permiso-paternidad\/#primaryimage"},"thumbnailUrl":"https:\/\/www.suavinex.com\/livingsuavinex\/wp-content\/uploads\/2018\/02\/permiso-de-paternidad.jpg","keywords":["Hijos","Paternidad"],"articleSection":["Tips de crianza"],"inLanguage":"es"},{"@type":"WebPage","@id":"https:\/\/www.suavinex.com\/livingsuavinex\/euskadi-permiso-paternidad\/","url":"https:\/\/www.suavinex.com\/livingsuavinex\/euskadi-permiso-paternidad\/","name":"Euskadi equipara el permiso de paternidad al de maternidad | LS","isPartOf":{"@id":"https:\/\/www.suavinex.com\/livingsuavinex\/#website"},"primaryImageOfPage":{"@id":"https:\/\/www.suavinex.com\/livingsuavinex\/euskadi-permiso-paternidad\/#primaryimage"},"image":{"@id":"https:\/\/www.suavinex.com\/livingsuavinex\/euskadi-permiso-paternidad\/#primaryimage"},"thumbnailUrl":"https:\/\/www.suavinex.com\/livingsuavinex\/wp-content\/uploads\/2018\/02\/permiso-de-paternidad.jpg","datePublished":"2018-02-22T06:00:33+00:00","dateModified":"2020-03-31T22:37:27+00:00","breadcrumb":{"@id":"https:\/\/www.suavinex.com\/livingsuavinex\/euskadi-permiso-paternidad\/#breadcrumb"},"inLanguage":"es","potentialAction":[{"@type":"ReadAction","target":["https:\/\/www.suavinex.com\/livingsuavinex\/euskadi-permiso-paternidad\/"]}]},{"@type":"ImageObject","inLanguage":"es","@id":"https:\/\/www.suavinex.com\/livingsuavinex\/euskadi-permiso-paternidad\/#primaryimage","url":"https:\/\/www.suavinex.com\/livingsuavinex\/wp-content\/uploads\/2018\/02\/permiso-de-paternidad.jpg","contentUrl":"https:\/\/www.suavinex.com\/livingsuavinex\/wp-content\/uploads\/2018\/02\/permiso-de-paternidad.jpg","width":875,"height":482,"caption":"permiso de paternidad"},{"@type":"BreadcrumbList","@id":"https:\/\/www.suavinex.com\/livingsuavinex\/euskadi-permiso-paternidad\/#breadcrumb","itemListElement":[{"@type":"ListItem","position":1,"name":"Portada","item":"https:\/\/www.suavinex.com\/livingsuavinex\/"},{"@type":"ListItem","position":2,"name":"Euskadi equipara el permiso de paternidad al de maternidad"}]},{"@type":"WebSite","@id":"https:\/\/www.suavinex.com\/livingsuavinex\/#website","url":"https:\/\/www.suavinex.com\/livingsuavinex\/","name":"Living Suavinex","description":"| Familias reales","publisher":{"@id":"https:\/\/www.suavinex.com\/livingsuavinex\/#organization"},"potentialAction":[{"@type":"SearchAction","target":{"@type":"EntryPoint","urlTemplate":"https:\/\/www.suavinex.com\/livingsuavinex\/?s={search_term_string}"},"query-input":{"@type":"PropertyValueSpecification","valueRequired":true,"valueName":"search_term_string"}}],"inLanguage":"es"},{"@type":"Organization","@id":"https:\/\/www.suavinex.com\/livingsuavinex\/#organization","name":"Suavinex","url":"https:\/\/www.suavinex.com\/livingsuavinex\/","logo":{"@type":"ImageObject","inLanguage":"es","@id":"https:\/\/www.suavinex.com\/livingsuavinex\/#\/schema\/logo\/image\/","url":"https:\/\/www.suavinex.com\/livingsuavinex\/wp-content\/uploads\/2018\/07\/living_sx_logo_mvl.png","contentUrl":"https:\/\/www.suavinex.com\/livingsuavinex\/wp-content\/uploads\/2018\/07\/living_sx_logo_mvl.png","width":350,"height":70,"caption":"Suavinex"},"image":{"@id":"https:\/\/www.suavinex.com\/livingsuavinex\/#\/schema\/logo\/image\/"},"sameAs":["https:\/\/www.facebook.com\/SuavinexSpain","https:\/\/x.com\/SuavinexSpain","https:\/\/www.instagram.com\/suavinex_spain\/","https:\/\/www.pinterest.es\/SuavinexSpain\/","https:\/\/www.youtube.com\/channel\/UCgeJREx2R_ZvV2aQMrfWgcA"]},{"@type":"Person","@id":"https:\/\/www.suavinex.com\/livingsuavinex\/#\/schema\/person\/836d83f4b1821b11b7b47cffd08f1ecb","name":"Suavinex Central","image":{"@type":"ImageObject","inLanguage":"es","@id":"https:\/\/www.suavinex.com\/livingsuavinex\/#\/schema\/person\/image\/","url":"https:\/\/secure.gravatar.com\/avatar\/bd43680b784882668035add29f959967?s=96&d=mm&r=g","contentUrl":"https:\/\/secure.gravatar.com\/avatar\/bd43680b784882668035add29f959967?s=96&d=mm&r=g","caption":"Suavinex Central"}}]}},"_links":{"self":[{"href":"https:\/\/www.suavinex.com\/livingsuavinex\/wp-json\/wp\/v2\/posts\/19606","targetHints":{"allow":["GET"]}}],"collection":[{"href":"https:\/\/www.suavinex.com\/livingsuavinex\/wp-json\/wp\/v2\/posts"}],"about":[{"href":"https:\/\/www.suavinex.com\/livingsuavinex\/wp-json\/wp\/v2\/types\/post"}],"author":[{"embeddable":true,"href":"https:\/\/www.suavinex.com\/livingsuavinex\/wp-json\/wp\/v2\/users\/295"}],"replies":[{"embeddable":true,"href":"https:\/\/www.suavinex.com\/livingsuavinex\/wp-json\/wp\/v2\/comments?post=19606"}],"version-history":[{"count":6,"href":"https:\/\/www.suavinex.com\/livingsuavinex\/wp-json\/wp\/v2\/posts\/19606\/revisions"}],"predecessor-version":[{"id":40676,"href":"https:\/\/www.suavinex.com\/livingsuavinex\/wp-json\/wp\/v2\/posts\/19606\/revisions\/40676"}],"wp:featuredmedia":[{"embeddable":true,"href":"https:\/\/www.suavinex.com\/livingsuavinex\/wp-json\/wp\/v2\/media\/19634"}],"wp:attachment":[{"href":"https:\/\/www.suavinex.com\/livingsuavinex\/wp-json\/wp\/v2\/media?parent=19606"}],"wp:term":[{"taxonomy":"category","embeddable":true,"href":"https:\/\/www.suavinex.com\/livingsuavinex\/wp-json\/wp\/v2\/categories?post=19606"},{"taxonomy":"post_tag","embeddable":true,"href":"https:\/\/www.suavinex.com\/livingsuavinex\/wp-json\/wp\/v2\/tags?post=19606"}],"curies":[{"name":"wp","href":"https:\/\/api.w.org\/{rel}","templated":true}]}}