{"id":19489,"date":"2018-12-23T08:02:32","date_gmt":"2018-12-23T07:02:32","guid":{"rendered":"https:\/\/www.suavinex.com\/livingsuavinex\/?p=19489"},"modified":"2025-03-10T16:26:54","modified_gmt":"2025-03-10T15:26:54","slug":"fiebre-y-crecimiento","status":"publish","type":"post","link":"https:\/\/www.suavinex.com\/livingsuavinex\/fiebre-y-crecimiento\/","title":{"rendered":"Fiebre y crecimiento, \u00bfmito o realidad?"},"content":{"rendered":"<p>Las madres y abuelas de generaciones pasadas dec\u00edan que tras un episodio febril los ni\u00f1os crec\u00edan. Es algo que los padres repetimos de manera autom\u00e1tica, puede que sin saber si es realidad o no.<\/p>\n<p>Ya hemos hablado en otras ocasiones de mitos extendidos de manera com\u00fan. Nos hemos cuestionado la existencia del <a href=\"https:\/\/www.suavinex.com\/livingsuavinex\/sindrome-nido\/\">s\u00edndrome del nido<\/a> o si es cierto que <a href=\"https:\/\/www.suavinex.com\/livingsuavinex\/perder-peso-lactancia\/\">la lactancia materna adelgaza<\/a>. Incluso hemos aclarado <a href=\"https:\/\/www.suavinex.com\/livingsuavinex\/falsos-mitos-fiebre\/\">8 falsos mitos sobre la fiebre<\/a>. Pero nunca hemos hablado de la relaci\u00f3n entre fiebre y crecimiento.<\/p>\n<p>Entonces \u00bfes verdad o es un mito que <strong>fiebre y crecimiento van relacionados<\/strong>? Vamos a verlo.<\/p>\n<h2 style=\"text-align: center;\"><strong>Duerme, luego crece<\/strong><\/h2>\n<p><img loading=\"lazy\" decoding=\"async\" class=\"alignleft wp-image-41291 size-medium\" src=\"https:\/\/www.suavinex.com\/livingsuavinex\/wp-content\/uploads\/2020\/11\/hidrocefalia-bebes_3-300x300.jpg\" alt=\"qu\u00e9 es la hidrocefalia en beb\u00e9s\" width=\"300\" height=\"300\" srcset=\"https:\/\/www.suavinex.com\/livingsuavinex\/wp-content\/uploads\/2020\/11\/hidrocefalia-bebes_3-300x300.jpg 300w, https:\/\/www.suavinex.com\/livingsuavinex\/wp-content\/uploads\/2020\/11\/hidrocefalia-bebes_3-150x150.jpg 150w, https:\/\/www.suavinex.com\/livingsuavinex\/wp-content\/uploads\/2020\/11\/hidrocefalia-bebes_3-66x66.jpg 66w, https:\/\/www.suavinex.com\/livingsuavinex\/wp-content\/uploads\/2020\/11\/hidrocefalia-bebes_3-200x200.jpg 200w, https:\/\/www.suavinex.com\/livingsuavinex\/wp-content\/uploads\/2020\/11\/hidrocefalia-bebes_3-400x400.jpg 400w, https:\/\/www.suavinex.com\/livingsuavinex\/wp-content\/uploads\/2020\/11\/hidrocefalia-bebes_3.jpg 600w\" sizes=\"auto, (max-width: 300px) 100vw, 300px\" \/>Una correcta higiene del sue\u00f1o es absolutamente necesaria. <a href=\"https:\/\/mujeresymadresmagazine.com\/aranar-horas-al-sueno\/\" class=\"broken_link\">No dormir<\/a> las horas necesarias y de forma continua puede tener efectos secundarios muy serios. Esto es algo muy importante en adultos, pero mucho m\u00e1s en los ni\u00f1os, porque ellos se est\u00e1n desarrollando.<\/p>\n<p>El sue\u00f1o se divide en cinco fases:<\/p>\n<ul>\n<li>Es en la <strong>primera etapa<\/strong> cuando solemos tener la sensaci\u00f3n de ca\u00edda o de que incluso estamos despiertos. Los movimientos de los ojos se van ralentizando, as\u00ed como los m\u00fasculos.<\/li>\n<li>En la <strong>segunda etapa<\/strong> se va entrando en sue\u00f1o profundo. Los m\u00fasculos se relajan y los ojos se paran.<\/li>\n<li>La <strong>tercera etapa<\/strong> del sue\u00f1o es la que favorece el descanso. Si hay trastornos del sue\u00f1o, como <a href=\"https:\/\/www.suavinex.com\/livingsuavinex\/terrores-nocturnos\/\">terrores nocturnos<\/a>, sonambulismo o enuresis nocturna, aparecen en este momento.<\/li>\n<li>Pero el descanso, tanto f\u00edsico como mental, se produce en la <strong>cuarta fase<\/strong>. Es en la que dormimos profundamente.<\/li>\n<li>La <strong>fase REM<\/strong> se caracteriza por los movimientos r\u00e1pidos de los ojos que le dan nombre. En esta fase se producen los sue\u00f1os en forma de historia que recordamos si nos despiertan cuando estamos en ella.<\/li>\n<\/ul>\n<p>Cada una de esas fases, como hemos contado, tiene su funci\u00f3n. Un ciclo de sue\u00f1o se completa cada, aproximadamente, 90 minutos.<\/p>\n<p>Pero \u00bfqu\u00e9 tiene que ver el <a href=\"https:\/\/www.suavinex.com\/livingsuavinex\/sueno-del-bebe\/\">sue\u00f1o del bebe<\/a> con su crecimiento? Cuando tu peque\u00f1o duerme se produce una <a href=\"https:\/\/www.acercaciencia.com\/2012\/08\/02\/dormir-para-crecer\/\">alta concentraci\u00f3n de la hormona que lo regula<\/a>. No queda claro si el pico se produce al cabo de las dos primeras horas de sue\u00f1o o si est\u00e1 m\u00e1s ligado a la fase m\u00e1s profunda del sue\u00f1o pero lo que es evidente es que, con un horario regular y suficiente de sue\u00f1o, tu beb\u00e9 crecer\u00e1 m\u00e1s y mejor.<\/p>\n<p>As\u00ed pues, la relaci\u00f3n entre descanso y crecimiento parece tener mucho que ver en ese mito que dice que tras un episodio febril se produce un estir\u00f3n.<\/p>\n<h2 style=\"text-align: center;\"><strong>Tiene fiebre, luego descansa<\/strong><\/h2>\n<p>Por lo que parece, ese crecimiento que se\u00f1alaban nuestras madres y abuelas est\u00e1 relacionado con dos cosas:<\/p>\n<p>En primer lugar, la fiebre tambi\u00e9n estimula la hormona del crecimiento.<\/p>\n<p>En segundo lugar, se relaciona con el n\u00famero de horas de sue\u00f1o que se incrementa cuando los ni\u00f1os est\u00e1n malitos.<\/p>\n<p>Como hemos comentado m\u00e1s arriba, el sue\u00f1o provoca una liberaci\u00f3n de esa hormona. La uni\u00f3n de ambas cosas es la que explicar\u00eda el mito de las abuelas.<\/p>\n<p>No obstante, hay que se\u00f1alar una cosa importante: Aunque la fiebre fomente el crecimiento, no sucede al rev\u00e9s. Tu hijo o hija estar\u00e1 en constante crecimiento durante aproximadamente 18 a\u00f1os. Ser\u00eda un poco dif\u00edcil llevar una vida normal si por culpa de ese crecimiento se produjese la fiebre.<\/p>\n<p>La fiebre es una reacci\u00f3n a otra cosa: Bacterias, virus, <a href=\"https:\/\/www.suavinex.com\/livingsuavinex\/?s=enfermedades\">enfermedades infantiles<\/a>, etc y eso es lo que hay que vigilar.<\/p>\n<h2 style=\"text-align: center;\"><strong>Entonces, \u00bfsi duerme m\u00e1s crecer\u00e1 m\u00e1s?<\/strong><\/h2>\n<p>No se puede afirmar tal cosa. Hay varios factores que influyen en el crecimiento de los ni\u00f1os. Algunos ya los hemos se\u00f1alado. Otros, tienen que ver con la gen\u00e9tica familiar o el momento en el que se llegue a la pubertad. As\u00ed que hacer que los ni\u00f1os duerman m\u00e1s siestas no har\u00e1 que crezcan m\u00e1s. Adem\u00e1s, es importante se\u00f1alar que, ante una sospecha de retraso en el crecimiento, hay que acudir al pediatra y consultarlo lo antes posible.<\/p>\n<p>\u00bfConoc\u00edais la relaci\u00f3n real entre fiebre y crecimiento? \u00bfHab\u00e9is observado si vuestros hijos crecen tras un brote febril?<\/p>\n<p>Luc\u00eda Gal\u00e1n nos aclara m\u00e1s cosas relacionadas con la fiebre de nuestros peques.<\/p>\n<p><iframe loading=\"lazy\" title=\"YouTube video player\" src=\"https:\/\/www.youtube.com\/embed\/3kCiiLsMNSU\" width=\"560\" height=\"315\" frameborder=\"0\" allowfullscreen=\"allowfullscreen\"><\/iframe><\/p>\n","protected":false},"excerpt":{"rendered":"Las madres y abuelas de generaciones pasadas dec\u00edan que tras un episodio febril los ni\u00f1os crec\u00edan. Es algo que los padres repetimos de manera autom\u00e1tica, puede que sin saber si es realidad o no. Ya hemos hablado en otras ocasiones de mitos extendidos de manera com\u00fan. Nos hemos cuestionado la&#8230; <a class=\"view-article\" href=\"https:\/\/www.suavinex.com\/livingsuavinex\/fiebre-y-crecimiento\/\">Ver art\u00edculo<\/a>","protected":false},"author":295,"featured_media":42230,"comment_status":"open","ping_status":"open","sticky":false,"template":"","format":"standard","meta":{"inline_featured_image":false,"footnotes":""},"categories":[2272],"tags":[234,76,12,9],"class_list":["post-19489","post","type-post","status-publish","format-standard","has-post-thumbnail","hentry","category-tips-crianza","tag-bebe","tag-cuidados","tag-hijos","tag-maternidad"],"yoast_head":"<!-- This site is optimized with the Yoast SEO plugin v26.8 - https:\/\/yoast.com\/product\/yoast-seo-wordpress\/ -->\n<title>Fiebre y crecimiento, \u00bfmito o realidad?<\/title>\n<meta name=\"description\" content=\"La relaci\u00f3n entre fiebre y crecimiento siempre se ha dado por supuesta, pero \u00bfes real? Te contamos cu\u00e1nto hay de cierto en las teor\u00edas que las relacionan\" \/>\n<meta name=\"robots\" content=\"index, follow, max-snippet:-1, max-image-preview:large, max-video-preview:-1\" \/>\n<link rel=\"canonical\" href=\"https:\/\/www.suavinex.com\/livingsuavinex\/fiebre-y-crecimiento\/\" \/>\n<meta property=\"og:locale\" content=\"es_ES\" \/>\n<meta property=\"og:type\" content=\"article\" \/>\n<meta property=\"og:title\" content=\"Fiebre y crecimiento, \u00bfmito o realidad?\" \/>\n<meta property=\"og:description\" content=\"La relaci\u00f3n entre fiebre y crecimiento siempre se ha dado por supuesta, pero \u00bfes real? Te contamos cu\u00e1nto hay de cierto en las teor\u00edas que las relacionan\" \/>\n<meta property=\"og:url\" content=\"https:\/\/www.suavinex.com\/livingsuavinex\/fiebre-y-crecimiento\/\" \/>\n<meta property=\"og:site_name\" content=\"Living Suavinex\" \/>\n<meta property=\"article:publisher\" content=\"https:\/\/www.facebook.com\/SuavinexSpain\" \/>\n<meta property=\"article:published_time\" content=\"2018-12-23T07:02:32+00:00\" \/>\n<meta property=\"article:modified_time\" content=\"2025-03-10T15:26:54+00:00\" \/>\n<meta property=\"og:image\" content=\"https:\/\/www.suavinex.com\/livingsuavinex\/wp-content\/uploads\/2021\/12\/fiebre-y-crecimiento.jpg\" \/>\n\t<meta property=\"og:image:width\" content=\"1200\" \/>\n\t<meta property=\"og:image:height\" content=\"800\" \/>\n\t<meta property=\"og:image:type\" content=\"image\/jpeg\" \/>\n<meta name=\"author\" content=\"Suavinex Central\" \/>\n<meta name=\"twitter:card\" content=\"summary_large_image\" \/>\n<meta name=\"twitter:creator\" content=\"@SuavinexSpain\" \/>\n<meta name=\"twitter:site\" content=\"@SuavinexSpain\" \/>\n<meta name=\"twitter:label1\" content=\"Escrito por\" \/>\n\t<meta name=\"twitter:data1\" content=\"Suavinex Central\" \/>\n\t<meta name=\"twitter:label2\" content=\"Tiempo de lectura\" \/>\n\t<meta name=\"twitter:data2\" content=\"4 minutos\" \/>\n<script type=\"application\/ld+json\" class=\"yoast-schema-graph\">{\"@context\":\"https:\/\/schema.org\",\"@graph\":[{\"@type\":\"Article\",\"@id\":\"https:\/\/www.suavinex.com\/livingsuavinex\/fiebre-y-crecimiento\/#article\",\"isPartOf\":{\"@id\":\"https:\/\/www.suavinex.com\/livingsuavinex\/fiebre-y-crecimiento\/\"},\"author\":{\"name\":\"Suavinex Central\",\"@id\":\"https:\/\/www.suavinex.com\/livingsuavinex\/#\/schema\/person\/836d83f4b1821b11b7b47cffd08f1ecb\"},\"headline\":\"Fiebre y crecimiento, \u00bfmito o realidad?\",\"datePublished\":\"2018-12-23T07:02:32+00:00\",\"dateModified\":\"2025-03-10T15:26:54+00:00\",\"mainEntityOfPage\":{\"@id\":\"https:\/\/www.suavinex.com\/livingsuavinex\/fiebre-y-crecimiento\/\"},\"wordCount\":741,\"commentCount\":0,\"publisher\":{\"@id\":\"https:\/\/www.suavinex.com\/livingsuavinex\/#organization\"},\"image\":{\"@id\":\"https:\/\/www.suavinex.com\/livingsuavinex\/fiebre-y-crecimiento\/#primaryimage\"},\"thumbnailUrl\":\"https:\/\/www.suavinex.com\/livingsuavinex\/wp-content\/uploads\/2021\/12\/fiebre-y-crecimiento.jpg\",\"keywords\":[\"Beb\u00e9\",\"Cuidados\",\"Hijos\",\"Maternidad\"],\"articleSection\":[\"Tips de crianza\"],\"inLanguage\":\"es\"},{\"@type\":\"WebPage\",\"@id\":\"https:\/\/www.suavinex.com\/livingsuavinex\/fiebre-y-crecimiento\/\",\"url\":\"https:\/\/www.suavinex.com\/livingsuavinex\/fiebre-y-crecimiento\/\",\"name\":\"Fiebre y crecimiento, \u00bfmito o realidad?\",\"isPartOf\":{\"@id\":\"https:\/\/www.suavinex.com\/livingsuavinex\/#website\"},\"primaryImageOfPage\":{\"@id\":\"https:\/\/www.suavinex.com\/livingsuavinex\/fiebre-y-crecimiento\/#primaryimage\"},\"image\":{\"@id\":\"https:\/\/www.suavinex.com\/livingsuavinex\/fiebre-y-crecimiento\/#primaryimage\"},\"thumbnailUrl\":\"https:\/\/www.suavinex.com\/livingsuavinex\/wp-content\/uploads\/2021\/12\/fiebre-y-crecimiento.jpg\",\"datePublished\":\"2018-12-23T07:02:32+00:00\",\"dateModified\":\"2025-03-10T15:26:54+00:00\",\"description\":\"La relaci\u00f3n entre fiebre y crecimiento siempre se ha dado por supuesta, pero \u00bfes real? Te contamos cu\u00e1nto hay de cierto en las teor\u00edas que las relacionan\",\"breadcrumb\":{\"@id\":\"https:\/\/www.suavinex.com\/livingsuavinex\/fiebre-y-crecimiento\/#breadcrumb\"},\"inLanguage\":\"es\",\"potentialAction\":[{\"@type\":\"ReadAction\",\"target\":[\"https:\/\/www.suavinex.com\/livingsuavinex\/fiebre-y-crecimiento\/\"]}]},{\"@type\":\"ImageObject\",\"inLanguage\":\"es\",\"@id\":\"https:\/\/www.suavinex.com\/livingsuavinex\/fiebre-y-crecimiento\/#primaryimage\",\"url\":\"https:\/\/www.suavinex.com\/livingsuavinex\/wp-content\/uploads\/2021\/12\/fiebre-y-crecimiento.jpg\",\"contentUrl\":\"https:\/\/www.suavinex.com\/livingsuavinex\/wp-content\/uploads\/2021\/12\/fiebre-y-crecimiento.jpg\",\"width\":1200,\"height\":800,\"caption\":\"fiebre y crecimiento\"},{\"@type\":\"BreadcrumbList\",\"@id\":\"https:\/\/www.suavinex.com\/livingsuavinex\/fiebre-y-crecimiento\/#breadcrumb\",\"itemListElement\":[{\"@type\":\"ListItem\",\"position\":1,\"name\":\"Portada\",\"item\":\"https:\/\/www.suavinex.com\/livingsuavinex\/\"},{\"@type\":\"ListItem\",\"position\":2,\"name\":\"Fiebre y crecimiento, \u00bfmito o realidad?\"}]},{\"@type\":\"WebSite\",\"@id\":\"https:\/\/www.suavinex.com\/livingsuavinex\/#website\",\"url\":\"https:\/\/www.suavinex.com\/livingsuavinex\/\",\"name\":\"Living Suavinex\",\"description\":\"| Familias reales\",\"publisher\":{\"@id\":\"https:\/\/www.suavinex.com\/livingsuavinex\/#organization\"},\"potentialAction\":[{\"@type\":\"SearchAction\",\"target\":{\"@type\":\"EntryPoint\",\"urlTemplate\":\"https:\/\/www.suavinex.com\/livingsuavinex\/?s={search_term_string}\"},\"query-input\":{\"@type\":\"PropertyValueSpecification\",\"valueRequired\":true,\"valueName\":\"search_term_string\"}}],\"inLanguage\":\"es\"},{\"@type\":\"Organization\",\"@id\":\"https:\/\/www.suavinex.com\/livingsuavinex\/#organization\",\"name\":\"Suavinex\",\"url\":\"https:\/\/www.suavinex.com\/livingsuavinex\/\",\"logo\":{\"@type\":\"ImageObject\",\"inLanguage\":\"es\",\"@id\":\"https:\/\/www.suavinex.com\/livingsuavinex\/#\/schema\/logo\/image\/\",\"url\":\"https:\/\/www.suavinex.com\/livingsuavinex\/wp-content\/uploads\/2018\/07\/living_sx_logo_mvl.png\",\"contentUrl\":\"https:\/\/www.suavinex.com\/livingsuavinex\/wp-content\/uploads\/2018\/07\/living_sx_logo_mvl.png\",\"width\":350,\"height\":70,\"caption\":\"Suavinex\"},\"image\":{\"@id\":\"https:\/\/www.suavinex.com\/livingsuavinex\/#\/schema\/logo\/image\/\"},\"sameAs\":[\"https:\/\/www.facebook.com\/SuavinexSpain\",\"https:\/\/x.com\/SuavinexSpain\",\"https:\/\/www.instagram.com\/suavinex_spain\/\",\"https:\/\/www.pinterest.es\/SuavinexSpain\/\",\"https:\/\/www.youtube.com\/channel\/UCgeJREx2R_ZvV2aQMrfWgcA\"]},{\"@type\":\"Person\",\"@id\":\"https:\/\/www.suavinex.com\/livingsuavinex\/#\/schema\/person\/836d83f4b1821b11b7b47cffd08f1ecb\",\"name\":\"Suavinex Central\",\"image\":{\"@type\":\"ImageObject\",\"inLanguage\":\"es\",\"@id\":\"https:\/\/www.suavinex.com\/livingsuavinex\/#\/schema\/person\/image\/\",\"url\":\"https:\/\/secure.gravatar.com\/avatar\/bd43680b784882668035add29f959967?s=96&d=mm&r=g\",\"contentUrl\":\"https:\/\/secure.gravatar.com\/avatar\/bd43680b784882668035add29f959967?s=96&d=mm&r=g\",\"caption\":\"Suavinex Central\"}}]}<\/script>\n<!-- \/ Yoast SEO plugin. -->","yoast_head_json":{"title":"Fiebre y crecimiento, \u00bfmito o realidad?","description":"La relaci\u00f3n entre fiebre y crecimiento siempre se ha dado por supuesta, pero \u00bfes real? Te contamos cu\u00e1nto hay de cierto en las teor\u00edas que las relacionan","robots":{"index":"index","follow":"follow","max-snippet":"max-snippet:-1","max-image-preview":"max-image-preview:large","max-video-preview":"max-video-preview:-1"},"canonical":"https:\/\/www.suavinex.com\/livingsuavinex\/fiebre-y-crecimiento\/","og_locale":"es_ES","og_type":"article","og_title":"Fiebre y crecimiento, \u00bfmito o realidad?","og_description":"La relaci\u00f3n entre fiebre y crecimiento siempre se ha dado por supuesta, pero \u00bfes real? Te contamos cu\u00e1nto hay de cierto en las teor\u00edas que las relacionan","og_url":"https:\/\/www.suavinex.com\/livingsuavinex\/fiebre-y-crecimiento\/","og_site_name":"Living Suavinex","article_publisher":"https:\/\/www.facebook.com\/SuavinexSpain","article_published_time":"2018-12-23T07:02:32+00:00","article_modified_time":"2025-03-10T15:26:54+00:00","og_image":[{"width":1200,"height":800,"url":"https:\/\/www.suavinex.com\/livingsuavinex\/wp-content\/uploads\/2021\/12\/fiebre-y-crecimiento.jpg","type":"image\/jpeg"}],"author":"Suavinex Central","twitter_card":"summary_large_image","twitter_creator":"@SuavinexSpain","twitter_site":"@SuavinexSpain","twitter_misc":{"Escrito por":"Suavinex Central","Tiempo de lectura":"4 minutos"},"schema":{"@context":"https:\/\/schema.org","@graph":[{"@type":"Article","@id":"https:\/\/www.suavinex.com\/livingsuavinex\/fiebre-y-crecimiento\/#article","isPartOf":{"@id":"https:\/\/www.suavinex.com\/livingsuavinex\/fiebre-y-crecimiento\/"},"author":{"name":"Suavinex Central","@id":"https:\/\/www.suavinex.com\/livingsuavinex\/#\/schema\/person\/836d83f4b1821b11b7b47cffd08f1ecb"},"headline":"Fiebre y crecimiento, \u00bfmito o realidad?","datePublished":"2018-12-23T07:02:32+00:00","dateModified":"2025-03-10T15:26:54+00:00","mainEntityOfPage":{"@id":"https:\/\/www.suavinex.com\/livingsuavinex\/fiebre-y-crecimiento\/"},"wordCount":741,"commentCount":0,"publisher":{"@id":"https:\/\/www.suavinex.com\/livingsuavinex\/#organization"},"image":{"@id":"https:\/\/www.suavinex.com\/livingsuavinex\/fiebre-y-crecimiento\/#primaryimage"},"thumbnailUrl":"https:\/\/www.suavinex.com\/livingsuavinex\/wp-content\/uploads\/2021\/12\/fiebre-y-crecimiento.jpg","keywords":["Beb\u00e9","Cuidados","Hijos","Maternidad"],"articleSection":["Tips de crianza"],"inLanguage":"es"},{"@type":"WebPage","@id":"https:\/\/www.suavinex.com\/livingsuavinex\/fiebre-y-crecimiento\/","url":"https:\/\/www.suavinex.com\/livingsuavinex\/fiebre-y-crecimiento\/","name":"Fiebre y crecimiento, \u00bfmito o realidad?","isPartOf":{"@id":"https:\/\/www.suavinex.com\/livingsuavinex\/#website"},"primaryImageOfPage":{"@id":"https:\/\/www.suavinex.com\/livingsuavinex\/fiebre-y-crecimiento\/#primaryimage"},"image":{"@id":"https:\/\/www.suavinex.com\/livingsuavinex\/fiebre-y-crecimiento\/#primaryimage"},"thumbnailUrl":"https:\/\/www.suavinex.com\/livingsuavinex\/wp-content\/uploads\/2021\/12\/fiebre-y-crecimiento.jpg","datePublished":"2018-12-23T07:02:32+00:00","dateModified":"2025-03-10T15:26:54+00:00","description":"La relaci\u00f3n entre fiebre y crecimiento siempre se ha dado por supuesta, pero \u00bfes real? Te contamos cu\u00e1nto hay de cierto en las teor\u00edas que las relacionan","breadcrumb":{"@id":"https:\/\/www.suavinex.com\/livingsuavinex\/fiebre-y-crecimiento\/#breadcrumb"},"inLanguage":"es","potentialAction":[{"@type":"ReadAction","target":["https:\/\/www.suavinex.com\/livingsuavinex\/fiebre-y-crecimiento\/"]}]},{"@type":"ImageObject","inLanguage":"es","@id":"https:\/\/www.suavinex.com\/livingsuavinex\/fiebre-y-crecimiento\/#primaryimage","url":"https:\/\/www.suavinex.com\/livingsuavinex\/wp-content\/uploads\/2021\/12\/fiebre-y-crecimiento.jpg","contentUrl":"https:\/\/www.suavinex.com\/livingsuavinex\/wp-content\/uploads\/2021\/12\/fiebre-y-crecimiento.jpg","width":1200,"height":800,"caption":"fiebre y crecimiento"},{"@type":"BreadcrumbList","@id":"https:\/\/www.suavinex.com\/livingsuavinex\/fiebre-y-crecimiento\/#breadcrumb","itemListElement":[{"@type":"ListItem","position":1,"name":"Portada","item":"https:\/\/www.suavinex.com\/livingsuavinex\/"},{"@type":"ListItem","position":2,"name":"Fiebre y crecimiento, \u00bfmito o realidad?"}]},{"@type":"WebSite","@id":"https:\/\/www.suavinex.com\/livingsuavinex\/#website","url":"https:\/\/www.suavinex.com\/livingsuavinex\/","name":"Living Suavinex","description":"| Familias reales","publisher":{"@id":"https:\/\/www.suavinex.com\/livingsuavinex\/#organization"},"potentialAction":[{"@type":"SearchAction","target":{"@type":"EntryPoint","urlTemplate":"https:\/\/www.suavinex.com\/livingsuavinex\/?s={search_term_string}"},"query-input":{"@type":"PropertyValueSpecification","valueRequired":true,"valueName":"search_term_string"}}],"inLanguage":"es"},{"@type":"Organization","@id":"https:\/\/www.suavinex.com\/livingsuavinex\/#organization","name":"Suavinex","url":"https:\/\/www.suavinex.com\/livingsuavinex\/","logo":{"@type":"ImageObject","inLanguage":"es","@id":"https:\/\/www.suavinex.com\/livingsuavinex\/#\/schema\/logo\/image\/","url":"https:\/\/www.suavinex.com\/livingsuavinex\/wp-content\/uploads\/2018\/07\/living_sx_logo_mvl.png","contentUrl":"https:\/\/www.suavinex.com\/livingsuavinex\/wp-content\/uploads\/2018\/07\/living_sx_logo_mvl.png","width":350,"height":70,"caption":"Suavinex"},"image":{"@id":"https:\/\/www.suavinex.com\/livingsuavinex\/#\/schema\/logo\/image\/"},"sameAs":["https:\/\/www.facebook.com\/SuavinexSpain","https:\/\/x.com\/SuavinexSpain","https:\/\/www.instagram.com\/suavinex_spain\/","https:\/\/www.pinterest.es\/SuavinexSpain\/","https:\/\/www.youtube.com\/channel\/UCgeJREx2R_ZvV2aQMrfWgcA"]},{"@type":"Person","@id":"https:\/\/www.suavinex.com\/livingsuavinex\/#\/schema\/person\/836d83f4b1821b11b7b47cffd08f1ecb","name":"Suavinex Central","image":{"@type":"ImageObject","inLanguage":"es","@id":"https:\/\/www.suavinex.com\/livingsuavinex\/#\/schema\/person\/image\/","url":"https:\/\/secure.gravatar.com\/avatar\/bd43680b784882668035add29f959967?s=96&d=mm&r=g","contentUrl":"https:\/\/secure.gravatar.com\/avatar\/bd43680b784882668035add29f959967?s=96&d=mm&r=g","caption":"Suavinex Central"}}]}},"_links":{"self":[{"href":"https:\/\/www.suavinex.com\/livingsuavinex\/wp-json\/wp\/v2\/posts\/19489","targetHints":{"allow":["GET"]}}],"collection":[{"href":"https:\/\/www.suavinex.com\/livingsuavinex\/wp-json\/wp\/v2\/posts"}],"about":[{"href":"https:\/\/www.suavinex.com\/livingsuavinex\/wp-json\/wp\/v2\/types\/post"}],"author":[{"embeddable":true,"href":"https:\/\/www.suavinex.com\/livingsuavinex\/wp-json\/wp\/v2\/users\/295"}],"replies":[{"embeddable":true,"href":"https:\/\/www.suavinex.com\/livingsuavinex\/wp-json\/wp\/v2\/comments?post=19489"}],"version-history":[{"count":8,"href":"https:\/\/www.suavinex.com\/livingsuavinex\/wp-json\/wp\/v2\/posts\/19489\/revisions"}],"predecessor-version":[{"id":42164,"href":"https:\/\/www.suavinex.com\/livingsuavinex\/wp-json\/wp\/v2\/posts\/19489\/revisions\/42164"}],"wp:featuredmedia":[{"embeddable":true,"href":"https:\/\/www.suavinex.com\/livingsuavinex\/wp-json\/wp\/v2\/media\/42230"}],"wp:attachment":[{"href":"https:\/\/www.suavinex.com\/livingsuavinex\/wp-json\/wp\/v2\/media?parent=19489"}],"wp:term":[{"taxonomy":"category","embeddable":true,"href":"https:\/\/www.suavinex.com\/livingsuavinex\/wp-json\/wp\/v2\/categories?post=19489"},{"taxonomy":"post_tag","embeddable":true,"href":"https:\/\/www.suavinex.com\/livingsuavinex\/wp-json\/wp\/v2\/tags?post=19489"}],"curies":[{"name":"wp","href":"https:\/\/api.w.org\/{rel}","templated":true}]}}