{"id":19101,"date":"2017-12-13T06:42:25","date_gmt":"2017-12-13T05:42:25","guid":{"rendered":"https:\/\/www.suavinex.com\/livingsuavinex\/?p=19101"},"modified":"2022-11-14T19:29:58","modified_gmt":"2022-11-14T18:29:58","slug":"me-pido-cuento-gran-regalo","status":"publish","type":"post","link":"https:\/\/www.suavinex.com\/livingsuavinex\/me-pido-cuento-gran-regalo\/","title":{"rendered":"\u00a1Me pido un cuento!, un gran regalo"},"content":{"rendered":"<p>[fusion_builder_container hundred_percent=\u00bbno\u00bb equal_height_columns=\u00bbno\u00bb menu_anchor=\u00bb\u00bb hide_on_mobile=\u00bbsmall-visibility,medium-visibility,large-visibility\u00bb class=\u00bb\u00bb id=\u00bb\u00bb background_color=\u00bb\u00bb background_image=\u00bb\u00bb background_position=\u00bbcenter center\u00bb background_repeat=\u00bbno-repeat\u00bb fade=\u00bbno\u00bb background_parallax=\u00bbnone\u00bb enable_mobile=\u00bbno\u00bb parallax_speed=\u00bb0.3&#8243; video_mp4=\u00bb\u00bb video_webm=\u00bb\u00bb video_ogv=\u00bb\u00bb video_url=\u00bb\u00bb video_aspect_ratio=\u00bb16:9&#8243; video_loop=\u00bbyes\u00bb video_mute=\u00bbyes\u00bb video_preview_image=\u00bb\u00bb border_color=\u00bb\u00bb border_style=\u00bbsolid\u00bb margin_top=\u00bb\u00bb margin_bottom=\u00bb\u00bb padding_top=\u00bb\u00bb padding_right=\u00bb\u00bb padding_bottom=\u00bb\u00bb padding_left=\u00bb\u00bb type=\u00bblegacy\u00bb][fusion_builder_row][fusion_builder_column type=\u00bb1_1&#8243; layout=\u00bb1_1&#8243; spacing=\u00bb\u00bb center_content=\u00bbno\u00bb hover_type=\u00bbnone\u00bb link=\u00bb\u00bb min_height=\u00bb\u00bb hide_on_mobile=\u00bbsmall-visibility,medium-visibility,large-visibility\u00bb class=\u00bb\u00bb id=\u00bb\u00bb background_color=\u00bb\u00bb background_image=\u00bb\u00bb background_position=\u00bbleft top\u00bb background_repeat=\u00bbno-repeat\u00bb border_color=\u00bb\u00bb border_style=\u00bbsolid\u00bb border_position=\u00bball\u00bb padding_top=\u00bb\u00bb padding_right=\u00bb\u00bb padding_bottom=\u00bb\u00bb padding_left=\u00bb\u00bb margin_top=\u00bb\u00bb margin_bottom=\u00bb\u00bb animation_type=\u00bb\u00bb animation_direction=\u00bbleft\u00bb animation_speed=\u00bb0.3&#8243; animation_offset=\u00bb\u00bb last=\u00bbtrue\u00bb border_sizes_top=\u00bb0&#8243; border_sizes_bottom=\u00bb0&#8243; border_sizes_left=\u00bb0&#8243; border_sizes_right=\u00bb0&#8243; first=\u00bbtrue\u00bb][fusion_text columns=\u00bb\u00bb column_min_width=\u00bb\u00bb column_spacing=\u00bb\u00bb rule_style=\u00bbdefault\u00bb rule_size=\u00bb\u00bb rule_color=\u00bb\u00bb content_alignment_medium=\u00bb\u00bb content_alignment_small=\u00bb\u00bb content_alignment=\u00bb\u00bb hide_on_mobile=\u00bbsmall-visibility,medium-visibility,large-visibility\u00bb sticky_display=\u00bbnormal,sticky\u00bb class=\u00bb\u00bb id=\u00bb\u00bb margin_top=\u00bb\u00bb margin_right=\u00bb\u00bb margin_bottom=\u00bb\u00bb margin_left=\u00bb\u00bb font_size=\u00bb\u00bb fusion_font_family_text_font=\u00bb\u00bb fusion_font_variant_text_font=\u00bb\u00bb line_height=\u00bb\u00bb letter_spacing=\u00bb\u00bb text_transform=\u00bbnone\u00bb text_color=\u00bb\u00bb animation_type=\u00bb\u00bb animation_direction=\u00bbleft\u00bb animation_speed=\u00bb0.3&#8243; animation_offset=\u00bb\u00bb]<\/p>\n<p>Por Patricia del Castillo, experta en literatura infantil y autora del blog <a href=\"https:\/\/trastadasdemama.blogspot.com.es\/\" target=\"_blank\" rel=\"noopener noreferrer\">Trastadas de mam\u00e1<\/a>.<\/p>\n<p>Los libros<strong> no son regalos de segunda<\/strong>, por el contrario son capaces de proporcionar grandes momentos con nuestros ni\u00f1os, fomentan la imaginaci\u00f3n, la creatividad, el desarrollo del lenguaje y adem\u00e1s son muy divertidos.<\/p>\n<blockquote><p>Un cuento siempre es un gran regalo. Incluirlos en la lista de deseos en Navidad o cumplea\u00f1os asegurar\u00e1 momentos de complicidad en familia.<\/p><\/blockquote>\n<p>Hemos hecho una selecci\u00f3n de 10 t\u00edtulos pensando en peques de entre 0 y 3 a\u00f1os.<\/p>\n<p><strong>Abrazos para ti <\/strong>de Philipps Geshator y Mim Green con ilustraciones de David Walker de la editorial Corimbo. Un libro en formato carton\u00e9 rimado que marca las horas del d\u00eda mediante tiernos abrazos. Desde el momento en que el conejito se despierta por la ma\u00f1ana hasta que sale la luna y brillan las estrellas, cada hora incluir\u00e1 un c\u00e1lido abrazo.<\/p>\n<p><strong><a href=\"https:\/\/www.combeleditorial.com\/es\/libro\/retahila_978-84-9101-266-5\" target=\"_blank\" rel=\"noopener noreferrer\">Retah\u00edla<\/a> <\/strong>de Annette Tamarkin de la Editorial Combel. Un libro en acorde\u00f3n con solapas que permite a los m\u00e1s peque\u00f1os jugar a encontrar donde est\u00e1 el p\u00e1jaro, qu\u00e9 esconde la gallina bajo su ala o que hay bajo la hoja de la manzana. Un libro con muy poco texto donde priman las im\u00e1genes y las retah\u00edlas que podamos ir contando.<\/p>\n<p><a href=\"https:\/\/www.suavinex.com\/livingsuavinex\/wp-content\/uploads\/2017\/12\/1.png\"><img loading=\"lazy\" decoding=\"async\" class=\"aligncenter size-full wp-image-19242\" src=\"https:\/\/www.suavinex.com\/livingsuavinex\/wp-content\/uploads\/2017\/12\/1.png\" alt=\"1\" width=\"772\" height=\"340\" srcset=\"https:\/\/www.suavinex.com\/livingsuavinex\/wp-content\/uploads\/2017\/12\/1.png 772w, https:\/\/www.suavinex.com\/livingsuavinex\/wp-content\/uploads\/2017\/12\/1-300x132.png 300w, https:\/\/www.suavinex.com\/livingsuavinex\/wp-content\/uploads\/2017\/12\/1-768x338.png 768w, https:\/\/www.suavinex.com\/livingsuavinex\/wp-content\/uploads\/2017\/12\/1-200x88.png 200w, https:\/\/www.suavinex.com\/livingsuavinex\/wp-content\/uploads\/2017\/12\/1-400x176.png 400w, https:\/\/www.suavinex.com\/livingsuavinex\/wp-content\/uploads\/2017\/12\/1-600x264.png 600w\" sizes=\"auto, (max-width: 772px) 100vw, 772px\" \/><\/a><strong>Te quiero de noche y de d\u00eda<\/strong> de Smriti Psasadam-Halls y Aliso Brawn de la Editorial Corimbo. Un libro perfecto para compartir a la hora de irse a dormir. Cuando quieres a alguien, quieres que todo el mundo lo sepa. En los buenos y en los malos momentos, con lluvia o sol, el cari\u00f1o es incondicional.<\/p>\n<p><strong>La casa de los besos <\/strong>de Claudia Bielinsky de la Editorial Edelvives. Un precioso libro con solapas con el que los m\u00e1s peque\u00f1os podr\u00e1n jugar a buscar los besos por toda la casa. Osito quiere un beso, pero no un beso cualquiera, un beso muy especial. \u00bfQui\u00e9n se lo podr\u00e1 dar? Texto rimado que invita a darnos besos mientras los contamos.<\/p>\n<p><strong>As\u00ed suena la noche<\/strong> de Sam Taplin y Federica Lossa de la Editorial Usborne. Un libro sonoro, con fant\u00e1sticas ilustraciones, que ense\u00f1ar\u00e1 a los ni\u00f1os los sonidos que invaden la noche mientras ellos duermen.<\/p>\n<p><a href=\"https:\/\/www.literalibros.es\/products\/el-libro-azul\" target=\"_blank\" rel=\"noopener noreferrer\"><strong>El Libro Azul<\/strong><\/a> de Mar Benegas de la Editorial Litera Libros. Este libro tan singular est\u00e1 pensado para que el beb\u00e9 lo abra, cierre, toque, muerda, escuche, sienta, tire y vuelva a mirar. Un juego visual y t\u00e1ctil que se completa con los juegos y cuentos contados de los adultos.<\/p>\n<p><strong><a href=\"http:\/\/edicionesjaguar.com\/titulos_detalle\/441-puff\" target=\"_blank\" rel=\"noopener noreferrer\">\u00a1Puff!<\/a> <\/strong>de Margarita del Mazo y Cecilia Moreno de Ediciones Jaguar, Colecci\u00f3n Miau de Cart\u00f3n. Un peque\u00f1o libro en carton\u00e9 que habla de pedos. Pedos de sirena que no se escuchan bajo el agua, pedos del gigante que aplastan, pedos de pap\u00e1 que se quedan en el sof\u00e1\u2026 porque hablar de pedos siempre resulta muy divertido. ;)<\/p>\n<p><a href=\"https:\/\/www.suavinex.com\/livingsuavinex\/wp-content\/uploads\/2017\/12\/2.png\"><img loading=\"lazy\" decoding=\"async\" class=\"aligncenter size-full wp-image-19243\" src=\"https:\/\/www.suavinex.com\/livingsuavinex\/wp-content\/uploads\/2017\/12\/2.png\" alt=\"2\" width=\"772\" height=\"340\" srcset=\"https:\/\/www.suavinex.com\/livingsuavinex\/wp-content\/uploads\/2017\/12\/2.png 772w, https:\/\/www.suavinex.com\/livingsuavinex\/wp-content\/uploads\/2017\/12\/2-300x132.png 300w, https:\/\/www.suavinex.com\/livingsuavinex\/wp-content\/uploads\/2017\/12\/2-768x338.png 768w, https:\/\/www.suavinex.com\/livingsuavinex\/wp-content\/uploads\/2017\/12\/2-200x88.png 200w, https:\/\/www.suavinex.com\/livingsuavinex\/wp-content\/uploads\/2017\/12\/2-400x176.png 400w, https:\/\/www.suavinex.com\/livingsuavinex\/wp-content\/uploads\/2017\/12\/2-600x264.png 600w\" sizes=\"auto, (max-width: 772px) 100vw, 772px\" \/><\/a><strong>\u00bfQui\u00e9n est\u00e1 en la ventana?<\/strong> de Agnese Baruzzi de la Editorial VVKids. Nada es lo que parece en este libro pues al pasar la p\u00e1gina descubrir\u00e1s que el monstruo terrible es en realidad un nido con polluelos. El lector mirar\u00e1 por la ventana y su imaginaci\u00f3n le har\u00e1 ver cosas que no son, cuando por fin se abre esa ventana se descubre la realidad. Un juego visual muy potente que juega con la imaginaci\u00f3n de grandes y peque\u00f1os.<\/p>\n<p><strong>\u00a1OH! Un libro con sonidos<\/strong> de Herv\u00e9 Tullet de la Editorial K\u00f3kinos. Puede parecer un libro silencioso pero al abrirlo veremos que las p\u00e1ginas, con ayuda de los peque\u00f1os lectores, pueden sonar, cantar, susurrar, discutir y re\u00edr. El sonido de cada \u00a1oh! ser\u00e1 diferente seg\u00fan el tama\u00f1o, la cantidad o el lugar donde est\u00e1n los c\u00edrculos. Un libro interactivo repleto de \u00a1oh!, \u00a1ah! y \u00a1wuau!<\/p>\n<p><strong>Nanas para dormir a la luna<\/strong> de Luisa M\u00aa Mart\u00edn Alonso y Antonio Su\u00e1rez Mu\u00f1oz de la Editorial Nube Ocho. Un precioso \u00e1lbum ilustrado con 24 nanas compuestas e interpretadas por autores como Tina Pav\u00f3n, Blanca Villa, el coro de Fuenteheridos o Luis Naranjo Acosta. El libro viene acompa\u00f1ado por un CD.<\/p>\n<p><a href=\"https:\/\/www.suavinex.com\/livingsuavinex\/wp-content\/uploads\/2017\/12\/3.png\"><img loading=\"lazy\" decoding=\"async\" class=\"aligncenter size-full wp-image-19244\" src=\"https:\/\/www.suavinex.com\/livingsuavinex\/wp-content\/uploads\/2017\/12\/3.png\" alt=\"3\" width=\"772\" height=\"340\" srcset=\"https:\/\/www.suavinex.com\/livingsuavinex\/wp-content\/uploads\/2017\/12\/3.png 772w, https:\/\/www.suavinex.com\/livingsuavinex\/wp-content\/uploads\/2017\/12\/3-300x132.png 300w, https:\/\/www.suavinex.com\/livingsuavinex\/wp-content\/uploads\/2017\/12\/3-768x338.png 768w, https:\/\/www.suavinex.com\/livingsuavinex\/wp-content\/uploads\/2017\/12\/3-200x88.png 200w, https:\/\/www.suavinex.com\/livingsuavinex\/wp-content\/uploads\/2017\/12\/3-400x176.png 400w, https:\/\/www.suavinex.com\/livingsuavinex\/wp-content\/uploads\/2017\/12\/3-600x264.png 600w\" sizes=\"auto, (max-width: 772px) 100vw, 772px\" \/><\/a><\/p>\n<p>[\/fusion_text][\/fusion_builder_column][\/fusion_builder_row][\/fusion_builder_container]<\/p>\n","protected":false},"excerpt":{"rendered":"[fusion_builder_container hundred_percent=\u00bbno\u00bb equal_height_columns=\u00bbno\u00bb menu_anchor=\u00bb\u00bb hide_on_mobile=\u00bbsmall-visibility,medium-visibility,large-visibility\u00bb class=\u00bb\u00bb id=\u00bb\u00bb background_color=\u00bb\u00bb background_image=\u00bb\u00bb background_position=\u00bbcenter center\u00bb background_repeat=\u00bbno-repeat\u00bb fade=\u00bbno\u00bb background_parallax=\u00bbnone\u00bb enable_mobile=\u00bbno\u00bb parallax_speed=\u00bb0.3&#8243; video_mp4=\u00bb\u00bb video_webm=\u00bb\u00bb video_ogv=\u00bb\u00bb video_url=\u00bb\u00bb video_aspect_ratio=\u00bb16:9&#8243; video_loop=\u00bbyes\u00bb video_mute=\u00bbyes\u00bb video_preview_image=\u00bb\u00bb border_color=\u00bb\u00bb border_style=\u00bbsolid\u00bb margin_top=\u00bb\u00bb margin_bottom=\u00bb\u00bb padding_top=\u00bb\u00bb padding_right=\u00bb\u00bb padding_bottom=\u00bb\u00bb padding_left=\u00bb\u00bb type=\u00bblegacy\u00bb][fusion_builder_row][fusion_builder_column type=\u00bb1_1&#8243; layout=\u00bb1_1&#8243; spacing=\u00bb\u00bb center_content=\u00bbno\u00bb hover_type=\u00bbnone\u00bb link=\u00bb\u00bb min_height=\u00bb\u00bb hide_on_mobile=\u00bbsmall-visibility,medium-visibility,large-visibility\u00bb class=\u00bb\u00bb id=\u00bb\u00bb background_color=\u00bb\u00bb background_image=\u00bb\u00bb background_position=\u00bbleft top\u00bb background_repeat=\u00bbno-repeat\u00bb border_color=\u00bb\u00bb border_style=\u00bbsolid\u00bb&#8230; <a class=\"view-article\" href=\"https:\/\/www.suavinex.com\/livingsuavinex\/me-pido-cuento-gran-regalo\/\">Ver art\u00edculo<\/a>","protected":false},"author":288,"featured_media":19241,"comment_status":"open","ping_status":"open","sticky":false,"template":"","format":"standard","meta":{"inline_featured_image":false,"footnotes":""},"categories":[2274],"tags":[234,194,12,9,1377,191],"class_list":["post-19101","post","type-post","status-publish","format-standard","has-post-thumbnail","hentry","category-planes-familia","tag-bebe","tag-familia","tag-hijos","tag-maternidad","tag-ocio-en-familia","tag-paternidad"],"yoast_head":"<!-- This site is optimized with the Yoast SEO plugin v26.8 - https:\/\/yoast.com\/product\/yoast-seo-wordpress\/ -->\n<title>\u00a1Me pido un cuento!, un gran regalo | Living Suavinex<\/title>\n<meta name=\"description\" content=\"Un cuento siempre es un gran regalo. No te pierdas la selecci\u00f3n que hace Patricia del Castillo, de Trastadas de Mam\u00e1, para peques de 0 a 3 a\u00f1os.\" \/>\n<meta name=\"robots\" content=\"index, follow, max-snippet:-1, max-image-preview:large, max-video-preview:-1\" \/>\n<link rel=\"canonical\" href=\"https:\/\/www.suavinex.com\/livingsuavinex\/me-pido-cuento-gran-regalo\/\" \/>\n<meta property=\"og:locale\" content=\"es_ES\" \/>\n<meta property=\"og:type\" content=\"article\" \/>\n<meta property=\"og:title\" content=\"\u00a1Me pido un cuento!, un gran regalo | Living Suavinex\" \/>\n<meta property=\"og:description\" content=\"Un cuento siempre es un gran regalo. No te pierdas la selecci\u00f3n que hace Patricia del Castillo, de Trastadas de Mam\u00e1, para peques de 0 a 3 a\u00f1os.\" \/>\n<meta property=\"og:url\" content=\"https:\/\/www.suavinex.com\/livingsuavinex\/me-pido-cuento-gran-regalo\/\" \/>\n<meta property=\"og:site_name\" content=\"Living Suavinex\" \/>\n<meta property=\"article:publisher\" content=\"https:\/\/www.facebook.com\/SuavinexSpain\" \/>\n<meta property=\"article:published_time\" content=\"2017-12-13T05:42:25+00:00\" \/>\n<meta property=\"article:modified_time\" content=\"2022-11-14T18:29:58+00:00\" \/>\n<meta property=\"og:image\" content=\"https:\/\/www.suavinex.com\/livingsuavinex\/wp-content\/uploads\/2017\/12\/cuento.jpg\" \/>\n\t<meta property=\"og:image:width\" content=\"875\" \/>\n\t<meta property=\"og:image:height\" content=\"552\" \/>\n\t<meta property=\"og:image:type\" content=\"image\/jpeg\" \/>\n<meta name=\"author\" content=\"Living Suavinex\" \/>\n<meta name=\"twitter:card\" content=\"summary_large_image\" \/>\n<meta name=\"twitter:creator\" content=\"@SuavinexSpain\" \/>\n<meta name=\"twitter:site\" content=\"@SuavinexSpain\" \/>\n<meta name=\"twitter:label1\" content=\"Escrito por\" \/>\n\t<meta name=\"twitter:data1\" content=\"Living Suavinex\" \/>\n\t<meta name=\"twitter:label2\" content=\"Tiempo de lectura\" \/>\n\t<meta name=\"twitter:data2\" content=\"5 minutos\" \/>\n<script type=\"application\/ld+json\" class=\"yoast-schema-graph\">{\"@context\":\"https:\/\/schema.org\",\"@graph\":[{\"@type\":\"Article\",\"@id\":\"https:\/\/www.suavinex.com\/livingsuavinex\/me-pido-cuento-gran-regalo\/#article\",\"isPartOf\":{\"@id\":\"https:\/\/www.suavinex.com\/livingsuavinex\/me-pido-cuento-gran-regalo\/\"},\"author\":{\"name\":\"Living Suavinex\",\"@id\":\"https:\/\/www.suavinex.com\/livingsuavinex\/#\/schema\/person\/64fd7b62c88b0024a3ceeffb47f07eb6\"},\"headline\":\"\u00a1Me pido un cuento!, un gran regalo\",\"datePublished\":\"2017-12-13T05:42:25+00:00\",\"dateModified\":\"2022-11-14T18:29:58+00:00\",\"mainEntityOfPage\":{\"@id\":\"https:\/\/www.suavinex.com\/livingsuavinex\/me-pido-cuento-gran-regalo\/\"},\"wordCount\":957,\"commentCount\":1,\"publisher\":{\"@id\":\"https:\/\/www.suavinex.com\/livingsuavinex\/#organization\"},\"image\":{\"@id\":\"https:\/\/www.suavinex.com\/livingsuavinex\/me-pido-cuento-gran-regalo\/#primaryimage\"},\"thumbnailUrl\":\"https:\/\/www.suavinex.com\/livingsuavinex\/wp-content\/uploads\/2017\/12\/cuento.jpg\",\"keywords\":[\"Beb\u00e9\",\"Familia\",\"Hijos\",\"Maternidad\",\"Ocio en familia\",\"Paternidad\"],\"articleSection\":[\"Planes en familia\"],\"inLanguage\":\"es\"},{\"@type\":\"WebPage\",\"@id\":\"https:\/\/www.suavinex.com\/livingsuavinex\/me-pido-cuento-gran-regalo\/\",\"url\":\"https:\/\/www.suavinex.com\/livingsuavinex\/me-pido-cuento-gran-regalo\/\",\"name\":\"\u00a1Me pido un cuento!, un gran regalo | Living Suavinex\",\"isPartOf\":{\"@id\":\"https:\/\/www.suavinex.com\/livingsuavinex\/#website\"},\"primaryImageOfPage\":{\"@id\":\"https:\/\/www.suavinex.com\/livingsuavinex\/me-pido-cuento-gran-regalo\/#primaryimage\"},\"image\":{\"@id\":\"https:\/\/www.suavinex.com\/livingsuavinex\/me-pido-cuento-gran-regalo\/#primaryimage\"},\"thumbnailUrl\":\"https:\/\/www.suavinex.com\/livingsuavinex\/wp-content\/uploads\/2017\/12\/cuento.jpg\",\"datePublished\":\"2017-12-13T05:42:25+00:00\",\"dateModified\":\"2022-11-14T18:29:58+00:00\",\"description\":\"Un cuento siempre es un gran regalo. No te pierdas la selecci\u00f3n que hace Patricia del Castillo, de Trastadas de Mam\u00e1, para peques de 0 a 3 a\u00f1os.\",\"breadcrumb\":{\"@id\":\"https:\/\/www.suavinex.com\/livingsuavinex\/me-pido-cuento-gran-regalo\/#breadcrumb\"},\"inLanguage\":\"es\",\"potentialAction\":[{\"@type\":\"ReadAction\",\"target\":[\"https:\/\/www.suavinex.com\/livingsuavinex\/me-pido-cuento-gran-regalo\/\"]}]},{\"@type\":\"ImageObject\",\"inLanguage\":\"es\",\"@id\":\"https:\/\/www.suavinex.com\/livingsuavinex\/me-pido-cuento-gran-regalo\/#primaryimage\",\"url\":\"https:\/\/www.suavinex.com\/livingsuavinex\/wp-content\/uploads\/2017\/12\/cuento.jpg\",\"contentUrl\":\"https:\/\/www.suavinex.com\/livingsuavinex\/wp-content\/uploads\/2017\/12\/cuento.jpg\",\"width\":875,\"height\":552,\"caption\":\"cuento\"},{\"@type\":\"BreadcrumbList\",\"@id\":\"https:\/\/www.suavinex.com\/livingsuavinex\/me-pido-cuento-gran-regalo\/#breadcrumb\",\"itemListElement\":[{\"@type\":\"ListItem\",\"position\":1,\"name\":\"Portada\",\"item\":\"https:\/\/www.suavinex.com\/livingsuavinex\/\"},{\"@type\":\"ListItem\",\"position\":2,\"name\":\"\u00a1Me pido un cuento!, un gran regalo\"}]},{\"@type\":\"WebSite\",\"@id\":\"https:\/\/www.suavinex.com\/livingsuavinex\/#website\",\"url\":\"https:\/\/www.suavinex.com\/livingsuavinex\/\",\"name\":\"Living Suavinex\",\"description\":\"| Familias reales\",\"publisher\":{\"@id\":\"https:\/\/www.suavinex.com\/livingsuavinex\/#organization\"},\"potentialAction\":[{\"@type\":\"SearchAction\",\"target\":{\"@type\":\"EntryPoint\",\"urlTemplate\":\"https:\/\/www.suavinex.com\/livingsuavinex\/?s={search_term_string}\"},\"query-input\":{\"@type\":\"PropertyValueSpecification\",\"valueRequired\":true,\"valueName\":\"search_term_string\"}}],\"inLanguage\":\"es\"},{\"@type\":\"Organization\",\"@id\":\"https:\/\/www.suavinex.com\/livingsuavinex\/#organization\",\"name\":\"Suavinex\",\"url\":\"https:\/\/www.suavinex.com\/livingsuavinex\/\",\"logo\":{\"@type\":\"ImageObject\",\"inLanguage\":\"es\",\"@id\":\"https:\/\/www.suavinex.com\/livingsuavinex\/#\/schema\/logo\/image\/\",\"url\":\"https:\/\/www.suavinex.com\/livingsuavinex\/wp-content\/uploads\/2018\/07\/living_sx_logo_mvl.png\",\"contentUrl\":\"https:\/\/www.suavinex.com\/livingsuavinex\/wp-content\/uploads\/2018\/07\/living_sx_logo_mvl.png\",\"width\":350,\"height\":70,\"caption\":\"Suavinex\"},\"image\":{\"@id\":\"https:\/\/www.suavinex.com\/livingsuavinex\/#\/schema\/logo\/image\/\"},\"sameAs\":[\"https:\/\/www.facebook.com\/SuavinexSpain\",\"https:\/\/x.com\/SuavinexSpain\",\"https:\/\/www.instagram.com\/suavinex_spain\/\",\"https:\/\/www.pinterest.es\/SuavinexSpain\/\",\"https:\/\/www.youtube.com\/channel\/UCgeJREx2R_ZvV2aQMrfWgcA\"]},{\"@type\":\"Person\",\"@id\":\"https:\/\/www.suavinex.com\/livingsuavinex\/#\/schema\/person\/64fd7b62c88b0024a3ceeffb47f07eb6\",\"name\":\"Living Suavinex\",\"image\":{\"@type\":\"ImageObject\",\"inLanguage\":\"es\",\"@id\":\"https:\/\/www.suavinex.com\/livingsuavinex\/#\/schema\/person\/image\/\",\"url\":\"https:\/\/www.suavinex.com\/livingsuavinex\/wp-content\/uploads\/2017\/05\/Living-Suavinex_avatar-96x96.png\",\"contentUrl\":\"https:\/\/www.suavinex.com\/livingsuavinex\/wp-content\/uploads\/2017\/05\/Living-Suavinex_avatar-96x96.png\",\"caption\":\"Living Suavinex\"}}]}<\/script>\n<!-- \/ Yoast SEO plugin. -->","yoast_head_json":{"title":"\u00a1Me pido un cuento!, un gran regalo | Living Suavinex","description":"Un cuento siempre es un gran regalo. No te pierdas la selecci\u00f3n que hace Patricia del Castillo, de Trastadas de Mam\u00e1, para peques de 0 a 3 a\u00f1os.","robots":{"index":"index","follow":"follow","max-snippet":"max-snippet:-1","max-image-preview":"max-image-preview:large","max-video-preview":"max-video-preview:-1"},"canonical":"https:\/\/www.suavinex.com\/livingsuavinex\/me-pido-cuento-gran-regalo\/","og_locale":"es_ES","og_type":"article","og_title":"\u00a1Me pido un cuento!, un gran regalo | Living Suavinex","og_description":"Un cuento siempre es un gran regalo. No te pierdas la selecci\u00f3n que hace Patricia del Castillo, de Trastadas de Mam\u00e1, para peques de 0 a 3 a\u00f1os.","og_url":"https:\/\/www.suavinex.com\/livingsuavinex\/me-pido-cuento-gran-regalo\/","og_site_name":"Living Suavinex","article_publisher":"https:\/\/www.facebook.com\/SuavinexSpain","article_published_time":"2017-12-13T05:42:25+00:00","article_modified_time":"2022-11-14T18:29:58+00:00","og_image":[{"width":875,"height":552,"url":"https:\/\/www.suavinex.com\/livingsuavinex\/wp-content\/uploads\/2017\/12\/cuento.jpg","type":"image\/jpeg"}],"author":"Living Suavinex","twitter_card":"summary_large_image","twitter_creator":"@SuavinexSpain","twitter_site":"@SuavinexSpain","twitter_misc":{"Escrito por":"Living Suavinex","Tiempo de lectura":"5 minutos"},"schema":{"@context":"https:\/\/schema.org","@graph":[{"@type":"Article","@id":"https:\/\/www.suavinex.com\/livingsuavinex\/me-pido-cuento-gran-regalo\/#article","isPartOf":{"@id":"https:\/\/www.suavinex.com\/livingsuavinex\/me-pido-cuento-gran-regalo\/"},"author":{"name":"Living Suavinex","@id":"https:\/\/www.suavinex.com\/livingsuavinex\/#\/schema\/person\/64fd7b62c88b0024a3ceeffb47f07eb6"},"headline":"\u00a1Me pido un cuento!, un gran regalo","datePublished":"2017-12-13T05:42:25+00:00","dateModified":"2022-11-14T18:29:58+00:00","mainEntityOfPage":{"@id":"https:\/\/www.suavinex.com\/livingsuavinex\/me-pido-cuento-gran-regalo\/"},"wordCount":957,"commentCount":1,"publisher":{"@id":"https:\/\/www.suavinex.com\/livingsuavinex\/#organization"},"image":{"@id":"https:\/\/www.suavinex.com\/livingsuavinex\/me-pido-cuento-gran-regalo\/#primaryimage"},"thumbnailUrl":"https:\/\/www.suavinex.com\/livingsuavinex\/wp-content\/uploads\/2017\/12\/cuento.jpg","keywords":["Beb\u00e9","Familia","Hijos","Maternidad","Ocio en familia","Paternidad"],"articleSection":["Planes en familia"],"inLanguage":"es"},{"@type":"WebPage","@id":"https:\/\/www.suavinex.com\/livingsuavinex\/me-pido-cuento-gran-regalo\/","url":"https:\/\/www.suavinex.com\/livingsuavinex\/me-pido-cuento-gran-regalo\/","name":"\u00a1Me pido un cuento!, un gran regalo | Living Suavinex","isPartOf":{"@id":"https:\/\/www.suavinex.com\/livingsuavinex\/#website"},"primaryImageOfPage":{"@id":"https:\/\/www.suavinex.com\/livingsuavinex\/me-pido-cuento-gran-regalo\/#primaryimage"},"image":{"@id":"https:\/\/www.suavinex.com\/livingsuavinex\/me-pido-cuento-gran-regalo\/#primaryimage"},"thumbnailUrl":"https:\/\/www.suavinex.com\/livingsuavinex\/wp-content\/uploads\/2017\/12\/cuento.jpg","datePublished":"2017-12-13T05:42:25+00:00","dateModified":"2022-11-14T18:29:58+00:00","description":"Un cuento siempre es un gran regalo. No te pierdas la selecci\u00f3n que hace Patricia del Castillo, de Trastadas de Mam\u00e1, para peques de 0 a 3 a\u00f1os.","breadcrumb":{"@id":"https:\/\/www.suavinex.com\/livingsuavinex\/me-pido-cuento-gran-regalo\/#breadcrumb"},"inLanguage":"es","potentialAction":[{"@type":"ReadAction","target":["https:\/\/www.suavinex.com\/livingsuavinex\/me-pido-cuento-gran-regalo\/"]}]},{"@type":"ImageObject","inLanguage":"es","@id":"https:\/\/www.suavinex.com\/livingsuavinex\/me-pido-cuento-gran-regalo\/#primaryimage","url":"https:\/\/www.suavinex.com\/livingsuavinex\/wp-content\/uploads\/2017\/12\/cuento.jpg","contentUrl":"https:\/\/www.suavinex.com\/livingsuavinex\/wp-content\/uploads\/2017\/12\/cuento.jpg","width":875,"height":552,"caption":"cuento"},{"@type":"BreadcrumbList","@id":"https:\/\/www.suavinex.com\/livingsuavinex\/me-pido-cuento-gran-regalo\/#breadcrumb","itemListElement":[{"@type":"ListItem","position":1,"name":"Portada","item":"https:\/\/www.suavinex.com\/livingsuavinex\/"},{"@type":"ListItem","position":2,"name":"\u00a1Me pido un cuento!, un gran regalo"}]},{"@type":"WebSite","@id":"https:\/\/www.suavinex.com\/livingsuavinex\/#website","url":"https:\/\/www.suavinex.com\/livingsuavinex\/","name":"Living Suavinex","description":"| Familias reales","publisher":{"@id":"https:\/\/www.suavinex.com\/livingsuavinex\/#organization"},"potentialAction":[{"@type":"SearchAction","target":{"@type":"EntryPoint","urlTemplate":"https:\/\/www.suavinex.com\/livingsuavinex\/?s={search_term_string}"},"query-input":{"@type":"PropertyValueSpecification","valueRequired":true,"valueName":"search_term_string"}}],"inLanguage":"es"},{"@type":"Organization","@id":"https:\/\/www.suavinex.com\/livingsuavinex\/#organization","name":"Suavinex","url":"https:\/\/www.suavinex.com\/livingsuavinex\/","logo":{"@type":"ImageObject","inLanguage":"es","@id":"https:\/\/www.suavinex.com\/livingsuavinex\/#\/schema\/logo\/image\/","url":"https:\/\/www.suavinex.com\/livingsuavinex\/wp-content\/uploads\/2018\/07\/living_sx_logo_mvl.png","contentUrl":"https:\/\/www.suavinex.com\/livingsuavinex\/wp-content\/uploads\/2018\/07\/living_sx_logo_mvl.png","width":350,"height":70,"caption":"Suavinex"},"image":{"@id":"https:\/\/www.suavinex.com\/livingsuavinex\/#\/schema\/logo\/image\/"},"sameAs":["https:\/\/www.facebook.com\/SuavinexSpain","https:\/\/x.com\/SuavinexSpain","https:\/\/www.instagram.com\/suavinex_spain\/","https:\/\/www.pinterest.es\/SuavinexSpain\/","https:\/\/www.youtube.com\/channel\/UCgeJREx2R_ZvV2aQMrfWgcA"]},{"@type":"Person","@id":"https:\/\/www.suavinex.com\/livingsuavinex\/#\/schema\/person\/64fd7b62c88b0024a3ceeffb47f07eb6","name":"Living Suavinex","image":{"@type":"ImageObject","inLanguage":"es","@id":"https:\/\/www.suavinex.com\/livingsuavinex\/#\/schema\/person\/image\/","url":"https:\/\/www.suavinex.com\/livingsuavinex\/wp-content\/uploads\/2017\/05\/Living-Suavinex_avatar-96x96.png","contentUrl":"https:\/\/www.suavinex.com\/livingsuavinex\/wp-content\/uploads\/2017\/05\/Living-Suavinex_avatar-96x96.png","caption":"Living Suavinex"}}]}},"_links":{"self":[{"href":"https:\/\/www.suavinex.com\/livingsuavinex\/wp-json\/wp\/v2\/posts\/19101","targetHints":{"allow":["GET"]}}],"collection":[{"href":"https:\/\/www.suavinex.com\/livingsuavinex\/wp-json\/wp\/v2\/posts"}],"about":[{"href":"https:\/\/www.suavinex.com\/livingsuavinex\/wp-json\/wp\/v2\/types\/post"}],"author":[{"embeddable":true,"href":"https:\/\/www.suavinex.com\/livingsuavinex\/wp-json\/wp\/v2\/users\/288"}],"replies":[{"embeddable":true,"href":"https:\/\/www.suavinex.com\/livingsuavinex\/wp-json\/wp\/v2\/comments?post=19101"}],"version-history":[{"count":13,"href":"https:\/\/www.suavinex.com\/livingsuavinex\/wp-json\/wp\/v2\/posts\/19101\/revisions"}],"predecessor-version":[{"id":43458,"href":"https:\/\/www.suavinex.com\/livingsuavinex\/wp-json\/wp\/v2\/posts\/19101\/revisions\/43458"}],"wp:featuredmedia":[{"embeddable":true,"href":"https:\/\/www.suavinex.com\/livingsuavinex\/wp-json\/wp\/v2\/media\/19241"}],"wp:attachment":[{"href":"https:\/\/www.suavinex.com\/livingsuavinex\/wp-json\/wp\/v2\/media?parent=19101"}],"wp:term":[{"taxonomy":"category","embeddable":true,"href":"https:\/\/www.suavinex.com\/livingsuavinex\/wp-json\/wp\/v2\/categories?post=19101"},{"taxonomy":"post_tag","embeddable":true,"href":"https:\/\/www.suavinex.com\/livingsuavinex\/wp-json\/wp\/v2\/tags?post=19101"}],"curies":[{"name":"wp","href":"https:\/\/api.w.org\/{rel}","templated":true}]}}