{"id":18651,"date":"2017-08-31T07:26:34","date_gmt":"2017-08-31T05:26:34","guid":{"rendered":"https:\/\/www.suavinex.com\/livingsuavinex\/?p=18651"},"modified":"2020-04-01T00:45:14","modified_gmt":"2020-03-31T22:45:14","slug":"prematuros-edad-corregida-escolarizacion","status":"publish","type":"post","link":"https:\/\/www.suavinex.com\/livingsuavinex\/prematuros-edad-corregida-escolarizacion\/","title":{"rendered":"Ni\u00f1os prematuros: \u00bfqu\u00e9 es la edad corregida y c\u00f3mo act\u00faa en su escolarizaci\u00f3n?"},"content":{"rendered":"<p>En este curso que est\u00e1 a punto de comenzar, se empezar\u00e1 a aplicar la medida de escolarizar a ni\u00f1os que <a href=\"https:\/\/www.suavinex.com\/livingsuavinex\/dia-mundial-del-nino-prematuro\/\" target=\"_blank\" rel=\"noopener noreferrer\">hayan nacido prematuros<\/a> seg\u00fan su <strong>edad corregida. <\/strong>Es decir, seg\u00fan el momento en el que debieron nacer. Hemos querido consultar el tema con la psic\u00f3loga <strong>Ana Saro<\/strong> para conocer las posibles ventajas de esta medida.<\/p>\n<h2>Un gran prematuro (nacido sobre la semana 30 o incluso antes), \u00bftiene un desarrollo madurativo m\u00e1s lento o diferente?<\/h2>\n<p>Tiene un desarrollo madurativo diferente a un ni\u00f1o nacido a t\u00e9rmino. El haber nacido antes de tiempo le hace propenso a desarrollar diferentes alteraciones neuropsicol\u00f3gicas, fisiol\u00f3gicas&#8230; \u00a0que pueden llegar a dar como resultado diferentes problemas. Por ejemplo, los relacionados con la memoria y la funci\u00f3n ejecutiva. Esta condici\u00f3n hace a estos ni\u00f1os propensos a sufrir problemas de conducta y atenci\u00f3n, as\u00ed como dificultades en las relaciones sociales y en el<a href=\"https:\/\/www.suavinex.com\/livingsuavinex\/rabietas-mordiscos-golpes\/\"> control emocional<\/a>. Por lo tanto, s\u00ed que tienen un desarrollo madurativo diferente porque el final de su gestaci\u00f3n se ha dado en otras condiciones.<\/p>\n<h3>Problemas que pueden tener los ni\u00f1os prematuros<\/h3>\n<p>Todos estos problemas (y otros que pueden darse) se deben a que su desarrollo madurativo no es como el de un beb\u00e9 a t\u00e9rmino. Durante el <a href=\"https:\/\/www.suavinex.com\/livingsuavinex\/embarazo-trimestre\/\" target=\"_blank\" rel=\"noopener noreferrer\">segundo y tercer trimestre de la gestaci\u00f3n<\/a> se produce la migraci\u00f3n neuronal, la formaci\u00f3n de axones, el establecimiento de sinapsis, la mielinazaci\u00f3n neuronal. Estos procesos son imprescindibles para el desarrollo cerebral. En un beb\u00e9 prematuro, quedan expuestos a unos condicionamientos ambientales que no ocurren dentro del entorno \u00f3ptimo, que es el seno materno. Aunque hoy en d\u00eda los ni\u00f1os prematuros tienen bastante mejor pron\u00f3stico que hace a\u00f1os, muchos de ellos pueden mostrar estos problemas durante sus etapas del desarrollo:<\/p>\n<ul>\n<li><strong>Primera infancia (0-2 a\u00f1os).<\/strong> Los principales son enfermedades\/infecciones respiratorias y displasia broncopulmonar; problemas de alimentaci\u00f3n (succi\u00f3n-degluci\u00f3n); desarrollo neurol\u00f3gico diferente y con alteraciones, incluso posibilidad de par\u00e1lisis cerebral en un peque\u00f1o porcentaje; alteraciones sensoriales como la retinopat\u00eda del prematuro; problemas en control postural, l\u00ednea media, etc.; y alteraciones vinculares en las relaciones familiares.<\/li>\n<li><strong>En la etapa escolar (4-7 a\u00f1os).<\/strong> Poca autonom\u00eda y baja autoestima, posiblemente derivadas de una sobreprotecci\u00f3n familiar; dificultades de aprendizaje, dislexia, retraso simple del lenguaje; problemas de conducta como hiperactividad\/d\u00e9ficit de atenci\u00f3n, etc., que en general padecen m\u00e1s los varones. Tambi\u00e9n las diferencias en los rasgos corporales como moldeamientos craneales, hipertonicidad, maduraci\u00f3n cerebral y motora m\u00e1s lenta, y menor peso y crecimiento.<\/li>\n<li><strong>En la pubertad y la adolescencia (12-16 a\u00f1os).<\/strong> Encontramos cierta hiperactividad y dificultades de aprendizaje; mayor sensaci\u00f3n de lentitud en el desarrollo; mayor torpeza para los deportes y menor autoestima.<\/li>\n<\/ul>\n<h2>Aunque la escolarizaci\u00f3n se produce a los 3 a\u00f1os, \u00bfun nacimiento prematuro afecta al desarrollo madurativo y de aprendizaje a\u00fan a esa edad?<\/h2>\n<p><strong>S\u00ed, afecta<\/strong>. Aunque suele ser a los 6\/7 a\u00f1os, cuando los contenidos de primaria aumentan la dificultad de los aprendizajes, el momento en el que m\u00e1s lo notan tanto el ni\u00f1o como padres y profesores. Se hace m\u00e1s evidente desde el punto de vista acad\u00e9mico. <strong>No tiene por qu\u00e9 ser grave,<\/strong> pero lo cierto es que el ni\u00f1o prematuro presenta unas manifestaciones morfol\u00f3gicas y funcionales que le predisponen a presentar complicaciones tempranas o tard\u00edas que se manifiestan en su desarrollo cognitivo. Estas complicaciones se traducen durante la edad preescolar y escolar como trastornos del lenguaje, alteraciones en la conducta, en la atenci\u00f3n, en tareas visuoespaciales y visuoperceptivas (leves o suaves) que pueden repercutir en su desarrollo y aprendizaje.<\/p>\n<h2>\u00bfLa escolarizaci\u00f3n seg\u00fan su edad corregida, es decir m\u00e1s tarde, puede afectar positivamente a estos ni\u00f1os?<\/h2>\n<p><strong>S\u00ed, creo adem\u00e1s que es lo mejor para ellos.<\/strong> Piensa que en ni\u00f1os nacidos a t\u00e9rmino, que est\u00e1n juntos en la misma clase, se nota much\u00edsimo si son del primer trimestre del a\u00f1o o del cuarto en cuanto a capacidad de atenci\u00f3n, comprensi\u00f3n, etc. \u00a1Cu\u00e1nto m\u00e1s con estos ni\u00f1os! Por ejemplo, si no les corriges la edad a <strong>un ni\u00f1o prematuro nacido en diciembre podr\u00eda hasta llegar a asistir a clase un a\u00f1o por delante<\/strong> de lo que le tocar\u00eda si hubiera nacido a t\u00e9rmino, y adem\u00e1s con las condiciones personales derivadas de su prematuridad. No corregir su edad es a\u00f1adir m\u00e1s dificultades a su aprendizaje y a su desarrollo en general. En definitiva es pon\u00e9rselo m\u00e1s dif\u00edcil de lo que lo hubiera tenido si nace en su fecha y adem\u00e1s no hubiera desarrollado ning\u00fan problema m\u00e9dico o psicol\u00f3gico.<\/p>\n<blockquote><p>Un ni\u00f1o prematuro nacido en diciembre podr\u00eda hasta llegar a asistir a clase un a\u00f1o por delante<\/p><\/blockquote>\n<h2>\u00bfSe lograr\u00eda una mejor adaptaci\u00f3n al entorno y un mejor aprendizaje?<\/h2>\n<p>Por supuesto. Escolarizarle seg\u00fan su edad corregida le facilita la asimilaci\u00f3n de aprendizajes, la socializaci\u00f3n con los compa\u00f1eros y la mejora de su autoestima, entre otras. Adem\u00e1s, el centro escolar debe conocer que es un ni\u00f1o prematuro, apoyarle en todo lo posible y ayudarle a desarrollar al m\u00e1ximo su potencial. Son ni\u00f1os con <strong>necesidades educativas especiales<\/strong>, que se merecen recibir un tratamiento personalizado para que vayan superando las dificultades de la forma m\u00e1s \u00f3ptima posible.<\/p>\n<h2>Es una medida solicitada por muchos padres de prematuros tras observar consecuencias negativas en la escolarizaci\u00f3n de sus hijos. \u00bfCu\u00e1les pueden ser esas consecuencias?<\/h2>\n<p>No corregir la edad de estos ni\u00f1os es pon\u00e9rselo todo m\u00e1s dif\u00edcil de manera gratuita. Estos ni\u00f1os necesitan, en muchos casos, ser considerados ni\u00f1os de necesidades educativas especiales. Algunos pueden tener dificultades de atenci\u00f3n, impulsividad, de coordinaci\u00f3n motora, de lectura, de escritura de atenci\u00f3n, en las funciones ejecutivas. Y por estas razones pueden llegar a necesitar adaptaciones en su curr\u00edculo.<\/p>\n<p>Por otro lado, su impulsividad puede generar dificultades de socializaci\u00f3n con sus compa\u00f1eros de clase. Todo esto afecta a la visi\u00f3n que tiene el ni\u00f1o de s\u00ed mismo, a su autoestima, a c\u00f3mo se valoran a s\u00ed mismos. Y pueden llegar a vivir con estr\u00e9s la experiencia de ir al cole.\u00a0<b>Escolarizarles seg\u00fan su edad corregida hace que los ni\u00f1os puedan empezar su aprendizaje de la manera m\u00e1s correcta posible. <\/b>Y con todas las garant\u00edas para ir alcanzando su m\u00e1ximo potencial. <b>Siempre les va a sumar y nunca les va a restar<\/b>.<\/p>\n<h2>Es una medida opcional, \u00bfno ser\u00eda recomendable aplicarla autom\u00e1ticamente a todos los ni\u00f1os en estas circunstancias?<\/h2>\n<p>Sinceramente creo que s\u00ed. <strong>Ser\u00eda bueno aplicarlo de manera autom\u00e1tica.<\/strong> Y que fueran \u00a0los padres, si no quieren, los que soliciten que no se les aplique.<\/p>\n<h2>Descargar esa decisi\u00f3n sobre los padres, \u00bfes demasiado? \u00bfNo deber\u00edan estar apoyados por un equipo m\u00e9dico o psicol\u00f3gico para decidir?<\/h2>\n<p>No creo que sea demasiado. Los padres de prematuros<strong> est\u00e1n apoyados por equipos m\u00e9dicos y psicol\u00f3gicos desde que el ni\u00f1o nace.<\/strong> Profesionales que acompa\u00f1an al ni\u00f1o y a su familia desde el momento cero. Hacen sus informes, eval\u00faan al peque\u00f1o y se\u00f1alan a sus padres las mejores alternativas para su desarrollo. Esto incluye la decisi\u00f3n sobre su escolarizaci\u00f3n. Creo que los padres de estos ni\u00f1os est\u00e1n bien asesorados.<\/p>\n<p>Ana Saro<\/p>\n<p>@blisspsicologia<\/p>\n<p><a href=\"http:\/\/www.blisspsicologia.com\">www.blisspsicologia.com<\/a><\/p>\n","protected":false},"excerpt":{"rendered":"En este curso que est\u00e1 a punto de comenzar, se empezar\u00e1 a aplicar la medida de escolarizar a ni\u00f1os que hayan nacido prematuros seg\u00fan su edad corregida. Es decir, seg\u00fan el momento en el que debieron nacer. Hemos querido consultar el tema con la psic\u00f3loga Ana Saro para conocer las&#8230; <a class=\"view-article\" href=\"https:\/\/www.suavinex.com\/livingsuavinex\/prematuros-edad-corregida-escolarizacion\/\">Ver art\u00edculo<\/a>","protected":false},"author":288,"featured_media":23235,"comment_status":"open","ping_status":"open","sticky":false,"template":"","format":"standard","meta":{"inline_featured_image":false,"footnotes":""},"categories":[2272],"tags":[2223,194,12],"class_list":["post-18651","post","type-post","status-publish","format-standard","has-post-thumbnail","hentry","category-tips-crianza","tag-educacion","tag-familia","tag-hijos"],"yoast_head":"<!-- This site is optimized with the Yoast SEO plugin v26.8 - https:\/\/yoast.com\/product\/yoast-seo-wordpress\/ -->\n<title>Ni\u00f1os prematuros: edad corregida y su funci\u00f3n en la escolarizaci\u00f3n<\/title>\n<meta name=\"description\" content=\"Te contamos por qu\u00e9 es importante tener en cuenta la edad corregida en la escolarizaci\u00f3n de los ni\u00f1os prematuros y en qu\u00e9 les afecta el no hacerlo.\" \/>\n<meta name=\"robots\" content=\"index, follow, max-snippet:-1, max-image-preview:large, max-video-preview:-1\" \/>\n<link rel=\"canonical\" href=\"https:\/\/www.suavinex.com\/livingsuavinex\/prematuros-edad-corregida-escolarizacion\/\" \/>\n<meta property=\"og:locale\" content=\"es_ES\" \/>\n<meta property=\"og:type\" content=\"article\" \/>\n<meta property=\"og:title\" content=\"Ni\u00f1os prematuros: edad corregida y su funci\u00f3n en la escolarizaci\u00f3n\" \/>\n<meta property=\"og:description\" content=\"Te contamos por qu\u00e9 es importante tener en cuenta la edad corregida en la escolarizaci\u00f3n de los ni\u00f1os prematuros y en qu\u00e9 les afecta el no hacerlo.\" \/>\n<meta property=\"og:url\" content=\"https:\/\/www.suavinex.com\/livingsuavinex\/prematuros-edad-corregida-escolarizacion\/\" \/>\n<meta property=\"og:site_name\" content=\"Living Suavinex\" \/>\n<meta property=\"article:publisher\" content=\"https:\/\/www.facebook.com\/SuavinexSpain\" \/>\n<meta property=\"article:published_time\" content=\"2017-08-31T05:26:34+00:00\" \/>\n<meta property=\"article:modified_time\" content=\"2020-03-31T22:45:14+00:00\" \/>\n<meta property=\"og:image\" content=\"https:\/\/www.suavinex.com\/livingsuavinex\/wp-content\/uploads\/2017\/08\/escolarizacion_prematuros_2.jpg\" \/>\n\t<meta property=\"og:image:width\" content=\"800\" \/>\n\t<meta property=\"og:image:height\" content=\"474\" \/>\n\t<meta property=\"og:image:type\" content=\"image\/jpeg\" \/>\n<meta name=\"author\" content=\"Living Suavinex\" \/>\n<meta name=\"twitter:card\" content=\"summary_large_image\" \/>\n<meta name=\"twitter:creator\" content=\"@SuavinexSpain\" \/>\n<meta name=\"twitter:site\" content=\"@SuavinexSpain\" \/>\n<meta name=\"twitter:label1\" content=\"Escrito por\" \/>\n\t<meta name=\"twitter:data1\" content=\"Living Suavinex\" \/>\n\t<meta name=\"twitter:label2\" content=\"Tiempo de lectura\" \/>\n\t<meta name=\"twitter:data2\" content=\"6 minutos\" \/>\n<script type=\"application\/ld+json\" class=\"yoast-schema-graph\">{\"@context\":\"https:\/\/schema.org\",\"@graph\":[{\"@type\":\"Article\",\"@id\":\"https:\/\/www.suavinex.com\/livingsuavinex\/prematuros-edad-corregida-escolarizacion\/#article\",\"isPartOf\":{\"@id\":\"https:\/\/www.suavinex.com\/livingsuavinex\/prematuros-edad-corregida-escolarizacion\/\"},\"author\":{\"name\":\"Living Suavinex\",\"@id\":\"https:\/\/www.suavinex.com\/livingsuavinex\/#\/schema\/person\/64fd7b62c88b0024a3ceeffb47f07eb6\"},\"headline\":\"Ni\u00f1os prematuros: \u00bfqu\u00e9 es la edad corregida y c\u00f3mo act\u00faa en su escolarizaci\u00f3n?\",\"datePublished\":\"2017-08-31T05:26:34+00:00\",\"dateModified\":\"2020-03-31T22:45:14+00:00\",\"mainEntityOfPage\":{\"@id\":\"https:\/\/www.suavinex.com\/livingsuavinex\/prematuros-edad-corregida-escolarizacion\/\"},\"wordCount\":1296,\"commentCount\":0,\"publisher\":{\"@id\":\"https:\/\/www.suavinex.com\/livingsuavinex\/#organization\"},\"image\":{\"@id\":\"https:\/\/www.suavinex.com\/livingsuavinex\/prematuros-edad-corregida-escolarizacion\/#primaryimage\"},\"thumbnailUrl\":\"https:\/\/www.suavinex.com\/livingsuavinex\/wp-content\/uploads\/2017\/08\/escolarizacion_prematuros_2.jpg\",\"keywords\":[\"Educaci\u00f3n\",\"Familia\",\"Hijos\"],\"articleSection\":[\"Tips de crianza\"],\"inLanguage\":\"es\"},{\"@type\":\"WebPage\",\"@id\":\"https:\/\/www.suavinex.com\/livingsuavinex\/prematuros-edad-corregida-escolarizacion\/\",\"url\":\"https:\/\/www.suavinex.com\/livingsuavinex\/prematuros-edad-corregida-escolarizacion\/\",\"name\":\"Ni\u00f1os prematuros: edad corregida y su funci\u00f3n en la escolarizaci\u00f3n\",\"isPartOf\":{\"@id\":\"https:\/\/www.suavinex.com\/livingsuavinex\/#website\"},\"primaryImageOfPage\":{\"@id\":\"https:\/\/www.suavinex.com\/livingsuavinex\/prematuros-edad-corregida-escolarizacion\/#primaryimage\"},\"image\":{\"@id\":\"https:\/\/www.suavinex.com\/livingsuavinex\/prematuros-edad-corregida-escolarizacion\/#primaryimage\"},\"thumbnailUrl\":\"https:\/\/www.suavinex.com\/livingsuavinex\/wp-content\/uploads\/2017\/08\/escolarizacion_prematuros_2.jpg\",\"datePublished\":\"2017-08-31T05:26:34+00:00\",\"dateModified\":\"2020-03-31T22:45:14+00:00\",\"description\":\"Te contamos por qu\u00e9 es importante tener en cuenta la edad corregida en la escolarizaci\u00f3n de los ni\u00f1os prematuros y en qu\u00e9 les afecta el no hacerlo.\",\"breadcrumb\":{\"@id\":\"https:\/\/www.suavinex.com\/livingsuavinex\/prematuros-edad-corregida-escolarizacion\/#breadcrumb\"},\"inLanguage\":\"es\",\"potentialAction\":[{\"@type\":\"ReadAction\",\"target\":[\"https:\/\/www.suavinex.com\/livingsuavinex\/prematuros-edad-corregida-escolarizacion\/\"]}]},{\"@type\":\"ImageObject\",\"inLanguage\":\"es\",\"@id\":\"https:\/\/www.suavinex.com\/livingsuavinex\/prematuros-edad-corregida-escolarizacion\/#primaryimage\",\"url\":\"https:\/\/www.suavinex.com\/livingsuavinex\/wp-content\/uploads\/2017\/08\/escolarizacion_prematuros_2.jpg\",\"contentUrl\":\"https:\/\/www.suavinex.com\/livingsuavinex\/wp-content\/uploads\/2017\/08\/escolarizacion_prematuros_2.jpg\",\"width\":800,\"height\":474,\"caption\":\"ni\u00f1o l\u00e1pices cuaderno edad corregida\"},{\"@type\":\"BreadcrumbList\",\"@id\":\"https:\/\/www.suavinex.com\/livingsuavinex\/prematuros-edad-corregida-escolarizacion\/#breadcrumb\",\"itemListElement\":[{\"@type\":\"ListItem\",\"position\":1,\"name\":\"Portada\",\"item\":\"https:\/\/www.suavinex.com\/livingsuavinex\/\"},{\"@type\":\"ListItem\",\"position\":2,\"name\":\"Ni\u00f1os prematuros: \u00bfqu\u00e9 es la edad corregida y c\u00f3mo act\u00faa en su escolarizaci\u00f3n?\"}]},{\"@type\":\"WebSite\",\"@id\":\"https:\/\/www.suavinex.com\/livingsuavinex\/#website\",\"url\":\"https:\/\/www.suavinex.com\/livingsuavinex\/\",\"name\":\"Living Suavinex\",\"description\":\"| Familias reales\",\"publisher\":{\"@id\":\"https:\/\/www.suavinex.com\/livingsuavinex\/#organization\"},\"potentialAction\":[{\"@type\":\"SearchAction\",\"target\":{\"@type\":\"EntryPoint\",\"urlTemplate\":\"https:\/\/www.suavinex.com\/livingsuavinex\/?s={search_term_string}\"},\"query-input\":{\"@type\":\"PropertyValueSpecification\",\"valueRequired\":true,\"valueName\":\"search_term_string\"}}],\"inLanguage\":\"es\"},{\"@type\":\"Organization\",\"@id\":\"https:\/\/www.suavinex.com\/livingsuavinex\/#organization\",\"name\":\"Suavinex\",\"url\":\"https:\/\/www.suavinex.com\/livingsuavinex\/\",\"logo\":{\"@type\":\"ImageObject\",\"inLanguage\":\"es\",\"@id\":\"https:\/\/www.suavinex.com\/livingsuavinex\/#\/schema\/logo\/image\/\",\"url\":\"https:\/\/www.suavinex.com\/livingsuavinex\/wp-content\/uploads\/2018\/07\/living_sx_logo_mvl.png\",\"contentUrl\":\"https:\/\/www.suavinex.com\/livingsuavinex\/wp-content\/uploads\/2018\/07\/living_sx_logo_mvl.png\",\"width\":350,\"height\":70,\"caption\":\"Suavinex\"},\"image\":{\"@id\":\"https:\/\/www.suavinex.com\/livingsuavinex\/#\/schema\/logo\/image\/\"},\"sameAs\":[\"https:\/\/www.facebook.com\/SuavinexSpain\",\"https:\/\/x.com\/SuavinexSpain\",\"https:\/\/www.instagram.com\/suavinex_spain\/\",\"https:\/\/www.pinterest.es\/SuavinexSpain\/\",\"https:\/\/www.youtube.com\/channel\/UCgeJREx2R_ZvV2aQMrfWgcA\"]},{\"@type\":\"Person\",\"@id\":\"https:\/\/www.suavinex.com\/livingsuavinex\/#\/schema\/person\/64fd7b62c88b0024a3ceeffb47f07eb6\",\"name\":\"Living Suavinex\",\"image\":{\"@type\":\"ImageObject\",\"inLanguage\":\"es\",\"@id\":\"https:\/\/www.suavinex.com\/livingsuavinex\/#\/schema\/person\/image\/\",\"url\":\"https:\/\/www.suavinex.com\/livingsuavinex\/wp-content\/uploads\/2017\/05\/Living-Suavinex_avatar-96x96.png\",\"contentUrl\":\"https:\/\/www.suavinex.com\/livingsuavinex\/wp-content\/uploads\/2017\/05\/Living-Suavinex_avatar-96x96.png\",\"caption\":\"Living Suavinex\"}}]}<\/script>\n<!-- \/ Yoast SEO plugin. -->","yoast_head_json":{"title":"Ni\u00f1os prematuros: edad corregida y su funci\u00f3n en la escolarizaci\u00f3n","description":"Te contamos por qu\u00e9 es importante tener en cuenta la edad corregida en la escolarizaci\u00f3n de los ni\u00f1os prematuros y en qu\u00e9 les afecta el no hacerlo.","robots":{"index":"index","follow":"follow","max-snippet":"max-snippet:-1","max-image-preview":"max-image-preview:large","max-video-preview":"max-video-preview:-1"},"canonical":"https:\/\/www.suavinex.com\/livingsuavinex\/prematuros-edad-corregida-escolarizacion\/","og_locale":"es_ES","og_type":"article","og_title":"Ni\u00f1os prematuros: edad corregida y su funci\u00f3n en la escolarizaci\u00f3n","og_description":"Te contamos por qu\u00e9 es importante tener en cuenta la edad corregida en la escolarizaci\u00f3n de los ni\u00f1os prematuros y en qu\u00e9 les afecta el no hacerlo.","og_url":"https:\/\/www.suavinex.com\/livingsuavinex\/prematuros-edad-corregida-escolarizacion\/","og_site_name":"Living Suavinex","article_publisher":"https:\/\/www.facebook.com\/SuavinexSpain","article_published_time":"2017-08-31T05:26:34+00:00","article_modified_time":"2020-03-31T22:45:14+00:00","og_image":[{"width":800,"height":474,"url":"https:\/\/www.suavinex.com\/livingsuavinex\/wp-content\/uploads\/2017\/08\/escolarizacion_prematuros_2.jpg","type":"image\/jpeg"}],"author":"Living Suavinex","twitter_card":"summary_large_image","twitter_creator":"@SuavinexSpain","twitter_site":"@SuavinexSpain","twitter_misc":{"Escrito por":"Living Suavinex","Tiempo de lectura":"6 minutos"},"schema":{"@context":"https:\/\/schema.org","@graph":[{"@type":"Article","@id":"https:\/\/www.suavinex.com\/livingsuavinex\/prematuros-edad-corregida-escolarizacion\/#article","isPartOf":{"@id":"https:\/\/www.suavinex.com\/livingsuavinex\/prematuros-edad-corregida-escolarizacion\/"},"author":{"name":"Living Suavinex","@id":"https:\/\/www.suavinex.com\/livingsuavinex\/#\/schema\/person\/64fd7b62c88b0024a3ceeffb47f07eb6"},"headline":"Ni\u00f1os prematuros: \u00bfqu\u00e9 es la edad corregida y c\u00f3mo act\u00faa en su escolarizaci\u00f3n?","datePublished":"2017-08-31T05:26:34+00:00","dateModified":"2020-03-31T22:45:14+00:00","mainEntityOfPage":{"@id":"https:\/\/www.suavinex.com\/livingsuavinex\/prematuros-edad-corregida-escolarizacion\/"},"wordCount":1296,"commentCount":0,"publisher":{"@id":"https:\/\/www.suavinex.com\/livingsuavinex\/#organization"},"image":{"@id":"https:\/\/www.suavinex.com\/livingsuavinex\/prematuros-edad-corregida-escolarizacion\/#primaryimage"},"thumbnailUrl":"https:\/\/www.suavinex.com\/livingsuavinex\/wp-content\/uploads\/2017\/08\/escolarizacion_prematuros_2.jpg","keywords":["Educaci\u00f3n","Familia","Hijos"],"articleSection":["Tips de crianza"],"inLanguage":"es"},{"@type":"WebPage","@id":"https:\/\/www.suavinex.com\/livingsuavinex\/prematuros-edad-corregida-escolarizacion\/","url":"https:\/\/www.suavinex.com\/livingsuavinex\/prematuros-edad-corregida-escolarizacion\/","name":"Ni\u00f1os prematuros: edad corregida y su funci\u00f3n en la escolarizaci\u00f3n","isPartOf":{"@id":"https:\/\/www.suavinex.com\/livingsuavinex\/#website"},"primaryImageOfPage":{"@id":"https:\/\/www.suavinex.com\/livingsuavinex\/prematuros-edad-corregida-escolarizacion\/#primaryimage"},"image":{"@id":"https:\/\/www.suavinex.com\/livingsuavinex\/prematuros-edad-corregida-escolarizacion\/#primaryimage"},"thumbnailUrl":"https:\/\/www.suavinex.com\/livingsuavinex\/wp-content\/uploads\/2017\/08\/escolarizacion_prematuros_2.jpg","datePublished":"2017-08-31T05:26:34+00:00","dateModified":"2020-03-31T22:45:14+00:00","description":"Te contamos por qu\u00e9 es importante tener en cuenta la edad corregida en la escolarizaci\u00f3n de los ni\u00f1os prematuros y en qu\u00e9 les afecta el no hacerlo.","breadcrumb":{"@id":"https:\/\/www.suavinex.com\/livingsuavinex\/prematuros-edad-corregida-escolarizacion\/#breadcrumb"},"inLanguage":"es","potentialAction":[{"@type":"ReadAction","target":["https:\/\/www.suavinex.com\/livingsuavinex\/prematuros-edad-corregida-escolarizacion\/"]}]},{"@type":"ImageObject","inLanguage":"es","@id":"https:\/\/www.suavinex.com\/livingsuavinex\/prematuros-edad-corregida-escolarizacion\/#primaryimage","url":"https:\/\/www.suavinex.com\/livingsuavinex\/wp-content\/uploads\/2017\/08\/escolarizacion_prematuros_2.jpg","contentUrl":"https:\/\/www.suavinex.com\/livingsuavinex\/wp-content\/uploads\/2017\/08\/escolarizacion_prematuros_2.jpg","width":800,"height":474,"caption":"ni\u00f1o l\u00e1pices cuaderno edad corregida"},{"@type":"BreadcrumbList","@id":"https:\/\/www.suavinex.com\/livingsuavinex\/prematuros-edad-corregida-escolarizacion\/#breadcrumb","itemListElement":[{"@type":"ListItem","position":1,"name":"Portada","item":"https:\/\/www.suavinex.com\/livingsuavinex\/"},{"@type":"ListItem","position":2,"name":"Ni\u00f1os prematuros: \u00bfqu\u00e9 es la edad corregida y c\u00f3mo act\u00faa en su escolarizaci\u00f3n?"}]},{"@type":"WebSite","@id":"https:\/\/www.suavinex.com\/livingsuavinex\/#website","url":"https:\/\/www.suavinex.com\/livingsuavinex\/","name":"Living Suavinex","description":"| Familias reales","publisher":{"@id":"https:\/\/www.suavinex.com\/livingsuavinex\/#organization"},"potentialAction":[{"@type":"SearchAction","target":{"@type":"EntryPoint","urlTemplate":"https:\/\/www.suavinex.com\/livingsuavinex\/?s={search_term_string}"},"query-input":{"@type":"PropertyValueSpecification","valueRequired":true,"valueName":"search_term_string"}}],"inLanguage":"es"},{"@type":"Organization","@id":"https:\/\/www.suavinex.com\/livingsuavinex\/#organization","name":"Suavinex","url":"https:\/\/www.suavinex.com\/livingsuavinex\/","logo":{"@type":"ImageObject","inLanguage":"es","@id":"https:\/\/www.suavinex.com\/livingsuavinex\/#\/schema\/logo\/image\/","url":"https:\/\/www.suavinex.com\/livingsuavinex\/wp-content\/uploads\/2018\/07\/living_sx_logo_mvl.png","contentUrl":"https:\/\/www.suavinex.com\/livingsuavinex\/wp-content\/uploads\/2018\/07\/living_sx_logo_mvl.png","width":350,"height":70,"caption":"Suavinex"},"image":{"@id":"https:\/\/www.suavinex.com\/livingsuavinex\/#\/schema\/logo\/image\/"},"sameAs":["https:\/\/www.facebook.com\/SuavinexSpain","https:\/\/x.com\/SuavinexSpain","https:\/\/www.instagram.com\/suavinex_spain\/","https:\/\/www.pinterest.es\/SuavinexSpain\/","https:\/\/www.youtube.com\/channel\/UCgeJREx2R_ZvV2aQMrfWgcA"]},{"@type":"Person","@id":"https:\/\/www.suavinex.com\/livingsuavinex\/#\/schema\/person\/64fd7b62c88b0024a3ceeffb47f07eb6","name":"Living Suavinex","image":{"@type":"ImageObject","inLanguage":"es","@id":"https:\/\/www.suavinex.com\/livingsuavinex\/#\/schema\/person\/image\/","url":"https:\/\/www.suavinex.com\/livingsuavinex\/wp-content\/uploads\/2017\/05\/Living-Suavinex_avatar-96x96.png","contentUrl":"https:\/\/www.suavinex.com\/livingsuavinex\/wp-content\/uploads\/2017\/05\/Living-Suavinex_avatar-96x96.png","caption":"Living Suavinex"}}]}},"_links":{"self":[{"href":"https:\/\/www.suavinex.com\/livingsuavinex\/wp-json\/wp\/v2\/posts\/18651","targetHints":{"allow":["GET"]}}],"collection":[{"href":"https:\/\/www.suavinex.com\/livingsuavinex\/wp-json\/wp\/v2\/posts"}],"about":[{"href":"https:\/\/www.suavinex.com\/livingsuavinex\/wp-json\/wp\/v2\/types\/post"}],"author":[{"embeddable":true,"href":"https:\/\/www.suavinex.com\/livingsuavinex\/wp-json\/wp\/v2\/users\/288"}],"replies":[{"embeddable":true,"href":"https:\/\/www.suavinex.com\/livingsuavinex\/wp-json\/wp\/v2\/comments?post=18651"}],"version-history":[{"count":6,"href":"https:\/\/www.suavinex.com\/livingsuavinex\/wp-json\/wp\/v2\/posts\/18651\/revisions"}],"predecessor-version":[{"id":40692,"href":"https:\/\/www.suavinex.com\/livingsuavinex\/wp-json\/wp\/v2\/posts\/18651\/revisions\/40692"}],"wp:featuredmedia":[{"embeddable":true,"href":"https:\/\/www.suavinex.com\/livingsuavinex\/wp-json\/wp\/v2\/media\/23235"}],"wp:attachment":[{"href":"https:\/\/www.suavinex.com\/livingsuavinex\/wp-json\/wp\/v2\/media?parent=18651"}],"wp:term":[{"taxonomy":"category","embeddable":true,"href":"https:\/\/www.suavinex.com\/livingsuavinex\/wp-json\/wp\/v2\/categories?post=18651"},{"taxonomy":"post_tag","embeddable":true,"href":"https:\/\/www.suavinex.com\/livingsuavinex\/wp-json\/wp\/v2\/tags?post=18651"}],"curies":[{"name":"wp","href":"https:\/\/api.w.org\/{rel}","templated":true}]}}