{"id":18628,"date":"2017-08-30T09:17:49","date_gmt":"2017-08-30T07:17:49","guid":{"rendered":"https:\/\/www.suavinex.com\/livingsuavinex\/?p=18628"},"modified":"2023-08-18T08:52:40","modified_gmt":"2023-08-18T06:52:40","slug":"cuentos-vuelta-al-cole","status":"publish","type":"post","link":"https:\/\/www.suavinex.com\/livingsuavinex\/cuentos-vuelta-al-cole\/","title":{"rendered":"Cuentos para la vuelta al cole"},"content":{"rendered":"<p>\u00a1\u00a1Ay!!, (suspiro intenso) parece que fue ayer cuando nuestro beb\u00e9 naci\u00f3 y en pocos d\u00edas comenzar\u00e1 la escuela infantil o el colegio. Nueva etapa, nuevas aventuras, nuevos amigos y, por supuesto, nuevas incertidumbres. La separaci\u00f3n, profesores, horarios, rutinas y, en definitiva, el ritmo escolar no es algo f\u00e1cil de asimilar (ni para el ni\u00f1o ni para los padres) por lo que siempre es aconsejable seguir una serie de pasos que har\u00e1n m\u00e1s f\u00e1cil la adaptaci\u00f3n. Podremos visitar el colegio o la escuela los d\u00edas previos, hablar siempre en positivo de esta nueva etapa si ya van siendo m\u00e1s mayorcitos y, por supuesto, <a href=\"https:\/\/www.suavinex.com\/livingsuavinex\/los-cuentos-mas-divertidos-disfrutar-del-verano\/\" target=\"_blank\" rel=\"noopener noreferrer\"><b>podemos contarles cuentos<\/b><\/a>.<\/p>\n<h2>Algunos cuentos para hacer esta etapa m\u00e1s llevadera<b> <\/b><\/h2>\n<p><b>El pollo Pepe va al colegio de Nick Denchfield y Ant Parker de la Editorial SM.<\/b><\/p>\n<p>El pollo Pepe se ha convertido en <b>un cuento que es todo un hit de la literatura infantil<\/b> y en esta ocasi\u00f3n muestra a los lectores su primer d\u00eda de colegio. \u00bfConseguir\u00e1 Pepe llegar puntual a la escuela? Un libro pop-up con su protagonista preferido.<\/p>\n<p><b><a href=\"https:\/\/www.editorialjuventud.es\/siempre-pienso-en-ti-9788426131737\/\" target=\"_blank\" rel=\"noopener noreferrer\">Siempre pienso en ti<\/a> de Kathi Applet y Jane Dyer de Editorial Juventud.<\/b><\/p>\n<p>Uno de los cuentos m\u00e1s tiernos que existen sobre esta tem\u00e1tica. Un cuento en rima bellamente ilustrado que habla de lo dif\u00edcil que es separarse, de los momentos en los que nos acordamos de nuestra mam\u00e1 a lo largo del d\u00eda y de lo feliz que es el reencuentro.<\/p>\n<p>\u201cPero lo que m\u00e1s me gusta del d\u00eda,<\/p>\n<p>lo que de verdad me hace feliz,<\/p>\n<p>es irte a buscar y abrazarte fuerte\u2026<\/p>\n<p>\u00a1Hasta ma\u00f1ana no me separo de ti!\u201d.<\/p>\n<p><a href=\"https:\/\/www.suavinex.com\/livingsuavinex\/wp-content\/uploads\/2017\/08\/cuerpo_de_texto_vuelta_al_cole.png\"><img loading=\"lazy\" decoding=\"async\" class=\" wp-image-18630 aligncenter\" src=\"https:\/\/www.suavinex.com\/livingsuavinex\/wp-content\/uploads\/2017\/08\/cuerpo_de_texto_vuelta_al_cole-300x163.png\" alt=\"cuerpo de texto vuelta al cole\" width=\"647\" height=\"352\" srcset=\"https:\/\/www.suavinex.com\/livingsuavinex\/wp-content\/uploads\/2017\/08\/cuerpo_de_texto_vuelta_al_cole-300x163.png 300w, https:\/\/www.suavinex.com\/livingsuavinex\/wp-content\/uploads\/2017\/08\/cuerpo_de_texto_vuelta_al_cole-768x418.png 768w, https:\/\/www.suavinex.com\/livingsuavinex\/wp-content\/uploads\/2017\/08\/cuerpo_de_texto_vuelta_al_cole-200x109.png 200w, https:\/\/www.suavinex.com\/livingsuavinex\/wp-content\/uploads\/2017\/08\/cuerpo_de_texto_vuelta_al_cole-400x218.png 400w, https:\/\/www.suavinex.com\/livingsuavinex\/wp-content\/uploads\/2017\/08\/cuerpo_de_texto_vuelta_al_cole-600x326.png 600w, https:\/\/www.suavinex.com\/livingsuavinex\/wp-content\/uploads\/2017\/08\/cuerpo_de_texto_vuelta_al_cole.png 772w\" sizes=\"auto, (max-width: 647px) 100vw, 647px\" \/><\/a><\/p>\n<p><b><a href=\"http:\/\/www.takatuka.cat\/llibre.php?otro_idioma=cas&amp;id_otro_idioma=97\" target=\"_blank\" rel=\"noopener noreferrer\" class=\"broken_link\">Mam\u00e1 ya viene<\/a> de Zaza Pinson y Laure Monloubou de la Editorial Takatuka.<\/b><\/p>\n<p>La mam\u00e1 de Lisa es muy despistada, siempre se le olvida algo, las llaves, el monedero, las gafas. Lisa tiene miedo de que un d\u00eda su mam\u00e1 se olvide de ir a buscarla a la escuela.<\/p>\n<p>Un libro muy bonito que habla de uno de los miedos m\u00e1s comunes de los ni\u00f1os que comienzan el colegio: el que sus padres se olviden de recogerlos.<\/p>\n<p><b>Rita comienza el colegio de Mike Byrne de la editorial Combel.<\/b><\/p>\n<p>Rita va a empezar el colegio y necesita prepararlo todo para ese gran d\u00eda: comprar un estuche y l\u00e1pices de colores, zapatos nuevos, un gorro\u2026 y, por supuesto, una mochila para llevarlo todo.<\/p>\n<p>Un libro muy colorido repleto de solapas y al final una mochila con todos los elementos troquelados para poder jugar.<\/p>\n<p><b><a href=\"http:\/\/www.editorialjuventud.es\/tengo-que-ir-a-escuela-9788426136510\/\" target=\"_blank\" rel=\"noopener noreferrer\">\u00bfTengo que ir a la escuela?<\/a> de Pat Thomas de Editorial Juventud.<\/b><\/p>\n<p>Un cuento con ilustraciones muy sencillas y bonitas que ayuda a superar la angustia de los peque\u00f1os ante el cambio que supone ir al colegio. El conocer nuevos amigos, nuevos espacios, actividades, el recreo\u2026 Adem\u00e1s al final del libro viene una peque\u00f1a gu\u00eda para padres con recomendaciones de lecturas sobre este tema.<\/p>\n<p><a href=\"https:\/\/www.suavinex.com\/livingsuavinex\/wp-content\/uploads\/2017\/08\/cuerpo_de_texto_vuelta_al_cole_3.png\"><img loading=\"lazy\" decoding=\"async\" class=\" wp-image-18633 aligncenter\" src=\"https:\/\/www.suavinex.com\/livingsuavinex\/wp-content\/uploads\/2017\/08\/cuerpo_de_texto_vuelta_al_cole_3-300x139.png\" alt=\"cuerpo de texto vuelta al cole 3\" width=\"647\" height=\"300\" srcset=\"https:\/\/www.suavinex.com\/livingsuavinex\/wp-content\/uploads\/2017\/08\/cuerpo_de_texto_vuelta_al_cole_3-300x139.png 300w, https:\/\/www.suavinex.com\/livingsuavinex\/wp-content\/uploads\/2017\/08\/cuerpo_de_texto_vuelta_al_cole_3-768x356.png 768w, https:\/\/www.suavinex.com\/livingsuavinex\/wp-content\/uploads\/2017\/08\/cuerpo_de_texto_vuelta_al_cole_3-200x93.png 200w, https:\/\/www.suavinex.com\/livingsuavinex\/wp-content\/uploads\/2017\/08\/cuerpo_de_texto_vuelta_al_cole_3-400x185.png 400w, https:\/\/www.suavinex.com\/livingsuavinex\/wp-content\/uploads\/2017\/08\/cuerpo_de_texto_vuelta_al_cole_3-600x278.png 600w, https:\/\/www.suavinex.com\/livingsuavinex\/wp-content\/uploads\/2017\/08\/cuerpo_de_texto_vuelta_al_cole_3.png 772w\" sizes=\"auto, (max-width: 647px) 100vw, 647px\" \/><\/a><\/p>\n<p><b>Cosas que me gustan de El Colegio de Trace Monroney de la editorial SM<\/b><\/p>\n<p>El protagonista de este libro, con un toque muy positivo sobre la etapa escolar, es el famoso conejo de Trace Monroney. Hay muchas cosas buenas en el colegio: los amigos, aprender conceptos nuevos, los profesores, jugar\u2026 Al final del libro hay una nota informativa para los padres.<\/p>\n<p><b>Nacho va al colegio<\/b> de <b>Liesbet Slegers<\/b> de la <b>editorial Edelvives.<\/b><\/p>\n<p>El primer d\u00eda de colegio es una experiencia \u00fanica en la vida de Nacho y este cuento nos relata c\u00f3mo se enfrenta a ella. Un libro en formato peque\u00f1o, con letras may\u00fasculas perfecto para los primeros lectores.<\/p>\n<p><a href=\"https:\/\/www.amazon.es\/dp\/B005TJNM0M\/ref=dp-kindle-redirect?_encoding=UTF8&amp;btkr=1\" target=\"_blank\" rel=\"noopener noreferrer\"><b>Un beso en mi mano<\/b><\/a> de Audrey Penn y Ruth E. Harper.<\/p>\n<p>Si hay un cuento dulce y tierno sobre el tema del inicio del colegio este es, sin duda, \u201cUn beso en mi mano\u201d. El peque\u00f1o mapache Chester va a conocer el gran secreto de la familia, el d\u00eda que comienza el colegio su mam\u00e1 le da un beso en la mano, un beso que permanecer\u00e1 junto a \u00e9l todo el tiempo que est\u00e9n separados y le reconfortar\u00e1 el coraz\u00f3n cuando m\u00e1s lo necesite.<\/p>\n<p><a href=\"https:\/\/www.suavinex.com\/livingsuavinex\/wp-content\/uploads\/2017\/08\/cuerpo_de_texto_vuelta_al_cole_2.png\"><img loading=\"lazy\" decoding=\"async\" class=\" wp-image-18634 aligncenter\" src=\"https:\/\/www.suavinex.com\/livingsuavinex\/wp-content\/uploads\/2017\/08\/cuerpo_de_texto_vuelta_al_cole_2-300x139.png\" alt=\"cuerpo de texto vuelta al cole 2\" width=\"646\" height=\"299\" srcset=\"https:\/\/www.suavinex.com\/livingsuavinex\/wp-content\/uploads\/2017\/08\/cuerpo_de_texto_vuelta_al_cole_2-300x139.png 300w, https:\/\/www.suavinex.com\/livingsuavinex\/wp-content\/uploads\/2017\/08\/cuerpo_de_texto_vuelta_al_cole_2-768x356.png 768w, https:\/\/www.suavinex.com\/livingsuavinex\/wp-content\/uploads\/2017\/08\/cuerpo_de_texto_vuelta_al_cole_2-200x93.png 200w, https:\/\/www.suavinex.com\/livingsuavinex\/wp-content\/uploads\/2017\/08\/cuerpo_de_texto_vuelta_al_cole_2-400x185.png 400w, https:\/\/www.suavinex.com\/livingsuavinex\/wp-content\/uploads\/2017\/08\/cuerpo_de_texto_vuelta_al_cole_2-600x278.png 600w, https:\/\/www.suavinex.com\/livingsuavinex\/wp-content\/uploads\/2017\/08\/cuerpo_de_texto_vuelta_al_cole_2.png 772w\" sizes=\"auto, (max-width: 646px) 100vw, 646px\" \/><\/a><\/p>\n<p>\u00a1Feliz vuelta al cole!<\/p>\n<p>Patricia del Castillo<\/p>\n<p>Experta en literatura infantil<\/p>\n<p>Autora del blog <a href=\"http:\/\/trastadasdemama.blogspot.com.es\/\" target=\"_blank\" rel=\"noopener noreferrer\"><b>Trastadas de mam\u00e1<\/b><\/a><\/p>\n","protected":false},"excerpt":{"rendered":"\u00a1\u00a1Ay!!, (suspiro intenso) parece que fue ayer cuando nuestro beb\u00e9 naci\u00f3 y en pocos d\u00edas comenzar\u00e1 la escuela infantil o el colegio. Nueva etapa, nuevas aventuras, nuevos amigos y, por supuesto, nuevas incertidumbres. La separaci\u00f3n, profesores, horarios, rutinas y, en definitiva, el ritmo escolar no es algo f\u00e1cil de asimilar&#8230; <a class=\"view-article\" href=\"https:\/\/www.suavinex.com\/livingsuavinex\/cuentos-vuelta-al-cole\/\">Ver art\u00edculo<\/a>","protected":false},"author":288,"featured_media":23238,"comment_status":"open","ping_status":"open","sticky":false,"template":"","format":"standard","meta":{"inline_featured_image":false,"footnotes":""},"categories":[2274],"tags":[194,12,1377],"class_list":["post-18628","post","type-post","status-publish","format-standard","has-post-thumbnail","hentry","category-planes-familia","tag-familia","tag-hijos","tag-ocio-en-familia"],"yoast_head":"<!-- This site is optimized with the Yoast SEO plugin v26.8 - https:\/\/yoast.com\/product\/yoast-seo-wordpress\/ -->\n<title>Cuentos para ayudar a los ni\u00f1os en la vuelta al cole<\/title>\n<meta name=\"description\" content=\"Podremos visitar el colegio o la escuela los d\u00edas previos, hablar siempre en positivo de esta nueva etapa y podemos contarles cuentos.\" \/>\n<meta name=\"robots\" content=\"index, follow, max-snippet:-1, max-image-preview:large, max-video-preview:-1\" \/>\n<link rel=\"canonical\" href=\"https:\/\/www.suavinex.com\/livingsuavinex\/cuentos-vuelta-al-cole\/\" \/>\n<meta property=\"og:locale\" content=\"es_ES\" \/>\n<meta property=\"og:type\" content=\"article\" \/>\n<meta property=\"og:title\" content=\"Cuentos para ayudar a los ni\u00f1os en la vuelta al cole\" \/>\n<meta property=\"og:description\" content=\"Podremos visitar el colegio o la escuela los d\u00edas previos, hablar siempre en positivo de esta nueva etapa y podemos contarles cuentos.\" \/>\n<meta property=\"og:url\" content=\"https:\/\/www.suavinex.com\/livingsuavinex\/cuentos-vuelta-al-cole\/\" \/>\n<meta property=\"og:site_name\" content=\"Living Suavinex\" \/>\n<meta property=\"article:publisher\" content=\"https:\/\/www.facebook.com\/SuavinexSpain\" \/>\n<meta property=\"article:published_time\" content=\"2017-08-30T07:17:49+00:00\" \/>\n<meta property=\"article:modified_time\" content=\"2023-08-18T06:52:40+00:00\" \/>\n<meta property=\"og:image\" content=\"https:\/\/www.suavinex.com\/livingsuavinex\/wp-content\/uploads\/2017\/08\/cuentos_vuelta_al_cole_2.jpg\" \/>\n\t<meta property=\"og:image:width\" content=\"800\" \/>\n\t<meta property=\"og:image:height\" content=\"474\" \/>\n\t<meta property=\"og:image:type\" content=\"image\/jpeg\" \/>\n<meta name=\"author\" content=\"Living Suavinex\" \/>\n<meta name=\"twitter:card\" content=\"summary_large_image\" \/>\n<meta name=\"twitter:creator\" content=\"@SuavinexSpain\" \/>\n<meta name=\"twitter:site\" content=\"@SuavinexSpain\" \/>\n<meta name=\"twitter:label1\" content=\"Escrito por\" \/>\n\t<meta name=\"twitter:data1\" content=\"Living Suavinex\" \/>\n\t<meta name=\"twitter:label2\" content=\"Tiempo de lectura\" \/>\n\t<meta name=\"twitter:data2\" content=\"4 minutos\" \/>\n<script type=\"application\/ld+json\" class=\"yoast-schema-graph\">{\"@context\":\"https:\/\/schema.org\",\"@graph\":[{\"@type\":\"Article\",\"@id\":\"https:\/\/www.suavinex.com\/livingsuavinex\/cuentos-vuelta-al-cole\/#article\",\"isPartOf\":{\"@id\":\"https:\/\/www.suavinex.com\/livingsuavinex\/cuentos-vuelta-al-cole\/\"},\"author\":{\"name\":\"Living Suavinex\",\"@id\":\"https:\/\/www.suavinex.com\/livingsuavinex\/#\/schema\/person\/64fd7b62c88b0024a3ceeffb47f07eb6\"},\"headline\":\"Cuentos para la vuelta al cole\",\"datePublished\":\"2017-08-30T07:17:49+00:00\",\"dateModified\":\"2023-08-18T06:52:40+00:00\",\"mainEntityOfPage\":{\"@id\":\"https:\/\/www.suavinex.com\/livingsuavinex\/cuentos-vuelta-al-cole\/\"},\"wordCount\":725,\"commentCount\":2,\"publisher\":{\"@id\":\"https:\/\/www.suavinex.com\/livingsuavinex\/#organization\"},\"image\":{\"@id\":\"https:\/\/www.suavinex.com\/livingsuavinex\/cuentos-vuelta-al-cole\/#primaryimage\"},\"thumbnailUrl\":\"https:\/\/www.suavinex.com\/livingsuavinex\/wp-content\/uploads\/2017\/08\/cuentos_vuelta_al_cole_2.jpg\",\"keywords\":[\"Familia\",\"Hijos\",\"Ocio en familia\"],\"articleSection\":[\"Planes en familia\"],\"inLanguage\":\"es\"},{\"@type\":\"WebPage\",\"@id\":\"https:\/\/www.suavinex.com\/livingsuavinex\/cuentos-vuelta-al-cole\/\",\"url\":\"https:\/\/www.suavinex.com\/livingsuavinex\/cuentos-vuelta-al-cole\/\",\"name\":\"Cuentos para ayudar a los ni\u00f1os en la vuelta al cole\",\"isPartOf\":{\"@id\":\"https:\/\/www.suavinex.com\/livingsuavinex\/#website\"},\"primaryImageOfPage\":{\"@id\":\"https:\/\/www.suavinex.com\/livingsuavinex\/cuentos-vuelta-al-cole\/#primaryimage\"},\"image\":{\"@id\":\"https:\/\/www.suavinex.com\/livingsuavinex\/cuentos-vuelta-al-cole\/#primaryimage\"},\"thumbnailUrl\":\"https:\/\/www.suavinex.com\/livingsuavinex\/wp-content\/uploads\/2017\/08\/cuentos_vuelta_al_cole_2.jpg\",\"datePublished\":\"2017-08-30T07:17:49+00:00\",\"dateModified\":\"2023-08-18T06:52:40+00:00\",\"description\":\"Podremos visitar el colegio o la escuela los d\u00edas previos, hablar siempre en positivo de esta nueva etapa y podemos contarles cuentos.\",\"breadcrumb\":{\"@id\":\"https:\/\/www.suavinex.com\/livingsuavinex\/cuentos-vuelta-al-cole\/#breadcrumb\"},\"inLanguage\":\"es\",\"potentialAction\":[{\"@type\":\"ReadAction\",\"target\":[\"https:\/\/www.suavinex.com\/livingsuavinex\/cuentos-vuelta-al-cole\/\"]}]},{\"@type\":\"ImageObject\",\"inLanguage\":\"es\",\"@id\":\"https:\/\/www.suavinex.com\/livingsuavinex\/cuentos-vuelta-al-cole\/#primaryimage\",\"url\":\"https:\/\/www.suavinex.com\/livingsuavinex\/wp-content\/uploads\/2017\/08\/cuentos_vuelta_al_cole_2.jpg\",\"contentUrl\":\"https:\/\/www.suavinex.com\/livingsuavinex\/wp-content\/uploads\/2017\/08\/cuentos_vuelta_al_cole_2.jpg\",\"width\":800,\"height\":474},{\"@type\":\"BreadcrumbList\",\"@id\":\"https:\/\/www.suavinex.com\/livingsuavinex\/cuentos-vuelta-al-cole\/#breadcrumb\",\"itemListElement\":[{\"@type\":\"ListItem\",\"position\":1,\"name\":\"Portada\",\"item\":\"https:\/\/www.suavinex.com\/livingsuavinex\/\"},{\"@type\":\"ListItem\",\"position\":2,\"name\":\"Cuentos para la vuelta al cole\"}]},{\"@type\":\"WebSite\",\"@id\":\"https:\/\/www.suavinex.com\/livingsuavinex\/#website\",\"url\":\"https:\/\/www.suavinex.com\/livingsuavinex\/\",\"name\":\"Living Suavinex\",\"description\":\"| Familias reales\",\"publisher\":{\"@id\":\"https:\/\/www.suavinex.com\/livingsuavinex\/#organization\"},\"potentialAction\":[{\"@type\":\"SearchAction\",\"target\":{\"@type\":\"EntryPoint\",\"urlTemplate\":\"https:\/\/www.suavinex.com\/livingsuavinex\/?s={search_term_string}\"},\"query-input\":{\"@type\":\"PropertyValueSpecification\",\"valueRequired\":true,\"valueName\":\"search_term_string\"}}],\"inLanguage\":\"es\"},{\"@type\":\"Organization\",\"@id\":\"https:\/\/www.suavinex.com\/livingsuavinex\/#organization\",\"name\":\"Suavinex\",\"url\":\"https:\/\/www.suavinex.com\/livingsuavinex\/\",\"logo\":{\"@type\":\"ImageObject\",\"inLanguage\":\"es\",\"@id\":\"https:\/\/www.suavinex.com\/livingsuavinex\/#\/schema\/logo\/image\/\",\"url\":\"https:\/\/www.suavinex.com\/livingsuavinex\/wp-content\/uploads\/2018\/07\/living_sx_logo_mvl.png\",\"contentUrl\":\"https:\/\/www.suavinex.com\/livingsuavinex\/wp-content\/uploads\/2018\/07\/living_sx_logo_mvl.png\",\"width\":350,\"height\":70,\"caption\":\"Suavinex\"},\"image\":{\"@id\":\"https:\/\/www.suavinex.com\/livingsuavinex\/#\/schema\/logo\/image\/\"},\"sameAs\":[\"https:\/\/www.facebook.com\/SuavinexSpain\",\"https:\/\/x.com\/SuavinexSpain\",\"https:\/\/www.instagram.com\/suavinex_spain\/\",\"https:\/\/www.pinterest.es\/SuavinexSpain\/\",\"https:\/\/www.youtube.com\/channel\/UCgeJREx2R_ZvV2aQMrfWgcA\"]},{\"@type\":\"Person\",\"@id\":\"https:\/\/www.suavinex.com\/livingsuavinex\/#\/schema\/person\/64fd7b62c88b0024a3ceeffb47f07eb6\",\"name\":\"Living Suavinex\",\"image\":{\"@type\":\"ImageObject\",\"inLanguage\":\"es\",\"@id\":\"https:\/\/www.suavinex.com\/livingsuavinex\/#\/schema\/person\/image\/\",\"url\":\"https:\/\/www.suavinex.com\/livingsuavinex\/wp-content\/uploads\/2017\/05\/Living-Suavinex_avatar-96x96.png\",\"contentUrl\":\"https:\/\/www.suavinex.com\/livingsuavinex\/wp-content\/uploads\/2017\/05\/Living-Suavinex_avatar-96x96.png\",\"caption\":\"Living Suavinex\"}}]}<\/script>\n<!-- \/ Yoast SEO plugin. -->","yoast_head_json":{"title":"Cuentos para ayudar a los ni\u00f1os en la vuelta al cole","description":"Podremos visitar el colegio o la escuela los d\u00edas previos, hablar siempre en positivo de esta nueva etapa y podemos contarles cuentos.","robots":{"index":"index","follow":"follow","max-snippet":"max-snippet:-1","max-image-preview":"max-image-preview:large","max-video-preview":"max-video-preview:-1"},"canonical":"https:\/\/www.suavinex.com\/livingsuavinex\/cuentos-vuelta-al-cole\/","og_locale":"es_ES","og_type":"article","og_title":"Cuentos para ayudar a los ni\u00f1os en la vuelta al cole","og_description":"Podremos visitar el colegio o la escuela los d\u00edas previos, hablar siempre en positivo de esta nueva etapa y podemos contarles cuentos.","og_url":"https:\/\/www.suavinex.com\/livingsuavinex\/cuentos-vuelta-al-cole\/","og_site_name":"Living Suavinex","article_publisher":"https:\/\/www.facebook.com\/SuavinexSpain","article_published_time":"2017-08-30T07:17:49+00:00","article_modified_time":"2023-08-18T06:52:40+00:00","og_image":[{"width":800,"height":474,"url":"https:\/\/www.suavinex.com\/livingsuavinex\/wp-content\/uploads\/2017\/08\/cuentos_vuelta_al_cole_2.jpg","type":"image\/jpeg"}],"author":"Living Suavinex","twitter_card":"summary_large_image","twitter_creator":"@SuavinexSpain","twitter_site":"@SuavinexSpain","twitter_misc":{"Escrito por":"Living Suavinex","Tiempo de lectura":"4 minutos"},"schema":{"@context":"https:\/\/schema.org","@graph":[{"@type":"Article","@id":"https:\/\/www.suavinex.com\/livingsuavinex\/cuentos-vuelta-al-cole\/#article","isPartOf":{"@id":"https:\/\/www.suavinex.com\/livingsuavinex\/cuentos-vuelta-al-cole\/"},"author":{"name":"Living Suavinex","@id":"https:\/\/www.suavinex.com\/livingsuavinex\/#\/schema\/person\/64fd7b62c88b0024a3ceeffb47f07eb6"},"headline":"Cuentos para la vuelta al cole","datePublished":"2017-08-30T07:17:49+00:00","dateModified":"2023-08-18T06:52:40+00:00","mainEntityOfPage":{"@id":"https:\/\/www.suavinex.com\/livingsuavinex\/cuentos-vuelta-al-cole\/"},"wordCount":725,"commentCount":2,"publisher":{"@id":"https:\/\/www.suavinex.com\/livingsuavinex\/#organization"},"image":{"@id":"https:\/\/www.suavinex.com\/livingsuavinex\/cuentos-vuelta-al-cole\/#primaryimage"},"thumbnailUrl":"https:\/\/www.suavinex.com\/livingsuavinex\/wp-content\/uploads\/2017\/08\/cuentos_vuelta_al_cole_2.jpg","keywords":["Familia","Hijos","Ocio en familia"],"articleSection":["Planes en familia"],"inLanguage":"es"},{"@type":"WebPage","@id":"https:\/\/www.suavinex.com\/livingsuavinex\/cuentos-vuelta-al-cole\/","url":"https:\/\/www.suavinex.com\/livingsuavinex\/cuentos-vuelta-al-cole\/","name":"Cuentos para ayudar a los ni\u00f1os en la vuelta al cole","isPartOf":{"@id":"https:\/\/www.suavinex.com\/livingsuavinex\/#website"},"primaryImageOfPage":{"@id":"https:\/\/www.suavinex.com\/livingsuavinex\/cuentos-vuelta-al-cole\/#primaryimage"},"image":{"@id":"https:\/\/www.suavinex.com\/livingsuavinex\/cuentos-vuelta-al-cole\/#primaryimage"},"thumbnailUrl":"https:\/\/www.suavinex.com\/livingsuavinex\/wp-content\/uploads\/2017\/08\/cuentos_vuelta_al_cole_2.jpg","datePublished":"2017-08-30T07:17:49+00:00","dateModified":"2023-08-18T06:52:40+00:00","description":"Podremos visitar el colegio o la escuela los d\u00edas previos, hablar siempre en positivo de esta nueva etapa y podemos contarles cuentos.","breadcrumb":{"@id":"https:\/\/www.suavinex.com\/livingsuavinex\/cuentos-vuelta-al-cole\/#breadcrumb"},"inLanguage":"es","potentialAction":[{"@type":"ReadAction","target":["https:\/\/www.suavinex.com\/livingsuavinex\/cuentos-vuelta-al-cole\/"]}]},{"@type":"ImageObject","inLanguage":"es","@id":"https:\/\/www.suavinex.com\/livingsuavinex\/cuentos-vuelta-al-cole\/#primaryimage","url":"https:\/\/www.suavinex.com\/livingsuavinex\/wp-content\/uploads\/2017\/08\/cuentos_vuelta_al_cole_2.jpg","contentUrl":"https:\/\/www.suavinex.com\/livingsuavinex\/wp-content\/uploads\/2017\/08\/cuentos_vuelta_al_cole_2.jpg","width":800,"height":474},{"@type":"BreadcrumbList","@id":"https:\/\/www.suavinex.com\/livingsuavinex\/cuentos-vuelta-al-cole\/#breadcrumb","itemListElement":[{"@type":"ListItem","position":1,"name":"Portada","item":"https:\/\/www.suavinex.com\/livingsuavinex\/"},{"@type":"ListItem","position":2,"name":"Cuentos para la vuelta al cole"}]},{"@type":"WebSite","@id":"https:\/\/www.suavinex.com\/livingsuavinex\/#website","url":"https:\/\/www.suavinex.com\/livingsuavinex\/","name":"Living Suavinex","description":"| Familias reales","publisher":{"@id":"https:\/\/www.suavinex.com\/livingsuavinex\/#organization"},"potentialAction":[{"@type":"SearchAction","target":{"@type":"EntryPoint","urlTemplate":"https:\/\/www.suavinex.com\/livingsuavinex\/?s={search_term_string}"},"query-input":{"@type":"PropertyValueSpecification","valueRequired":true,"valueName":"search_term_string"}}],"inLanguage":"es"},{"@type":"Organization","@id":"https:\/\/www.suavinex.com\/livingsuavinex\/#organization","name":"Suavinex","url":"https:\/\/www.suavinex.com\/livingsuavinex\/","logo":{"@type":"ImageObject","inLanguage":"es","@id":"https:\/\/www.suavinex.com\/livingsuavinex\/#\/schema\/logo\/image\/","url":"https:\/\/www.suavinex.com\/livingsuavinex\/wp-content\/uploads\/2018\/07\/living_sx_logo_mvl.png","contentUrl":"https:\/\/www.suavinex.com\/livingsuavinex\/wp-content\/uploads\/2018\/07\/living_sx_logo_mvl.png","width":350,"height":70,"caption":"Suavinex"},"image":{"@id":"https:\/\/www.suavinex.com\/livingsuavinex\/#\/schema\/logo\/image\/"},"sameAs":["https:\/\/www.facebook.com\/SuavinexSpain","https:\/\/x.com\/SuavinexSpain","https:\/\/www.instagram.com\/suavinex_spain\/","https:\/\/www.pinterest.es\/SuavinexSpain\/","https:\/\/www.youtube.com\/channel\/UCgeJREx2R_ZvV2aQMrfWgcA"]},{"@type":"Person","@id":"https:\/\/www.suavinex.com\/livingsuavinex\/#\/schema\/person\/64fd7b62c88b0024a3ceeffb47f07eb6","name":"Living Suavinex","image":{"@type":"ImageObject","inLanguage":"es","@id":"https:\/\/www.suavinex.com\/livingsuavinex\/#\/schema\/person\/image\/","url":"https:\/\/www.suavinex.com\/livingsuavinex\/wp-content\/uploads\/2017\/05\/Living-Suavinex_avatar-96x96.png","contentUrl":"https:\/\/www.suavinex.com\/livingsuavinex\/wp-content\/uploads\/2017\/05\/Living-Suavinex_avatar-96x96.png","caption":"Living Suavinex"}}]}},"_links":{"self":[{"href":"https:\/\/www.suavinex.com\/livingsuavinex\/wp-json\/wp\/v2\/posts\/18628","targetHints":{"allow":["GET"]}}],"collection":[{"href":"https:\/\/www.suavinex.com\/livingsuavinex\/wp-json\/wp\/v2\/posts"}],"about":[{"href":"https:\/\/www.suavinex.com\/livingsuavinex\/wp-json\/wp\/v2\/types\/post"}],"author":[{"embeddable":true,"href":"https:\/\/www.suavinex.com\/livingsuavinex\/wp-json\/wp\/v2\/users\/288"}],"replies":[{"embeddable":true,"href":"https:\/\/www.suavinex.com\/livingsuavinex\/wp-json\/wp\/v2\/comments?post=18628"}],"version-history":[{"count":11,"href":"https:\/\/www.suavinex.com\/livingsuavinex\/wp-json\/wp\/v2\/posts\/18628\/revisions"}],"predecessor-version":[{"id":44653,"href":"https:\/\/www.suavinex.com\/livingsuavinex\/wp-json\/wp\/v2\/posts\/18628\/revisions\/44653"}],"wp:featuredmedia":[{"embeddable":true,"href":"https:\/\/www.suavinex.com\/livingsuavinex\/wp-json\/wp\/v2\/media\/23238"}],"wp:attachment":[{"href":"https:\/\/www.suavinex.com\/livingsuavinex\/wp-json\/wp\/v2\/media?parent=18628"}],"wp:term":[{"taxonomy":"category","embeddable":true,"href":"https:\/\/www.suavinex.com\/livingsuavinex\/wp-json\/wp\/v2\/categories?post=18628"},{"taxonomy":"post_tag","embeddable":true,"href":"https:\/\/www.suavinex.com\/livingsuavinex\/wp-json\/wp\/v2\/tags?post=18628"}],"curies":[{"name":"wp","href":"https:\/\/api.w.org\/{rel}","templated":true}]}}