{"id":17800,"date":"2017-06-21T06:00:00","date_gmt":"2017-06-21T04:00:00","guid":{"rendered":"https:\/\/www.suavinex.com\/livingsuavinex\/?p=17800"},"modified":"2020-04-01T01:14:44","modified_gmt":"2020-03-31T23:14:44","slug":"novedades-proximo-curso-escolar","status":"publish","type":"post","link":"https:\/\/www.suavinex.com\/livingsuavinex\/novedades-proximo-curso-escolar\/","title":{"rendered":"Novedades para el pr\u00f3ximo curso escolar"},"content":{"rendered":"<p>Parece mentira, pero el curso 2016\/2017 est\u00e1 terminando. Atr\u00e1s dejamos meses de aprendizaje, de pasar tiempo con los amigos, de hacer deberes (o no) y de extraescolares. Comienzan las colonias y campamentos<a href=\"https:\/\/www.suavinex.com\/livingsuavinex\/otitis-ninos\/\" target=\"_blank\" rel=\"noopener noreferrer\"> de verano<\/a>, mucho menos r\u00edgidas y, por norma general, m\u00e1s experimentales. Aunque no te conf\u00edes mucho. En breve te encontrar\u00e1s comprando nuevos uniformes o ropa c\u00f3moda para ir al cole. Junio no ha terminado a\u00fan, pero septiembre est\u00e1 a la vuelta de la esquina. Si todav\u00eda no sabes cu\u00e1les son las\u00a0<strong>novedades para el pr\u00f3ximo curso escolar,<\/strong> te las contamos.<\/p>\n<h2>Escolarizaci\u00f3n de prematuros<\/h2>\n<p>Una de las novedades con respecto a a\u00f1os anteriores se refiere a los ni\u00f1os y ni\u00f1as prematuros. Hasta el momento, eran escolarizados tomando como referencia la fecha de nacimiento en la que hab\u00edan nacido. Hace unas\u00a0semanas, <strong>el Ministerio de Educaci\u00f3n emiti\u00f3\u00a0una orden por la que se permite la escolarizaci\u00f3n teniendo en cuenta la edad corregida.<\/strong> El t\u00e9rmino \u00abedad corregida\u00bb hace referencia a la edad del beb\u00e9 si hubiera nacido en su fecha prevista de parto. Algo\u00a0especialmente importante\u00a0en el caso de los beb\u00e9s que ten\u00edan prevista su llegada al mundo en un a\u00f1o diferente al que lo hicieron.<\/p>\n<p>Los padres de algunos de esos peques, sobre todo de los grandes prematuros, llevaban tiempo pidiendo dicha orden. Y es que, para <a href=\"http:\/\/www.serpadres.es\/bebe\/0-3-meses\/articulo\/cuidados-bebe-prematuro-primer-ano\" target=\"_blank\" rel=\"noopener noreferrer\" class=\"broken_link\">valorar el grado de madurez <\/a>de un beb\u00e9 prematuro, es necesario tener en cuenta la edad corregida, no la real. <strong>La diferencia de madurez se aprecia en la evaluaci\u00f3n escolar.<\/strong><\/p>\n<h2>Escolarizaci\u00f3n de mellizos y gemelos<\/h2>\n<p>Llevaban\u00a0a\u00f1os reivindicando que la decisi\u00f3n de separar o no a los hermanos en el aula sea de los padres. Y, al fin, el colectivo de madres y padres de m\u00faltiples vio en marzo\u00a0<a href=\"http:\/\/meritxellpalou.blogspot.com.es\/2017\/03\/primerasentenciaescolarizacionmultiples.html\" target=\"_blank\" rel=\"noopener noreferrer\">c\u00f3mo un juez de Badajoz les daba la raz\u00f3n<\/a>. Poco despu\u00e9s\u00a0sal\u00eda a la luz la\u00a0<a href=\"http:\/\/ccaa.elpais.com\/ccaa\/2017\/03\/31\/madrid\/1490944742_097525.html\" target=\"_blank\" rel=\"noopener noreferrer\">recomendaci\u00f3n de la\u00a0Consejer\u00eda de Educaci\u00f3n <\/a>de la Comunidad de Madrid de<strong> escuchar la opini\u00f3n de los padres en el proceso de escolarizaci\u00f3n de sus hijos.<\/strong> Conf\u00edan en que esta decisi\u00f3n se extienda dentro de poco al resto de las Comunidades.<\/p>\n<p>Nos gustar\u00eda conocer tu opini\u00f3n si tus hijos pertenecen a algunos de los grupos a los que se refieren las medidas comentadas. \u00bfQu\u00e9 te parecen? \u00bfA favor o en contra? Cu\u00e9ntanoslo.<\/p>\n","protected":false},"excerpt":{"rendered":"Parece mentira, pero el curso 2016\/2017 est\u00e1 terminando. Atr\u00e1s dejamos meses de aprendizaje, de pasar tiempo con los amigos, de hacer deberes (o no) y de extraescolares. Comienzan las colonias y campamentos de verano, mucho menos r\u00edgidas y, por norma general, m\u00e1s experimentales. Aunque no te conf\u00edes mucho. En breve&#8230; <a class=\"view-article\" href=\"https:\/\/www.suavinex.com\/livingsuavinex\/novedades-proximo-curso-escolar\/\">Ver art\u00edculo<\/a>","protected":false},"author":295,"featured_media":23264,"comment_status":"open","ping_status":"open","sticky":false,"template":"","format":"standard","meta":{"inline_featured_image":false,"footnotes":""},"categories":[2272],"tags":[12,9,191],"class_list":["post-17800","post","type-post","status-publish","format-standard","has-post-thumbnail","hentry","category-tips-crianza","tag-hijos","tag-maternidad","tag-paternidad"],"yoast_head":"<!-- This site is optimized with the Yoast SEO plugin v26.8 - https:\/\/yoast.com\/product\/yoast-seo-wordpress\/ -->\n<title>Novedades para el pr\u00f3ximo curso escolar | Living Suavinex<\/title>\n<meta name=\"robots\" content=\"index, follow, max-snippet:-1, max-image-preview:large, max-video-preview:-1\" \/>\n<link rel=\"canonical\" href=\"https:\/\/www.suavinex.com\/livingsuavinex\/novedades-proximo-curso-escolar\/\" \/>\n<meta property=\"og:locale\" content=\"es_ES\" \/>\n<meta property=\"og:type\" content=\"article\" \/>\n<meta property=\"og:title\" content=\"Novedades para el pr\u00f3ximo curso escolar | Living Suavinex\" \/>\n<meta property=\"og:description\" content=\"Parece mentira, pero el curso 2016\/2017 est\u00e1 terminando. Atr\u00e1s dejamos meses de aprendizaje, de pasar tiempo con los amigos, de hacer deberes (o no) y de extraescolares. Comienzan las colonias y campamentos de verano, mucho menos r\u00edgidas y, por norma general, m\u00e1s experimentales. Aunque no te conf\u00edes mucho. En breve... Ver art\u00edculo\" \/>\n<meta property=\"og:url\" content=\"https:\/\/www.suavinex.com\/livingsuavinex\/novedades-proximo-curso-escolar\/\" \/>\n<meta property=\"og:site_name\" content=\"Living Suavinex\" \/>\n<meta property=\"article:publisher\" content=\"https:\/\/www.facebook.com\/SuavinexSpain\" \/>\n<meta property=\"article:published_time\" content=\"2017-06-21T04:00:00+00:00\" \/>\n<meta property=\"article:modified_time\" content=\"2020-03-31T23:14:44+00:00\" \/>\n<meta property=\"og:image\" content=\"https:\/\/www.suavinex.com\/livingsuavinex\/wp-content\/uploads\/2017\/06\/escolar_21_junio-post-2_2.jpg\" \/>\n\t<meta property=\"og:image:width\" content=\"800\" \/>\n\t<meta property=\"og:image:height\" content=\"474\" \/>\n\t<meta property=\"og:image:type\" content=\"image\/jpeg\" \/>\n<meta name=\"author\" content=\"Suavinex Central\" \/>\n<meta name=\"twitter:card\" content=\"summary_large_image\" \/>\n<meta name=\"twitter:creator\" content=\"@SuavinexSpain\" \/>\n<meta name=\"twitter:site\" content=\"@SuavinexSpain\" \/>\n<meta name=\"twitter:label1\" content=\"Escrito por\" \/>\n\t<meta name=\"twitter:data1\" content=\"Suavinex Central\" \/>\n\t<meta name=\"twitter:label2\" content=\"Tiempo de lectura\" \/>\n\t<meta name=\"twitter:data2\" content=\"2 minutos\" \/>\n<script type=\"application\/ld+json\" class=\"yoast-schema-graph\">{\"@context\":\"https:\/\/schema.org\",\"@graph\":[{\"@type\":\"Article\",\"@id\":\"https:\/\/www.suavinex.com\/livingsuavinex\/novedades-proximo-curso-escolar\/#article\",\"isPartOf\":{\"@id\":\"https:\/\/www.suavinex.com\/livingsuavinex\/novedades-proximo-curso-escolar\/\"},\"author\":{\"name\":\"Suavinex Central\",\"@id\":\"https:\/\/www.suavinex.com\/livingsuavinex\/#\/schema\/person\/836d83f4b1821b11b7b47cffd08f1ecb\"},\"headline\":\"Novedades para el pr\u00f3ximo curso escolar\",\"datePublished\":\"2017-06-21T04:00:00+00:00\",\"dateModified\":\"2020-03-31T23:14:44+00:00\",\"mainEntityOfPage\":{\"@id\":\"https:\/\/www.suavinex.com\/livingsuavinex\/novedades-proximo-curso-escolar\/\"},\"wordCount\":421,\"commentCount\":1,\"publisher\":{\"@id\":\"https:\/\/www.suavinex.com\/livingsuavinex\/#organization\"},\"image\":{\"@id\":\"https:\/\/www.suavinex.com\/livingsuavinex\/novedades-proximo-curso-escolar\/#primaryimage\"},\"thumbnailUrl\":\"https:\/\/www.suavinex.com\/livingsuavinex\/wp-content\/uploads\/2017\/06\/escolar_21_junio-post-2_2.jpg\",\"keywords\":[\"Hijos\",\"Maternidad\",\"Paternidad\"],\"articleSection\":[\"Tips de crianza\"],\"inLanguage\":\"es\"},{\"@type\":\"WebPage\",\"@id\":\"https:\/\/www.suavinex.com\/livingsuavinex\/novedades-proximo-curso-escolar\/\",\"url\":\"https:\/\/www.suavinex.com\/livingsuavinex\/novedades-proximo-curso-escolar\/\",\"name\":\"Novedades para el pr\u00f3ximo curso escolar | Living Suavinex\",\"isPartOf\":{\"@id\":\"https:\/\/www.suavinex.com\/livingsuavinex\/#website\"},\"primaryImageOfPage\":{\"@id\":\"https:\/\/www.suavinex.com\/livingsuavinex\/novedades-proximo-curso-escolar\/#primaryimage\"},\"image\":{\"@id\":\"https:\/\/www.suavinex.com\/livingsuavinex\/novedades-proximo-curso-escolar\/#primaryimage\"},\"thumbnailUrl\":\"https:\/\/www.suavinex.com\/livingsuavinex\/wp-content\/uploads\/2017\/06\/escolar_21_junio-post-2_2.jpg\",\"datePublished\":\"2017-06-21T04:00:00+00:00\",\"dateModified\":\"2020-03-31T23:14:44+00:00\",\"breadcrumb\":{\"@id\":\"https:\/\/www.suavinex.com\/livingsuavinex\/novedades-proximo-curso-escolar\/#breadcrumb\"},\"inLanguage\":\"es\",\"potentialAction\":[{\"@type\":\"ReadAction\",\"target\":[\"https:\/\/www.suavinex.com\/livingsuavinex\/novedades-proximo-curso-escolar\/\"]}]},{\"@type\":\"ImageObject\",\"inLanguage\":\"es\",\"@id\":\"https:\/\/www.suavinex.com\/livingsuavinex\/novedades-proximo-curso-escolar\/#primaryimage\",\"url\":\"https:\/\/www.suavinex.com\/livingsuavinex\/wp-content\/uploads\/2017\/06\/escolar_21_junio-post-2_2.jpg\",\"contentUrl\":\"https:\/\/www.suavinex.com\/livingsuavinex\/wp-content\/uploads\/2017\/06\/escolar_21_junio-post-2_2.jpg\",\"width\":800,\"height\":474},{\"@type\":\"BreadcrumbList\",\"@id\":\"https:\/\/www.suavinex.com\/livingsuavinex\/novedades-proximo-curso-escolar\/#breadcrumb\",\"itemListElement\":[{\"@type\":\"ListItem\",\"position\":1,\"name\":\"Portada\",\"item\":\"https:\/\/www.suavinex.com\/livingsuavinex\/\"},{\"@type\":\"ListItem\",\"position\":2,\"name\":\"Novedades para el pr\u00f3ximo curso escolar\"}]},{\"@type\":\"WebSite\",\"@id\":\"https:\/\/www.suavinex.com\/livingsuavinex\/#website\",\"url\":\"https:\/\/www.suavinex.com\/livingsuavinex\/\",\"name\":\"Living Suavinex\",\"description\":\"| Familias reales\",\"publisher\":{\"@id\":\"https:\/\/www.suavinex.com\/livingsuavinex\/#organization\"},\"potentialAction\":[{\"@type\":\"SearchAction\",\"target\":{\"@type\":\"EntryPoint\",\"urlTemplate\":\"https:\/\/www.suavinex.com\/livingsuavinex\/?s={search_term_string}\"},\"query-input\":{\"@type\":\"PropertyValueSpecification\",\"valueRequired\":true,\"valueName\":\"search_term_string\"}}],\"inLanguage\":\"es\"},{\"@type\":\"Organization\",\"@id\":\"https:\/\/www.suavinex.com\/livingsuavinex\/#organization\",\"name\":\"Suavinex\",\"url\":\"https:\/\/www.suavinex.com\/livingsuavinex\/\",\"logo\":{\"@type\":\"ImageObject\",\"inLanguage\":\"es\",\"@id\":\"https:\/\/www.suavinex.com\/livingsuavinex\/#\/schema\/logo\/image\/\",\"url\":\"https:\/\/www.suavinex.com\/livingsuavinex\/wp-content\/uploads\/2018\/07\/living_sx_logo_mvl.png\",\"contentUrl\":\"https:\/\/www.suavinex.com\/livingsuavinex\/wp-content\/uploads\/2018\/07\/living_sx_logo_mvl.png\",\"width\":350,\"height\":70,\"caption\":\"Suavinex\"},\"image\":{\"@id\":\"https:\/\/www.suavinex.com\/livingsuavinex\/#\/schema\/logo\/image\/\"},\"sameAs\":[\"https:\/\/www.facebook.com\/SuavinexSpain\",\"https:\/\/x.com\/SuavinexSpain\",\"https:\/\/www.instagram.com\/suavinex_spain\/\",\"https:\/\/www.pinterest.es\/SuavinexSpain\/\",\"https:\/\/www.youtube.com\/channel\/UCgeJREx2R_ZvV2aQMrfWgcA\"]},{\"@type\":\"Person\",\"@id\":\"https:\/\/www.suavinex.com\/livingsuavinex\/#\/schema\/person\/836d83f4b1821b11b7b47cffd08f1ecb\",\"name\":\"Suavinex Central\",\"image\":{\"@type\":\"ImageObject\",\"inLanguage\":\"es\",\"@id\":\"https:\/\/www.suavinex.com\/livingsuavinex\/#\/schema\/person\/image\/\",\"url\":\"https:\/\/secure.gravatar.com\/avatar\/bd43680b784882668035add29f959967?s=96&d=mm&r=g\",\"contentUrl\":\"https:\/\/secure.gravatar.com\/avatar\/bd43680b784882668035add29f959967?s=96&d=mm&r=g\",\"caption\":\"Suavinex Central\"}}]}<\/script>\n<!-- \/ Yoast SEO plugin. -->","yoast_head_json":{"title":"Novedades para el pr\u00f3ximo curso escolar | Living Suavinex","robots":{"index":"index","follow":"follow","max-snippet":"max-snippet:-1","max-image-preview":"max-image-preview:large","max-video-preview":"max-video-preview:-1"},"canonical":"https:\/\/www.suavinex.com\/livingsuavinex\/novedades-proximo-curso-escolar\/","og_locale":"es_ES","og_type":"article","og_title":"Novedades para el pr\u00f3ximo curso escolar | Living Suavinex","og_description":"Parece mentira, pero el curso 2016\/2017 est\u00e1 terminando. Atr\u00e1s dejamos meses de aprendizaje, de pasar tiempo con los amigos, de hacer deberes (o no) y de extraescolares. Comienzan las colonias y campamentos de verano, mucho menos r\u00edgidas y, por norma general, m\u00e1s experimentales. Aunque no te conf\u00edes mucho. En breve... Ver art\u00edculo","og_url":"https:\/\/www.suavinex.com\/livingsuavinex\/novedades-proximo-curso-escolar\/","og_site_name":"Living Suavinex","article_publisher":"https:\/\/www.facebook.com\/SuavinexSpain","article_published_time":"2017-06-21T04:00:00+00:00","article_modified_time":"2020-03-31T23:14:44+00:00","og_image":[{"width":800,"height":474,"url":"https:\/\/www.suavinex.com\/livingsuavinex\/wp-content\/uploads\/2017\/06\/escolar_21_junio-post-2_2.jpg","type":"image\/jpeg"}],"author":"Suavinex Central","twitter_card":"summary_large_image","twitter_creator":"@SuavinexSpain","twitter_site":"@SuavinexSpain","twitter_misc":{"Escrito por":"Suavinex Central","Tiempo de lectura":"2 minutos"},"schema":{"@context":"https:\/\/schema.org","@graph":[{"@type":"Article","@id":"https:\/\/www.suavinex.com\/livingsuavinex\/novedades-proximo-curso-escolar\/#article","isPartOf":{"@id":"https:\/\/www.suavinex.com\/livingsuavinex\/novedades-proximo-curso-escolar\/"},"author":{"name":"Suavinex Central","@id":"https:\/\/www.suavinex.com\/livingsuavinex\/#\/schema\/person\/836d83f4b1821b11b7b47cffd08f1ecb"},"headline":"Novedades para el pr\u00f3ximo curso escolar","datePublished":"2017-06-21T04:00:00+00:00","dateModified":"2020-03-31T23:14:44+00:00","mainEntityOfPage":{"@id":"https:\/\/www.suavinex.com\/livingsuavinex\/novedades-proximo-curso-escolar\/"},"wordCount":421,"commentCount":1,"publisher":{"@id":"https:\/\/www.suavinex.com\/livingsuavinex\/#organization"},"image":{"@id":"https:\/\/www.suavinex.com\/livingsuavinex\/novedades-proximo-curso-escolar\/#primaryimage"},"thumbnailUrl":"https:\/\/www.suavinex.com\/livingsuavinex\/wp-content\/uploads\/2017\/06\/escolar_21_junio-post-2_2.jpg","keywords":["Hijos","Maternidad","Paternidad"],"articleSection":["Tips de crianza"],"inLanguage":"es"},{"@type":"WebPage","@id":"https:\/\/www.suavinex.com\/livingsuavinex\/novedades-proximo-curso-escolar\/","url":"https:\/\/www.suavinex.com\/livingsuavinex\/novedades-proximo-curso-escolar\/","name":"Novedades para el pr\u00f3ximo curso escolar | Living Suavinex","isPartOf":{"@id":"https:\/\/www.suavinex.com\/livingsuavinex\/#website"},"primaryImageOfPage":{"@id":"https:\/\/www.suavinex.com\/livingsuavinex\/novedades-proximo-curso-escolar\/#primaryimage"},"image":{"@id":"https:\/\/www.suavinex.com\/livingsuavinex\/novedades-proximo-curso-escolar\/#primaryimage"},"thumbnailUrl":"https:\/\/www.suavinex.com\/livingsuavinex\/wp-content\/uploads\/2017\/06\/escolar_21_junio-post-2_2.jpg","datePublished":"2017-06-21T04:00:00+00:00","dateModified":"2020-03-31T23:14:44+00:00","breadcrumb":{"@id":"https:\/\/www.suavinex.com\/livingsuavinex\/novedades-proximo-curso-escolar\/#breadcrumb"},"inLanguage":"es","potentialAction":[{"@type":"ReadAction","target":["https:\/\/www.suavinex.com\/livingsuavinex\/novedades-proximo-curso-escolar\/"]}]},{"@type":"ImageObject","inLanguage":"es","@id":"https:\/\/www.suavinex.com\/livingsuavinex\/novedades-proximo-curso-escolar\/#primaryimage","url":"https:\/\/www.suavinex.com\/livingsuavinex\/wp-content\/uploads\/2017\/06\/escolar_21_junio-post-2_2.jpg","contentUrl":"https:\/\/www.suavinex.com\/livingsuavinex\/wp-content\/uploads\/2017\/06\/escolar_21_junio-post-2_2.jpg","width":800,"height":474},{"@type":"BreadcrumbList","@id":"https:\/\/www.suavinex.com\/livingsuavinex\/novedades-proximo-curso-escolar\/#breadcrumb","itemListElement":[{"@type":"ListItem","position":1,"name":"Portada","item":"https:\/\/www.suavinex.com\/livingsuavinex\/"},{"@type":"ListItem","position":2,"name":"Novedades para el pr\u00f3ximo curso escolar"}]},{"@type":"WebSite","@id":"https:\/\/www.suavinex.com\/livingsuavinex\/#website","url":"https:\/\/www.suavinex.com\/livingsuavinex\/","name":"Living Suavinex","description":"| Familias reales","publisher":{"@id":"https:\/\/www.suavinex.com\/livingsuavinex\/#organization"},"potentialAction":[{"@type":"SearchAction","target":{"@type":"EntryPoint","urlTemplate":"https:\/\/www.suavinex.com\/livingsuavinex\/?s={search_term_string}"},"query-input":{"@type":"PropertyValueSpecification","valueRequired":true,"valueName":"search_term_string"}}],"inLanguage":"es"},{"@type":"Organization","@id":"https:\/\/www.suavinex.com\/livingsuavinex\/#organization","name":"Suavinex","url":"https:\/\/www.suavinex.com\/livingsuavinex\/","logo":{"@type":"ImageObject","inLanguage":"es","@id":"https:\/\/www.suavinex.com\/livingsuavinex\/#\/schema\/logo\/image\/","url":"https:\/\/www.suavinex.com\/livingsuavinex\/wp-content\/uploads\/2018\/07\/living_sx_logo_mvl.png","contentUrl":"https:\/\/www.suavinex.com\/livingsuavinex\/wp-content\/uploads\/2018\/07\/living_sx_logo_mvl.png","width":350,"height":70,"caption":"Suavinex"},"image":{"@id":"https:\/\/www.suavinex.com\/livingsuavinex\/#\/schema\/logo\/image\/"},"sameAs":["https:\/\/www.facebook.com\/SuavinexSpain","https:\/\/x.com\/SuavinexSpain","https:\/\/www.instagram.com\/suavinex_spain\/","https:\/\/www.pinterest.es\/SuavinexSpain\/","https:\/\/www.youtube.com\/channel\/UCgeJREx2R_ZvV2aQMrfWgcA"]},{"@type":"Person","@id":"https:\/\/www.suavinex.com\/livingsuavinex\/#\/schema\/person\/836d83f4b1821b11b7b47cffd08f1ecb","name":"Suavinex Central","image":{"@type":"ImageObject","inLanguage":"es","@id":"https:\/\/www.suavinex.com\/livingsuavinex\/#\/schema\/person\/image\/","url":"https:\/\/secure.gravatar.com\/avatar\/bd43680b784882668035add29f959967?s=96&d=mm&r=g","contentUrl":"https:\/\/secure.gravatar.com\/avatar\/bd43680b784882668035add29f959967?s=96&d=mm&r=g","caption":"Suavinex Central"}}]}},"_links":{"self":[{"href":"https:\/\/www.suavinex.com\/livingsuavinex\/wp-json\/wp\/v2\/posts\/17800","targetHints":{"allow":["GET"]}}],"collection":[{"href":"https:\/\/www.suavinex.com\/livingsuavinex\/wp-json\/wp\/v2\/posts"}],"about":[{"href":"https:\/\/www.suavinex.com\/livingsuavinex\/wp-json\/wp\/v2\/types\/post"}],"author":[{"embeddable":true,"href":"https:\/\/www.suavinex.com\/livingsuavinex\/wp-json\/wp\/v2\/users\/295"}],"replies":[{"embeddable":true,"href":"https:\/\/www.suavinex.com\/livingsuavinex\/wp-json\/wp\/v2\/comments?post=17800"}],"version-history":[{"count":5,"href":"https:\/\/www.suavinex.com\/livingsuavinex\/wp-json\/wp\/v2\/posts\/17800\/revisions"}],"predecessor-version":[{"id":40737,"href":"https:\/\/www.suavinex.com\/livingsuavinex\/wp-json\/wp\/v2\/posts\/17800\/revisions\/40737"}],"wp:featuredmedia":[{"embeddable":true,"href":"https:\/\/www.suavinex.com\/livingsuavinex\/wp-json\/wp\/v2\/media\/23264"}],"wp:attachment":[{"href":"https:\/\/www.suavinex.com\/livingsuavinex\/wp-json\/wp\/v2\/media?parent=17800"}],"wp:term":[{"taxonomy":"category","embeddable":true,"href":"https:\/\/www.suavinex.com\/livingsuavinex\/wp-json\/wp\/v2\/categories?post=17800"},{"taxonomy":"post_tag","embeddable":true,"href":"https:\/\/www.suavinex.com\/livingsuavinex\/wp-json\/wp\/v2\/tags?post=17800"}],"curies":[{"name":"wp","href":"https:\/\/api.w.org\/{rel}","templated":true}]}}