{"id":17361,"date":"2017-05-18T06:00:00","date_gmt":"2017-05-18T04:00:00","guid":{"rendered":"https:\/\/www.suavinex.com\/livingsuavinex\/?p=17361"},"modified":"2022-11-14T19:24:11","modified_gmt":"2022-11-14T18:24:11","slug":"desgravan-hijos-declaracion-renta","status":"publish","type":"post","link":"https:\/\/www.suavinex.com\/livingsuavinex\/desgravan-hijos-declaracion-renta\/","title":{"rendered":"C\u00f3mo y cu\u00e1nto desgravan los hijos en la declaraci\u00f3n de la renta"},"content":{"rendered":"<p>Por si no has vivido suficientes cambios desde el momento en que te quedaste embarazada, resulta que ahora <b>tu contribuci\u00f3n a las arcas del estado tambi\u00e9n var\u00eda<\/b>. S\u00ed, <b>tener hijos supone un cambio en la tributaci\u00f3n por IRPF de las familias<\/b>. El cambio se har\u00e1 efectivo tan pronto como tu peque figure en los registros de la Agencia Tributaria, as\u00ed que no olvides actualizar tus datos antes de hacer tu pr\u00f3xima declaraci\u00f3n de la renta.<\/p>\n<p>Si quieres saber c\u00f3mo te afecta esto y cu\u00e1nto puedes desgravar en tu pr\u00f3xima declaraci\u00f3n de la renta, \u00a1presta atenci\u00f3n!<\/p>\n<h2>Cambios en el m\u00ednimo exento<\/h2>\n<p><span style=\"font-weight: 400;\">Debes saber que, simplemente por el hecho de ser padre o madre, el m\u00ednimo exento aumenta. Es decir, si el Estado entiende que tienes que hacerte cargo de tus hijos, tu tributaci\u00f3n ya disminuye. Este m\u00ednimo del que hablamos es el dinero que se considera necesario para poder vivir. Por lo tanto, para Hacienda est\u00e1 exento de obligaciones fiscales. Adem\u00e1s, <b>por cada hijo que tengas el m\u00ednimo exento ser\u00e1 m\u00e1s alto<\/b>, increment\u00e1ndose en 2.400 euros por el primero, 2.700 por el segundo y 4.500 por los siguientes.<\/span><\/p>\n<h2>Baja por maternidad<\/h2>\n<p>Aquellas madres que trabajen y est\u00e9n recibiendo su salario por cuenta de la Seguridad Social durante el periodo de baja, tambi\u00e9n tienen opci\u00f3n a una deducci\u00f3n de 1.200 euros. Cabe destacar que \u00e9sta se puede pedir de forma anticipada. En ese caso, se recibir\u00edan 100 euros por cada uno de los meses, pero no existir\u00eda reducci\u00f3n en la carga impositiva.<\/p>\n<h2>Casos especiales<\/h2>\n<p>La \u00faltima reforma fiscal tambi\u00e9n contempla situaciones espec\u00edficas que supondr\u00edan una ventaja fiscal de cara a la tributaci\u00f3n del IRPF. As\u00ed, <b>las familias numerosas<\/b> ver\u00e1n c\u00f3mo se les aplica una deducci\u00f3n semejante a la de la baja por maternidad. De hecho, tambi\u00e9n pueden pedirla por anticipado para recibir 100\u20ac mensuales. Esta ayuda se hace efectiva para todas aquellas familias con 3 o m\u00e1s hijos.\u00a0Tambi\u00e9n para las monoparentales con dos o m\u00e1s hijos a cargo.<\/p>\n<p>La misma ayuda existe para aquellas familias que tengan hijos a cargo con alguna discapacidad. Todas estas ayudas son, adem\u00e1s acumulables.<\/p>\n<p>Algunas Comunidades Aut\u00f3nomas tienen, adem\u00e1s deducciones adicionales. As\u00ed que si vas a hacer la declaraci\u00f3n de la renta, \u00a1no olvides poner todas estas opciones en tu borrador para comprobar c\u00f3mo te puede afectar!<\/p>\n","protected":false},"excerpt":{"rendered":"Por si no has vivido suficientes cambios desde el momento en que te quedaste embarazada, resulta que ahora tu contribuci\u00f3n a las arcas del estado tambi\u00e9n var\u00eda. S\u00ed, tener hijos supone un cambio en la tributaci\u00f3n por IRPF de las familias. El cambio se har\u00e1 efectivo tan pronto como tu&#8230; <a class=\"view-article\" href=\"https:\/\/www.suavinex.com\/livingsuavinex\/desgravan-hijos-declaracion-renta\/\">Ver art\u00edculo<\/a>","protected":false},"author":295,"featured_media":23347,"comment_status":"open","ping_status":"open","sticky":false,"template":"","format":"standard","meta":{"inline_featured_image":false,"footnotes":""},"categories":[2272],"tags":[12,9,191],"class_list":["post-17361","post","type-post","status-publish","format-standard","has-post-thumbnail","hentry","category-tips-crianza","tag-hijos","tag-maternidad","tag-paternidad"],"yoast_head":"<!-- This site is optimized with the Yoast SEO plugin v26.8 - https:\/\/yoast.com\/product\/yoast-seo-wordpress\/ -->\n<title>C\u00f3mo y cu\u00e1nto desgravan los hijos en la declaraci\u00f3n de la renta<\/title>\n<meta name=\"description\" content=\"Tener hijos supone un cambio en la tributaci\u00f3n por IRPF de las familias. No olvides actualizar tus datos antes de hacer tu pr\u00f3xima declaraci\u00f3n de la renta.\" \/>\n<meta name=\"robots\" content=\"index, follow, max-snippet:-1, max-image-preview:large, max-video-preview:-1\" \/>\n<link rel=\"canonical\" href=\"https:\/\/www.suavinex.com\/livingsuavinex\/desgravan-hijos-declaracion-renta\/\" \/>\n<meta property=\"og:locale\" content=\"es_ES\" \/>\n<meta property=\"og:type\" content=\"article\" \/>\n<meta property=\"og:title\" content=\"C\u00f3mo y cu\u00e1nto desgravan los hijos en la declaraci\u00f3n de la renta\" \/>\n<meta property=\"og:description\" content=\"Tener hijos supone un cambio en la tributaci\u00f3n por IRPF de las familias. No olvides actualizar tus datos antes de hacer tu pr\u00f3xima declaraci\u00f3n de la renta.\" \/>\n<meta property=\"og:url\" content=\"https:\/\/www.suavinex.com\/livingsuavinex\/desgravan-hijos-declaracion-renta\/\" \/>\n<meta property=\"og:site_name\" content=\"Living Suavinex\" \/>\n<meta property=\"article:publisher\" content=\"https:\/\/www.facebook.com\/SuavinexSpain\" \/>\n<meta property=\"article:published_time\" content=\"2017-05-18T04:00:00+00:00\" \/>\n<meta property=\"article:modified_time\" content=\"2022-11-14T18:24:11+00:00\" \/>\n<meta property=\"og:image\" content=\"https:\/\/www.suavinex.com\/livingsuavinex\/wp-content\/uploads\/2017\/05\/post_irpf_BLOG_2.jpg\" \/>\n\t<meta property=\"og:image:width\" content=\"800\" \/>\n\t<meta property=\"og:image:height\" content=\"474\" \/>\n\t<meta property=\"og:image:type\" content=\"image\/jpeg\" \/>\n<meta name=\"author\" content=\"Suavinex Central\" \/>\n<meta name=\"twitter:card\" content=\"summary_large_image\" \/>\n<meta name=\"twitter:creator\" content=\"@SuavinexSpain\" \/>\n<meta name=\"twitter:site\" content=\"@SuavinexSpain\" \/>\n<meta name=\"twitter:label1\" content=\"Escrito por\" \/>\n\t<meta name=\"twitter:data1\" content=\"Suavinex Central\" \/>\n\t<meta name=\"twitter:label2\" content=\"Tiempo de lectura\" \/>\n\t<meta name=\"twitter:data2\" content=\"2 minutos\" \/>\n<script type=\"application\/ld+json\" class=\"yoast-schema-graph\">{\"@context\":\"https:\/\/schema.org\",\"@graph\":[{\"@type\":\"Article\",\"@id\":\"https:\/\/www.suavinex.com\/livingsuavinex\/desgravan-hijos-declaracion-renta\/#article\",\"isPartOf\":{\"@id\":\"https:\/\/www.suavinex.com\/livingsuavinex\/desgravan-hijos-declaracion-renta\/\"},\"author\":{\"name\":\"Suavinex Central\",\"@id\":\"https:\/\/www.suavinex.com\/livingsuavinex\/#\/schema\/person\/836d83f4b1821b11b7b47cffd08f1ecb\"},\"headline\":\"C\u00f3mo y cu\u00e1nto desgravan los hijos en la declaraci\u00f3n de la renta\",\"datePublished\":\"2017-05-18T04:00:00+00:00\",\"dateModified\":\"2022-11-14T18:24:11+00:00\",\"mainEntityOfPage\":{\"@id\":\"https:\/\/www.suavinex.com\/livingsuavinex\/desgravan-hijos-declaracion-renta\/\"},\"wordCount\":431,\"commentCount\":0,\"publisher\":{\"@id\":\"https:\/\/www.suavinex.com\/livingsuavinex\/#organization\"},\"image\":{\"@id\":\"https:\/\/www.suavinex.com\/livingsuavinex\/desgravan-hijos-declaracion-renta\/#primaryimage\"},\"thumbnailUrl\":\"https:\/\/www.suavinex.com\/livingsuavinex\/wp-content\/uploads\/2017\/05\/post_irpf_BLOG_2.jpg\",\"keywords\":[\"Hijos\",\"Maternidad\",\"Paternidad\"],\"articleSection\":[\"Tips de crianza\"],\"inLanguage\":\"es\"},{\"@type\":\"WebPage\",\"@id\":\"https:\/\/www.suavinex.com\/livingsuavinex\/desgravan-hijos-declaracion-renta\/\",\"url\":\"https:\/\/www.suavinex.com\/livingsuavinex\/desgravan-hijos-declaracion-renta\/\",\"name\":\"C\u00f3mo y cu\u00e1nto desgravan los hijos en la declaraci\u00f3n de la renta\",\"isPartOf\":{\"@id\":\"https:\/\/www.suavinex.com\/livingsuavinex\/#website\"},\"primaryImageOfPage\":{\"@id\":\"https:\/\/www.suavinex.com\/livingsuavinex\/desgravan-hijos-declaracion-renta\/#primaryimage\"},\"image\":{\"@id\":\"https:\/\/www.suavinex.com\/livingsuavinex\/desgravan-hijos-declaracion-renta\/#primaryimage\"},\"thumbnailUrl\":\"https:\/\/www.suavinex.com\/livingsuavinex\/wp-content\/uploads\/2017\/05\/post_irpf_BLOG_2.jpg\",\"datePublished\":\"2017-05-18T04:00:00+00:00\",\"dateModified\":\"2022-11-14T18:24:11+00:00\",\"description\":\"Tener hijos supone un cambio en la tributaci\u00f3n por IRPF de las familias. No olvides actualizar tus datos antes de hacer tu pr\u00f3xima declaraci\u00f3n de la renta.\",\"breadcrumb\":{\"@id\":\"https:\/\/www.suavinex.com\/livingsuavinex\/desgravan-hijos-declaracion-renta\/#breadcrumb\"},\"inLanguage\":\"es\",\"potentialAction\":[{\"@type\":\"ReadAction\",\"target\":[\"https:\/\/www.suavinex.com\/livingsuavinex\/desgravan-hijos-declaracion-renta\/\"]}]},{\"@type\":\"ImageObject\",\"inLanguage\":\"es\",\"@id\":\"https:\/\/www.suavinex.com\/livingsuavinex\/desgravan-hijos-declaracion-renta\/#primaryimage\",\"url\":\"https:\/\/www.suavinex.com\/livingsuavinex\/wp-content\/uploads\/2017\/05\/post_irpf_BLOG_2.jpg\",\"contentUrl\":\"https:\/\/www.suavinex.com\/livingsuavinex\/wp-content\/uploads\/2017\/05\/post_irpf_BLOG_2.jpg\",\"width\":800,\"height\":474},{\"@type\":\"BreadcrumbList\",\"@id\":\"https:\/\/www.suavinex.com\/livingsuavinex\/desgravan-hijos-declaracion-renta\/#breadcrumb\",\"itemListElement\":[{\"@type\":\"ListItem\",\"position\":1,\"name\":\"Portada\",\"item\":\"https:\/\/www.suavinex.com\/livingsuavinex\/\"},{\"@type\":\"ListItem\",\"position\":2,\"name\":\"C\u00f3mo y cu\u00e1nto desgravan los hijos en la declaraci\u00f3n de la renta\"}]},{\"@type\":\"WebSite\",\"@id\":\"https:\/\/www.suavinex.com\/livingsuavinex\/#website\",\"url\":\"https:\/\/www.suavinex.com\/livingsuavinex\/\",\"name\":\"Living Suavinex\",\"description\":\"| Familias reales\",\"publisher\":{\"@id\":\"https:\/\/www.suavinex.com\/livingsuavinex\/#organization\"},\"potentialAction\":[{\"@type\":\"SearchAction\",\"target\":{\"@type\":\"EntryPoint\",\"urlTemplate\":\"https:\/\/www.suavinex.com\/livingsuavinex\/?s={search_term_string}\"},\"query-input\":{\"@type\":\"PropertyValueSpecification\",\"valueRequired\":true,\"valueName\":\"search_term_string\"}}],\"inLanguage\":\"es\"},{\"@type\":\"Organization\",\"@id\":\"https:\/\/www.suavinex.com\/livingsuavinex\/#organization\",\"name\":\"Suavinex\",\"url\":\"https:\/\/www.suavinex.com\/livingsuavinex\/\",\"logo\":{\"@type\":\"ImageObject\",\"inLanguage\":\"es\",\"@id\":\"https:\/\/www.suavinex.com\/livingsuavinex\/#\/schema\/logo\/image\/\",\"url\":\"https:\/\/www.suavinex.com\/livingsuavinex\/wp-content\/uploads\/2018\/07\/living_sx_logo_mvl.png\",\"contentUrl\":\"https:\/\/www.suavinex.com\/livingsuavinex\/wp-content\/uploads\/2018\/07\/living_sx_logo_mvl.png\",\"width\":350,\"height\":70,\"caption\":\"Suavinex\"},\"image\":{\"@id\":\"https:\/\/www.suavinex.com\/livingsuavinex\/#\/schema\/logo\/image\/\"},\"sameAs\":[\"https:\/\/www.facebook.com\/SuavinexSpain\",\"https:\/\/x.com\/SuavinexSpain\",\"https:\/\/www.instagram.com\/suavinex_spain\/\",\"https:\/\/www.pinterest.es\/SuavinexSpain\/\",\"https:\/\/www.youtube.com\/channel\/UCgeJREx2R_ZvV2aQMrfWgcA\"]},{\"@type\":\"Person\",\"@id\":\"https:\/\/www.suavinex.com\/livingsuavinex\/#\/schema\/person\/836d83f4b1821b11b7b47cffd08f1ecb\",\"name\":\"Suavinex Central\",\"image\":{\"@type\":\"ImageObject\",\"inLanguage\":\"es\",\"@id\":\"https:\/\/www.suavinex.com\/livingsuavinex\/#\/schema\/person\/image\/\",\"url\":\"https:\/\/secure.gravatar.com\/avatar\/bd43680b784882668035add29f959967?s=96&d=mm&r=g\",\"contentUrl\":\"https:\/\/secure.gravatar.com\/avatar\/bd43680b784882668035add29f959967?s=96&d=mm&r=g\",\"caption\":\"Suavinex Central\"}}]}<\/script>\n<!-- \/ Yoast SEO plugin. -->","yoast_head_json":{"title":"C\u00f3mo y cu\u00e1nto desgravan los hijos en la declaraci\u00f3n de la renta","description":"Tener hijos supone un cambio en la tributaci\u00f3n por IRPF de las familias. No olvides actualizar tus datos antes de hacer tu pr\u00f3xima declaraci\u00f3n de la renta.","robots":{"index":"index","follow":"follow","max-snippet":"max-snippet:-1","max-image-preview":"max-image-preview:large","max-video-preview":"max-video-preview:-1"},"canonical":"https:\/\/www.suavinex.com\/livingsuavinex\/desgravan-hijos-declaracion-renta\/","og_locale":"es_ES","og_type":"article","og_title":"C\u00f3mo y cu\u00e1nto desgravan los hijos en la declaraci\u00f3n de la renta","og_description":"Tener hijos supone un cambio en la tributaci\u00f3n por IRPF de las familias. No olvides actualizar tus datos antes de hacer tu pr\u00f3xima declaraci\u00f3n de la renta.","og_url":"https:\/\/www.suavinex.com\/livingsuavinex\/desgravan-hijos-declaracion-renta\/","og_site_name":"Living Suavinex","article_publisher":"https:\/\/www.facebook.com\/SuavinexSpain","article_published_time":"2017-05-18T04:00:00+00:00","article_modified_time":"2022-11-14T18:24:11+00:00","og_image":[{"width":800,"height":474,"url":"https:\/\/www.suavinex.com\/livingsuavinex\/wp-content\/uploads\/2017\/05\/post_irpf_BLOG_2.jpg","type":"image\/jpeg"}],"author":"Suavinex Central","twitter_card":"summary_large_image","twitter_creator":"@SuavinexSpain","twitter_site":"@SuavinexSpain","twitter_misc":{"Escrito por":"Suavinex Central","Tiempo de lectura":"2 minutos"},"schema":{"@context":"https:\/\/schema.org","@graph":[{"@type":"Article","@id":"https:\/\/www.suavinex.com\/livingsuavinex\/desgravan-hijos-declaracion-renta\/#article","isPartOf":{"@id":"https:\/\/www.suavinex.com\/livingsuavinex\/desgravan-hijos-declaracion-renta\/"},"author":{"name":"Suavinex Central","@id":"https:\/\/www.suavinex.com\/livingsuavinex\/#\/schema\/person\/836d83f4b1821b11b7b47cffd08f1ecb"},"headline":"C\u00f3mo y cu\u00e1nto desgravan los hijos en la declaraci\u00f3n de la renta","datePublished":"2017-05-18T04:00:00+00:00","dateModified":"2022-11-14T18:24:11+00:00","mainEntityOfPage":{"@id":"https:\/\/www.suavinex.com\/livingsuavinex\/desgravan-hijos-declaracion-renta\/"},"wordCount":431,"commentCount":0,"publisher":{"@id":"https:\/\/www.suavinex.com\/livingsuavinex\/#organization"},"image":{"@id":"https:\/\/www.suavinex.com\/livingsuavinex\/desgravan-hijos-declaracion-renta\/#primaryimage"},"thumbnailUrl":"https:\/\/www.suavinex.com\/livingsuavinex\/wp-content\/uploads\/2017\/05\/post_irpf_BLOG_2.jpg","keywords":["Hijos","Maternidad","Paternidad"],"articleSection":["Tips de crianza"],"inLanguage":"es"},{"@type":"WebPage","@id":"https:\/\/www.suavinex.com\/livingsuavinex\/desgravan-hijos-declaracion-renta\/","url":"https:\/\/www.suavinex.com\/livingsuavinex\/desgravan-hijos-declaracion-renta\/","name":"C\u00f3mo y cu\u00e1nto desgravan los hijos en la declaraci\u00f3n de la renta","isPartOf":{"@id":"https:\/\/www.suavinex.com\/livingsuavinex\/#website"},"primaryImageOfPage":{"@id":"https:\/\/www.suavinex.com\/livingsuavinex\/desgravan-hijos-declaracion-renta\/#primaryimage"},"image":{"@id":"https:\/\/www.suavinex.com\/livingsuavinex\/desgravan-hijos-declaracion-renta\/#primaryimage"},"thumbnailUrl":"https:\/\/www.suavinex.com\/livingsuavinex\/wp-content\/uploads\/2017\/05\/post_irpf_BLOG_2.jpg","datePublished":"2017-05-18T04:00:00+00:00","dateModified":"2022-11-14T18:24:11+00:00","description":"Tener hijos supone un cambio en la tributaci\u00f3n por IRPF de las familias. No olvides actualizar tus datos antes de hacer tu pr\u00f3xima declaraci\u00f3n de la renta.","breadcrumb":{"@id":"https:\/\/www.suavinex.com\/livingsuavinex\/desgravan-hijos-declaracion-renta\/#breadcrumb"},"inLanguage":"es","potentialAction":[{"@type":"ReadAction","target":["https:\/\/www.suavinex.com\/livingsuavinex\/desgravan-hijos-declaracion-renta\/"]}]},{"@type":"ImageObject","inLanguage":"es","@id":"https:\/\/www.suavinex.com\/livingsuavinex\/desgravan-hijos-declaracion-renta\/#primaryimage","url":"https:\/\/www.suavinex.com\/livingsuavinex\/wp-content\/uploads\/2017\/05\/post_irpf_BLOG_2.jpg","contentUrl":"https:\/\/www.suavinex.com\/livingsuavinex\/wp-content\/uploads\/2017\/05\/post_irpf_BLOG_2.jpg","width":800,"height":474},{"@type":"BreadcrumbList","@id":"https:\/\/www.suavinex.com\/livingsuavinex\/desgravan-hijos-declaracion-renta\/#breadcrumb","itemListElement":[{"@type":"ListItem","position":1,"name":"Portada","item":"https:\/\/www.suavinex.com\/livingsuavinex\/"},{"@type":"ListItem","position":2,"name":"C\u00f3mo y cu\u00e1nto desgravan los hijos en la declaraci\u00f3n de la renta"}]},{"@type":"WebSite","@id":"https:\/\/www.suavinex.com\/livingsuavinex\/#website","url":"https:\/\/www.suavinex.com\/livingsuavinex\/","name":"Living Suavinex","description":"| Familias reales","publisher":{"@id":"https:\/\/www.suavinex.com\/livingsuavinex\/#organization"},"potentialAction":[{"@type":"SearchAction","target":{"@type":"EntryPoint","urlTemplate":"https:\/\/www.suavinex.com\/livingsuavinex\/?s={search_term_string}"},"query-input":{"@type":"PropertyValueSpecification","valueRequired":true,"valueName":"search_term_string"}}],"inLanguage":"es"},{"@type":"Organization","@id":"https:\/\/www.suavinex.com\/livingsuavinex\/#organization","name":"Suavinex","url":"https:\/\/www.suavinex.com\/livingsuavinex\/","logo":{"@type":"ImageObject","inLanguage":"es","@id":"https:\/\/www.suavinex.com\/livingsuavinex\/#\/schema\/logo\/image\/","url":"https:\/\/www.suavinex.com\/livingsuavinex\/wp-content\/uploads\/2018\/07\/living_sx_logo_mvl.png","contentUrl":"https:\/\/www.suavinex.com\/livingsuavinex\/wp-content\/uploads\/2018\/07\/living_sx_logo_mvl.png","width":350,"height":70,"caption":"Suavinex"},"image":{"@id":"https:\/\/www.suavinex.com\/livingsuavinex\/#\/schema\/logo\/image\/"},"sameAs":["https:\/\/www.facebook.com\/SuavinexSpain","https:\/\/x.com\/SuavinexSpain","https:\/\/www.instagram.com\/suavinex_spain\/","https:\/\/www.pinterest.es\/SuavinexSpain\/","https:\/\/www.youtube.com\/channel\/UCgeJREx2R_ZvV2aQMrfWgcA"]},{"@type":"Person","@id":"https:\/\/www.suavinex.com\/livingsuavinex\/#\/schema\/person\/836d83f4b1821b11b7b47cffd08f1ecb","name":"Suavinex Central","image":{"@type":"ImageObject","inLanguage":"es","@id":"https:\/\/www.suavinex.com\/livingsuavinex\/#\/schema\/person\/image\/","url":"https:\/\/secure.gravatar.com\/avatar\/bd43680b784882668035add29f959967?s=96&d=mm&r=g","contentUrl":"https:\/\/secure.gravatar.com\/avatar\/bd43680b784882668035add29f959967?s=96&d=mm&r=g","caption":"Suavinex Central"}}]}},"_links":{"self":[{"href":"https:\/\/www.suavinex.com\/livingsuavinex\/wp-json\/wp\/v2\/posts\/17361","targetHints":{"allow":["GET"]}}],"collection":[{"href":"https:\/\/www.suavinex.com\/livingsuavinex\/wp-json\/wp\/v2\/posts"}],"about":[{"href":"https:\/\/www.suavinex.com\/livingsuavinex\/wp-json\/wp\/v2\/types\/post"}],"author":[{"embeddable":true,"href":"https:\/\/www.suavinex.com\/livingsuavinex\/wp-json\/wp\/v2\/users\/295"}],"replies":[{"embeddable":true,"href":"https:\/\/www.suavinex.com\/livingsuavinex\/wp-json\/wp\/v2\/comments?post=17361"}],"version-history":[{"count":5,"href":"https:\/\/www.suavinex.com\/livingsuavinex\/wp-json\/wp\/v2\/posts\/17361\/revisions"}],"predecessor-version":[{"id":43450,"href":"https:\/\/www.suavinex.com\/livingsuavinex\/wp-json\/wp\/v2\/posts\/17361\/revisions\/43450"}],"wp:featuredmedia":[{"embeddable":true,"href":"https:\/\/www.suavinex.com\/livingsuavinex\/wp-json\/wp\/v2\/media\/23347"}],"wp:attachment":[{"href":"https:\/\/www.suavinex.com\/livingsuavinex\/wp-json\/wp\/v2\/media?parent=17361"}],"wp:term":[{"taxonomy":"category","embeddable":true,"href":"https:\/\/www.suavinex.com\/livingsuavinex\/wp-json\/wp\/v2\/categories?post=17361"},{"taxonomy":"post_tag","embeddable":true,"href":"https:\/\/www.suavinex.com\/livingsuavinex\/wp-json\/wp\/v2\/tags?post=17361"}],"curies":[{"name":"wp","href":"https:\/\/api.w.org\/{rel}","templated":true}]}}