{"id":1669,"date":"2023-06-30T08:30:02","date_gmt":"2023-06-30T06:30:02","guid":{"rendered":"https:\/\/www.suavinex.com\/livingsuavinex\/?p=1669"},"modified":"2024-05-09T16:06:58","modified_gmt":"2024-05-09T14:06:58","slug":"necesidades-nutricionales","status":"publish","type":"post","link":"https:\/\/www.suavinex.com\/livingsuavinex\/necesidades-nutricionales\/","title":{"rendered":"Nutrici\u00f3n infantil: necesidades nutricionales del ni\u00f1o"},"content":{"rendered":"\n<p>Es muy importante que los ni\u00f1os, desde peque\u00f1os, sigan una <strong>dieta sana y nutritiva<\/strong> ya que la alimentaci\u00f3n recibida durante sus primeros a\u00f1os de vida puede marcar la diferencia en sus h\u00e1bitos alimenticios y calidad de vida futura.<\/p>\n\n\n\n<p>Sin embargo, la nutrici\u00f3n en general <strong>es un tema muy complejo<\/strong> y la <strong>nutrici\u00f3n para ni\u00f1os<\/strong> lo es a\u00fan m\u00e1s. A veces no es f\u00e1cil saber qu\u00e9 necesidades nutricionales del ni\u00f1o hay que cubrir y qu\u00e9 proporciones son las m\u00e1s adecuadas. Hoy te hablamos de qu\u00e9 son prote\u00ednas, hidratos de carbono y vitaminas para ayudarte a aprender a combinar los alimentos y establecer unos esquemas de nutrientes energ\u00e9ticos correctos.<\/p>\n\n\n\n<h2 class=\"wp-block-heading\"><strong>Por qu\u00e9 es importante la nutrici\u00f3n infantil<\/strong><\/h2>\n\n\n\n<p>La alimentaci\u00f3n juega un papel muy importante durante los primeros a\u00f1os de vida del ni\u00f1o, ya que le asegura un crecimiento y un desarrollo adecuado y, adem\u00e1s, le ayuda a prevenir trastornos y enfermedades una vez que han dejado de obtener los <a href=\"https:\/\/www.suavinex.com\/livingsuavinex\/beneficios-lactancia-materna\/\">beneficios de la lactancia materna<\/a>.<\/p>\n\n\n\n<p>Adem\u00e1s es en la edad preescolar cuando se establecen las <strong>preferencias y aversiones<\/strong> por ciertos alimentos y muchas veces estas est\u00e1n influenciadas por lo que los ni\u00f1os ven comer a los mayores. Por esto es muy importante <strong>establecer <u><a href=\"https:\/\/www.suavinex.com\/livingsuavinex\/rutina-ninos\/\">rutinas diarias en ni\u00f1os<\/a><\/u> y h\u00e1bitos de alimentaci\u00f3n saludables<\/strong> para toda la familia. Las costumbres que adquieran a estas edades, ser\u00e1n muy complicadas de modificar en el futuro por eso puedes ayudarles utilizando <a href=\"https:\/\/www.suavinex.com\/alimentacion-del-bebe\/c\/0003\">productos de alimentaci\u00f3n del beb\u00e9<\/a> desde el principio y <a href=\"https:\/\/www.suavinex.com\/alimentacion-del-bebe\/vajilla-infantil\/c\/0032\">vajillas infantiles<\/a> que hagan de las comidas una experiencia divertida. Nuestra <a href=\"https:\/\/www.suavinex.com\/alimentacion-del-bebe\/vajilla-infantil\/s-vajilla-silicona-intense-colour-i3\/p\/000000000000401542\">Vajilla para Beb\u00e9 de Silicona, con Ventosas, Colour Essence Verde<\/a> tambi\u00e9n la tienes disponible en rosa y es ideal para comenzar con la <a href=\"https:\/\/www.suavinex.com\/livingsuavinex\/decalogo-alimentacion-complementaria\/\">alimentaci\u00f3n complementaria<\/a>.<\/p>\n\n\n<div class=\"carrusel\"><ul class=\"recomendacion\"><li class=\"producto\"><div class=\"wrapProducto\"><a target=\"_blank\" class=\"imagen\" href=\"https:\/\/www.suavinex.com\/alimentacion-del-bebe\/vajilla-infantil\/s-vajilla-silicona-intense-colour-i3\/p\/000000000000401542\"><img decoding=\"async\" src=\"https:\/\/www.suavinex.com\/medias\/vajilla-verde-1.jpg?context=bWFzdGVyfGltYWdlc3w0NjAzM3xpbWFnZS9qcGVnfGltYWdlcy9oNWMvaDllLzg4Nzk0MjQ4NjQyODYuanBnfGFiYjBmMWQ3ZjhjODIwYWQ4YmU5MDJhZGJkOTA5MTYzOGZiOWZiZGQyNDE0ZGJhOTljMzdjNDJkM2NhM2M5MzU\"><\/a><div class=\"productname\"><a target=\"_blank\" href=\"https:\/\/www.suavinex.com\/alimentacion-del-bebe\/vajilla-infantil\/s-vajilla-silicona-intense-colour-i3\/p\/000000000000401542\">Vajilla para Beb\u00e9 de Silicona, con Ventosas, Colour Essence Verde<\/a><div><div class=\"bloquePrecio\"><div class=\"precioProducto\">40.45 \u20ac<\/div><a target=\"_blank\" class=\"ctabuy\" href=\"https:\/\/www.suavinex.com\/alimentacion-del-bebe\/vajilla-infantil\/s-vajilla-silicona-intense-colour-i3\/p\/000000000000401542\">COMPRAR<\/a><\/div><\/div><\/li><\/ul><\/div>\n\n\n\n<h2 class=\"wp-block-heading\"><strong>Aspectos de la nutrici\u00f3n infantil a los que prestar atenci\u00f3n<\/strong><\/h2>\n\n\n\n<p>Pero, \u00bfQu\u00e9 debe incluir un <a href=\"https:\/\/www.suavinex.com\/livingsuavinex\/plato-de-la-alimentacion-saludable\/\">plato de alimentaci\u00f3n saludable<\/a> para un ni\u00f1o? Esta es la duda m\u00e1s acuciante. Para lograr una dieta completa para tu peque, debes tener en cuenta que cada alimento tiene una funci\u00f3n concreta y aporta un requerimiento nutricional muy espec\u00edfico. Aprender a combinar los alimentos y establecer unos esquemas de nutrici\u00f3n del beb\u00e9 correctos, es fundamental para el desarrollo y la salud del ni\u00f1o. Si lo necesitas, aqu\u00ed puedes encontrar algunos ejemplos de dietas diarias seg\u00fan la edad por FEN (Fundaci\u00f3n Espa\u00f1ola de Nutrici\u00f3n).<\/p>\n\n\n\n<p>Los siguientes grupos de nutrientes deben estar siempre presentes en cada comida:<\/p>\n\n\n\n<ul class=\"wp-block-list\">\n<li><strong>Prote\u00ednas<\/strong>: Son sustancias indispensables para la formaci\u00f3n y el desarrollo del organismo as\u00ed como para la regeneraci\u00f3n de los tejidos. Se encuentran en los alimentos de origen animal (carne, pescado, huevos, leche y sus derivados) y en los de origen vegetal (guisantes, jud\u00edas, lentejas, etc.). Deben suponer, aproximadamente, un\u00a0<strong>12 % del consumo energ\u00e9tico diario del ni\u00f1o<\/strong>.<\/li>\n\n\n\n<li><strong>Hidratos de carbono<\/strong>: Constituyen la principal fuente de energ\u00eda del organismo y se dividen en hidratos simples y complejos. \u00a0Los simples act\u00faan de forma inmediata, reponiendo r\u00e1pidamente la carga energ\u00e9tica (az\u00facar, miel, leche y <a href=\"https:\/\/www.suavinex.com\/livingsuavinex\/fruta-bebe\/\">fruta para el beb\u00e9<\/a>) mientras que los hidratos complejos proporcionan energ\u00eda a m\u00e1s largo plazo (cereales, patatas, legumbres, casta\u00f1as, etc.)<strong>. <\/strong>En nuestro cat\u00e1logo encontrar\u00e1s diferentes biberones con distintos flujos para cada tipo de alimento, \u00a1encuentra el mejor <a href=\"https:\/\/www.suavinex.com\/livingsuavinex\/cual-es-el-mejor-biberon-para-cereales-y-papilla\/\">biber\u00f3n para cereales y papilla<\/a>!<\/li>\n\n\n\n<li><strong>Las vitaminas<\/strong>: Sirven para regular y coordinar la actividad de todas las c\u00e9lulas. La vitamina A es necesaria para la visi\u00f3n, la piel, el crecimiento y la circulaci\u00f3n. La vitamina C ayuda a potenciar las defensas del organismo, y las del grupo B son muy valiosas para el sistema nervioso.\u00a0<strong>Se hallan presentes en casi todos los grupos de alimentos: <\/strong>el pescado, la carne y los huevos son ricos en vitaminas del grupo B, D, K y PP; la leche y sus derivados y los vegetales, en vitaminas A y B2; los cereales y los frutos secos contienen vitaminas del grupo B1 y PP; y las frutas y las verduras presentan vitaminas A y C.<\/li>\n\n\n\n<li><strong>Las sales minerales<\/strong>: Son elementos fundamentales para el organismo por m\u00faltiples funciones:\u00a0el calcio\u00a0(l\u00e1cteos, verduras y legumbres),\u00a0el f\u00f3sforo\u00a0(l\u00e1cteos, pescados y frutos secos) y\u00a0el fl\u00faor\u00a0(pescado) sirven para la construcci\u00f3n de los huesos y\u00a0los dientes:\u00a0el\u00a0hierro\u00a0(carne, huevos, legumbres y verduras) forma los gl\u00f3bulos rojos de la sangre; y\u00a0el sodio y el potasio\u00a0(carnes, cereales, verduras y frutas) son beneficiosos para el sistema nervioso, el coraz\u00f3n y los m\u00fasculos.<\/li>\n\n\n\n<li><strong>Las grasas<\/strong>: Son los nutrientes energ\u00e9ticos por excelencia. Participan en la formaci\u00f3n del sistema nervioso y de las membranas celulares del cerebro y, adem\u00e1s, son indispensables para que el organismo pueda absorber algunas vitaminas (A, D, E y K). Se dividen en dos grupos:\u00a0<strong>grasas saturadas\u00a0<\/strong>(de origen animal), que se encuentran en la mantequilla, la nata, la carne roja, el queso y el embutido; y\u00a0<strong>grasas no saturadas\u00a0<\/strong>(de origen vegetal), presentes en el aceite de oliva, algunas carnes blancas y ciertos pescados. Estas deben representar alrededor del 25-30 %\u00a0del consumo energ\u00e9tico diario (20 % grasas no saturadas y 10 %\u00a0saturadas).<\/li>\n<\/ul>\n\n\n\n<p>Una nutrici\u00f3n para ni\u00f1os equilibrada debe incluir estas sustancias a diario, y en cada una de las comidas, siguiendo las cantidades diarias recomendadas de estos <strong>nutrientes b\u00e1sicos para ni\u00f1os de entre 12 meses y 3 a\u00f1os de edad.<\/strong>&nbsp;Puedes consultar las tablas completas con todos los nutrientes en el&nbsp;<strong>Manual de Nutrici\u00f3n de la AEP del 2021 <\/strong>y nuestra <a href=\"https:\/\/www.suavinex.com\/livingsuavinex\/alimentacion\/\">gu\u00eda de alimentaci\u00f3n infantil<\/a> del blog.<\/p>\n\n\n\n<p>Para la preparaci\u00f3n de platos saludables puedes echar un ojo en nuestra secci\u00f3n de <a href=\"https:\/\/www.suavinex.com\/alimentacion-del-bebe\/pequeno-electrodomestico\/c\/0035\">peque\u00f1o electrodom\u00e9stico de cocina<\/a>. Podr\u00e1s cocinar al vapor, triturar alimentos, calentar, descongelar y esterilizar peque\u00f1os accesorios con nuestro <a href=\"https:\/\/www.suavinex.com\/alimentacion-del-bebe\/pequeno-electrodomestico\/s-robot-cocina-i3\/p\/000000000000400803\">robot de cocina infantil<\/a> para preparar las comidas del beb\u00e9 manteniendo todos los nutrientes.<\/p>\n\n\n<div class=\"carrusel\"><ul class=\"recomendacion\"><li class=\"producto\"><div class=\"wrapProducto\"><a target=\"_blank\" class=\"imagen\" href=\"https:\/\/www.suavinex.com\/alimentacion-del-bebe\/vajilla-infantil\/s-vajilla-infantil-nina-6m-i3\/p\/000000000000300844\"><img decoding=\"async\" src=\"https:\/\/www.suavinex.com\/medias\/Vajilla-Go-Natural-RS-01.jpg?context=bWFzdGVyfGltYWdlc3wxNzY1MTl8aW1hZ2UvanBlZ3xpbWFnZXMvaDkyL2gzZC84OTE3MTg0ODcyNDc4LmpwZ3w2ZDkxOWRmNTJjNWViYmI2MDQxNmNjNjAxNWZkMDU0YzJhZjdiZGVhMjBlOWRmZDQzNWU1OWQ4M2NiNTQwMmZh\"><\/a><div class=\"productname\"><a target=\"_blank\" href=\"https:\/\/www.suavinex.com\/alimentacion-del-bebe\/vajilla-infantil\/s-vajilla-infantil-nina-6m-i3\/p\/000000000000300844\">Vajilla para beb\u00e9s de aprendizaje rosa<\/a><div><div class=\"bloquePrecio\"><div class=\"precioProducto\">33.95 \u20ac<\/div><a target=\"_blank\" class=\"ctabuy\" href=\"https:\/\/www.suavinex.com\/alimentacion-del-bebe\/vajilla-infantil\/s-vajilla-infantil-nina-6m-i3\/p\/000000000000300844\">COMPRAR<\/a><\/div><\/div><\/li><\/ul><\/div>\n\n\n\n<p>Esperamos que este post te sirva de ayuda y que con \u00e9l sepas un poco m\u00e1s acerca de las necesidades energ\u00e9ticas del ni\u00f1o que hay que cubrir. \u00bfC\u00f3mo vais con la introducci\u00f3n de la alimentaci\u00f3n complementaria?, \u00bfa tu beb\u00e9 le gusta probar cosas diferentes?<\/p>\n\n\n\n<p><strong>Fuentes:<\/strong><\/p>\n\n\n\n<p><a href=\"https:\/\/www.aeped.es\/sites\/default\/files\/documentos\/manual-de-nutricion-aep-2021.pdf\" class=\"broken_link\">Manual de Nutrici\u00f3n 2021<\/a>&nbsp;&#8211; Asociaci\u00f3n Espa\u00f1ola de Pediatr\u00eda<\/p>\n\n\n\n<p><a href=\"https:\/\/www.aeped.es\/comite-nutricion-y-lactancia-materna\/nutricion-infantil\/documentos\/recomendaciones-aep-sobre-alimentacion\">Recomendaciones AEP Sobre Alimentaci\u00f3n Complementaria &#8211;<\/a>&nbsp;Asociaci\u00f3n Espa\u00f1ola de Pediatr\u00eda 2018<\/p>\n\n\n\n<p><a href=\"https:\/\/www.fen.org.es\/publicacion\/recomendaciones-para-la-alimentacion-en-la-primera-infancia-de-0-3-anos\">Recomendaciones para la alimentaci\u00f3n en la primera infancia (de 0 a 3 a\u00f1os) \u2013<\/a>&nbsp;Fundaci\u00f3n Espa\u00f1ola de la Nutrici\u00f3n<\/p>\n","protected":false},"excerpt":{"rendered":"Es muy importante que los ni\u00f1os, desde peque\u00f1os, sigan una dieta sana y nutritiva ya que la alimentaci\u00f3n recibida durante sus primeros a\u00f1os de vida puede marcar la diferencia en sus h\u00e1bitos alimenticios y calidad de vida futura. Sin embargo, la nutrici\u00f3n en general es un tema muy complejo y&#8230; <a class=\"view-article\" href=\"https:\/\/www.suavinex.com\/livingsuavinex\/necesidades-nutricionales\/\">Ver art\u00edculo<\/a>","protected":false},"author":288,"featured_media":44020,"comment_status":"closed","ping_status":"closed","sticky":false,"template":"","format":"standard","meta":{"inline_featured_image":false,"footnotes":""},"categories":[2273,2272],"tags":[2219,234],"class_list":["post-1669","post","type-post","status-publish","format-standard","has-post-thumbnail","hentry","category-alimentacion","category-tips-crianza","tag-alimentacion","tag-bebe"],"yoast_head":"<!-- This site is optimized with the Yoast SEO plugin v26.8 - https:\/\/yoast.com\/product\/yoast-seo-wordpress\/ -->\n<title>Nutrici\u00f3n infantil: necesidades nutricionales del ni\u00f1o<\/title>\n<meta name=\"description\" content=\"\u00bfCu\u00e1les son las principales necesidades nutricionales que hay que cubrir en el ni\u00f1o? Te hablamos de prote\u00ednas, hidratos de carbono y vitaminas.\" \/>\n<meta name=\"robots\" content=\"index, follow, max-snippet:-1, max-image-preview:large, max-video-preview:-1\" \/>\n<link rel=\"canonical\" href=\"https:\/\/www.suavinex.com\/livingsuavinex\/necesidades-nutricionales\/\" \/>\n<meta property=\"og:locale\" content=\"es_ES\" \/>\n<meta property=\"og:type\" content=\"article\" \/>\n<meta property=\"og:title\" content=\"Nutrici\u00f3n infantil: necesidades nutricionales del ni\u00f1o\" \/>\n<meta property=\"og:description\" content=\"\u00bfCu\u00e1les son las principales necesidades nutricionales que hay que cubrir en el ni\u00f1o? Te hablamos de prote\u00ednas, hidratos de carbono y vitaminas.\" \/>\n<meta property=\"og:url\" content=\"https:\/\/www.suavinex.com\/livingsuavinex\/necesidades-nutricionales\/\" \/>\n<meta property=\"og:site_name\" content=\"Living Suavinex\" \/>\n<meta property=\"article:publisher\" content=\"https:\/\/www.facebook.com\/SuavinexSpain\" \/>\n<meta property=\"article:published_time\" content=\"2023-06-30T06:30:02+00:00\" \/>\n<meta property=\"article:modified_time\" content=\"2024-05-09T14:06:58+00:00\" \/>\n<meta property=\"og:image\" content=\"https:\/\/www.suavinex.com\/livingsuavinex\/wp-content\/uploads\/2023\/06\/nutricion-infantil.jpg\" \/>\n\t<meta property=\"og:image:width\" content=\"1200\" \/>\n\t<meta property=\"og:image:height\" content=\"800\" \/>\n\t<meta property=\"og:image:type\" content=\"image\/jpeg\" \/>\n<meta name=\"author\" content=\"Living Suavinex\" \/>\n<meta name=\"twitter:card\" content=\"summary_large_image\" \/>\n<meta name=\"twitter:creator\" content=\"@SuavinexSpain\" \/>\n<meta name=\"twitter:site\" content=\"@SuavinexSpain\" \/>\n<meta name=\"twitter:label1\" content=\"Escrito por\" \/>\n\t<meta name=\"twitter:data1\" content=\"Living Suavinex\" \/>\n\t<meta name=\"twitter:label2\" content=\"Tiempo de lectura\" \/>\n\t<meta name=\"twitter:data2\" content=\"5 minutos\" \/>\n<script type=\"application\/ld+json\" class=\"yoast-schema-graph\">{\"@context\":\"https:\/\/schema.org\",\"@graph\":[{\"@type\":\"Article\",\"@id\":\"https:\/\/www.suavinex.com\/livingsuavinex\/necesidades-nutricionales\/#article\",\"isPartOf\":{\"@id\":\"https:\/\/www.suavinex.com\/livingsuavinex\/necesidades-nutricionales\/\"},\"author\":{\"name\":\"Living Suavinex\",\"@id\":\"https:\/\/www.suavinex.com\/livingsuavinex\/#\/schema\/person\/64fd7b62c88b0024a3ceeffb47f07eb6\"},\"headline\":\"Nutrici\u00f3n infantil: necesidades nutricionales del ni\u00f1o\",\"datePublished\":\"2023-06-30T06:30:02+00:00\",\"dateModified\":\"2024-05-09T14:06:58+00:00\",\"mainEntityOfPage\":{\"@id\":\"https:\/\/www.suavinex.com\/livingsuavinex\/necesidades-nutricionales\/\"},\"wordCount\":1122,\"publisher\":{\"@id\":\"https:\/\/www.suavinex.com\/livingsuavinex\/#organization\"},\"image\":{\"@id\":\"https:\/\/www.suavinex.com\/livingsuavinex\/necesidades-nutricionales\/#primaryimage\"},\"thumbnailUrl\":\"https:\/\/www.suavinex.com\/livingsuavinex\/wp-content\/uploads\/2023\/06\/nutricion-infantil.jpg\",\"keywords\":[\"Alimentaci\u00f3n\",\"Beb\u00e9\"],\"articleSection\":[\"Alimentaci\u00f3n\",\"Tips de crianza\"],\"inLanguage\":\"es\"},{\"@type\":\"WebPage\",\"@id\":\"https:\/\/www.suavinex.com\/livingsuavinex\/necesidades-nutricionales\/\",\"url\":\"https:\/\/www.suavinex.com\/livingsuavinex\/necesidades-nutricionales\/\",\"name\":\"Nutrici\u00f3n infantil: necesidades nutricionales del ni\u00f1o\",\"isPartOf\":{\"@id\":\"https:\/\/www.suavinex.com\/livingsuavinex\/#website\"},\"primaryImageOfPage\":{\"@id\":\"https:\/\/www.suavinex.com\/livingsuavinex\/necesidades-nutricionales\/#primaryimage\"},\"image\":{\"@id\":\"https:\/\/www.suavinex.com\/livingsuavinex\/necesidades-nutricionales\/#primaryimage\"},\"thumbnailUrl\":\"https:\/\/www.suavinex.com\/livingsuavinex\/wp-content\/uploads\/2023\/06\/nutricion-infantil.jpg\",\"datePublished\":\"2023-06-30T06:30:02+00:00\",\"dateModified\":\"2024-05-09T14:06:58+00:00\",\"description\":\"\u00bfCu\u00e1les son las principales necesidades nutricionales que hay que cubrir en el ni\u00f1o? Te hablamos de prote\u00ednas, hidratos de carbono y vitaminas.\",\"breadcrumb\":{\"@id\":\"https:\/\/www.suavinex.com\/livingsuavinex\/necesidades-nutricionales\/#breadcrumb\"},\"inLanguage\":\"es\",\"potentialAction\":[{\"@type\":\"ReadAction\",\"target\":[\"https:\/\/www.suavinex.com\/livingsuavinex\/necesidades-nutricionales\/\"]}]},{\"@type\":\"ImageObject\",\"inLanguage\":\"es\",\"@id\":\"https:\/\/www.suavinex.com\/livingsuavinex\/necesidades-nutricionales\/#primaryimage\",\"url\":\"https:\/\/www.suavinex.com\/livingsuavinex\/wp-content\/uploads\/2023\/06\/nutricion-infantil.jpg\",\"contentUrl\":\"https:\/\/www.suavinex.com\/livingsuavinex\/wp-content\/uploads\/2023\/06\/nutricion-infantil.jpg\",\"width\":1200,\"height\":800,\"caption\":\"Nutrici\u00f3n infantil\"},{\"@type\":\"BreadcrumbList\",\"@id\":\"https:\/\/www.suavinex.com\/livingsuavinex\/necesidades-nutricionales\/#breadcrumb\",\"itemListElement\":[{\"@type\":\"ListItem\",\"position\":1,\"name\":\"Portada\",\"item\":\"https:\/\/www.suavinex.com\/livingsuavinex\/\"},{\"@type\":\"ListItem\",\"position\":2,\"name\":\"Nutrici\u00f3n infantil: necesidades nutricionales del ni\u00f1o\"}]},{\"@type\":\"WebSite\",\"@id\":\"https:\/\/www.suavinex.com\/livingsuavinex\/#website\",\"url\":\"https:\/\/www.suavinex.com\/livingsuavinex\/\",\"name\":\"Living Suavinex\",\"description\":\"| Familias reales\",\"publisher\":{\"@id\":\"https:\/\/www.suavinex.com\/livingsuavinex\/#organization\"},\"potentialAction\":[{\"@type\":\"SearchAction\",\"target\":{\"@type\":\"EntryPoint\",\"urlTemplate\":\"https:\/\/www.suavinex.com\/livingsuavinex\/?s={search_term_string}\"},\"query-input\":{\"@type\":\"PropertyValueSpecification\",\"valueRequired\":true,\"valueName\":\"search_term_string\"}}],\"inLanguage\":\"es\"},{\"@type\":\"Organization\",\"@id\":\"https:\/\/www.suavinex.com\/livingsuavinex\/#organization\",\"name\":\"Suavinex\",\"url\":\"https:\/\/www.suavinex.com\/livingsuavinex\/\",\"logo\":{\"@type\":\"ImageObject\",\"inLanguage\":\"es\",\"@id\":\"https:\/\/www.suavinex.com\/livingsuavinex\/#\/schema\/logo\/image\/\",\"url\":\"https:\/\/www.suavinex.com\/livingsuavinex\/wp-content\/uploads\/2018\/07\/living_sx_logo_mvl.png\",\"contentUrl\":\"https:\/\/www.suavinex.com\/livingsuavinex\/wp-content\/uploads\/2018\/07\/living_sx_logo_mvl.png\",\"width\":350,\"height\":70,\"caption\":\"Suavinex\"},\"image\":{\"@id\":\"https:\/\/www.suavinex.com\/livingsuavinex\/#\/schema\/logo\/image\/\"},\"sameAs\":[\"https:\/\/www.facebook.com\/SuavinexSpain\",\"https:\/\/x.com\/SuavinexSpain\",\"https:\/\/www.instagram.com\/suavinex_spain\/\",\"https:\/\/www.pinterest.es\/SuavinexSpain\/\",\"https:\/\/www.youtube.com\/channel\/UCgeJREx2R_ZvV2aQMrfWgcA\"]},{\"@type\":\"Person\",\"@id\":\"https:\/\/www.suavinex.com\/livingsuavinex\/#\/schema\/person\/64fd7b62c88b0024a3ceeffb47f07eb6\",\"name\":\"Living Suavinex\",\"image\":{\"@type\":\"ImageObject\",\"inLanguage\":\"es\",\"@id\":\"https:\/\/www.suavinex.com\/livingsuavinex\/#\/schema\/person\/image\/\",\"url\":\"https:\/\/www.suavinex.com\/livingsuavinex\/wp-content\/uploads\/2017\/05\/Living-Suavinex_avatar-96x96.png\",\"contentUrl\":\"https:\/\/www.suavinex.com\/livingsuavinex\/wp-content\/uploads\/2017\/05\/Living-Suavinex_avatar-96x96.png\",\"caption\":\"Living Suavinex\"}}]}<\/script>\n<!-- \/ Yoast SEO plugin. -->","yoast_head_json":{"title":"Nutrici\u00f3n infantil: necesidades nutricionales del ni\u00f1o","description":"\u00bfCu\u00e1les son las principales necesidades nutricionales que hay que cubrir en el ni\u00f1o? Te hablamos de prote\u00ednas, hidratos de carbono y vitaminas.","robots":{"index":"index","follow":"follow","max-snippet":"max-snippet:-1","max-image-preview":"max-image-preview:large","max-video-preview":"max-video-preview:-1"},"canonical":"https:\/\/www.suavinex.com\/livingsuavinex\/necesidades-nutricionales\/","og_locale":"es_ES","og_type":"article","og_title":"Nutrici\u00f3n infantil: necesidades nutricionales del ni\u00f1o","og_description":"\u00bfCu\u00e1les son las principales necesidades nutricionales que hay que cubrir en el ni\u00f1o? Te hablamos de prote\u00ednas, hidratos de carbono y vitaminas.","og_url":"https:\/\/www.suavinex.com\/livingsuavinex\/necesidades-nutricionales\/","og_site_name":"Living Suavinex","article_publisher":"https:\/\/www.facebook.com\/SuavinexSpain","article_published_time":"2023-06-30T06:30:02+00:00","article_modified_time":"2024-05-09T14:06:58+00:00","og_image":[{"width":1200,"height":800,"url":"https:\/\/www.suavinex.com\/livingsuavinex\/wp-content\/uploads\/2023\/06\/nutricion-infantil.jpg","type":"image\/jpeg"}],"author":"Living Suavinex","twitter_card":"summary_large_image","twitter_creator":"@SuavinexSpain","twitter_site":"@SuavinexSpain","twitter_misc":{"Escrito por":"Living Suavinex","Tiempo de lectura":"5 minutos"},"schema":{"@context":"https:\/\/schema.org","@graph":[{"@type":"Article","@id":"https:\/\/www.suavinex.com\/livingsuavinex\/necesidades-nutricionales\/#article","isPartOf":{"@id":"https:\/\/www.suavinex.com\/livingsuavinex\/necesidades-nutricionales\/"},"author":{"name":"Living Suavinex","@id":"https:\/\/www.suavinex.com\/livingsuavinex\/#\/schema\/person\/64fd7b62c88b0024a3ceeffb47f07eb6"},"headline":"Nutrici\u00f3n infantil: necesidades nutricionales del ni\u00f1o","datePublished":"2023-06-30T06:30:02+00:00","dateModified":"2024-05-09T14:06:58+00:00","mainEntityOfPage":{"@id":"https:\/\/www.suavinex.com\/livingsuavinex\/necesidades-nutricionales\/"},"wordCount":1122,"publisher":{"@id":"https:\/\/www.suavinex.com\/livingsuavinex\/#organization"},"image":{"@id":"https:\/\/www.suavinex.com\/livingsuavinex\/necesidades-nutricionales\/#primaryimage"},"thumbnailUrl":"https:\/\/www.suavinex.com\/livingsuavinex\/wp-content\/uploads\/2023\/06\/nutricion-infantil.jpg","keywords":["Alimentaci\u00f3n","Beb\u00e9"],"articleSection":["Alimentaci\u00f3n","Tips de crianza"],"inLanguage":"es"},{"@type":"WebPage","@id":"https:\/\/www.suavinex.com\/livingsuavinex\/necesidades-nutricionales\/","url":"https:\/\/www.suavinex.com\/livingsuavinex\/necesidades-nutricionales\/","name":"Nutrici\u00f3n infantil: necesidades nutricionales del ni\u00f1o","isPartOf":{"@id":"https:\/\/www.suavinex.com\/livingsuavinex\/#website"},"primaryImageOfPage":{"@id":"https:\/\/www.suavinex.com\/livingsuavinex\/necesidades-nutricionales\/#primaryimage"},"image":{"@id":"https:\/\/www.suavinex.com\/livingsuavinex\/necesidades-nutricionales\/#primaryimage"},"thumbnailUrl":"https:\/\/www.suavinex.com\/livingsuavinex\/wp-content\/uploads\/2023\/06\/nutricion-infantil.jpg","datePublished":"2023-06-30T06:30:02+00:00","dateModified":"2024-05-09T14:06:58+00:00","description":"\u00bfCu\u00e1les son las principales necesidades nutricionales que hay que cubrir en el ni\u00f1o? Te hablamos de prote\u00ednas, hidratos de carbono y vitaminas.","breadcrumb":{"@id":"https:\/\/www.suavinex.com\/livingsuavinex\/necesidades-nutricionales\/#breadcrumb"},"inLanguage":"es","potentialAction":[{"@type":"ReadAction","target":["https:\/\/www.suavinex.com\/livingsuavinex\/necesidades-nutricionales\/"]}]},{"@type":"ImageObject","inLanguage":"es","@id":"https:\/\/www.suavinex.com\/livingsuavinex\/necesidades-nutricionales\/#primaryimage","url":"https:\/\/www.suavinex.com\/livingsuavinex\/wp-content\/uploads\/2023\/06\/nutricion-infantil.jpg","contentUrl":"https:\/\/www.suavinex.com\/livingsuavinex\/wp-content\/uploads\/2023\/06\/nutricion-infantil.jpg","width":1200,"height":800,"caption":"Nutrici\u00f3n infantil"},{"@type":"BreadcrumbList","@id":"https:\/\/www.suavinex.com\/livingsuavinex\/necesidades-nutricionales\/#breadcrumb","itemListElement":[{"@type":"ListItem","position":1,"name":"Portada","item":"https:\/\/www.suavinex.com\/livingsuavinex\/"},{"@type":"ListItem","position":2,"name":"Nutrici\u00f3n infantil: necesidades nutricionales del ni\u00f1o"}]},{"@type":"WebSite","@id":"https:\/\/www.suavinex.com\/livingsuavinex\/#website","url":"https:\/\/www.suavinex.com\/livingsuavinex\/","name":"Living Suavinex","description":"| Familias reales","publisher":{"@id":"https:\/\/www.suavinex.com\/livingsuavinex\/#organization"},"potentialAction":[{"@type":"SearchAction","target":{"@type":"EntryPoint","urlTemplate":"https:\/\/www.suavinex.com\/livingsuavinex\/?s={search_term_string}"},"query-input":{"@type":"PropertyValueSpecification","valueRequired":true,"valueName":"search_term_string"}}],"inLanguage":"es"},{"@type":"Organization","@id":"https:\/\/www.suavinex.com\/livingsuavinex\/#organization","name":"Suavinex","url":"https:\/\/www.suavinex.com\/livingsuavinex\/","logo":{"@type":"ImageObject","inLanguage":"es","@id":"https:\/\/www.suavinex.com\/livingsuavinex\/#\/schema\/logo\/image\/","url":"https:\/\/www.suavinex.com\/livingsuavinex\/wp-content\/uploads\/2018\/07\/living_sx_logo_mvl.png","contentUrl":"https:\/\/www.suavinex.com\/livingsuavinex\/wp-content\/uploads\/2018\/07\/living_sx_logo_mvl.png","width":350,"height":70,"caption":"Suavinex"},"image":{"@id":"https:\/\/www.suavinex.com\/livingsuavinex\/#\/schema\/logo\/image\/"},"sameAs":["https:\/\/www.facebook.com\/SuavinexSpain","https:\/\/x.com\/SuavinexSpain","https:\/\/www.instagram.com\/suavinex_spain\/","https:\/\/www.pinterest.es\/SuavinexSpain\/","https:\/\/www.youtube.com\/channel\/UCgeJREx2R_ZvV2aQMrfWgcA"]},{"@type":"Person","@id":"https:\/\/www.suavinex.com\/livingsuavinex\/#\/schema\/person\/64fd7b62c88b0024a3ceeffb47f07eb6","name":"Living Suavinex","image":{"@type":"ImageObject","inLanguage":"es","@id":"https:\/\/www.suavinex.com\/livingsuavinex\/#\/schema\/person\/image\/","url":"https:\/\/www.suavinex.com\/livingsuavinex\/wp-content\/uploads\/2017\/05\/Living-Suavinex_avatar-96x96.png","contentUrl":"https:\/\/www.suavinex.com\/livingsuavinex\/wp-content\/uploads\/2017\/05\/Living-Suavinex_avatar-96x96.png","caption":"Living Suavinex"}}]}},"_links":{"self":[{"href":"https:\/\/www.suavinex.com\/livingsuavinex\/wp-json\/wp\/v2\/posts\/1669","targetHints":{"allow":["GET"]}}],"collection":[{"href":"https:\/\/www.suavinex.com\/livingsuavinex\/wp-json\/wp\/v2\/posts"}],"about":[{"href":"https:\/\/www.suavinex.com\/livingsuavinex\/wp-json\/wp\/v2\/types\/post"}],"author":[{"embeddable":true,"href":"https:\/\/www.suavinex.com\/livingsuavinex\/wp-json\/wp\/v2\/users\/288"}],"replies":[{"embeddable":true,"href":"https:\/\/www.suavinex.com\/livingsuavinex\/wp-json\/wp\/v2\/comments?post=1669"}],"version-history":[{"count":11,"href":"https:\/\/www.suavinex.com\/livingsuavinex\/wp-json\/wp\/v2\/posts\/1669\/revisions"}],"predecessor-version":[{"id":45665,"href":"https:\/\/www.suavinex.com\/livingsuavinex\/wp-json\/wp\/v2\/posts\/1669\/revisions\/45665"}],"wp:featuredmedia":[{"embeddable":true,"href":"https:\/\/www.suavinex.com\/livingsuavinex\/wp-json\/wp\/v2\/media\/44020"}],"wp:attachment":[{"href":"https:\/\/www.suavinex.com\/livingsuavinex\/wp-json\/wp\/v2\/media?parent=1669"}],"wp:term":[{"taxonomy":"category","embeddable":true,"href":"https:\/\/www.suavinex.com\/livingsuavinex\/wp-json\/wp\/v2\/categories?post=1669"},{"taxonomy":"post_tag","embeddable":true,"href":"https:\/\/www.suavinex.com\/livingsuavinex\/wp-json\/wp\/v2\/tags?post=1669"}],"curies":[{"name":"wp","href":"https:\/\/api.w.org\/{rel}","templated":true}]}}