{"id":16342,"date":"2017-04-27T09:00:00","date_gmt":"2017-04-27T07:00:00","guid":{"rendered":"https:\/\/www.suavinex.com\/livingsuavinex\/?p=16342"},"modified":"2024-01-04T16:35:27","modified_gmt":"2024-01-04T15:35:27","slug":"famosas-que-lucen-su-maternidad-real","status":"publish","type":"post","link":"https:\/\/www.suavinex.com\/livingsuavinex\/famosas-que-lucen-su-maternidad-real\/","title":{"rendered":"Famosas que lucen su maternidad real"},"content":{"rendered":"<p>Desde Suavinex llevamos a\u00f1os abogando por una <a href=\"https:\/\/www.suavinex.com\/livingsuavinex\/decalogo-maternidad-real\/\" target=\"_blank\" rel=\"noopener noreferrer\">maternidad real<\/a>, <strong>normalizando las situaciones que las mujeres viven despu\u00e9s de dar a luz.<\/strong> Fuera tab\u00faes, fuera im\u00e1genes idealizadas. Ahora este pensamiento he llegado tambi\u00e9n a las portadas de las revistas y a las webs. Cada vez son m\u00e1s<strong> las famosas que lucen su maternidad real<\/strong>, tanto en Espa\u00f1a como m\u00e1s all\u00e1 de nuestras fronteras.<\/p>\n<h2>Famosas espa\u00f1olas que lucen su maternidad real<\/h2>\n<p>Las famosas que lucen su maternidad real lo hacen en redes sociales, mostrando fotos de su cotidianeidad, pero tambi\u00e9n lo cuentan en sus declaraciones. Abren as\u00ed una ventana a su d\u00eda a d\u00eda en el que nos muestran que sus vidas no son tan diferentes a\u00a0las de cualquiera de nosotras. A\u00a0la tuya, sin ir m\u00e1s lejos. <strong>Reivindican a la mujer-madre libre para tomar decisiones<\/strong> con respecto a su maternidad y crianza. Estas son algunas de esas madres.<\/p>\n<h3>Tania Llasera<\/h3>\n<p><a href=\"https:\/\/www.instagram.com\/p\/BDev8qym41D\/?taken-by=taniallasera\" target=\"_blank\" rel=\"noopener noreferrer\">Horas de desvelo para alimentar <\/a>al beb\u00e9 reci\u00e9n llegado. <a href=\"https:\/\/www.instagram.com\/p\/BCZ4miFG42z\/?taken-by=taniallasera\" target=\"_blank\" rel=\"noopener noreferrer\">Una barriga que siete semanas despu\u00e9s<\/a> de dar a luz parece contener a\u00fan un beb\u00e9 dentro. <a href=\"https:\/\/www.instagram.com\/p\/BLiTN9RBQhg\/?taken-by=taniallasera\" target=\"_blank\" rel=\"noopener noreferrer\">Un peque que la l\u00eda<\/a> cuando el yogur queda a su alcance. Estas son algunas de las instant\u00e1neas compartidas por Tania Llasera en su cuenta de Instagram. En los textos que las acompa\u00f1an, Tania pone de manifiesto sus pensamientos acerca de la maternidad. Tambi\u00e9n las dudas que le han ido surgiendo en la crianza del beb\u00e9.<\/p>\n<p>Y es que <a href=\"https:\/\/www.vozpopuli.com\/dolcevita\/tania_llasera-maternidad-la_voz-la_voz_4-melendi-novedades-concursantes-maternidad-hijo-madre-peso_0_931706841.html\">en sus declaraciones<\/a> siempre ha contado que <strong>la maternidad ha sido m\u00e1s dura de lo que esperaba.\u00a0<\/strong><\/p>\n<h3>Alma Obreg\u00f3n<\/h3>\n<p>Tiene en sus redes sociales <strong>una comunidad muy activa<\/strong> que ha vivido con ella su boda, el nacimiento de su hijo y que la acompa\u00f1a en sus retos deportivos. Alma y Lucas, su marido, comparten en sus cuentas una parte de su vida que incluye la parentalidad. Alma <a href=\"https:\/\/www.instagram.com\/p\/BSqLVG7FavZ\/?taken-by=alma_cupcakes\" target=\"_blank\" rel=\"noopener noreferrer\">muestra su maternidad real<\/a> tal como es, sin artificios, poniendo de manifiesto <strong>las mismas cuestiones que ocurren\u00a0a las dem\u00e1s.<\/strong> Y nos hace part\u00edcipes de momentos tan emocionantes como <a href=\"https:\/\/www.instagram.com\/p\/BTAL3rNl7eB\/?taken-by=alma_cupcakes\" target=\"_blank\" rel=\"noopener noreferrer\">encontrar a su hijo en el kil\u00f3metro 42<\/a> de la reciente marat\u00f3n de Boston.<\/p>\n<h3>Melissa Jim\u00e9nez<\/h3>\n<p>Melissa Jim\u00e9nez y su pareja, Marc Bartra, jugador de f\u00fatbol que actualmente en las filas del Borussia Dortmund. Son los padres de Gala. A trav\u00e9s de las cuentas de Instagram de ambos puedes asistir a <a href=\"https:\/\/www.instagram.com\/p\/BSs-7faAP8y\/\">momentos cotidianos<\/a> de la vida de la peque. Melissa incorpora a la peque\u00f1a a su rutina diaria. Podemos ver encantadoras instant\u00e1neas de la conocida periodista paseando, comiendo helado, o escenas de cari\u00f1os y mimos como cualquier mam\u00e1 orgullosa.<\/p>\n<h2>Famosas por el mundo que lucen su maternidad real<\/h2>\n<p>Hartas de im\u00e1genes de maternidades id\u00edlicas <strong>son varias las famosas internacionales que se han decidido a levantar la voz<\/strong>. Es el caso de <strong>Olivia Wilde<\/strong> que <a href=\"http:\/\/www.elmundo.es\/yodona\/madres\/2016\/12\/16\/5853b96f46163fcc7b8b466d.html\" target=\"_blank\" rel=\"noopener noreferrer\">hace unos meses estall\u00f3 <\/a>ante un anuncio de un sujetador para usar con sacaleches. En su publicaci\u00f3n se quejaba de que el cuerpo de la modelo no se correspond\u00eda con el de una mujer que acaba de dar a luz. O el de <strong>Anne Hathaway<\/strong> que <a href=\"http:\/\/www.elmundo.es\/yodona\/madres\/2016\/08\/10\/57a9d33c46163f76688b463b.html\" target=\"_blank\" rel=\"noopener noreferrer\">abogaba por no obsesionarse<\/a> con la recuperaci\u00f3n del peso.<\/p>\n<p>De lo que no cabe duda es de que<strong> la maternidad es tendencia.<\/strong> Las mujeres, de los \u00e1mbitos m\u00e1s diversos, se han decidido a terminar con tiran\u00edas que no van con ellas.<\/p>\n<p>Y t\u00fa, \u00bfsentiste alg\u00fan tipo de presi\u00f3n tras dar a luz?, \u00bfte alineas con la \u00abmaternidad real\u00bb?<\/p>\n","protected":false},"excerpt":{"rendered":"Desde Suavinex llevamos a\u00f1os abogando por una maternidad real, normalizando las situaciones que las mujeres viven despu\u00e9s de dar a luz. Fuera tab\u00faes, fuera im\u00e1genes idealizadas. Ahora este pensamiento he llegado tambi\u00e9n a las portadas de las revistas y a las webs. Cada vez son m\u00e1s las famosas que lucen&#8230; <a class=\"view-article\" href=\"https:\/\/www.suavinex.com\/livingsuavinex\/famosas-que-lucen-su-maternidad-real\/\">Ver art\u00edculo<\/a>","protected":false},"author":295,"featured_media":23367,"comment_status":"open","ping_status":"open","sticky":false,"template":"","format":"standard","meta":{"inline_featured_image":false,"footnotes":""},"categories":[2272],"tags":[9,46],"class_list":["post-16342","post","type-post","status-publish","format-standard","has-post-thumbnail","hentry","category-tips-crianza","tag-maternidad","tag-mujer"],"yoast_head":"<!-- This site is optimized with the Yoast SEO plugin v26.8 - https:\/\/yoast.com\/product\/yoast-seo-wordpress\/ -->\n<title>Famosas que lucen su maternidad real<\/title>\n<meta name=\"description\" content=\"Cada vez son m\u00e1s las famosas que lucen su maternidad real. Cansadas de estereotipos y tiran\u00edas muestran qu\u00e9 les ocurre en su d\u00eda a d\u00eda.\" \/>\n<meta name=\"robots\" content=\"index, follow, max-snippet:-1, max-image-preview:large, max-video-preview:-1\" \/>\n<link rel=\"canonical\" href=\"https:\/\/www.suavinex.com\/livingsuavinex\/famosas-que-lucen-su-maternidad-real\/\" \/>\n<meta property=\"og:locale\" content=\"es_ES\" \/>\n<meta property=\"og:type\" content=\"article\" \/>\n<meta property=\"og:title\" content=\"Famosas que lucen su maternidad real\" \/>\n<meta property=\"og:description\" content=\"Cada vez son m\u00e1s las famosas que lucen su maternidad real. Cansadas de estereotipos y tiran\u00edas muestran qu\u00e9 les ocurre en su d\u00eda a d\u00eda.\" \/>\n<meta property=\"og:url\" content=\"https:\/\/www.suavinex.com\/livingsuavinex\/famosas-que-lucen-su-maternidad-real\/\" \/>\n<meta property=\"og:site_name\" content=\"Living Suavinex\" \/>\n<meta property=\"article:publisher\" content=\"https:\/\/www.facebook.com\/SuavinexSpain\" \/>\n<meta property=\"article:published_time\" content=\"2017-04-27T07:00:00+00:00\" \/>\n<meta property=\"article:modified_time\" content=\"2024-01-04T15:35:27+00:00\" \/>\n<meta property=\"og:image\" content=\"https:\/\/www.suavinex.com\/livingsuavinex\/wp-content\/uploads\/2017\/04\/maternidad-real-post_2.jpg\" \/>\n\t<meta property=\"og:image:width\" content=\"800\" \/>\n\t<meta property=\"og:image:height\" content=\"474\" \/>\n\t<meta property=\"og:image:type\" content=\"image\/jpeg\" \/>\n<meta name=\"author\" content=\"Suavinex Central\" \/>\n<meta name=\"twitter:card\" content=\"summary_large_image\" \/>\n<meta name=\"twitter:creator\" content=\"@SuavinexSpain\" \/>\n<meta name=\"twitter:site\" content=\"@SuavinexSpain\" \/>\n<meta name=\"twitter:label1\" content=\"Escrito por\" \/>\n\t<meta name=\"twitter:data1\" content=\"Suavinex Central\" \/>\n\t<meta name=\"twitter:label2\" content=\"Tiempo de lectura\" \/>\n\t<meta name=\"twitter:data2\" content=\"3 minutos\" \/>\n<script type=\"application\/ld+json\" class=\"yoast-schema-graph\">{\"@context\":\"https:\/\/schema.org\",\"@graph\":[{\"@type\":\"Article\",\"@id\":\"https:\/\/www.suavinex.com\/livingsuavinex\/famosas-que-lucen-su-maternidad-real\/#article\",\"isPartOf\":{\"@id\":\"https:\/\/www.suavinex.com\/livingsuavinex\/famosas-que-lucen-su-maternidad-real\/\"},\"author\":{\"name\":\"Suavinex Central\",\"@id\":\"https:\/\/www.suavinex.com\/livingsuavinex\/#\/schema\/person\/836d83f4b1821b11b7b47cffd08f1ecb\"},\"headline\":\"Famosas que lucen su maternidad real\",\"datePublished\":\"2017-04-27T07:00:00+00:00\",\"dateModified\":\"2024-01-04T15:35:27+00:00\",\"mainEntityOfPage\":{\"@id\":\"https:\/\/www.suavinex.com\/livingsuavinex\/famosas-que-lucen-su-maternidad-real\/\"},\"wordCount\":606,\"commentCount\":0,\"publisher\":{\"@id\":\"https:\/\/www.suavinex.com\/livingsuavinex\/#organization\"},\"image\":{\"@id\":\"https:\/\/www.suavinex.com\/livingsuavinex\/famosas-que-lucen-su-maternidad-real\/#primaryimage\"},\"thumbnailUrl\":\"https:\/\/www.suavinex.com\/livingsuavinex\/wp-content\/uploads\/2017\/04\/maternidad-real-post_2.jpg\",\"keywords\":[\"Maternidad\",\"Mujer\"],\"articleSection\":[\"Tips de crianza\"],\"inLanguage\":\"es\"},{\"@type\":\"WebPage\",\"@id\":\"https:\/\/www.suavinex.com\/livingsuavinex\/famosas-que-lucen-su-maternidad-real\/\",\"url\":\"https:\/\/www.suavinex.com\/livingsuavinex\/famosas-que-lucen-su-maternidad-real\/\",\"name\":\"Famosas que lucen su maternidad real\",\"isPartOf\":{\"@id\":\"https:\/\/www.suavinex.com\/livingsuavinex\/#website\"},\"primaryImageOfPage\":{\"@id\":\"https:\/\/www.suavinex.com\/livingsuavinex\/famosas-que-lucen-su-maternidad-real\/#primaryimage\"},\"image\":{\"@id\":\"https:\/\/www.suavinex.com\/livingsuavinex\/famosas-que-lucen-su-maternidad-real\/#primaryimage\"},\"thumbnailUrl\":\"https:\/\/www.suavinex.com\/livingsuavinex\/wp-content\/uploads\/2017\/04\/maternidad-real-post_2.jpg\",\"datePublished\":\"2017-04-27T07:00:00+00:00\",\"dateModified\":\"2024-01-04T15:35:27+00:00\",\"description\":\"Cada vez son m\u00e1s las famosas que lucen su maternidad real. Cansadas de estereotipos y tiran\u00edas muestran qu\u00e9 les ocurre en su d\u00eda a d\u00eda.\",\"breadcrumb\":{\"@id\":\"https:\/\/www.suavinex.com\/livingsuavinex\/famosas-que-lucen-su-maternidad-real\/#breadcrumb\"},\"inLanguage\":\"es\",\"potentialAction\":[{\"@type\":\"ReadAction\",\"target\":[\"https:\/\/www.suavinex.com\/livingsuavinex\/famosas-que-lucen-su-maternidad-real\/\"]}]},{\"@type\":\"ImageObject\",\"inLanguage\":\"es\",\"@id\":\"https:\/\/www.suavinex.com\/livingsuavinex\/famosas-que-lucen-su-maternidad-real\/#primaryimage\",\"url\":\"https:\/\/www.suavinex.com\/livingsuavinex\/wp-content\/uploads\/2017\/04\/maternidad-real-post_2.jpg\",\"contentUrl\":\"https:\/\/www.suavinex.com\/livingsuavinex\/wp-content\/uploads\/2017\/04\/maternidad-real-post_2.jpg\",\"width\":800,\"height\":474},{\"@type\":\"BreadcrumbList\",\"@id\":\"https:\/\/www.suavinex.com\/livingsuavinex\/famosas-que-lucen-su-maternidad-real\/#breadcrumb\",\"itemListElement\":[{\"@type\":\"ListItem\",\"position\":1,\"name\":\"Portada\",\"item\":\"https:\/\/www.suavinex.com\/livingsuavinex\/\"},{\"@type\":\"ListItem\",\"position\":2,\"name\":\"Famosas que lucen su maternidad real\"}]},{\"@type\":\"WebSite\",\"@id\":\"https:\/\/www.suavinex.com\/livingsuavinex\/#website\",\"url\":\"https:\/\/www.suavinex.com\/livingsuavinex\/\",\"name\":\"Living Suavinex\",\"description\":\"| Familias reales\",\"publisher\":{\"@id\":\"https:\/\/www.suavinex.com\/livingsuavinex\/#organization\"},\"potentialAction\":[{\"@type\":\"SearchAction\",\"target\":{\"@type\":\"EntryPoint\",\"urlTemplate\":\"https:\/\/www.suavinex.com\/livingsuavinex\/?s={search_term_string}\"},\"query-input\":{\"@type\":\"PropertyValueSpecification\",\"valueRequired\":true,\"valueName\":\"search_term_string\"}}],\"inLanguage\":\"es\"},{\"@type\":\"Organization\",\"@id\":\"https:\/\/www.suavinex.com\/livingsuavinex\/#organization\",\"name\":\"Suavinex\",\"url\":\"https:\/\/www.suavinex.com\/livingsuavinex\/\",\"logo\":{\"@type\":\"ImageObject\",\"inLanguage\":\"es\",\"@id\":\"https:\/\/www.suavinex.com\/livingsuavinex\/#\/schema\/logo\/image\/\",\"url\":\"https:\/\/www.suavinex.com\/livingsuavinex\/wp-content\/uploads\/2018\/07\/living_sx_logo_mvl.png\",\"contentUrl\":\"https:\/\/www.suavinex.com\/livingsuavinex\/wp-content\/uploads\/2018\/07\/living_sx_logo_mvl.png\",\"width\":350,\"height\":70,\"caption\":\"Suavinex\"},\"image\":{\"@id\":\"https:\/\/www.suavinex.com\/livingsuavinex\/#\/schema\/logo\/image\/\"},\"sameAs\":[\"https:\/\/www.facebook.com\/SuavinexSpain\",\"https:\/\/x.com\/SuavinexSpain\",\"https:\/\/www.instagram.com\/suavinex_spain\/\",\"https:\/\/www.pinterest.es\/SuavinexSpain\/\",\"https:\/\/www.youtube.com\/channel\/UCgeJREx2R_ZvV2aQMrfWgcA\"]},{\"@type\":\"Person\",\"@id\":\"https:\/\/www.suavinex.com\/livingsuavinex\/#\/schema\/person\/836d83f4b1821b11b7b47cffd08f1ecb\",\"name\":\"Suavinex Central\",\"image\":{\"@type\":\"ImageObject\",\"inLanguage\":\"es\",\"@id\":\"https:\/\/www.suavinex.com\/livingsuavinex\/#\/schema\/person\/image\/\",\"url\":\"https:\/\/secure.gravatar.com\/avatar\/bd43680b784882668035add29f959967?s=96&d=mm&r=g\",\"contentUrl\":\"https:\/\/secure.gravatar.com\/avatar\/bd43680b784882668035add29f959967?s=96&d=mm&r=g\",\"caption\":\"Suavinex Central\"}}]}<\/script>\n<!-- \/ Yoast SEO plugin. -->","yoast_head_json":{"title":"Famosas que lucen su maternidad real","description":"Cada vez son m\u00e1s las famosas que lucen su maternidad real. Cansadas de estereotipos y tiran\u00edas muestran qu\u00e9 les ocurre en su d\u00eda a d\u00eda.","robots":{"index":"index","follow":"follow","max-snippet":"max-snippet:-1","max-image-preview":"max-image-preview:large","max-video-preview":"max-video-preview:-1"},"canonical":"https:\/\/www.suavinex.com\/livingsuavinex\/famosas-que-lucen-su-maternidad-real\/","og_locale":"es_ES","og_type":"article","og_title":"Famosas que lucen su maternidad real","og_description":"Cada vez son m\u00e1s las famosas que lucen su maternidad real. Cansadas de estereotipos y tiran\u00edas muestran qu\u00e9 les ocurre en su d\u00eda a d\u00eda.","og_url":"https:\/\/www.suavinex.com\/livingsuavinex\/famosas-que-lucen-su-maternidad-real\/","og_site_name":"Living Suavinex","article_publisher":"https:\/\/www.facebook.com\/SuavinexSpain","article_published_time":"2017-04-27T07:00:00+00:00","article_modified_time":"2024-01-04T15:35:27+00:00","og_image":[{"width":800,"height":474,"url":"https:\/\/www.suavinex.com\/livingsuavinex\/wp-content\/uploads\/2017\/04\/maternidad-real-post_2.jpg","type":"image\/jpeg"}],"author":"Suavinex Central","twitter_card":"summary_large_image","twitter_creator":"@SuavinexSpain","twitter_site":"@SuavinexSpain","twitter_misc":{"Escrito por":"Suavinex Central","Tiempo de lectura":"3 minutos"},"schema":{"@context":"https:\/\/schema.org","@graph":[{"@type":"Article","@id":"https:\/\/www.suavinex.com\/livingsuavinex\/famosas-que-lucen-su-maternidad-real\/#article","isPartOf":{"@id":"https:\/\/www.suavinex.com\/livingsuavinex\/famosas-que-lucen-su-maternidad-real\/"},"author":{"name":"Suavinex Central","@id":"https:\/\/www.suavinex.com\/livingsuavinex\/#\/schema\/person\/836d83f4b1821b11b7b47cffd08f1ecb"},"headline":"Famosas que lucen su maternidad real","datePublished":"2017-04-27T07:00:00+00:00","dateModified":"2024-01-04T15:35:27+00:00","mainEntityOfPage":{"@id":"https:\/\/www.suavinex.com\/livingsuavinex\/famosas-que-lucen-su-maternidad-real\/"},"wordCount":606,"commentCount":0,"publisher":{"@id":"https:\/\/www.suavinex.com\/livingsuavinex\/#organization"},"image":{"@id":"https:\/\/www.suavinex.com\/livingsuavinex\/famosas-que-lucen-su-maternidad-real\/#primaryimage"},"thumbnailUrl":"https:\/\/www.suavinex.com\/livingsuavinex\/wp-content\/uploads\/2017\/04\/maternidad-real-post_2.jpg","keywords":["Maternidad","Mujer"],"articleSection":["Tips de crianza"],"inLanguage":"es"},{"@type":"WebPage","@id":"https:\/\/www.suavinex.com\/livingsuavinex\/famosas-que-lucen-su-maternidad-real\/","url":"https:\/\/www.suavinex.com\/livingsuavinex\/famosas-que-lucen-su-maternidad-real\/","name":"Famosas que lucen su maternidad real","isPartOf":{"@id":"https:\/\/www.suavinex.com\/livingsuavinex\/#website"},"primaryImageOfPage":{"@id":"https:\/\/www.suavinex.com\/livingsuavinex\/famosas-que-lucen-su-maternidad-real\/#primaryimage"},"image":{"@id":"https:\/\/www.suavinex.com\/livingsuavinex\/famosas-que-lucen-su-maternidad-real\/#primaryimage"},"thumbnailUrl":"https:\/\/www.suavinex.com\/livingsuavinex\/wp-content\/uploads\/2017\/04\/maternidad-real-post_2.jpg","datePublished":"2017-04-27T07:00:00+00:00","dateModified":"2024-01-04T15:35:27+00:00","description":"Cada vez son m\u00e1s las famosas que lucen su maternidad real. Cansadas de estereotipos y tiran\u00edas muestran qu\u00e9 les ocurre en su d\u00eda a d\u00eda.","breadcrumb":{"@id":"https:\/\/www.suavinex.com\/livingsuavinex\/famosas-que-lucen-su-maternidad-real\/#breadcrumb"},"inLanguage":"es","potentialAction":[{"@type":"ReadAction","target":["https:\/\/www.suavinex.com\/livingsuavinex\/famosas-que-lucen-su-maternidad-real\/"]}]},{"@type":"ImageObject","inLanguage":"es","@id":"https:\/\/www.suavinex.com\/livingsuavinex\/famosas-que-lucen-su-maternidad-real\/#primaryimage","url":"https:\/\/www.suavinex.com\/livingsuavinex\/wp-content\/uploads\/2017\/04\/maternidad-real-post_2.jpg","contentUrl":"https:\/\/www.suavinex.com\/livingsuavinex\/wp-content\/uploads\/2017\/04\/maternidad-real-post_2.jpg","width":800,"height":474},{"@type":"BreadcrumbList","@id":"https:\/\/www.suavinex.com\/livingsuavinex\/famosas-que-lucen-su-maternidad-real\/#breadcrumb","itemListElement":[{"@type":"ListItem","position":1,"name":"Portada","item":"https:\/\/www.suavinex.com\/livingsuavinex\/"},{"@type":"ListItem","position":2,"name":"Famosas que lucen su maternidad real"}]},{"@type":"WebSite","@id":"https:\/\/www.suavinex.com\/livingsuavinex\/#website","url":"https:\/\/www.suavinex.com\/livingsuavinex\/","name":"Living Suavinex","description":"| Familias reales","publisher":{"@id":"https:\/\/www.suavinex.com\/livingsuavinex\/#organization"},"potentialAction":[{"@type":"SearchAction","target":{"@type":"EntryPoint","urlTemplate":"https:\/\/www.suavinex.com\/livingsuavinex\/?s={search_term_string}"},"query-input":{"@type":"PropertyValueSpecification","valueRequired":true,"valueName":"search_term_string"}}],"inLanguage":"es"},{"@type":"Organization","@id":"https:\/\/www.suavinex.com\/livingsuavinex\/#organization","name":"Suavinex","url":"https:\/\/www.suavinex.com\/livingsuavinex\/","logo":{"@type":"ImageObject","inLanguage":"es","@id":"https:\/\/www.suavinex.com\/livingsuavinex\/#\/schema\/logo\/image\/","url":"https:\/\/www.suavinex.com\/livingsuavinex\/wp-content\/uploads\/2018\/07\/living_sx_logo_mvl.png","contentUrl":"https:\/\/www.suavinex.com\/livingsuavinex\/wp-content\/uploads\/2018\/07\/living_sx_logo_mvl.png","width":350,"height":70,"caption":"Suavinex"},"image":{"@id":"https:\/\/www.suavinex.com\/livingsuavinex\/#\/schema\/logo\/image\/"},"sameAs":["https:\/\/www.facebook.com\/SuavinexSpain","https:\/\/x.com\/SuavinexSpain","https:\/\/www.instagram.com\/suavinex_spain\/","https:\/\/www.pinterest.es\/SuavinexSpain\/","https:\/\/www.youtube.com\/channel\/UCgeJREx2R_ZvV2aQMrfWgcA"]},{"@type":"Person","@id":"https:\/\/www.suavinex.com\/livingsuavinex\/#\/schema\/person\/836d83f4b1821b11b7b47cffd08f1ecb","name":"Suavinex Central","image":{"@type":"ImageObject","inLanguage":"es","@id":"https:\/\/www.suavinex.com\/livingsuavinex\/#\/schema\/person\/image\/","url":"https:\/\/secure.gravatar.com\/avatar\/bd43680b784882668035add29f959967?s=96&d=mm&r=g","contentUrl":"https:\/\/secure.gravatar.com\/avatar\/bd43680b784882668035add29f959967?s=96&d=mm&r=g","caption":"Suavinex Central"}}]}},"_links":{"self":[{"href":"https:\/\/www.suavinex.com\/livingsuavinex\/wp-json\/wp\/v2\/posts\/16342","targetHints":{"allow":["GET"]}}],"collection":[{"href":"https:\/\/www.suavinex.com\/livingsuavinex\/wp-json\/wp\/v2\/posts"}],"about":[{"href":"https:\/\/www.suavinex.com\/livingsuavinex\/wp-json\/wp\/v2\/types\/post"}],"author":[{"embeddable":true,"href":"https:\/\/www.suavinex.com\/livingsuavinex\/wp-json\/wp\/v2\/users\/295"}],"replies":[{"embeddable":true,"href":"https:\/\/www.suavinex.com\/livingsuavinex\/wp-json\/wp\/v2\/comments?post=16342"}],"version-history":[{"count":9,"href":"https:\/\/www.suavinex.com\/livingsuavinex\/wp-json\/wp\/v2\/posts\/16342\/revisions"}],"predecessor-version":[{"id":45360,"href":"https:\/\/www.suavinex.com\/livingsuavinex\/wp-json\/wp\/v2\/posts\/16342\/revisions\/45360"}],"wp:featuredmedia":[{"embeddable":true,"href":"https:\/\/www.suavinex.com\/livingsuavinex\/wp-json\/wp\/v2\/media\/23367"}],"wp:attachment":[{"href":"https:\/\/www.suavinex.com\/livingsuavinex\/wp-json\/wp\/v2\/media?parent=16342"}],"wp:term":[{"taxonomy":"category","embeddable":true,"href":"https:\/\/www.suavinex.com\/livingsuavinex\/wp-json\/wp\/v2\/categories?post=16342"},{"taxonomy":"post_tag","embeddable":true,"href":"https:\/\/www.suavinex.com\/livingsuavinex\/wp-json\/wp\/v2\/tags?post=16342"}],"curies":[{"name":"wp","href":"https:\/\/api.w.org\/{rel}","templated":true}]}}