{"id":16329,"date":"2017-03-15T07:00:00","date_gmt":"2017-03-15T06:00:00","guid":{"rendered":"https:\/\/www.suavinex.com\/livingsuavinex\/?p=16329"},"modified":"2022-01-25T13:28:44","modified_gmt":"2022-01-25T12:28:44","slug":"postparto-entrevista-mamen-jimenez","status":"publish","type":"post","link":"https:\/\/www.suavinex.com\/livingsuavinex\/postparto-entrevista-mamen-jimenez\/","title":{"rendered":"La normalidad en el postparto, entrevista a la psic\u00f3loga Mamen Jim\u00e9nez"},"content":{"rendered":"<p>Todos coincidimos en que el postparto es una etapa importante y delicada dentro de la vida de una <a href=\"https:\/\/www.suavinex.com\/livingsuavinex\/teoria-relatividad-maternal\/\" target=\"_blank\" rel=\"noopener noreferrer\">mujer<\/a>. Un momento que a veces se descuida o al que no se da la debida importancia. Normalidad, tristeza o incluso depresi\u00f3n son t\u00e9rminos que rondan pero que muchas veces se esconden y la mujer merece saber lo que supone el puerperio y las herramientas que tiene a su alcance para lograr que sea una fase llevadera.<\/p>\n<p>Hoy entrevistamos a <a href=\"http:\/\/www.blisspsicologia.com\" target=\"_blank\" rel=\"noopener noreferrer\"><strong>Mamen Jim\u00e9nez<\/strong><\/a>, psic\u00f3loga y tambi\u00e9n madre, para saber m\u00e1s sobre qu\u00e9 es un postparto normal, qu\u00e9 se\u00f1ales nos deben alertar de que las cosas no van del todo bien y, como no, hablar de la <a href=\"https:\/\/www.suavinex.com\/livingsuavinex\/depresion-postparto-la-importancia-diagnostico-precoz\/\" target=\"_blank\" rel=\"noopener noreferrer\">depresi\u00f3n postparto<\/a>.<\/p>\n<h2>\u00bfQu\u00e9 puede esperar la mujer del postparto?<\/h2>\n<p>Solemos referirnos a \u00e9l como \u201cla cuarentena\u201d por motivos puramente f\u00edsicos, ya que, en general, es el tiempo que tarda el cuerpo en recuperarse tras el parto. Pero lo cierto es que a menudo encontramos mujeres para las que han sido muchos m\u00e1s de cuarenta d\u00edas, y no precisamente por cuestiones fisiol\u00f3gicas.<\/p>\n<p>Acabas de dar a luz y tanto a nivel f\u00edsico como emocional y puramente log\u00edstico todo ha cambiado. Llegas a casa con un beb\u00e9 que requiere cuidados todo el tiempo, est\u00e1s cansada y las hormonas est\u00e1n en plena efervescencia. El amor (mucho) y el agotamiento (mucho tambi\u00e9n) se dan la mano en esta etapa. C\u00f3mo lo gestionemos y c\u00f3mo lo afrontemos (nosotras a nivel individual, con nuestra pareja y con nuestro entorno) marcar\u00e1 la diferencia.<\/p>\n<h2>\u00bfCu\u00e1l ser\u00eda tu recomendaci\u00f3n con respecto a la informaci\u00f3n desde el propio embarazo?<\/h2>\n<p>La informaci\u00f3n, en su justa medida y cuando es fidedigna, siempre es positiva ya que nos ayuda a ajustar las expectativas. Una de las principales causas de malestar es el choque entre \u201clo que pens\u00e1bamos que ser\u00eda\u201d y \u201clo que es\u201d, de manera que tener informaci\u00f3n veraz acerca de qu\u00e9 podemos esperar nos ayudar\u00e1 a que ese impacto sea menor y nos dotar\u00e1 de herramientas para afrontarlo con \u00e9xito.<\/p>\n<h2>Rompamos el mito de la superwoman, \u00bfcu\u00e1l deber\u00eda ser la preocupaci\u00f3n principal de una mujer en su postparto?<\/h2>\n<p>Obviamente cuidar de su beb\u00e9, pero tambi\u00e9n de ella misma, que quiz\u00e1 es la gran asignatura pendiente. Nos enfrentamos a una situaci\u00f3n nueva, con muchas cargas, un cambio en los roles, cansancio&#8230; Si no nos cuidamos la experiencia puede ser vivida como muy negativa. Conviene aprender a priorizar y no pretender \u201cpoder con todo\u201d.\u00a0\u00a0\u00a0\u00a0\u00a0\u00a0 No tiene sentido \u201cmachacarnos\u201d y exigirnos m\u00e1s de lo que podemos abarcar.<\/p>\n<h2>\u00bfQu\u00e9 situaciones o sentimientos no entrar\u00edan dentro de cierta \u201cnormalidad\u201d? \u00bfAnte cu\u00e1les deber\u00eda de alarmarse?<\/h2>\n<p>Es importante establecer diferencias: una cosa es la \u201ctristeza postparto\u201d, el agobio y el \u201ccansancio total\u201d; y otra, m\u00e1s complicada, es cuando verdaderamente nos encontramos mal y no nos sentimos capaces de hacer frente a la situaci\u00f3n. El sentirnos desbordadas puede ser habitual, pero si no nos supera, si hay momentos en los que s\u00ed que nos sentimos bien, si nos vemos capaces de hacerle frente, no debemos preocuparnos; este \u201cpico\u201d con el tiempo, el apoyo y el autocuidado pasar\u00e1: es decir, no debemos preocuparnos pero s\u00ed ocuparnos.<\/p>\n<h2>\u00bfQu\u00e9 pasa cuando se complica? \u00bfCu\u00e1les pueden ser los signos de alarma?<\/h2>\n<p>El cuadro de depresi\u00f3n postparto es, como todos, complejo y var\u00eda de una mujer a otra, pero entre los s\u00edntomas podemos encontrar:<\/p>\n<ul>\n<li>P\u00e9rdida de placer: lo que antes nos gustaba ahora ya no nos proporciona satisfacci\u00f3n.<\/li>\n<li>Aumento excesivo o disminuci\u00f3n significativa de la ingesta de alimentos con respecto al patr\u00f3n habitual de la mujer.<\/li>\n<li>Sentirse nerviosa la mayor parte del tiempo.<\/li>\n<li>Tener miedo de estar sola con el beb\u00e9.<\/li>\n<li>Dificultad para conciliar el sue\u00f1o y\/o dormir (dentro de lo que las demandas del beb\u00e9 permite, claro) o todo lo contrario, dormir en exceso.<\/li>\n<li>No tener inter\u00e9s por el beb\u00e9, los amigos, la pareja, la familia, es decir, aislamiento social.<\/li>\n<li>Pensar en hacerse da\u00f1o a s\u00ed misma o al beb\u00e9.<\/li>\n<li>Sentimiento de culpa excesivo.<\/li>\n<li>Sensaci\u00f3n de tener \u201cpensamientos muy r\u00e1pidos\u201d.<\/li>\n<li>Cambios en el estado de \u00e1nimo: sentirse muy mal o muy muy enfadada.<\/li>\n<li>Tristeza y llanto incontrolables.<\/li>\n<li>Preocupaci\u00f3n excesiva por no ser \u201cuna buena madre para el beb\u00e9\u201d.<\/li>\n<\/ul>\n<p>Si tienes dudas o el malestar es significativo no pasa nada por acudir a un profesional: en muchos casos la depresi\u00f3n postparto se aborda de manera exitosa con Terapia Psicol\u00f3gica (Cognitivo-conductual), que tiene adem\u00e1s la ventaja de no interferir con la lactancia. Sin embargo hay ocasiones y casos en los que s\u00ed que es necesaria la medicaci\u00f3n, para lo cual debemos acudir a un Psiquiatra (en la Seguridad Social, por ejemplo, el paso es solicitar a tu m\u00e9dico de cabecera la derivaci\u00f3n a Salud Mental).<\/p>\n<h2>Con respecto al entorno (pareja, familia, amigos), \u00bfqu\u00e9 podemos pedirles?<\/h2>\n<p>Apoyo, ayuda&#8230; lo que necesitemos. Podemos pedir que nos ayuden con los cuidados del beb\u00e9, cobertura para poder descansar un rato (o directamente dormir), que se hagan cargo de las tareas dom\u00e9sticas, tambi\u00e9n podemos pedir que nos escuchen, que nos acompa\u00f1en&#8230; Pero para eso hay que formular demandas claras, expresar nuestras necesidades de un modo expl\u00edcito y no esperar a que \u201clas adivinen\u201d o a que \u201cellos sepan lo que tienen que hacer porque es lo l\u00f3gico\u201d. S\u00f3lo t\u00fa sabes lo que necesitas en cada momento, y la mejor manera de conseguirlo es pidi\u00e9ndolo, no pasa nada, no significa que los dem\u00e1s te quieran menos por no anticiparse a tus necesidades.<\/p>\n<h2>\u00bfC\u00f3mo establecemos l\u00edmites a los consejos no pedidos?<\/h2>\n<p>Hay dos aspectos a tener en cuenta: qu\u00e9 nos dicen y c\u00f3mo dejamos que nos afecte eso que nos dicen. Si bien es cierto que hay formas de \u201crechazar\u201d opiniones no pedidas, y que es conveniente en caso de que nos sintamos mal al respecto, la realidad es que no tenemos control sobre la conducta de los dem\u00e1s, y esperar que nadie nos diga nada es poco realista. Sobre lo que s\u00ed tenemos control es precisamente sobre la segunda parte, sobre c\u00f3mo nos tomamos y c\u00f3mo nos afectan esos comentarios. Ponerlos en cuarentena, no verlos como algo personal (incluso si vienen de alguien a quien queremos) y aprender a \u201cpasar un poco\u201d de ellos son claves para sobrevivir a la oleada de comentarios que recibiremos.<\/p>\n<h2>La pareja. \u00bfCu\u00e1l es su papel en el postparto? \u00bfSon el soporte principal para la madre en esos primeros momentos?<\/h2>\n<p>Su papel es el de \u201cparte del equipo\u201d, y obviamente es soporte para la madre, igual que nosotras somos soporte para ellos. La situaci\u00f3n ha cambiado para los dos, de manera diferente por motivos evidentes, pero la cuesti\u00f3n es que ha cambiado. Ser equipo y apoyarnos mutuamente es absolutamente fundamental en esta etapa.<\/p>\n<h2>\u00bfC\u00f3mo encontramos nuestra tribu? \u00bfEn qui\u00e9n podemos apoyarnos?<\/h2>\n<p>De manera quiz\u00e1 no intencional esto de \u201chacer tribu\u201d se va dando progresivamente: es m\u00e1s frecuente quedar con otras parejas que tambi\u00e9n tienen hijos, pedimos ayuda a los abuelos para que nos den cobertura&#8230; Una de las cosas que m\u00e1s acusan las parejas actualmente es precisamente la soledad con la que tienen que afrontar la paternidad, lo cual la hace m\u00e1s complicada tanto a nivel emocional como puramente log\u00edstico. La \u201ctribu\u201d, la pandi, o como queramos llamarlo, no deja de ser un apoyo que realmente necesitamos las parejas en estos momentos y que correlaciona con un mejor afrontamiento.<\/p>\n<h2>Si solo pudieras dar una recomendaci\u00f3n, la m\u00e1s importante, \u00bfcu\u00e1l ser\u00eda?<\/h2>\n<p>Voy a hacer un poco de trampa y voy a dar dos&#8230;<\/p>\n<ol>\n<li>Hay algo que siempre les digo a mis pacientes en consulta: \u00bfC\u00f3mo le demuestras a tu hijo\/a que le quieres? Procurando que no le falte nada, dici\u00e9ndole que le quieres, cuid\u00e1ndole, d\u00e1ndole cari\u00f1o&#8230; Entonces, \u00bfpor qu\u00e9 se nos olvida hacer esto con nosotras mismas? Para afrontar la maternidad necesitamos estar bien, y para estar bien debemos cuidarnos, dedicarnos un tiempito. Somos madres, claro, y eso es enorme y brutal, pero tambi\u00e9n somos personas, somos mujeres, somos amigas, somos fans de cosas&#8230; y eso no puede perderse porque si no nosotras tambi\u00e9n nos perderemos. Adem\u00e1s, si queremos que nuestros hijos sean aut\u00f3nomos, que tengan una buena autoestima y sean felices, quiz\u00e1 el primer paso sea dar ejemplo, \u00bfno os parece?<\/li>\n<li>Si tienes depresi\u00f3n postparto es fundamental que entiendas que NO ES CULPA TUYA, no sirve de nada fustigarse ni sentirse culpable por estar mal. De lo que s\u00ed eres responsable es de tomar medidas y pedir ayuda. \u00a1Mucho \u00e1nimo y a por ello!<\/li>\n<\/ol>\n<p>Mamen Jim\u00e9nez<\/p>\n<p>Psic\u00f3loga, Sex\u00f3loga y Terapeuta de Pareja<\/p>\n<p><a href=\"http:\/\/www.blisspsicologia.com\/\" target=\"_blank\" rel=\"noopener noreferrer\">www.blisspsicologia.com<\/a><\/p>\n<p>Twitter: <a href=\"https:\/\/twitter.com\/blisspsicologia?lang=es\" target=\"_blank\" rel=\"noopener noreferrer\">@blisspsicologia<\/a>, <a href=\"https:\/\/twitter.com\/lapsicomami?lang=es\" target=\"_blank\" rel=\"noopener noreferrer\">@lapsicomami<\/a><\/p>\n","protected":false},"excerpt":{"rendered":"Todos coincidimos en que el postparto es una etapa importante y delicada dentro de la vida de una mujer. Un momento que a veces se descuida o al que no se da la debida importancia. Normalidad, tristeza o incluso depresi\u00f3n son t\u00e9rminos que rondan pero que muchas veces se esconden&#8230; <a class=\"view-article\" href=\"https:\/\/www.suavinex.com\/livingsuavinex\/postparto-entrevista-mamen-jimenez\/\">Ver art\u00edculo<\/a>","protected":false},"author":295,"featured_media":0,"comment_status":"open","ping_status":"open","sticky":false,"template":"","format":"standard","meta":{"inline_featured_image":false,"footnotes":""},"categories":[1059],"tags":[9,46,419],"class_list":["post-16329","post","type-post","status-publish","format-standard","hentry","category-postparto","tag-maternidad","tag-mujer","tag-postparto"],"yoast_head":"<!-- This site is optimized with the Yoast SEO plugin v26.8 - https:\/\/yoast.com\/product\/yoast-seo-wordpress\/ -->\n<title>La normalidad en el postparto, entrevista a la psic\u00f3loga Mamen Jim\u00e9nez<\/title>\n<meta name=\"description\" content=\"Todos coincidimos en que el postparto es una etapa importante y delicada dentro de la vida de una mujer. Hoy entrevistamos a Mamen Jim\u00e9nez, psic\u00f3loga\" \/>\n<meta name=\"robots\" content=\"index, follow, max-snippet:-1, max-image-preview:large, max-video-preview:-1\" \/>\n<link rel=\"canonical\" href=\"https:\/\/www.suavinex.com\/livingsuavinex\/postparto-entrevista-mamen-jimenez\/\" \/>\n<meta property=\"og:locale\" content=\"es_ES\" \/>\n<meta property=\"og:type\" content=\"article\" \/>\n<meta property=\"og:title\" content=\"La normalidad en el postparto, entrevista a la psic\u00f3loga Mamen Jim\u00e9nez\" \/>\n<meta property=\"og:description\" content=\"Todos coincidimos en que el postparto es una etapa importante y delicada dentro de la vida de una mujer. Hoy entrevistamos a Mamen Jim\u00e9nez, psic\u00f3loga\" \/>\n<meta property=\"og:url\" content=\"https:\/\/www.suavinex.com\/livingsuavinex\/postparto-entrevista-mamen-jimenez\/\" \/>\n<meta property=\"og:site_name\" content=\"Living Suavinex\" \/>\n<meta property=\"article:publisher\" content=\"https:\/\/www.facebook.com\/SuavinexSpain\" \/>\n<meta property=\"article:published_time\" content=\"2017-03-15T06:00:00+00:00\" \/>\n<meta property=\"article:modified_time\" content=\"2022-01-25T12:28:44+00:00\" \/>\n<meta name=\"author\" content=\"Suavinex Central\" \/>\n<meta name=\"twitter:card\" content=\"summary_large_image\" \/>\n<meta name=\"twitter:creator\" content=\"@SuavinexSpain\" \/>\n<meta name=\"twitter:site\" content=\"@SuavinexSpain\" \/>\n<meta name=\"twitter:label1\" content=\"Escrito por\" \/>\n\t<meta name=\"twitter:data1\" content=\"Suavinex Central\" \/>\n\t<meta name=\"twitter:label2\" content=\"Tiempo de lectura\" \/>\n\t<meta name=\"twitter:data2\" content=\"8 minutos\" \/>\n<script type=\"application\/ld+json\" class=\"yoast-schema-graph\">{\"@context\":\"https:\/\/schema.org\",\"@graph\":[{\"@type\":\"Article\",\"@id\":\"https:\/\/www.suavinex.com\/livingsuavinex\/postparto-entrevista-mamen-jimenez\/#article\",\"isPartOf\":{\"@id\":\"https:\/\/www.suavinex.com\/livingsuavinex\/postparto-entrevista-mamen-jimenez\/\"},\"author\":{\"name\":\"Suavinex Central\",\"@id\":\"https:\/\/www.suavinex.com\/livingsuavinex\/#\/schema\/person\/836d83f4b1821b11b7b47cffd08f1ecb\"},\"headline\":\"La normalidad en el postparto, entrevista a la psic\u00f3loga Mamen Jim\u00e9nez\",\"datePublished\":\"2017-03-15T06:00:00+00:00\",\"dateModified\":\"2022-01-25T12:28:44+00:00\",\"mainEntityOfPage\":{\"@id\":\"https:\/\/www.suavinex.com\/livingsuavinex\/postparto-entrevista-mamen-jimenez\/\"},\"wordCount\":1518,\"commentCount\":1,\"publisher\":{\"@id\":\"https:\/\/www.suavinex.com\/livingsuavinex\/#organization\"},\"keywords\":[\"Maternidad\",\"Mujer\",\"Postparto\"],\"articleSection\":[\"Postparto\"],\"inLanguage\":\"es\"},{\"@type\":\"WebPage\",\"@id\":\"https:\/\/www.suavinex.com\/livingsuavinex\/postparto-entrevista-mamen-jimenez\/\",\"url\":\"https:\/\/www.suavinex.com\/livingsuavinex\/postparto-entrevista-mamen-jimenez\/\",\"name\":\"La normalidad en el postparto, entrevista a la psic\u00f3loga Mamen Jim\u00e9nez\",\"isPartOf\":{\"@id\":\"https:\/\/www.suavinex.com\/livingsuavinex\/#website\"},\"datePublished\":\"2017-03-15T06:00:00+00:00\",\"dateModified\":\"2022-01-25T12:28:44+00:00\",\"description\":\"Todos coincidimos en que el postparto es una etapa importante y delicada dentro de la vida de una mujer. Hoy entrevistamos a Mamen Jim\u00e9nez, psic\u00f3loga\",\"breadcrumb\":{\"@id\":\"https:\/\/www.suavinex.com\/livingsuavinex\/postparto-entrevista-mamen-jimenez\/#breadcrumb\"},\"inLanguage\":\"es\",\"potentialAction\":[{\"@type\":\"ReadAction\",\"target\":[\"https:\/\/www.suavinex.com\/livingsuavinex\/postparto-entrevista-mamen-jimenez\/\"]}]},{\"@type\":\"BreadcrumbList\",\"@id\":\"https:\/\/www.suavinex.com\/livingsuavinex\/postparto-entrevista-mamen-jimenez\/#breadcrumb\",\"itemListElement\":[{\"@type\":\"ListItem\",\"position\":1,\"name\":\"Portada\",\"item\":\"https:\/\/www.suavinex.com\/livingsuavinex\/\"},{\"@type\":\"ListItem\",\"position\":2,\"name\":\"La normalidad en el postparto, entrevista a la psic\u00f3loga Mamen Jim\u00e9nez\"}]},{\"@type\":\"WebSite\",\"@id\":\"https:\/\/www.suavinex.com\/livingsuavinex\/#website\",\"url\":\"https:\/\/www.suavinex.com\/livingsuavinex\/\",\"name\":\"Living Suavinex\",\"description\":\"| Familias reales\",\"publisher\":{\"@id\":\"https:\/\/www.suavinex.com\/livingsuavinex\/#organization\"},\"potentialAction\":[{\"@type\":\"SearchAction\",\"target\":{\"@type\":\"EntryPoint\",\"urlTemplate\":\"https:\/\/www.suavinex.com\/livingsuavinex\/?s={search_term_string}\"},\"query-input\":{\"@type\":\"PropertyValueSpecification\",\"valueRequired\":true,\"valueName\":\"search_term_string\"}}],\"inLanguage\":\"es\"},{\"@type\":\"Organization\",\"@id\":\"https:\/\/www.suavinex.com\/livingsuavinex\/#organization\",\"name\":\"Suavinex\",\"url\":\"https:\/\/www.suavinex.com\/livingsuavinex\/\",\"logo\":{\"@type\":\"ImageObject\",\"inLanguage\":\"es\",\"@id\":\"https:\/\/www.suavinex.com\/livingsuavinex\/#\/schema\/logo\/image\/\",\"url\":\"https:\/\/www.suavinex.com\/livingsuavinex\/wp-content\/uploads\/2018\/07\/living_sx_logo_mvl.png\",\"contentUrl\":\"https:\/\/www.suavinex.com\/livingsuavinex\/wp-content\/uploads\/2018\/07\/living_sx_logo_mvl.png\",\"width\":350,\"height\":70,\"caption\":\"Suavinex\"},\"image\":{\"@id\":\"https:\/\/www.suavinex.com\/livingsuavinex\/#\/schema\/logo\/image\/\"},\"sameAs\":[\"https:\/\/www.facebook.com\/SuavinexSpain\",\"https:\/\/x.com\/SuavinexSpain\",\"https:\/\/www.instagram.com\/suavinex_spain\/\",\"https:\/\/www.pinterest.es\/SuavinexSpain\/\",\"https:\/\/www.youtube.com\/channel\/UCgeJREx2R_ZvV2aQMrfWgcA\"]},{\"@type\":\"Person\",\"@id\":\"https:\/\/www.suavinex.com\/livingsuavinex\/#\/schema\/person\/836d83f4b1821b11b7b47cffd08f1ecb\",\"name\":\"Suavinex Central\",\"image\":{\"@type\":\"ImageObject\",\"inLanguage\":\"es\",\"@id\":\"https:\/\/www.suavinex.com\/livingsuavinex\/#\/schema\/person\/image\/\",\"url\":\"https:\/\/secure.gravatar.com\/avatar\/bd43680b784882668035add29f959967?s=96&d=mm&r=g\",\"contentUrl\":\"https:\/\/secure.gravatar.com\/avatar\/bd43680b784882668035add29f959967?s=96&d=mm&r=g\",\"caption\":\"Suavinex Central\"}}]}<\/script>\n<!-- \/ Yoast SEO plugin. -->","yoast_head_json":{"title":"La normalidad en el postparto, entrevista a la psic\u00f3loga Mamen Jim\u00e9nez","description":"Todos coincidimos en que el postparto es una etapa importante y delicada dentro de la vida de una mujer. Hoy entrevistamos a Mamen Jim\u00e9nez, psic\u00f3loga","robots":{"index":"index","follow":"follow","max-snippet":"max-snippet:-1","max-image-preview":"max-image-preview:large","max-video-preview":"max-video-preview:-1"},"canonical":"https:\/\/www.suavinex.com\/livingsuavinex\/postparto-entrevista-mamen-jimenez\/","og_locale":"es_ES","og_type":"article","og_title":"La normalidad en el postparto, entrevista a la psic\u00f3loga Mamen Jim\u00e9nez","og_description":"Todos coincidimos en que el postparto es una etapa importante y delicada dentro de la vida de una mujer. Hoy entrevistamos a Mamen Jim\u00e9nez, psic\u00f3loga","og_url":"https:\/\/www.suavinex.com\/livingsuavinex\/postparto-entrevista-mamen-jimenez\/","og_site_name":"Living Suavinex","article_publisher":"https:\/\/www.facebook.com\/SuavinexSpain","article_published_time":"2017-03-15T06:00:00+00:00","article_modified_time":"2022-01-25T12:28:44+00:00","author":"Suavinex Central","twitter_card":"summary_large_image","twitter_creator":"@SuavinexSpain","twitter_site":"@SuavinexSpain","twitter_misc":{"Escrito por":"Suavinex Central","Tiempo de lectura":"8 minutos"},"schema":{"@context":"https:\/\/schema.org","@graph":[{"@type":"Article","@id":"https:\/\/www.suavinex.com\/livingsuavinex\/postparto-entrevista-mamen-jimenez\/#article","isPartOf":{"@id":"https:\/\/www.suavinex.com\/livingsuavinex\/postparto-entrevista-mamen-jimenez\/"},"author":{"name":"Suavinex Central","@id":"https:\/\/www.suavinex.com\/livingsuavinex\/#\/schema\/person\/836d83f4b1821b11b7b47cffd08f1ecb"},"headline":"La normalidad en el postparto, entrevista a la psic\u00f3loga Mamen Jim\u00e9nez","datePublished":"2017-03-15T06:00:00+00:00","dateModified":"2022-01-25T12:28:44+00:00","mainEntityOfPage":{"@id":"https:\/\/www.suavinex.com\/livingsuavinex\/postparto-entrevista-mamen-jimenez\/"},"wordCount":1518,"commentCount":1,"publisher":{"@id":"https:\/\/www.suavinex.com\/livingsuavinex\/#organization"},"keywords":["Maternidad","Mujer","Postparto"],"articleSection":["Postparto"],"inLanguage":"es"},{"@type":"WebPage","@id":"https:\/\/www.suavinex.com\/livingsuavinex\/postparto-entrevista-mamen-jimenez\/","url":"https:\/\/www.suavinex.com\/livingsuavinex\/postparto-entrevista-mamen-jimenez\/","name":"La normalidad en el postparto, entrevista a la psic\u00f3loga Mamen Jim\u00e9nez","isPartOf":{"@id":"https:\/\/www.suavinex.com\/livingsuavinex\/#website"},"datePublished":"2017-03-15T06:00:00+00:00","dateModified":"2022-01-25T12:28:44+00:00","description":"Todos coincidimos en que el postparto es una etapa importante y delicada dentro de la vida de una mujer. Hoy entrevistamos a Mamen Jim\u00e9nez, psic\u00f3loga","breadcrumb":{"@id":"https:\/\/www.suavinex.com\/livingsuavinex\/postparto-entrevista-mamen-jimenez\/#breadcrumb"},"inLanguage":"es","potentialAction":[{"@type":"ReadAction","target":["https:\/\/www.suavinex.com\/livingsuavinex\/postparto-entrevista-mamen-jimenez\/"]}]},{"@type":"BreadcrumbList","@id":"https:\/\/www.suavinex.com\/livingsuavinex\/postparto-entrevista-mamen-jimenez\/#breadcrumb","itemListElement":[{"@type":"ListItem","position":1,"name":"Portada","item":"https:\/\/www.suavinex.com\/livingsuavinex\/"},{"@type":"ListItem","position":2,"name":"La normalidad en el postparto, entrevista a la psic\u00f3loga Mamen Jim\u00e9nez"}]},{"@type":"WebSite","@id":"https:\/\/www.suavinex.com\/livingsuavinex\/#website","url":"https:\/\/www.suavinex.com\/livingsuavinex\/","name":"Living Suavinex","description":"| Familias reales","publisher":{"@id":"https:\/\/www.suavinex.com\/livingsuavinex\/#organization"},"potentialAction":[{"@type":"SearchAction","target":{"@type":"EntryPoint","urlTemplate":"https:\/\/www.suavinex.com\/livingsuavinex\/?s={search_term_string}"},"query-input":{"@type":"PropertyValueSpecification","valueRequired":true,"valueName":"search_term_string"}}],"inLanguage":"es"},{"@type":"Organization","@id":"https:\/\/www.suavinex.com\/livingsuavinex\/#organization","name":"Suavinex","url":"https:\/\/www.suavinex.com\/livingsuavinex\/","logo":{"@type":"ImageObject","inLanguage":"es","@id":"https:\/\/www.suavinex.com\/livingsuavinex\/#\/schema\/logo\/image\/","url":"https:\/\/www.suavinex.com\/livingsuavinex\/wp-content\/uploads\/2018\/07\/living_sx_logo_mvl.png","contentUrl":"https:\/\/www.suavinex.com\/livingsuavinex\/wp-content\/uploads\/2018\/07\/living_sx_logo_mvl.png","width":350,"height":70,"caption":"Suavinex"},"image":{"@id":"https:\/\/www.suavinex.com\/livingsuavinex\/#\/schema\/logo\/image\/"},"sameAs":["https:\/\/www.facebook.com\/SuavinexSpain","https:\/\/x.com\/SuavinexSpain","https:\/\/www.instagram.com\/suavinex_spain\/","https:\/\/www.pinterest.es\/SuavinexSpain\/","https:\/\/www.youtube.com\/channel\/UCgeJREx2R_ZvV2aQMrfWgcA"]},{"@type":"Person","@id":"https:\/\/www.suavinex.com\/livingsuavinex\/#\/schema\/person\/836d83f4b1821b11b7b47cffd08f1ecb","name":"Suavinex Central","image":{"@type":"ImageObject","inLanguage":"es","@id":"https:\/\/www.suavinex.com\/livingsuavinex\/#\/schema\/person\/image\/","url":"https:\/\/secure.gravatar.com\/avatar\/bd43680b784882668035add29f959967?s=96&d=mm&r=g","contentUrl":"https:\/\/secure.gravatar.com\/avatar\/bd43680b784882668035add29f959967?s=96&d=mm&r=g","caption":"Suavinex Central"}}]}},"_links":{"self":[{"href":"https:\/\/www.suavinex.com\/livingsuavinex\/wp-json\/wp\/v2\/posts\/16329","targetHints":{"allow":["GET"]}}],"collection":[{"href":"https:\/\/www.suavinex.com\/livingsuavinex\/wp-json\/wp\/v2\/posts"}],"about":[{"href":"https:\/\/www.suavinex.com\/livingsuavinex\/wp-json\/wp\/v2\/types\/post"}],"author":[{"embeddable":true,"href":"https:\/\/www.suavinex.com\/livingsuavinex\/wp-json\/wp\/v2\/users\/295"}],"replies":[{"embeddable":true,"href":"https:\/\/www.suavinex.com\/livingsuavinex\/wp-json\/wp\/v2\/comments?post=16329"}],"version-history":[{"count":5,"href":"https:\/\/www.suavinex.com\/livingsuavinex\/wp-json\/wp\/v2\/posts\/16329\/revisions"}],"predecessor-version":[{"id":42499,"href":"https:\/\/www.suavinex.com\/livingsuavinex\/wp-json\/wp\/v2\/posts\/16329\/revisions\/42499"}],"wp:attachment":[{"href":"https:\/\/www.suavinex.com\/livingsuavinex\/wp-json\/wp\/v2\/media?parent=16329"}],"wp:term":[{"taxonomy":"category","embeddable":true,"href":"https:\/\/www.suavinex.com\/livingsuavinex\/wp-json\/wp\/v2\/categories?post=16329"},{"taxonomy":"post_tag","embeddable":true,"href":"https:\/\/www.suavinex.com\/livingsuavinex\/wp-json\/wp\/v2\/tags?post=16329"}],"curies":[{"name":"wp","href":"https:\/\/api.w.org\/{rel}","templated":true}]}}