{"id":15999,"date":"2017-01-25T07:41:21","date_gmt":"2017-01-25T07:41:21","guid":{"rendered":"https:\/\/www.suavinex.com\/livingsuavinex\/?p=15999"},"modified":"2019-07-23T11:30:22","modified_gmt":"2019-07-23T09:30:22","slug":"intimidad-menores-internet","status":"publish","type":"post","link":"https:\/\/www.suavinex.com\/livingsuavinex\/intimidad-menores-internet\/","title":{"rendered":"Derecho a la intimidad de los menores en Internet y responsabilidad de los padres"},"content":{"rendered":"<p>Sab\u00eda que tarde o temprano iba a ocurrir, y ocurri\u00f3. Hace unas semanas conoc\u00edamos la noticia de que <a href=\"http:\/\/www.antena3.com\/noticias\/mundo\/joven-denuncia-sus-padres-publicar-fotos-cuando-era-pequena-facebook_2016092257e415b90cf21f619134d239.html\" target=\"_blank\">una joven austr\u00edaca de 18 a\u00f1os denunci\u00f3 a sus padres<\/a> por haber estado subiendo fotos suyas a internet de todas las etapas de su infancia, tras haberles pedido en multitud de ocasiones, sin \u00e9xito, que las eliminaran.<\/p>\n<p>Este caso puede resultar anecd\u00f3tico, pero para m\u00ed es la punta del iceberg de algo muy serio, de lo que los padres somos totalmente responsables y debemos salvaguardar: el derecho al honor, a la intimidad y a la propia imagen de nuestros hijos. En Espa\u00f1a tenemos una ley espec\u00edfica que protege estos derechos, la <a href=\"https:\/\/www.boe.es\/buscar\/doc.php?id=BOE-A-1982-11196\" target=\"_blank\"><strong>Ley Org\u00e1nica 1\/1982 de Protecci\u00f3n Civil del Derecho al Honor, a la Intimidad Personal y Familiar y a la Propia Imagen<\/strong><\/a> y que los considera irrenunciables, inalienables e imprescriptibles. Fijaos si esto es serio que, aunque el propio menor, sus padres o representantes legales autorizaran a hacer uso, por ejemplo, de una foto, si \u00e9sta menoscabase su honra o reputaci\u00f3n, el Fiscal podr\u00eda intervenir para proteger al menor, seg\u00fan establece <strong>otra ley<\/strong> a tener en cuenta en este tema.<\/p>\n<h2>Hay leyes que protegen a nuestros hijos<\/h2>\n<p>Tenemos que tener en cuenta que la imagen de nuestros hijos es un dato personal, y como tal hay que tratarlo y protegerlo, seg\u00fan la <a href=\"https:\/\/www.boe.es\/buscar\/doc.php?id=BOE-A-1999-23750\" target=\"_blank\"><strong>Ley Org\u00e1nica de Protecci\u00f3n de Datos<\/strong><\/a>, si no, podemos encontrarnos con que cuando crezcan y comiencen a entrar en internet, y se descubran a s\u00ed mismos en infinidad de momentos de su infancia, nos pidan explicaciones y, en el peor de los casos, nos reclamen ante los Tribunales los posibles perjuicios que les hayamos podido causar.<\/p>\n<p>Dicho esto, os dir\u00e9 que no pretendo asustaros, s\u00f3lo situaros en la realidad, y haceros conscientes de las consecuencias y repercusiones que tiene subir fotos de menores a Facebook, Instagram, Twitter, u otras redes sociales, algo que todos hemos hecho alguna vez con la mejor de las intenciones para compartirlas con la familia o amigos de una forma c\u00f3moda. Entonces, <strong>\u00bfNo deber\u00edamos publicar ninguna foto de nuestros hijos en internet? <\/strong>Para los m\u00e1s celosos de la intimidad de sus hijos, \u00e9sta es la soluci\u00f3n ideal, o incluso ocultar sus caras. Pero otra alternativa es acotar las personas que tienen acceso a la imagen que subimos configurando las opciones de privacidad de cada red social de manera que queden lo m\u00e1s restringidas posible.<\/p>\n<h2>Nosotros podemos elegir el grado de privacidad de las redes sociales<\/h2>\n<p>Por ejemplo en Facebook, en lugar de tener nuestras fotos abiertas, podemos elegir que s\u00f3lo puedan verlas nuestros amigos (ni siquiera los amigos de nuestros amigos), e incluso, para cada publicaci\u00f3n que hagamos, podemos elegir qu\u00e9 personas concretas pueden verla. Tened en cuenta que, seg\u00fan las <a href=\"https:\/\/www.facebook.com\/terms.php?locale=es_ES\" target=\"_blank\">normas de Facebook<\/a>: \u201c<em>Con relaci\u00f3n al contenido protegido por derechos de propiedad intelectual, como fotograf\u00edas y v\u00eddeos (en lo sucesivo, \u201ccontenido de PI\u201d), nos concedes espec\u00edficamente el siguiente permiso, de acuerdo con la configuraci\u00f3n de la privacidad y las aplicaciones: nos concedes una licencia no exclusiva, transferible, con derechos de sublicencia, libre de regal\u00edas, aplicable globalmente, para utilizar cualquier contenido de PI que publiques en Facebook o en conexi\u00f3n con Facebook (en adelante, \u201clicencia de PI\u201d).<\/em> Esta licencia de PI finaliza cuando eliminas tu contenido de PI o tu cuenta, salvo si el contenido se ha compartido con terceros y estos no lo han eliminado\u201d.<\/p>\n<p>En mi opini\u00f3n, Facebook se extralimita y abusa de su posici\u00f3n al imponer esta norma; sobre todo teniendo en cuenta que cambia su pol\u00edtica de privacidad muy a menudo. Pero no s\u00f3lo tenemos responsabilidad sobre las fotos de nuestros hijos. Tambi\u00e9n de aquellas en las que aparezcan otros menores, situaci\u00f3n tan frecuente en cumplea\u00f1os o eventos infantiles. Sabed que en estos casos deber\u00edais pedir permiso a los padres de los otros ni\u00f1os para subir fotos en las que aparecen en grupo a internet, preferiblemente por escrito. Pero tened en cuenta que podr\u00e1 ser revocado en cualquier momento. Otra soluci\u00f3n es subirlas sin mostrar su cara. Otra opci\u00f3n para compartir fotos por internet sin exponer a nuestros hijos son herramientas en las que se facilita una clave para acceder. As\u00ed\u00a0s\u00f3lo tendr\u00e1n acceso las personas que queramos.<\/p>\n<h2>\u00bfPodemos borrar la huella digital que hemos dejado hasta ahora?<\/h2>\n<p>Ante la pregunta de si podemos evitar que Google muestra resultados indeseables ante determinadas b\u00fasquedas sobre nuestra persona o la de nuestros hijos (lo que se llama <strong>el derecho al olvido<\/strong>) la respuesta es s\u00ed. Pero conlleva un proceso, y no siempre se consigue del todo. Google dejar\u00eda de mostrar los resultados de b\u00fasqueda en Espa\u00f1a, pero desde otro lugar del mundo, seguir\u00edan apareciendo. Los pasos a seguir para borrar nuestra huella digital os los explico <a href=\"http:\/\/madrescabreadas.com\/post\/114206854729\/internet-intimidad-menores\" target=\"_blank\">aqu\u00ed<\/a>. Por eso, el mejor consejo es que, antes que tener que llegar a este punto, act\u00faes con prudencia y sentido com\u00fan desde el principio; como hacemos en el resto de facetas de la vida de nuestros hijos.<\/p>\n<p>Mar\u00eda S\u00e1nchez<\/p>\n<p>Abogada<\/p>\n<p>Autora del blog <a href=\"http:\/\/madrescabreadas.com\/\" target=\"_blank\">madrescabreadas.com<\/a><\/p>\n","protected":false},"excerpt":{"rendered":"Sab\u00eda que tarde o temprano iba a ocurrir, y ocurri\u00f3. Hace unas semanas conoc\u00edamos la noticia de que una joven austr\u00edaca de 18 a\u00f1os denunci\u00f3 a sus padres por haber estado subiendo fotos suyas a internet de todas las etapas de su infancia, tras haberles pedido en multitud de ocasiones,&#8230; <a class=\"view-article\" href=\"https:\/\/www.suavinex.com\/livingsuavinex\/intimidad-menores-internet\/\">Ver art\u00edculo<\/a>","protected":false},"author":288,"featured_media":23463,"comment_status":"open","ping_status":"open","sticky":false,"template":"","format":"standard","meta":{"inline_featured_image":false,"footnotes":""},"categories":[2272],"tags":[12,9,191],"class_list":["post-15999","post","type-post","status-publish","format-standard","has-post-thumbnail","hentry","category-tips-crianza","tag-hijos","tag-maternidad","tag-paternidad"],"yoast_head":"<!-- This site is optimized with the Yoast SEO plugin v26.8 - https:\/\/yoast.com\/product\/yoast-seo-wordpress\/ -->\n<title>Derecho a la intimidad de los menores en internet y responsabilidad de los padres<\/title>\n<meta name=\"description\" content=\"Derecho a la intimidad de los menores en internet y responsabilidad de los padres a la hora de salvaguardar su imagen y su honor\" \/>\n<meta name=\"robots\" content=\"index, follow, max-snippet:-1, max-image-preview:large, max-video-preview:-1\" \/>\n<link rel=\"canonical\" href=\"https:\/\/www.suavinex.com\/livingsuavinex\/intimidad-menores-internet\/\" \/>\n<meta property=\"og:locale\" content=\"es_ES\" \/>\n<meta property=\"og:type\" content=\"article\" \/>\n<meta property=\"og:title\" content=\"Derecho a la intimidad de los menores en internet y responsabilidad de los padres\" \/>\n<meta property=\"og:description\" content=\"Derecho a la intimidad de los menores en internet y responsabilidad de los padres a la hora de salvaguardar su imagen y su honor\" \/>\n<meta property=\"og:url\" content=\"https:\/\/www.suavinex.com\/livingsuavinex\/intimidad-menores-internet\/\" \/>\n<meta property=\"og:site_name\" content=\"Living Suavinex\" \/>\n<meta property=\"article:publisher\" content=\"https:\/\/www.facebook.com\/SuavinexSpain\" \/>\n<meta property=\"article:published_time\" content=\"2017-01-25T07:41:21+00:00\" \/>\n<meta property=\"article:modified_time\" content=\"2019-07-23T09:30:22+00:00\" \/>\n<meta property=\"og:image\" content=\"https:\/\/www.suavinex.com\/livingsuavinex\/wp-content\/uploads\/2017\/01\/maria_sanchez_blog_2.jpg\" \/>\n\t<meta property=\"og:image:width\" content=\"800\" \/>\n\t<meta property=\"og:image:height\" content=\"474\" \/>\n\t<meta property=\"og:image:type\" content=\"image\/jpeg\" \/>\n<meta name=\"author\" content=\"Living Suavinex\" \/>\n<meta name=\"twitter:card\" content=\"summary_large_image\" \/>\n<meta name=\"twitter:creator\" content=\"@SuavinexSpain\" \/>\n<meta name=\"twitter:site\" content=\"@SuavinexSpain\" \/>\n<meta name=\"twitter:label1\" content=\"Escrito por\" \/>\n\t<meta name=\"twitter:data1\" content=\"Living Suavinex\" \/>\n\t<meta name=\"twitter:label2\" content=\"Tiempo de lectura\" \/>\n\t<meta name=\"twitter:data2\" content=\"4 minutos\" \/>\n<script type=\"application\/ld+json\" class=\"yoast-schema-graph\">{\"@context\":\"https:\/\/schema.org\",\"@graph\":[{\"@type\":\"Article\",\"@id\":\"https:\/\/www.suavinex.com\/livingsuavinex\/intimidad-menores-internet\/#article\",\"isPartOf\":{\"@id\":\"https:\/\/www.suavinex.com\/livingsuavinex\/intimidad-menores-internet\/\"},\"author\":{\"name\":\"Living Suavinex\",\"@id\":\"https:\/\/www.suavinex.com\/livingsuavinex\/#\/schema\/person\/64fd7b62c88b0024a3ceeffb47f07eb6\"},\"headline\":\"Derecho a la intimidad de los menores en Internet y responsabilidad de los padres\",\"datePublished\":\"2017-01-25T07:41:21+00:00\",\"dateModified\":\"2019-07-23T09:30:22+00:00\",\"mainEntityOfPage\":{\"@id\":\"https:\/\/www.suavinex.com\/livingsuavinex\/intimidad-menores-internet\/\"},\"wordCount\":893,\"commentCount\":0,\"publisher\":{\"@id\":\"https:\/\/www.suavinex.com\/livingsuavinex\/#organization\"},\"image\":{\"@id\":\"https:\/\/www.suavinex.com\/livingsuavinex\/intimidad-menores-internet\/#primaryimage\"},\"thumbnailUrl\":\"https:\/\/www.suavinex.com\/livingsuavinex\/wp-content\/uploads\/2017\/01\/maria_sanchez_blog_2.jpg\",\"keywords\":[\"Hijos\",\"Maternidad\",\"Paternidad\"],\"articleSection\":[\"Tips de crianza\"],\"inLanguage\":\"es\"},{\"@type\":\"WebPage\",\"@id\":\"https:\/\/www.suavinex.com\/livingsuavinex\/intimidad-menores-internet\/\",\"url\":\"https:\/\/www.suavinex.com\/livingsuavinex\/intimidad-menores-internet\/\",\"name\":\"Derecho a la intimidad de los menores en internet y responsabilidad de los padres\",\"isPartOf\":{\"@id\":\"https:\/\/www.suavinex.com\/livingsuavinex\/#website\"},\"primaryImageOfPage\":{\"@id\":\"https:\/\/www.suavinex.com\/livingsuavinex\/intimidad-menores-internet\/#primaryimage\"},\"image\":{\"@id\":\"https:\/\/www.suavinex.com\/livingsuavinex\/intimidad-menores-internet\/#primaryimage\"},\"thumbnailUrl\":\"https:\/\/www.suavinex.com\/livingsuavinex\/wp-content\/uploads\/2017\/01\/maria_sanchez_blog_2.jpg\",\"datePublished\":\"2017-01-25T07:41:21+00:00\",\"dateModified\":\"2019-07-23T09:30:22+00:00\",\"description\":\"Derecho a la intimidad de los menores en internet y responsabilidad de los padres a la hora de salvaguardar su imagen y su honor\",\"breadcrumb\":{\"@id\":\"https:\/\/www.suavinex.com\/livingsuavinex\/intimidad-menores-internet\/#breadcrumb\"},\"inLanguage\":\"es\",\"potentialAction\":[{\"@type\":\"ReadAction\",\"target\":[\"https:\/\/www.suavinex.com\/livingsuavinex\/intimidad-menores-internet\/\"]}]},{\"@type\":\"ImageObject\",\"inLanguage\":\"es\",\"@id\":\"https:\/\/www.suavinex.com\/livingsuavinex\/intimidad-menores-internet\/#primaryimage\",\"url\":\"https:\/\/www.suavinex.com\/livingsuavinex\/wp-content\/uploads\/2017\/01\/maria_sanchez_blog_2.jpg\",\"contentUrl\":\"https:\/\/www.suavinex.com\/livingsuavinex\/wp-content\/uploads\/2017\/01\/maria_sanchez_blog_2.jpg\",\"width\":800,\"height\":474},{\"@type\":\"BreadcrumbList\",\"@id\":\"https:\/\/www.suavinex.com\/livingsuavinex\/intimidad-menores-internet\/#breadcrumb\",\"itemListElement\":[{\"@type\":\"ListItem\",\"position\":1,\"name\":\"Portada\",\"item\":\"https:\/\/www.suavinex.com\/livingsuavinex\/\"},{\"@type\":\"ListItem\",\"position\":2,\"name\":\"Derecho a la intimidad de los menores en Internet y responsabilidad de los padres\"}]},{\"@type\":\"WebSite\",\"@id\":\"https:\/\/www.suavinex.com\/livingsuavinex\/#website\",\"url\":\"https:\/\/www.suavinex.com\/livingsuavinex\/\",\"name\":\"Living Suavinex\",\"description\":\"| Familias reales\",\"publisher\":{\"@id\":\"https:\/\/www.suavinex.com\/livingsuavinex\/#organization\"},\"potentialAction\":[{\"@type\":\"SearchAction\",\"target\":{\"@type\":\"EntryPoint\",\"urlTemplate\":\"https:\/\/www.suavinex.com\/livingsuavinex\/?s={search_term_string}\"},\"query-input\":{\"@type\":\"PropertyValueSpecification\",\"valueRequired\":true,\"valueName\":\"search_term_string\"}}],\"inLanguage\":\"es\"},{\"@type\":\"Organization\",\"@id\":\"https:\/\/www.suavinex.com\/livingsuavinex\/#organization\",\"name\":\"Suavinex\",\"url\":\"https:\/\/www.suavinex.com\/livingsuavinex\/\",\"logo\":{\"@type\":\"ImageObject\",\"inLanguage\":\"es\",\"@id\":\"https:\/\/www.suavinex.com\/livingsuavinex\/#\/schema\/logo\/image\/\",\"url\":\"https:\/\/www.suavinex.com\/livingsuavinex\/wp-content\/uploads\/2018\/07\/living_sx_logo_mvl.png\",\"contentUrl\":\"https:\/\/www.suavinex.com\/livingsuavinex\/wp-content\/uploads\/2018\/07\/living_sx_logo_mvl.png\",\"width\":350,\"height\":70,\"caption\":\"Suavinex\"},\"image\":{\"@id\":\"https:\/\/www.suavinex.com\/livingsuavinex\/#\/schema\/logo\/image\/\"},\"sameAs\":[\"https:\/\/www.facebook.com\/SuavinexSpain\",\"https:\/\/x.com\/SuavinexSpain\",\"https:\/\/www.instagram.com\/suavinex_spain\/\",\"https:\/\/www.pinterest.es\/SuavinexSpain\/\",\"https:\/\/www.youtube.com\/channel\/UCgeJREx2R_ZvV2aQMrfWgcA\"]},{\"@type\":\"Person\",\"@id\":\"https:\/\/www.suavinex.com\/livingsuavinex\/#\/schema\/person\/64fd7b62c88b0024a3ceeffb47f07eb6\",\"name\":\"Living Suavinex\",\"image\":{\"@type\":\"ImageObject\",\"inLanguage\":\"es\",\"@id\":\"https:\/\/www.suavinex.com\/livingsuavinex\/#\/schema\/person\/image\/\",\"url\":\"https:\/\/www.suavinex.com\/livingsuavinex\/wp-content\/uploads\/2017\/05\/Living-Suavinex_avatar-96x96.png\",\"contentUrl\":\"https:\/\/www.suavinex.com\/livingsuavinex\/wp-content\/uploads\/2017\/05\/Living-Suavinex_avatar-96x96.png\",\"caption\":\"Living Suavinex\"}}]}<\/script>\n<!-- \/ Yoast SEO plugin. -->","yoast_head_json":{"title":"Derecho a la intimidad de los menores en internet y responsabilidad de los padres","description":"Derecho a la intimidad de los menores en internet y responsabilidad de los padres a la hora de salvaguardar su imagen y su honor","robots":{"index":"index","follow":"follow","max-snippet":"max-snippet:-1","max-image-preview":"max-image-preview:large","max-video-preview":"max-video-preview:-1"},"canonical":"https:\/\/www.suavinex.com\/livingsuavinex\/intimidad-menores-internet\/","og_locale":"es_ES","og_type":"article","og_title":"Derecho a la intimidad de los menores en internet y responsabilidad de los padres","og_description":"Derecho a la intimidad de los menores en internet y responsabilidad de los padres a la hora de salvaguardar su imagen y su honor","og_url":"https:\/\/www.suavinex.com\/livingsuavinex\/intimidad-menores-internet\/","og_site_name":"Living Suavinex","article_publisher":"https:\/\/www.facebook.com\/SuavinexSpain","article_published_time":"2017-01-25T07:41:21+00:00","article_modified_time":"2019-07-23T09:30:22+00:00","og_image":[{"width":800,"height":474,"url":"https:\/\/www.suavinex.com\/livingsuavinex\/wp-content\/uploads\/2017\/01\/maria_sanchez_blog_2.jpg","type":"image\/jpeg"}],"author":"Living Suavinex","twitter_card":"summary_large_image","twitter_creator":"@SuavinexSpain","twitter_site":"@SuavinexSpain","twitter_misc":{"Escrito por":"Living Suavinex","Tiempo de lectura":"4 minutos"},"schema":{"@context":"https:\/\/schema.org","@graph":[{"@type":"Article","@id":"https:\/\/www.suavinex.com\/livingsuavinex\/intimidad-menores-internet\/#article","isPartOf":{"@id":"https:\/\/www.suavinex.com\/livingsuavinex\/intimidad-menores-internet\/"},"author":{"name":"Living Suavinex","@id":"https:\/\/www.suavinex.com\/livingsuavinex\/#\/schema\/person\/64fd7b62c88b0024a3ceeffb47f07eb6"},"headline":"Derecho a la intimidad de los menores en Internet y responsabilidad de los padres","datePublished":"2017-01-25T07:41:21+00:00","dateModified":"2019-07-23T09:30:22+00:00","mainEntityOfPage":{"@id":"https:\/\/www.suavinex.com\/livingsuavinex\/intimidad-menores-internet\/"},"wordCount":893,"commentCount":0,"publisher":{"@id":"https:\/\/www.suavinex.com\/livingsuavinex\/#organization"},"image":{"@id":"https:\/\/www.suavinex.com\/livingsuavinex\/intimidad-menores-internet\/#primaryimage"},"thumbnailUrl":"https:\/\/www.suavinex.com\/livingsuavinex\/wp-content\/uploads\/2017\/01\/maria_sanchez_blog_2.jpg","keywords":["Hijos","Maternidad","Paternidad"],"articleSection":["Tips de crianza"],"inLanguage":"es"},{"@type":"WebPage","@id":"https:\/\/www.suavinex.com\/livingsuavinex\/intimidad-menores-internet\/","url":"https:\/\/www.suavinex.com\/livingsuavinex\/intimidad-menores-internet\/","name":"Derecho a la intimidad de los menores en internet y responsabilidad de los padres","isPartOf":{"@id":"https:\/\/www.suavinex.com\/livingsuavinex\/#website"},"primaryImageOfPage":{"@id":"https:\/\/www.suavinex.com\/livingsuavinex\/intimidad-menores-internet\/#primaryimage"},"image":{"@id":"https:\/\/www.suavinex.com\/livingsuavinex\/intimidad-menores-internet\/#primaryimage"},"thumbnailUrl":"https:\/\/www.suavinex.com\/livingsuavinex\/wp-content\/uploads\/2017\/01\/maria_sanchez_blog_2.jpg","datePublished":"2017-01-25T07:41:21+00:00","dateModified":"2019-07-23T09:30:22+00:00","description":"Derecho a la intimidad de los menores en internet y responsabilidad de los padres a la hora de salvaguardar su imagen y su honor","breadcrumb":{"@id":"https:\/\/www.suavinex.com\/livingsuavinex\/intimidad-menores-internet\/#breadcrumb"},"inLanguage":"es","potentialAction":[{"@type":"ReadAction","target":["https:\/\/www.suavinex.com\/livingsuavinex\/intimidad-menores-internet\/"]}]},{"@type":"ImageObject","inLanguage":"es","@id":"https:\/\/www.suavinex.com\/livingsuavinex\/intimidad-menores-internet\/#primaryimage","url":"https:\/\/www.suavinex.com\/livingsuavinex\/wp-content\/uploads\/2017\/01\/maria_sanchez_blog_2.jpg","contentUrl":"https:\/\/www.suavinex.com\/livingsuavinex\/wp-content\/uploads\/2017\/01\/maria_sanchez_blog_2.jpg","width":800,"height":474},{"@type":"BreadcrumbList","@id":"https:\/\/www.suavinex.com\/livingsuavinex\/intimidad-menores-internet\/#breadcrumb","itemListElement":[{"@type":"ListItem","position":1,"name":"Portada","item":"https:\/\/www.suavinex.com\/livingsuavinex\/"},{"@type":"ListItem","position":2,"name":"Derecho a la intimidad de los menores en Internet y responsabilidad de los padres"}]},{"@type":"WebSite","@id":"https:\/\/www.suavinex.com\/livingsuavinex\/#website","url":"https:\/\/www.suavinex.com\/livingsuavinex\/","name":"Living Suavinex","description":"| Familias reales","publisher":{"@id":"https:\/\/www.suavinex.com\/livingsuavinex\/#organization"},"potentialAction":[{"@type":"SearchAction","target":{"@type":"EntryPoint","urlTemplate":"https:\/\/www.suavinex.com\/livingsuavinex\/?s={search_term_string}"},"query-input":{"@type":"PropertyValueSpecification","valueRequired":true,"valueName":"search_term_string"}}],"inLanguage":"es"},{"@type":"Organization","@id":"https:\/\/www.suavinex.com\/livingsuavinex\/#organization","name":"Suavinex","url":"https:\/\/www.suavinex.com\/livingsuavinex\/","logo":{"@type":"ImageObject","inLanguage":"es","@id":"https:\/\/www.suavinex.com\/livingsuavinex\/#\/schema\/logo\/image\/","url":"https:\/\/www.suavinex.com\/livingsuavinex\/wp-content\/uploads\/2018\/07\/living_sx_logo_mvl.png","contentUrl":"https:\/\/www.suavinex.com\/livingsuavinex\/wp-content\/uploads\/2018\/07\/living_sx_logo_mvl.png","width":350,"height":70,"caption":"Suavinex"},"image":{"@id":"https:\/\/www.suavinex.com\/livingsuavinex\/#\/schema\/logo\/image\/"},"sameAs":["https:\/\/www.facebook.com\/SuavinexSpain","https:\/\/x.com\/SuavinexSpain","https:\/\/www.instagram.com\/suavinex_spain\/","https:\/\/www.pinterest.es\/SuavinexSpain\/","https:\/\/www.youtube.com\/channel\/UCgeJREx2R_ZvV2aQMrfWgcA"]},{"@type":"Person","@id":"https:\/\/www.suavinex.com\/livingsuavinex\/#\/schema\/person\/64fd7b62c88b0024a3ceeffb47f07eb6","name":"Living Suavinex","image":{"@type":"ImageObject","inLanguage":"es","@id":"https:\/\/www.suavinex.com\/livingsuavinex\/#\/schema\/person\/image\/","url":"https:\/\/www.suavinex.com\/livingsuavinex\/wp-content\/uploads\/2017\/05\/Living-Suavinex_avatar-96x96.png","contentUrl":"https:\/\/www.suavinex.com\/livingsuavinex\/wp-content\/uploads\/2017\/05\/Living-Suavinex_avatar-96x96.png","caption":"Living Suavinex"}}]}},"_links":{"self":[{"href":"https:\/\/www.suavinex.com\/livingsuavinex\/wp-json\/wp\/v2\/posts\/15999","targetHints":{"allow":["GET"]}}],"collection":[{"href":"https:\/\/www.suavinex.com\/livingsuavinex\/wp-json\/wp\/v2\/posts"}],"about":[{"href":"https:\/\/www.suavinex.com\/livingsuavinex\/wp-json\/wp\/v2\/types\/post"}],"author":[{"embeddable":true,"href":"https:\/\/www.suavinex.com\/livingsuavinex\/wp-json\/wp\/v2\/users\/288"}],"replies":[{"embeddable":true,"href":"https:\/\/www.suavinex.com\/livingsuavinex\/wp-json\/wp\/v2\/comments?post=15999"}],"version-history":[{"count":4,"href":"https:\/\/www.suavinex.com\/livingsuavinex\/wp-json\/wp\/v2\/posts\/15999\/revisions"}],"predecessor-version":[{"id":16554,"href":"https:\/\/www.suavinex.com\/livingsuavinex\/wp-json\/wp\/v2\/posts\/15999\/revisions\/16554"}],"wp:featuredmedia":[{"embeddable":true,"href":"https:\/\/www.suavinex.com\/livingsuavinex\/wp-json\/wp\/v2\/media\/23463"}],"wp:attachment":[{"href":"https:\/\/www.suavinex.com\/livingsuavinex\/wp-json\/wp\/v2\/media?parent=15999"}],"wp:term":[{"taxonomy":"category","embeddable":true,"href":"https:\/\/www.suavinex.com\/livingsuavinex\/wp-json\/wp\/v2\/categories?post=15999"},{"taxonomy":"post_tag","embeddable":true,"href":"https:\/\/www.suavinex.com\/livingsuavinex\/wp-json\/wp\/v2\/tags?post=15999"}],"curies":[{"name":"wp","href":"https:\/\/api.w.org\/{rel}","templated":true}]}}