{"id":15926,"date":"2017-01-05T11:48:14","date_gmt":"2017-01-05T10:48:14","guid":{"rendered":"https:\/\/www.suavinex.com\/livingsuavinex\/?p=15926"},"modified":"2023-07-25T08:43:02","modified_gmt":"2023-07-25T06:43:02","slug":"vitamina-d","status":"publish","type":"post","link":"https:\/\/www.suavinex.com\/livingsuavinex\/vitamina-d\/","title":{"rendered":"La vitamina D en los reci\u00e9n nacidos, \u00bfhay riesgos?"},"content":{"rendered":"<p>Las alarmas saltaban en buena parte de los medios de comunicaci\u00f3n ayer tras saber que <strong>un beb\u00e9 de diez d\u00edas fallec\u00eda en Par\u00eds asfixiado tras ingerir un suplemento de vitamina D<\/strong> con una pipeta. Inmediatamente despu\u00e9s de tomarlo empez\u00f3 a presentar s\u00edntomas de asfixia que acabaron con una parada cardiorespiratoria. Los m\u00e9dicos que atendieron al peque\u00f1o no pudieron hacer nada por \u00e9l.<\/p>\n<p>Como medida preventiva la Agencia Nacional de Seguridad del Medicamento francesa ha retirado el f\u00e1rmaco, <strong>Uvest\u00e9rol D<\/strong>, ya que seg\u00fan se ha sabido, en a\u00f1os anteriores se hab\u00eda pedido precauci\u00f3n en la administraci\u00f3n del mismo al registrarse incidentes en menores de dos meses.<\/p>\n<p>La prensa ha facilitado una escueta informaci\u00f3n que no permite analizar lo sucedido. La cantidad que se administra a un reci\u00e9n nacido son 6 gotas, 0,2 ml lo que hace dif\u00edcil que se pueda producir una asfixia con un resultado tan lamentable.<\/p>\n<h2>La opini\u00f3n de las expertas sobre la administraci\u00f3n de Vitamina D<\/h2>\n<p>De momento todo son conjeturas, pero la opini\u00f3n de algunos pediatras coincide. Seg\u00fan indicaba la <strong>Dra. Luc\u00eda Gal\u00e1n<\/strong> \u2013autora del blog <a href=\"https:\/\/www.luciamipediatra.com\/\" target=\"_blank\" rel=\"noopener noreferrer\" data-wplink-edit=\"true\"><strong>Luc\u00eda, mi pediatra<\/strong><\/a>&#8211; ayer, en declaraciones a la Cadena Cope \u201c<em>se sospecha que haya podido darse una sobredosificaci\u00f3n, adem\u00e1s de que hay que descartar otras causas<\/em>\u201d. Nos dejaba claro, para tranquilidad de madres y padres que \u201c<em>ni la Agencia Espa\u00f1ola del Medicamento ni el Ministerio de Sanidad han comunicado ninguna alerta<\/em>\u201d.<\/p>\n<p>Otra de nuestras pediatras de cabecera, la <strong>Dra. Amalia Arce<\/strong>, autora del blog <a href=\"http:\/\/www.dra-amalia-arce.com\/2017\/01\/la-vitamina-d-y-la-muerte-de-un-recien-nacido\/\" target=\"_blank\" rel=\"noopener noreferrer\"><strong>Diario de una mam\u00e1 pediatra<\/strong><\/a>, sacaba a la luz un post aclarando no s\u00f3lo lo que ha podido suceder a este beb\u00e9, sino dando un mensaje de tranquilidad a las familias e informando de cu\u00e1ndo y c\u00f3mo se administra la vitamina D. Y es que \u201c<em>un beb\u00e9 sin ninguna patolog\u00eda de base, es dif\u00edcil que se ahogue con peque\u00f1as cantidades de l\u00edquido<\/em>\u201d. Os recomendamos su lectura para aclarar vuestras dudas.<\/p>\n<p>Esperamos que en los pr\u00f3ximos d\u00edas se puedan aclarar los motivos de tan fatal desenlace. Pero mientras tanto es importante dejar claro que <strong>el Uvest\u00e9rol D s\u00f3lo se comercializa en Francia<\/strong> y que <strong>la administraci\u00f3n de vitamina D en beb\u00e9s es segura siempre que lo demos en la dosis indicada<\/strong> por nuestro pediatra. No dud\u00e9is en acudir a vuestro m\u00e9dico para consultar cualquier duda o preocupaci\u00f3n que teng\u00e1is.<\/p>\n","protected":false},"excerpt":{"rendered":"Las alarmas saltaban en buena parte de los medios de comunicaci\u00f3n ayer tras saber que un beb\u00e9 de diez d\u00edas fallec\u00eda en Par\u00eds asfixiado tras ingerir un suplemento de vitamina D con una pipeta. Inmediatamente despu\u00e9s de tomarlo empez\u00f3 a presentar s\u00edntomas de asfixia que acabaron con una parada cardiorespiratoria&#8230;. <a class=\"view-article\" href=\"https:\/\/www.suavinex.com\/livingsuavinex\/vitamina-d\/\">Ver art\u00edculo<\/a>","protected":false},"author":288,"featured_media":23475,"comment_status":"open","ping_status":"open","sticky":false,"template":"","format":"standard","meta":{"inline_featured_image":false,"footnotes":""},"categories":[2272],"tags":[234,12,944],"class_list":["post-15926","post","type-post","status-publish","format-standard","has-post-thumbnail","hentry","category-tips-crianza","tag-bebe","tag-hijos","tag-salud"],"yoast_head":"<!-- This site is optimized with the Yoast SEO plugin v26.8 - https:\/\/yoast.com\/product\/yoast-seo-wordpress\/ -->\n<title>La vitamina D en los reci\u00e9n nacidos, \u00bfhay riesgos?<\/title>\n<meta name=\"description\" content=\"un beb\u00e9 de diez d\u00edas fallec\u00eda en Par\u00eds tras ingerir un suplemento de vitamina D con una pipeta. Despu\u00e9s de tomarlo empez\u00f3 a tener s\u00edntomas de asfixia\" \/>\n<meta name=\"robots\" content=\"index, follow, max-snippet:-1, max-image-preview:large, max-video-preview:-1\" \/>\n<link rel=\"canonical\" href=\"https:\/\/www.suavinex.com\/livingsuavinex\/vitamina-d\/\" \/>\n<meta property=\"og:locale\" content=\"es_ES\" \/>\n<meta property=\"og:type\" content=\"article\" \/>\n<meta property=\"og:title\" content=\"La vitamina D en los reci\u00e9n nacidos, \u00bfhay riesgos?\" \/>\n<meta property=\"og:description\" content=\"un beb\u00e9 de diez d\u00edas fallec\u00eda en Par\u00eds tras ingerir un suplemento de vitamina D con una pipeta. Despu\u00e9s de tomarlo empez\u00f3 a tener s\u00edntomas de asfixia\" \/>\n<meta property=\"og:url\" content=\"https:\/\/www.suavinex.com\/livingsuavinex\/vitamina-d\/\" \/>\n<meta property=\"og:site_name\" content=\"Living Suavinex\" \/>\n<meta property=\"article:publisher\" content=\"https:\/\/www.facebook.com\/SuavinexSpain\" \/>\n<meta property=\"article:published_time\" content=\"2017-01-05T10:48:14+00:00\" \/>\n<meta property=\"article:modified_time\" content=\"2023-07-25T06:43:02+00:00\" \/>\n<meta property=\"og:image\" content=\"https:\/\/www.suavinex.com\/livingsuavinex\/wp-content\/uploads\/2017\/01\/vitamina_d-02-1_2.jpg\" \/>\n\t<meta property=\"og:image:width\" content=\"800\" \/>\n\t<meta property=\"og:image:height\" content=\"474\" \/>\n\t<meta property=\"og:image:type\" content=\"image\/jpeg\" \/>\n<meta name=\"author\" content=\"Living Suavinex\" \/>\n<meta name=\"twitter:card\" content=\"summary_large_image\" \/>\n<meta name=\"twitter:creator\" content=\"@SuavinexSpain\" \/>\n<meta name=\"twitter:site\" content=\"@SuavinexSpain\" \/>\n<meta name=\"twitter:label1\" content=\"Escrito por\" \/>\n\t<meta name=\"twitter:data1\" content=\"Living Suavinex\" \/>\n\t<meta name=\"twitter:label2\" content=\"Tiempo de lectura\" \/>\n\t<meta name=\"twitter:data2\" content=\"2 minutos\" \/>\n<script type=\"application\/ld+json\" class=\"yoast-schema-graph\">{\"@context\":\"https:\/\/schema.org\",\"@graph\":[{\"@type\":\"Article\",\"@id\":\"https:\/\/www.suavinex.com\/livingsuavinex\/vitamina-d\/#article\",\"isPartOf\":{\"@id\":\"https:\/\/www.suavinex.com\/livingsuavinex\/vitamina-d\/\"},\"author\":{\"name\":\"Living Suavinex\",\"@id\":\"https:\/\/www.suavinex.com\/livingsuavinex\/#\/schema\/person\/64fd7b62c88b0024a3ceeffb47f07eb6\"},\"headline\":\"La vitamina D en los reci\u00e9n nacidos, \u00bfhay riesgos?\",\"datePublished\":\"2017-01-05T10:48:14+00:00\",\"dateModified\":\"2023-07-25T06:43:02+00:00\",\"mainEntityOfPage\":{\"@id\":\"https:\/\/www.suavinex.com\/livingsuavinex\/vitamina-d\/\"},\"wordCount\":435,\"commentCount\":0,\"publisher\":{\"@id\":\"https:\/\/www.suavinex.com\/livingsuavinex\/#organization\"},\"image\":{\"@id\":\"https:\/\/www.suavinex.com\/livingsuavinex\/vitamina-d\/#primaryimage\"},\"thumbnailUrl\":\"https:\/\/www.suavinex.com\/livingsuavinex\/wp-content\/uploads\/2017\/01\/vitamina_d-02-1_2.jpg\",\"keywords\":[\"Beb\u00e9\",\"Hijos\",\"Salud\"],\"articleSection\":[\"Tips de crianza\"],\"inLanguage\":\"es\"},{\"@type\":\"WebPage\",\"@id\":\"https:\/\/www.suavinex.com\/livingsuavinex\/vitamina-d\/\",\"url\":\"https:\/\/www.suavinex.com\/livingsuavinex\/vitamina-d\/\",\"name\":\"La vitamina D en los reci\u00e9n nacidos, \u00bfhay riesgos?\",\"isPartOf\":{\"@id\":\"https:\/\/www.suavinex.com\/livingsuavinex\/#website\"},\"primaryImageOfPage\":{\"@id\":\"https:\/\/www.suavinex.com\/livingsuavinex\/vitamina-d\/#primaryimage\"},\"image\":{\"@id\":\"https:\/\/www.suavinex.com\/livingsuavinex\/vitamina-d\/#primaryimage\"},\"thumbnailUrl\":\"https:\/\/www.suavinex.com\/livingsuavinex\/wp-content\/uploads\/2017\/01\/vitamina_d-02-1_2.jpg\",\"datePublished\":\"2017-01-05T10:48:14+00:00\",\"dateModified\":\"2023-07-25T06:43:02+00:00\",\"description\":\"un beb\u00e9 de diez d\u00edas fallec\u00eda en Par\u00eds tras ingerir un suplemento de vitamina D con una pipeta. Despu\u00e9s de tomarlo empez\u00f3 a tener s\u00edntomas de asfixia\",\"breadcrumb\":{\"@id\":\"https:\/\/www.suavinex.com\/livingsuavinex\/vitamina-d\/#breadcrumb\"},\"inLanguage\":\"es\",\"potentialAction\":[{\"@type\":\"ReadAction\",\"target\":[\"https:\/\/www.suavinex.com\/livingsuavinex\/vitamina-d\/\"]}]},{\"@type\":\"ImageObject\",\"inLanguage\":\"es\",\"@id\":\"https:\/\/www.suavinex.com\/livingsuavinex\/vitamina-d\/#primaryimage\",\"url\":\"https:\/\/www.suavinex.com\/livingsuavinex\/wp-content\/uploads\/2017\/01\/vitamina_d-02-1_2.jpg\",\"contentUrl\":\"https:\/\/www.suavinex.com\/livingsuavinex\/wp-content\/uploads\/2017\/01\/vitamina_d-02-1_2.jpg\",\"width\":800,\"height\":474},{\"@type\":\"BreadcrumbList\",\"@id\":\"https:\/\/www.suavinex.com\/livingsuavinex\/vitamina-d\/#breadcrumb\",\"itemListElement\":[{\"@type\":\"ListItem\",\"position\":1,\"name\":\"Portada\",\"item\":\"https:\/\/www.suavinex.com\/livingsuavinex\/\"},{\"@type\":\"ListItem\",\"position\":2,\"name\":\"La vitamina D en los reci\u00e9n nacidos, \u00bfhay riesgos?\"}]},{\"@type\":\"WebSite\",\"@id\":\"https:\/\/www.suavinex.com\/livingsuavinex\/#website\",\"url\":\"https:\/\/www.suavinex.com\/livingsuavinex\/\",\"name\":\"Living Suavinex\",\"description\":\"| Familias reales\",\"publisher\":{\"@id\":\"https:\/\/www.suavinex.com\/livingsuavinex\/#organization\"},\"potentialAction\":[{\"@type\":\"SearchAction\",\"target\":{\"@type\":\"EntryPoint\",\"urlTemplate\":\"https:\/\/www.suavinex.com\/livingsuavinex\/?s={search_term_string}\"},\"query-input\":{\"@type\":\"PropertyValueSpecification\",\"valueRequired\":true,\"valueName\":\"search_term_string\"}}],\"inLanguage\":\"es\"},{\"@type\":\"Organization\",\"@id\":\"https:\/\/www.suavinex.com\/livingsuavinex\/#organization\",\"name\":\"Suavinex\",\"url\":\"https:\/\/www.suavinex.com\/livingsuavinex\/\",\"logo\":{\"@type\":\"ImageObject\",\"inLanguage\":\"es\",\"@id\":\"https:\/\/www.suavinex.com\/livingsuavinex\/#\/schema\/logo\/image\/\",\"url\":\"https:\/\/www.suavinex.com\/livingsuavinex\/wp-content\/uploads\/2018\/07\/living_sx_logo_mvl.png\",\"contentUrl\":\"https:\/\/www.suavinex.com\/livingsuavinex\/wp-content\/uploads\/2018\/07\/living_sx_logo_mvl.png\",\"width\":350,\"height\":70,\"caption\":\"Suavinex\"},\"image\":{\"@id\":\"https:\/\/www.suavinex.com\/livingsuavinex\/#\/schema\/logo\/image\/\"},\"sameAs\":[\"https:\/\/www.facebook.com\/SuavinexSpain\",\"https:\/\/x.com\/SuavinexSpain\",\"https:\/\/www.instagram.com\/suavinex_spain\/\",\"https:\/\/www.pinterest.es\/SuavinexSpain\/\",\"https:\/\/www.youtube.com\/channel\/UCgeJREx2R_ZvV2aQMrfWgcA\"]},{\"@type\":\"Person\",\"@id\":\"https:\/\/www.suavinex.com\/livingsuavinex\/#\/schema\/person\/64fd7b62c88b0024a3ceeffb47f07eb6\",\"name\":\"Living Suavinex\",\"image\":{\"@type\":\"ImageObject\",\"inLanguage\":\"es\",\"@id\":\"https:\/\/www.suavinex.com\/livingsuavinex\/#\/schema\/person\/image\/\",\"url\":\"https:\/\/www.suavinex.com\/livingsuavinex\/wp-content\/uploads\/2017\/05\/Living-Suavinex_avatar-96x96.png\",\"contentUrl\":\"https:\/\/www.suavinex.com\/livingsuavinex\/wp-content\/uploads\/2017\/05\/Living-Suavinex_avatar-96x96.png\",\"caption\":\"Living Suavinex\"}}]}<\/script>\n<!-- \/ Yoast SEO plugin. -->","yoast_head_json":{"title":"La vitamina D en los reci\u00e9n nacidos, \u00bfhay riesgos?","description":"un beb\u00e9 de diez d\u00edas fallec\u00eda en Par\u00eds tras ingerir un suplemento de vitamina D con una pipeta. Despu\u00e9s de tomarlo empez\u00f3 a tener s\u00edntomas de asfixia","robots":{"index":"index","follow":"follow","max-snippet":"max-snippet:-1","max-image-preview":"max-image-preview:large","max-video-preview":"max-video-preview:-1"},"canonical":"https:\/\/www.suavinex.com\/livingsuavinex\/vitamina-d\/","og_locale":"es_ES","og_type":"article","og_title":"La vitamina D en los reci\u00e9n nacidos, \u00bfhay riesgos?","og_description":"un beb\u00e9 de diez d\u00edas fallec\u00eda en Par\u00eds tras ingerir un suplemento de vitamina D con una pipeta. Despu\u00e9s de tomarlo empez\u00f3 a tener s\u00edntomas de asfixia","og_url":"https:\/\/www.suavinex.com\/livingsuavinex\/vitamina-d\/","og_site_name":"Living Suavinex","article_publisher":"https:\/\/www.facebook.com\/SuavinexSpain","article_published_time":"2017-01-05T10:48:14+00:00","article_modified_time":"2023-07-25T06:43:02+00:00","og_image":[{"width":800,"height":474,"url":"https:\/\/www.suavinex.com\/livingsuavinex\/wp-content\/uploads\/2017\/01\/vitamina_d-02-1_2.jpg","type":"image\/jpeg"}],"author":"Living Suavinex","twitter_card":"summary_large_image","twitter_creator":"@SuavinexSpain","twitter_site":"@SuavinexSpain","twitter_misc":{"Escrito por":"Living Suavinex","Tiempo de lectura":"2 minutos"},"schema":{"@context":"https:\/\/schema.org","@graph":[{"@type":"Article","@id":"https:\/\/www.suavinex.com\/livingsuavinex\/vitamina-d\/#article","isPartOf":{"@id":"https:\/\/www.suavinex.com\/livingsuavinex\/vitamina-d\/"},"author":{"name":"Living Suavinex","@id":"https:\/\/www.suavinex.com\/livingsuavinex\/#\/schema\/person\/64fd7b62c88b0024a3ceeffb47f07eb6"},"headline":"La vitamina D en los reci\u00e9n nacidos, \u00bfhay riesgos?","datePublished":"2017-01-05T10:48:14+00:00","dateModified":"2023-07-25T06:43:02+00:00","mainEntityOfPage":{"@id":"https:\/\/www.suavinex.com\/livingsuavinex\/vitamina-d\/"},"wordCount":435,"commentCount":0,"publisher":{"@id":"https:\/\/www.suavinex.com\/livingsuavinex\/#organization"},"image":{"@id":"https:\/\/www.suavinex.com\/livingsuavinex\/vitamina-d\/#primaryimage"},"thumbnailUrl":"https:\/\/www.suavinex.com\/livingsuavinex\/wp-content\/uploads\/2017\/01\/vitamina_d-02-1_2.jpg","keywords":["Beb\u00e9","Hijos","Salud"],"articleSection":["Tips de crianza"],"inLanguage":"es"},{"@type":"WebPage","@id":"https:\/\/www.suavinex.com\/livingsuavinex\/vitamina-d\/","url":"https:\/\/www.suavinex.com\/livingsuavinex\/vitamina-d\/","name":"La vitamina D en los reci\u00e9n nacidos, \u00bfhay riesgos?","isPartOf":{"@id":"https:\/\/www.suavinex.com\/livingsuavinex\/#website"},"primaryImageOfPage":{"@id":"https:\/\/www.suavinex.com\/livingsuavinex\/vitamina-d\/#primaryimage"},"image":{"@id":"https:\/\/www.suavinex.com\/livingsuavinex\/vitamina-d\/#primaryimage"},"thumbnailUrl":"https:\/\/www.suavinex.com\/livingsuavinex\/wp-content\/uploads\/2017\/01\/vitamina_d-02-1_2.jpg","datePublished":"2017-01-05T10:48:14+00:00","dateModified":"2023-07-25T06:43:02+00:00","description":"un beb\u00e9 de diez d\u00edas fallec\u00eda en Par\u00eds tras ingerir un suplemento de vitamina D con una pipeta. Despu\u00e9s de tomarlo empez\u00f3 a tener s\u00edntomas de asfixia","breadcrumb":{"@id":"https:\/\/www.suavinex.com\/livingsuavinex\/vitamina-d\/#breadcrumb"},"inLanguage":"es","potentialAction":[{"@type":"ReadAction","target":["https:\/\/www.suavinex.com\/livingsuavinex\/vitamina-d\/"]}]},{"@type":"ImageObject","inLanguage":"es","@id":"https:\/\/www.suavinex.com\/livingsuavinex\/vitamina-d\/#primaryimage","url":"https:\/\/www.suavinex.com\/livingsuavinex\/wp-content\/uploads\/2017\/01\/vitamina_d-02-1_2.jpg","contentUrl":"https:\/\/www.suavinex.com\/livingsuavinex\/wp-content\/uploads\/2017\/01\/vitamina_d-02-1_2.jpg","width":800,"height":474},{"@type":"BreadcrumbList","@id":"https:\/\/www.suavinex.com\/livingsuavinex\/vitamina-d\/#breadcrumb","itemListElement":[{"@type":"ListItem","position":1,"name":"Portada","item":"https:\/\/www.suavinex.com\/livingsuavinex\/"},{"@type":"ListItem","position":2,"name":"La vitamina D en los reci\u00e9n nacidos, \u00bfhay riesgos?"}]},{"@type":"WebSite","@id":"https:\/\/www.suavinex.com\/livingsuavinex\/#website","url":"https:\/\/www.suavinex.com\/livingsuavinex\/","name":"Living Suavinex","description":"| Familias reales","publisher":{"@id":"https:\/\/www.suavinex.com\/livingsuavinex\/#organization"},"potentialAction":[{"@type":"SearchAction","target":{"@type":"EntryPoint","urlTemplate":"https:\/\/www.suavinex.com\/livingsuavinex\/?s={search_term_string}"},"query-input":{"@type":"PropertyValueSpecification","valueRequired":true,"valueName":"search_term_string"}}],"inLanguage":"es"},{"@type":"Organization","@id":"https:\/\/www.suavinex.com\/livingsuavinex\/#organization","name":"Suavinex","url":"https:\/\/www.suavinex.com\/livingsuavinex\/","logo":{"@type":"ImageObject","inLanguage":"es","@id":"https:\/\/www.suavinex.com\/livingsuavinex\/#\/schema\/logo\/image\/","url":"https:\/\/www.suavinex.com\/livingsuavinex\/wp-content\/uploads\/2018\/07\/living_sx_logo_mvl.png","contentUrl":"https:\/\/www.suavinex.com\/livingsuavinex\/wp-content\/uploads\/2018\/07\/living_sx_logo_mvl.png","width":350,"height":70,"caption":"Suavinex"},"image":{"@id":"https:\/\/www.suavinex.com\/livingsuavinex\/#\/schema\/logo\/image\/"},"sameAs":["https:\/\/www.facebook.com\/SuavinexSpain","https:\/\/x.com\/SuavinexSpain","https:\/\/www.instagram.com\/suavinex_spain\/","https:\/\/www.pinterest.es\/SuavinexSpain\/","https:\/\/www.youtube.com\/channel\/UCgeJREx2R_ZvV2aQMrfWgcA"]},{"@type":"Person","@id":"https:\/\/www.suavinex.com\/livingsuavinex\/#\/schema\/person\/64fd7b62c88b0024a3ceeffb47f07eb6","name":"Living Suavinex","image":{"@type":"ImageObject","inLanguage":"es","@id":"https:\/\/www.suavinex.com\/livingsuavinex\/#\/schema\/person\/image\/","url":"https:\/\/www.suavinex.com\/livingsuavinex\/wp-content\/uploads\/2017\/05\/Living-Suavinex_avatar-96x96.png","contentUrl":"https:\/\/www.suavinex.com\/livingsuavinex\/wp-content\/uploads\/2017\/05\/Living-Suavinex_avatar-96x96.png","caption":"Living Suavinex"}}]}},"_links":{"self":[{"href":"https:\/\/www.suavinex.com\/livingsuavinex\/wp-json\/wp\/v2\/posts\/15926","targetHints":{"allow":["GET"]}}],"collection":[{"href":"https:\/\/www.suavinex.com\/livingsuavinex\/wp-json\/wp\/v2\/posts"}],"about":[{"href":"https:\/\/www.suavinex.com\/livingsuavinex\/wp-json\/wp\/v2\/types\/post"}],"author":[{"embeddable":true,"href":"https:\/\/www.suavinex.com\/livingsuavinex\/wp-json\/wp\/v2\/users\/288"}],"replies":[{"embeddable":true,"href":"https:\/\/www.suavinex.com\/livingsuavinex\/wp-json\/wp\/v2\/comments?post=15926"}],"version-history":[{"count":6,"href":"https:\/\/www.suavinex.com\/livingsuavinex\/wp-json\/wp\/v2\/posts\/15926\/revisions"}],"predecessor-version":[{"id":44341,"href":"https:\/\/www.suavinex.com\/livingsuavinex\/wp-json\/wp\/v2\/posts\/15926\/revisions\/44341"}],"wp:featuredmedia":[{"embeddable":true,"href":"https:\/\/www.suavinex.com\/livingsuavinex\/wp-json\/wp\/v2\/media\/23475"}],"wp:attachment":[{"href":"https:\/\/www.suavinex.com\/livingsuavinex\/wp-json\/wp\/v2\/media?parent=15926"}],"wp:term":[{"taxonomy":"category","embeddable":true,"href":"https:\/\/www.suavinex.com\/livingsuavinex\/wp-json\/wp\/v2\/categories?post=15926"},{"taxonomy":"post_tag","embeddable":true,"href":"https:\/\/www.suavinex.com\/livingsuavinex\/wp-json\/wp\/v2\/tags?post=15926"}],"curies":[{"name":"wp","href":"https:\/\/api.w.org\/{rel}","templated":true}]}}