{"id":15869,"date":"2016-12-13T07:24:04","date_gmt":"2016-12-13T07:24:04","guid":{"rendered":"https:\/\/www.suavinex.com\/livingsuavinex\/?p=15869"},"modified":"2020-04-01T00:07:27","modified_gmt":"2020-03-31T22:07:27","slug":"perdida-peso-nacimiento","status":"publish","type":"post","link":"https:\/\/www.suavinex.com\/livingsuavinex\/perdida-peso-nacimiento\/","title":{"rendered":"La p\u00e9rdida de peso tras el nacimiento no es tan mala como lo pintaban"},"content":{"rendered":"<p>De sobra es conocido que <strong>un beb\u00e9 puede llegar a perder hasta un 10% de su peso corporal<\/strong> en los d\u00edas siguientes a su nacimiento. El meconio y la orina son los responsables. En el caso de beb\u00e9s nacidos por ces\u00e1rea la p\u00e9rdida de peso puede ser ligeramente mayor porque a la madre se le ponen l\u00edquidos intravenosos en el quir\u00f3fano, lo que har\u00e1 que el reci\u00e9n nacido lo vaya expulsando por la orina.<\/p>\n<p>Esta p\u00e9rdida de peso era vivida por muchas madres como algo angustioso, ya que los pediatras daban unos plazos muy estrictos para recuperar dicho peso: dos semanas como m\u00e1ximo. En los casos de beb\u00e9s alimentados con lactancia materna esto pod\u00eda suponer <a href=\"https:\/\/www.suavinex.com\/livingsuavinex\/suplementacion-lactancia\/\" target=\"_blank\" rel=\"noopener noreferrer\">una suplementaci\u00f3n<\/a> que pon\u00eda en riesgo incluso la continuidad de la lactancia. Y en los casos de lactancia artificial pod\u00eda llegar a sobrealimentarse al reci\u00e9n nacido.<\/p>\n<h2>\u00bfEs realmente peligrosa esta p\u00e9rdida de peso?<\/h2>\n<p>Un estudio cuyos resultados est\u00e1n publicados en la revista cient\u00edfica <strong>Pediatrics<\/strong> indican que hay un porcentaje nada despreciable de beb\u00e9s que <strong>tardar\u00e1n m\u00e1s tiempo en recuperar el peso del nacimiento<\/strong> y eso no tendr\u00e1 nada de negativo. Seg\u00fan sus resultados un 14% de beb\u00e9s nacidos por parto vaginal y un 24% de nacidos <a href=\"https:\/\/www.suavinex.com\/livingsuavinex\/cesarea\/\" target=\"_blank\" rel=\"noopener noreferrer\">por ces\u00e1rea<\/a> segu\u00edan teniendo un peso inferior al del nacimiento despu\u00e9s de dos semanas. Estos porcentajes se van reduciendo considerablemente en la tercera semana de vida de los beb\u00e9s.<\/p>\n<p>Esto implica un mensaje tranquilizador para madres y padres a quienes en ocasiones se les martiriza con el peso de las criaturas. Lo importante ser\u00e1 ver que el <a href=\"https:\/\/www.suavinex.com\/livingsuavinex\/consejos-alimentacion-ninos\/\" target=\"_blank\" rel=\"noopener noreferrer\">patr\u00f3n de alimentaci\u00f3n es bueno<\/a> y el beb\u00e9, aunque despacio, vaya ganando peso progresivamente. Si esto es as\u00ed y las revisiones pedi\u00e1tricas son \u00f3ptimas s\u00f3lo queda tener un poco m\u00e1s de paciencia.<\/p>\n<p>En tu caso, \u00bfte sentiste presionada por la ganancia de peso de tu beb\u00e9 en sus primeros d\u00edas de vida? Si optaste por alimentarle por lactancia materna, \u00bfsu ganancia de peso lleg\u00f3 a afectar a la lactancia?<\/p>\n<p>Esperamos que estos reveladores datos sirvan para ayudar a beb\u00e9s y madres.<\/p>\n<p>Para m\u00e1s informaci\u00f3n<\/p>\n<p><a href=\"http:\/\/www.infosalus.com\/asistencia\/noticia-no-raro-si-bebes-tardan-mas-semanas-recuperar-peso-nacer-20161124182410.html\" target=\"_blank\" rel=\"noopener noreferrer\">Infosalus.com<\/a><\/p>\n","protected":false},"excerpt":{"rendered":"De sobra es conocido que un beb\u00e9 puede llegar a perder hasta un 10% de su peso corporal en los d\u00edas siguientes a su nacimiento. El meconio y la orina son los responsables. En el caso de beb\u00e9s nacidos por ces\u00e1rea la p\u00e9rdida de peso puede ser ligeramente mayor porque&#8230; <a class=\"view-article\" href=\"https:\/\/www.suavinex.com\/livingsuavinex\/perdida-peso-nacimiento\/\">Ver art\u00edculo<\/a>","protected":false},"author":288,"featured_media":23506,"comment_status":"open","ping_status":"open","sticky":false,"template":"","format":"standard","meta":{"inline_featured_image":false,"footnotes":""},"categories":[2272],"tags":[2219,234,76],"class_list":["post-15869","post","type-post","status-publish","format-standard","has-post-thumbnail","hentry","category-tips-crianza","tag-alimentacion","tag-bebe","tag-cuidados"],"yoast_head":"<!-- This site is optimized with the Yoast SEO plugin v26.8 - https:\/\/yoast.com\/product\/yoast-seo-wordpress\/ -->\n<title>La p\u00e9rdida de peso tras el nacimiento no es tan mala como lo pintaban<\/title>\n<meta name=\"description\" content=\"La p\u00e9rdida de peso de los beb\u00e9s tras el nacimiento es algo que preocupa enormemente a madres y padres. Te contamos por qu\u00e9 puede que no sea tan mala.\" \/>\n<meta name=\"robots\" content=\"index, follow, max-snippet:-1, max-image-preview:large, max-video-preview:-1\" \/>\n<link rel=\"canonical\" href=\"https:\/\/www.suavinex.com\/livingsuavinex\/perdida-peso-nacimiento\/\" \/>\n<meta property=\"og:locale\" content=\"es_ES\" \/>\n<meta property=\"og:type\" content=\"article\" \/>\n<meta property=\"og:title\" content=\"La p\u00e9rdida de peso tras el nacimiento no es tan mala como lo pintaban\" \/>\n<meta property=\"og:description\" content=\"La p\u00e9rdida de peso de los beb\u00e9s tras el nacimiento es algo que preocupa enormemente a madres y padres. Te contamos por qu\u00e9 puede que no sea tan mala.\" \/>\n<meta property=\"og:url\" content=\"https:\/\/www.suavinex.com\/livingsuavinex\/perdida-peso-nacimiento\/\" \/>\n<meta property=\"og:site_name\" content=\"Living Suavinex\" \/>\n<meta property=\"article:publisher\" content=\"https:\/\/www.facebook.com\/SuavinexSpain\" \/>\n<meta property=\"article:published_time\" content=\"2016-12-13T07:24:04+00:00\" \/>\n<meta property=\"article:modified_time\" content=\"2020-03-31T22:07:27+00:00\" \/>\n<meta property=\"og:image\" content=\"https:\/\/www.suavinex.com\/livingsuavinex\/wp-content\/uploads\/2016\/12\/perdida_peso-06_2.jpg\" \/>\n\t<meta property=\"og:image:width\" content=\"875\" \/>\n\t<meta property=\"og:image:height\" content=\"385\" \/>\n\t<meta property=\"og:image:type\" content=\"image\/jpeg\" \/>\n<meta name=\"author\" content=\"Living Suavinex\" \/>\n<meta name=\"twitter:card\" content=\"summary_large_image\" \/>\n<meta name=\"twitter:creator\" content=\"@SuavinexSpain\" \/>\n<meta name=\"twitter:site\" content=\"@SuavinexSpain\" \/>\n<meta name=\"twitter:label1\" content=\"Escrito por\" \/>\n\t<meta name=\"twitter:data1\" content=\"Living Suavinex\" \/>\n\t<meta name=\"twitter:label2\" content=\"Tiempo de lectura\" \/>\n\t<meta name=\"twitter:data2\" content=\"2 minutos\" \/>\n<script type=\"application\/ld+json\" class=\"yoast-schema-graph\">{\"@context\":\"https:\/\/schema.org\",\"@graph\":[{\"@type\":\"Article\",\"@id\":\"https:\/\/www.suavinex.com\/livingsuavinex\/perdida-peso-nacimiento\/#article\",\"isPartOf\":{\"@id\":\"https:\/\/www.suavinex.com\/livingsuavinex\/perdida-peso-nacimiento\/\"},\"author\":{\"name\":\"Living Suavinex\",\"@id\":\"https:\/\/www.suavinex.com\/livingsuavinex\/#\/schema\/person\/64fd7b62c88b0024a3ceeffb47f07eb6\"},\"headline\":\"La p\u00e9rdida de peso tras el nacimiento no es tan mala como lo pintaban\",\"datePublished\":\"2016-12-13T07:24:04+00:00\",\"dateModified\":\"2020-03-31T22:07:27+00:00\",\"mainEntityOfPage\":{\"@id\":\"https:\/\/www.suavinex.com\/livingsuavinex\/perdida-peso-nacimiento\/\"},\"wordCount\":392,\"commentCount\":0,\"publisher\":{\"@id\":\"https:\/\/www.suavinex.com\/livingsuavinex\/#organization\"},\"image\":{\"@id\":\"https:\/\/www.suavinex.com\/livingsuavinex\/perdida-peso-nacimiento\/#primaryimage\"},\"thumbnailUrl\":\"https:\/\/www.suavinex.com\/livingsuavinex\/wp-content\/uploads\/2016\/12\/perdida_peso-06_2.jpg\",\"keywords\":[\"Alimentaci\u00f3n\",\"Beb\u00e9\",\"Cuidados\"],\"articleSection\":[\"Tips de crianza\"],\"inLanguage\":\"es\"},{\"@type\":\"WebPage\",\"@id\":\"https:\/\/www.suavinex.com\/livingsuavinex\/perdida-peso-nacimiento\/\",\"url\":\"https:\/\/www.suavinex.com\/livingsuavinex\/perdida-peso-nacimiento\/\",\"name\":\"La p\u00e9rdida de peso tras el nacimiento no es tan mala como lo pintaban\",\"isPartOf\":{\"@id\":\"https:\/\/www.suavinex.com\/livingsuavinex\/#website\"},\"primaryImageOfPage\":{\"@id\":\"https:\/\/www.suavinex.com\/livingsuavinex\/perdida-peso-nacimiento\/#primaryimage\"},\"image\":{\"@id\":\"https:\/\/www.suavinex.com\/livingsuavinex\/perdida-peso-nacimiento\/#primaryimage\"},\"thumbnailUrl\":\"https:\/\/www.suavinex.com\/livingsuavinex\/wp-content\/uploads\/2016\/12\/perdida_peso-06_2.jpg\",\"datePublished\":\"2016-12-13T07:24:04+00:00\",\"dateModified\":\"2020-03-31T22:07:27+00:00\",\"description\":\"La p\u00e9rdida de peso de los beb\u00e9s tras el nacimiento es algo que preocupa enormemente a madres y padres. Te contamos por qu\u00e9 puede que no sea tan mala.\",\"breadcrumb\":{\"@id\":\"https:\/\/www.suavinex.com\/livingsuavinex\/perdida-peso-nacimiento\/#breadcrumb\"},\"inLanguage\":\"es\",\"potentialAction\":[{\"@type\":\"ReadAction\",\"target\":[\"https:\/\/www.suavinex.com\/livingsuavinex\/perdida-peso-nacimiento\/\"]}]},{\"@type\":\"ImageObject\",\"inLanguage\":\"es\",\"@id\":\"https:\/\/www.suavinex.com\/livingsuavinex\/perdida-peso-nacimiento\/#primaryimage\",\"url\":\"https:\/\/www.suavinex.com\/livingsuavinex\/wp-content\/uploads\/2016\/12\/perdida_peso-06_2.jpg\",\"contentUrl\":\"https:\/\/www.suavinex.com\/livingsuavinex\/wp-content\/uploads\/2016\/12\/perdida_peso-06_2.jpg\",\"width\":875,\"height\":385},{\"@type\":\"BreadcrumbList\",\"@id\":\"https:\/\/www.suavinex.com\/livingsuavinex\/perdida-peso-nacimiento\/#breadcrumb\",\"itemListElement\":[{\"@type\":\"ListItem\",\"position\":1,\"name\":\"Portada\",\"item\":\"https:\/\/www.suavinex.com\/livingsuavinex\/\"},{\"@type\":\"ListItem\",\"position\":2,\"name\":\"La p\u00e9rdida de peso tras el nacimiento no es tan mala como lo pintaban\"}]},{\"@type\":\"WebSite\",\"@id\":\"https:\/\/www.suavinex.com\/livingsuavinex\/#website\",\"url\":\"https:\/\/www.suavinex.com\/livingsuavinex\/\",\"name\":\"Living Suavinex\",\"description\":\"| Familias reales\",\"publisher\":{\"@id\":\"https:\/\/www.suavinex.com\/livingsuavinex\/#organization\"},\"potentialAction\":[{\"@type\":\"SearchAction\",\"target\":{\"@type\":\"EntryPoint\",\"urlTemplate\":\"https:\/\/www.suavinex.com\/livingsuavinex\/?s={search_term_string}\"},\"query-input\":{\"@type\":\"PropertyValueSpecification\",\"valueRequired\":true,\"valueName\":\"search_term_string\"}}],\"inLanguage\":\"es\"},{\"@type\":\"Organization\",\"@id\":\"https:\/\/www.suavinex.com\/livingsuavinex\/#organization\",\"name\":\"Suavinex\",\"url\":\"https:\/\/www.suavinex.com\/livingsuavinex\/\",\"logo\":{\"@type\":\"ImageObject\",\"inLanguage\":\"es\",\"@id\":\"https:\/\/www.suavinex.com\/livingsuavinex\/#\/schema\/logo\/image\/\",\"url\":\"https:\/\/www.suavinex.com\/livingsuavinex\/wp-content\/uploads\/2018\/07\/living_sx_logo_mvl.png\",\"contentUrl\":\"https:\/\/www.suavinex.com\/livingsuavinex\/wp-content\/uploads\/2018\/07\/living_sx_logo_mvl.png\",\"width\":350,\"height\":70,\"caption\":\"Suavinex\"},\"image\":{\"@id\":\"https:\/\/www.suavinex.com\/livingsuavinex\/#\/schema\/logo\/image\/\"},\"sameAs\":[\"https:\/\/www.facebook.com\/SuavinexSpain\",\"https:\/\/x.com\/SuavinexSpain\",\"https:\/\/www.instagram.com\/suavinex_spain\/\",\"https:\/\/www.pinterest.es\/SuavinexSpain\/\",\"https:\/\/www.youtube.com\/channel\/UCgeJREx2R_ZvV2aQMrfWgcA\"]},{\"@type\":\"Person\",\"@id\":\"https:\/\/www.suavinex.com\/livingsuavinex\/#\/schema\/person\/64fd7b62c88b0024a3ceeffb47f07eb6\",\"name\":\"Living Suavinex\",\"image\":{\"@type\":\"ImageObject\",\"inLanguage\":\"es\",\"@id\":\"https:\/\/www.suavinex.com\/livingsuavinex\/#\/schema\/person\/image\/\",\"url\":\"https:\/\/www.suavinex.com\/livingsuavinex\/wp-content\/uploads\/2017\/05\/Living-Suavinex_avatar-96x96.png\",\"contentUrl\":\"https:\/\/www.suavinex.com\/livingsuavinex\/wp-content\/uploads\/2017\/05\/Living-Suavinex_avatar-96x96.png\",\"caption\":\"Living Suavinex\"}}]}<\/script>\n<!-- \/ Yoast SEO plugin. -->","yoast_head_json":{"title":"La p\u00e9rdida de peso tras el nacimiento no es tan mala como lo pintaban","description":"La p\u00e9rdida de peso de los beb\u00e9s tras el nacimiento es algo que preocupa enormemente a madres y padres. Te contamos por qu\u00e9 puede que no sea tan mala.","robots":{"index":"index","follow":"follow","max-snippet":"max-snippet:-1","max-image-preview":"max-image-preview:large","max-video-preview":"max-video-preview:-1"},"canonical":"https:\/\/www.suavinex.com\/livingsuavinex\/perdida-peso-nacimiento\/","og_locale":"es_ES","og_type":"article","og_title":"La p\u00e9rdida de peso tras el nacimiento no es tan mala como lo pintaban","og_description":"La p\u00e9rdida de peso de los beb\u00e9s tras el nacimiento es algo que preocupa enormemente a madres y padres. Te contamos por qu\u00e9 puede que no sea tan mala.","og_url":"https:\/\/www.suavinex.com\/livingsuavinex\/perdida-peso-nacimiento\/","og_site_name":"Living Suavinex","article_publisher":"https:\/\/www.facebook.com\/SuavinexSpain","article_published_time":"2016-12-13T07:24:04+00:00","article_modified_time":"2020-03-31T22:07:27+00:00","og_image":[{"width":875,"height":385,"url":"https:\/\/www.suavinex.com\/livingsuavinex\/wp-content\/uploads\/2016\/12\/perdida_peso-06_2.jpg","type":"image\/jpeg"}],"author":"Living Suavinex","twitter_card":"summary_large_image","twitter_creator":"@SuavinexSpain","twitter_site":"@SuavinexSpain","twitter_misc":{"Escrito por":"Living Suavinex","Tiempo de lectura":"2 minutos"},"schema":{"@context":"https:\/\/schema.org","@graph":[{"@type":"Article","@id":"https:\/\/www.suavinex.com\/livingsuavinex\/perdida-peso-nacimiento\/#article","isPartOf":{"@id":"https:\/\/www.suavinex.com\/livingsuavinex\/perdida-peso-nacimiento\/"},"author":{"name":"Living Suavinex","@id":"https:\/\/www.suavinex.com\/livingsuavinex\/#\/schema\/person\/64fd7b62c88b0024a3ceeffb47f07eb6"},"headline":"La p\u00e9rdida de peso tras el nacimiento no es tan mala como lo pintaban","datePublished":"2016-12-13T07:24:04+00:00","dateModified":"2020-03-31T22:07:27+00:00","mainEntityOfPage":{"@id":"https:\/\/www.suavinex.com\/livingsuavinex\/perdida-peso-nacimiento\/"},"wordCount":392,"commentCount":0,"publisher":{"@id":"https:\/\/www.suavinex.com\/livingsuavinex\/#organization"},"image":{"@id":"https:\/\/www.suavinex.com\/livingsuavinex\/perdida-peso-nacimiento\/#primaryimage"},"thumbnailUrl":"https:\/\/www.suavinex.com\/livingsuavinex\/wp-content\/uploads\/2016\/12\/perdida_peso-06_2.jpg","keywords":["Alimentaci\u00f3n","Beb\u00e9","Cuidados"],"articleSection":["Tips de crianza"],"inLanguage":"es"},{"@type":"WebPage","@id":"https:\/\/www.suavinex.com\/livingsuavinex\/perdida-peso-nacimiento\/","url":"https:\/\/www.suavinex.com\/livingsuavinex\/perdida-peso-nacimiento\/","name":"La p\u00e9rdida de peso tras el nacimiento no es tan mala como lo pintaban","isPartOf":{"@id":"https:\/\/www.suavinex.com\/livingsuavinex\/#website"},"primaryImageOfPage":{"@id":"https:\/\/www.suavinex.com\/livingsuavinex\/perdida-peso-nacimiento\/#primaryimage"},"image":{"@id":"https:\/\/www.suavinex.com\/livingsuavinex\/perdida-peso-nacimiento\/#primaryimage"},"thumbnailUrl":"https:\/\/www.suavinex.com\/livingsuavinex\/wp-content\/uploads\/2016\/12\/perdida_peso-06_2.jpg","datePublished":"2016-12-13T07:24:04+00:00","dateModified":"2020-03-31T22:07:27+00:00","description":"La p\u00e9rdida de peso de los beb\u00e9s tras el nacimiento es algo que preocupa enormemente a madres y padres. Te contamos por qu\u00e9 puede que no sea tan mala.","breadcrumb":{"@id":"https:\/\/www.suavinex.com\/livingsuavinex\/perdida-peso-nacimiento\/#breadcrumb"},"inLanguage":"es","potentialAction":[{"@type":"ReadAction","target":["https:\/\/www.suavinex.com\/livingsuavinex\/perdida-peso-nacimiento\/"]}]},{"@type":"ImageObject","inLanguage":"es","@id":"https:\/\/www.suavinex.com\/livingsuavinex\/perdida-peso-nacimiento\/#primaryimage","url":"https:\/\/www.suavinex.com\/livingsuavinex\/wp-content\/uploads\/2016\/12\/perdida_peso-06_2.jpg","contentUrl":"https:\/\/www.suavinex.com\/livingsuavinex\/wp-content\/uploads\/2016\/12\/perdida_peso-06_2.jpg","width":875,"height":385},{"@type":"BreadcrumbList","@id":"https:\/\/www.suavinex.com\/livingsuavinex\/perdida-peso-nacimiento\/#breadcrumb","itemListElement":[{"@type":"ListItem","position":1,"name":"Portada","item":"https:\/\/www.suavinex.com\/livingsuavinex\/"},{"@type":"ListItem","position":2,"name":"La p\u00e9rdida de peso tras el nacimiento no es tan mala como lo pintaban"}]},{"@type":"WebSite","@id":"https:\/\/www.suavinex.com\/livingsuavinex\/#website","url":"https:\/\/www.suavinex.com\/livingsuavinex\/","name":"Living Suavinex","description":"| Familias reales","publisher":{"@id":"https:\/\/www.suavinex.com\/livingsuavinex\/#organization"},"potentialAction":[{"@type":"SearchAction","target":{"@type":"EntryPoint","urlTemplate":"https:\/\/www.suavinex.com\/livingsuavinex\/?s={search_term_string}"},"query-input":{"@type":"PropertyValueSpecification","valueRequired":true,"valueName":"search_term_string"}}],"inLanguage":"es"},{"@type":"Organization","@id":"https:\/\/www.suavinex.com\/livingsuavinex\/#organization","name":"Suavinex","url":"https:\/\/www.suavinex.com\/livingsuavinex\/","logo":{"@type":"ImageObject","inLanguage":"es","@id":"https:\/\/www.suavinex.com\/livingsuavinex\/#\/schema\/logo\/image\/","url":"https:\/\/www.suavinex.com\/livingsuavinex\/wp-content\/uploads\/2018\/07\/living_sx_logo_mvl.png","contentUrl":"https:\/\/www.suavinex.com\/livingsuavinex\/wp-content\/uploads\/2018\/07\/living_sx_logo_mvl.png","width":350,"height":70,"caption":"Suavinex"},"image":{"@id":"https:\/\/www.suavinex.com\/livingsuavinex\/#\/schema\/logo\/image\/"},"sameAs":["https:\/\/www.facebook.com\/SuavinexSpain","https:\/\/x.com\/SuavinexSpain","https:\/\/www.instagram.com\/suavinex_spain\/","https:\/\/www.pinterest.es\/SuavinexSpain\/","https:\/\/www.youtube.com\/channel\/UCgeJREx2R_ZvV2aQMrfWgcA"]},{"@type":"Person","@id":"https:\/\/www.suavinex.com\/livingsuavinex\/#\/schema\/person\/64fd7b62c88b0024a3ceeffb47f07eb6","name":"Living Suavinex","image":{"@type":"ImageObject","inLanguage":"es","@id":"https:\/\/www.suavinex.com\/livingsuavinex\/#\/schema\/person\/image\/","url":"https:\/\/www.suavinex.com\/livingsuavinex\/wp-content\/uploads\/2017\/05\/Living-Suavinex_avatar-96x96.png","contentUrl":"https:\/\/www.suavinex.com\/livingsuavinex\/wp-content\/uploads\/2017\/05\/Living-Suavinex_avatar-96x96.png","caption":"Living Suavinex"}}]}},"_links":{"self":[{"href":"https:\/\/www.suavinex.com\/livingsuavinex\/wp-json\/wp\/v2\/posts\/15869","targetHints":{"allow":["GET"]}}],"collection":[{"href":"https:\/\/www.suavinex.com\/livingsuavinex\/wp-json\/wp\/v2\/posts"}],"about":[{"href":"https:\/\/www.suavinex.com\/livingsuavinex\/wp-json\/wp\/v2\/types\/post"}],"author":[{"embeddable":true,"href":"https:\/\/www.suavinex.com\/livingsuavinex\/wp-json\/wp\/v2\/users\/288"}],"replies":[{"embeddable":true,"href":"https:\/\/www.suavinex.com\/livingsuavinex\/wp-json\/wp\/v2\/comments?post=15869"}],"version-history":[{"count":7,"href":"https:\/\/www.suavinex.com\/livingsuavinex\/wp-json\/wp\/v2\/posts\/15869\/revisions"}],"predecessor-version":[{"id":40614,"href":"https:\/\/www.suavinex.com\/livingsuavinex\/wp-json\/wp\/v2\/posts\/15869\/revisions\/40614"}],"wp:featuredmedia":[{"embeddable":true,"href":"https:\/\/www.suavinex.com\/livingsuavinex\/wp-json\/wp\/v2\/media\/23506"}],"wp:attachment":[{"href":"https:\/\/www.suavinex.com\/livingsuavinex\/wp-json\/wp\/v2\/media?parent=15869"}],"wp:term":[{"taxonomy":"category","embeddable":true,"href":"https:\/\/www.suavinex.com\/livingsuavinex\/wp-json\/wp\/v2\/categories?post=15869"},{"taxonomy":"post_tag","embeddable":true,"href":"https:\/\/www.suavinex.com\/livingsuavinex\/wp-json\/wp\/v2\/tags?post=15869"}],"curies":[{"name":"wp","href":"https:\/\/api.w.org\/{rel}","templated":true}]}}