{"id":15865,"date":"2016-12-12T14:18:08","date_gmt":"2016-12-12T14:18:08","guid":{"rendered":"https:\/\/www.suavinex.com\/livingsuavinex\/?p=15865"},"modified":"2020-04-01T01:27:25","modified_gmt":"2020-03-31T23:27:25","slug":"excedencia-hijos","status":"publish","type":"post","link":"https:\/\/www.suavinex.com\/livingsuavinex\/excedencia-hijos\/","title":{"rendered":"Excedencia por cuidado de hijos, cu\u00e1ndo y c\u00f3mo solicitarla"},"content":{"rendered":"<p>El reducido permiso por maternidad que tenemos en Espa\u00f1a, 16 semanas, hace que muchas familias se planteen otras opciones para alargar ese periodo de cuidado del beb\u00e9. Una de ellas es la <strong>excedencia por cuidado de hijos<\/strong>.<\/p>\n<h2>\u00bfTodas las madres y padres pueden acogerse a este derecho?<\/h2>\n<p><a href=\"https:\/\/www.suavinex.com\/livingsuavinex\/derechos-mujer-maternidad\/\" target=\"_blank\" rel=\"noopener noreferrer\">Todo trabajador, mujer u hombre, tiene derecho<\/a> a solicitar una excedencia por cuidado de hijos menores de tres a\u00f1os. Durante este tiempo no recibir\u00e1 remuneraci\u00f3n alguna por parte de la empresa pero conservar\u00e1 el derecho a reincorporarse una vez finalizado este periodo.<\/p>\n<p>El periodo de duraci\u00f3n lo podr\u00e1 elegir la madre o el padre en funci\u00f3n de sus preferencias o necesidades. Puede durar un mes, un a\u00f1o o el tiempo m\u00e1ximo. Igualmente, se puede solicitar de forma fraccionada o alargar el periodo elegido de inicio, siempre y cuando se avise a la empresa con la suficiente antelaci\u00f3n.<\/p>\n<p>En caso de tener un nuevo hijo se tendr\u00e1\u00a0 derecho a excedencia hasta que el hijo menor cumpla tres a\u00f1os.<\/p>\n<h2>\u00bfC\u00f3mo solicitarla?<\/h2>\n<p>Se puede solicitar a la empresa en cualquier momento, se debe hacer por escrito y con preaviso de quince d\u00edas. Est\u00e1 regulado por el <a href=\"http:\/\/noticias.juridicas.com\/base_datos\/Laboral\/rdleg1-1995.t1.html#a46\" target=\"_blank\" rel=\"noopener noreferrer\">Estatuto de los Trabajadores<\/a>, pero es importante tener en cuenta el convenio colectivo de tu empresa por si fuera necesario alg\u00fan requisito extraordinario. Habla con el departamento de Recursos Humanos para que pueda informarte debidamente.<\/p>\n<p>En la solicitud deber\u00e1n constar el nombre del hijo, su fecha de nacimiento, fecha de inicio del periodo de excedencia y fecha fin del mismo. La empresa liquidar\u00e1 al trabajador, no se tratar\u00e1 de un finiquito sino del pago de todo lo devengado en ese periodo.<\/p>\n<h2>\u00bfSe garantiza el puesto de trabajo a la vuelta de la excedencia?<\/h2>\n<p>Durante el primer a\u00f1o se reservar\u00e1 su mismo puesto de trabajo. Y a partir del primer a\u00f1o se garantiza un puesto en la misma categor\u00eda profesional o equivalente.<\/p>\n<h2>\u00bfSe sigue cotizando a la Seguridad Social durante el periodo de excedencia?<\/h2>\n<p>La empresa cursar\u00e1 la baja en la Seguridad Social en un plazo de quince d\u00edas y no hay obligaci\u00f3n de cotizar. Pero este tiempo tiene la consideraci\u00f3n de situaci\u00f3n asimilada al alta a efectos de las prestaciones de la Seguridad Social. No se cotiza, pero es como si se estuviera cotizando para esta prestaci\u00f3n en concreto. Se tendr\u00e1 garantizada adem\u00e1s la prestaci\u00f3n sanitaria.<\/p>\n<h2>\u00bfSe debe solicitar el reingreso a la empresa?<\/h2>\n<p>Es conveniente avisar con quince d\u00edas de antelaci\u00f3n y siempre se recomienda repasar el convenio colectivo por si hubiera alg\u00fan requisito a\u00f1adido. Tened en cuenta que una vez que comiences a trabajar no tendr\u00e1s vacaciones o pagas extra, ya que esto se empezar\u00e1 a generar desde el momento de tu reincorporaci\u00f3n.<\/p>\n<p>Para m\u00e1s informaci\u00f3n:<\/p>\n<p>Instituto de la Mujer<\/p>\n","protected":false},"excerpt":{"rendered":"El reducido permiso por maternidad que tenemos en Espa\u00f1a, 16 semanas, hace que muchas familias se planteen otras opciones para alargar ese periodo de cuidado del beb\u00e9. Una de ellas es la excedencia por cuidado de hijos. \u00bfTodas las madres y padres pueden acogerse a este derecho? Todo trabajador, mujer&#8230; <a class=\"view-article\" href=\"https:\/\/www.suavinex.com\/livingsuavinex\/excedencia-hijos\/\">Ver art\u00edculo<\/a>","protected":false},"author":288,"featured_media":23509,"comment_status":"open","ping_status":"open","sticky":false,"template":"","format":"standard","meta":{"inline_featured_image":false,"footnotes":""},"categories":[2272],"tags":[9,46],"class_list":["post-15865","post","type-post","status-publish","format-standard","has-post-thumbnail","hentry","category-tips-crianza","tag-maternidad","tag-mujer"],"yoast_head":"<!-- This site is optimized with the Yoast SEO plugin v26.8 - https:\/\/yoast.com\/product\/yoast-seo-wordpress\/ -->\n<title>Excedencia por cuidado de hijos, cu\u00e1ndo y c\u00f3mo solicitarla<\/title>\n<meta name=\"description\" content=\"El reducido permiso por maternidad que tenemos en Espa\u00f1a, 16 semanas, hace que muchas familias se planteen la opci\u00f3n de la excedencia por cuidado de hijos.\" \/>\n<meta name=\"robots\" content=\"index, follow, max-snippet:-1, max-image-preview:large, max-video-preview:-1\" \/>\n<link rel=\"canonical\" href=\"https:\/\/www.suavinex.com\/livingsuavinex\/excedencia-hijos\/\" \/>\n<meta property=\"og:locale\" content=\"es_ES\" \/>\n<meta property=\"og:type\" content=\"article\" \/>\n<meta property=\"og:title\" content=\"Excedencia por cuidado de hijos, cu\u00e1ndo y c\u00f3mo solicitarla\" \/>\n<meta property=\"og:description\" content=\"El reducido permiso por maternidad que tenemos en Espa\u00f1a, 16 semanas, hace que muchas familias se planteen la opci\u00f3n de la excedencia por cuidado de hijos.\" \/>\n<meta property=\"og:url\" content=\"https:\/\/www.suavinex.com\/livingsuavinex\/excedencia-hijos\/\" \/>\n<meta property=\"og:site_name\" content=\"Living Suavinex\" \/>\n<meta property=\"article:publisher\" content=\"https:\/\/www.facebook.com\/SuavinexSpain\" \/>\n<meta property=\"article:published_time\" content=\"2016-12-12T14:18:08+00:00\" \/>\n<meta property=\"article:modified_time\" content=\"2020-03-31T23:27:25+00:00\" \/>\n<meta property=\"og:image\" content=\"https:\/\/www.suavinex.com\/livingsuavinex\/wp-content\/uploads\/2016\/12\/excedencia_post_2.jpg\" \/>\n\t<meta property=\"og:image:width\" content=\"875\" \/>\n\t<meta property=\"og:image:height\" content=\"385\" \/>\n\t<meta property=\"og:image:type\" content=\"image\/jpeg\" \/>\n<meta name=\"author\" content=\"Living Suavinex\" \/>\n<meta name=\"twitter:card\" content=\"summary_large_image\" \/>\n<meta name=\"twitter:creator\" content=\"@SuavinexSpain\" \/>\n<meta name=\"twitter:site\" content=\"@SuavinexSpain\" \/>\n<meta name=\"twitter:label1\" content=\"Escrito por\" \/>\n\t<meta name=\"twitter:data1\" content=\"Living Suavinex\" \/>\n\t<meta name=\"twitter:label2\" content=\"Tiempo de lectura\" \/>\n\t<meta name=\"twitter:data2\" content=\"2 minutos\" \/>\n<script type=\"application\/ld+json\" class=\"yoast-schema-graph\">{\"@context\":\"https:\/\/schema.org\",\"@graph\":[{\"@type\":\"Article\",\"@id\":\"https:\/\/www.suavinex.com\/livingsuavinex\/excedencia-hijos\/#article\",\"isPartOf\":{\"@id\":\"https:\/\/www.suavinex.com\/livingsuavinex\/excedencia-hijos\/\"},\"author\":{\"name\":\"Living Suavinex\",\"@id\":\"https:\/\/www.suavinex.com\/livingsuavinex\/#\/schema\/person\/64fd7b62c88b0024a3ceeffb47f07eb6\"},\"headline\":\"Excedencia por cuidado de hijos, cu\u00e1ndo y c\u00f3mo solicitarla\",\"datePublished\":\"2016-12-12T14:18:08+00:00\",\"dateModified\":\"2020-03-31T23:27:25+00:00\",\"mainEntityOfPage\":{\"@id\":\"https:\/\/www.suavinex.com\/livingsuavinex\/excedencia-hijos\/\"},\"wordCount\":493,\"commentCount\":3,\"publisher\":{\"@id\":\"https:\/\/www.suavinex.com\/livingsuavinex\/#organization\"},\"image\":{\"@id\":\"https:\/\/www.suavinex.com\/livingsuavinex\/excedencia-hijos\/#primaryimage\"},\"thumbnailUrl\":\"https:\/\/www.suavinex.com\/livingsuavinex\/wp-content\/uploads\/2016\/12\/excedencia_post_2.jpg\",\"keywords\":[\"Maternidad\",\"Mujer\"],\"articleSection\":[\"Tips de crianza\"],\"inLanguage\":\"es\"},{\"@type\":\"WebPage\",\"@id\":\"https:\/\/www.suavinex.com\/livingsuavinex\/excedencia-hijos\/\",\"url\":\"https:\/\/www.suavinex.com\/livingsuavinex\/excedencia-hijos\/\",\"name\":\"Excedencia por cuidado de hijos, cu\u00e1ndo y c\u00f3mo solicitarla\",\"isPartOf\":{\"@id\":\"https:\/\/www.suavinex.com\/livingsuavinex\/#website\"},\"primaryImageOfPage\":{\"@id\":\"https:\/\/www.suavinex.com\/livingsuavinex\/excedencia-hijos\/#primaryimage\"},\"image\":{\"@id\":\"https:\/\/www.suavinex.com\/livingsuavinex\/excedencia-hijos\/#primaryimage\"},\"thumbnailUrl\":\"https:\/\/www.suavinex.com\/livingsuavinex\/wp-content\/uploads\/2016\/12\/excedencia_post_2.jpg\",\"datePublished\":\"2016-12-12T14:18:08+00:00\",\"dateModified\":\"2020-03-31T23:27:25+00:00\",\"description\":\"El reducido permiso por maternidad que tenemos en Espa\u00f1a, 16 semanas, hace que muchas familias se planteen la opci\u00f3n de la excedencia por cuidado de hijos.\",\"breadcrumb\":{\"@id\":\"https:\/\/www.suavinex.com\/livingsuavinex\/excedencia-hijos\/#breadcrumb\"},\"inLanguage\":\"es\",\"potentialAction\":[{\"@type\":\"ReadAction\",\"target\":[\"https:\/\/www.suavinex.com\/livingsuavinex\/excedencia-hijos\/\"]}]},{\"@type\":\"ImageObject\",\"inLanguage\":\"es\",\"@id\":\"https:\/\/www.suavinex.com\/livingsuavinex\/excedencia-hijos\/#primaryimage\",\"url\":\"https:\/\/www.suavinex.com\/livingsuavinex\/wp-content\/uploads\/2016\/12\/excedencia_post_2.jpg\",\"contentUrl\":\"https:\/\/www.suavinex.com\/livingsuavinex\/wp-content\/uploads\/2016\/12\/excedencia_post_2.jpg\",\"width\":875,\"height\":385},{\"@type\":\"BreadcrumbList\",\"@id\":\"https:\/\/www.suavinex.com\/livingsuavinex\/excedencia-hijos\/#breadcrumb\",\"itemListElement\":[{\"@type\":\"ListItem\",\"position\":1,\"name\":\"Portada\",\"item\":\"https:\/\/www.suavinex.com\/livingsuavinex\/\"},{\"@type\":\"ListItem\",\"position\":2,\"name\":\"Excedencia por cuidado de hijos, cu\u00e1ndo y c\u00f3mo solicitarla\"}]},{\"@type\":\"WebSite\",\"@id\":\"https:\/\/www.suavinex.com\/livingsuavinex\/#website\",\"url\":\"https:\/\/www.suavinex.com\/livingsuavinex\/\",\"name\":\"Living Suavinex\",\"description\":\"| Familias reales\",\"publisher\":{\"@id\":\"https:\/\/www.suavinex.com\/livingsuavinex\/#organization\"},\"potentialAction\":[{\"@type\":\"SearchAction\",\"target\":{\"@type\":\"EntryPoint\",\"urlTemplate\":\"https:\/\/www.suavinex.com\/livingsuavinex\/?s={search_term_string}\"},\"query-input\":{\"@type\":\"PropertyValueSpecification\",\"valueRequired\":true,\"valueName\":\"search_term_string\"}}],\"inLanguage\":\"es\"},{\"@type\":\"Organization\",\"@id\":\"https:\/\/www.suavinex.com\/livingsuavinex\/#organization\",\"name\":\"Suavinex\",\"url\":\"https:\/\/www.suavinex.com\/livingsuavinex\/\",\"logo\":{\"@type\":\"ImageObject\",\"inLanguage\":\"es\",\"@id\":\"https:\/\/www.suavinex.com\/livingsuavinex\/#\/schema\/logo\/image\/\",\"url\":\"https:\/\/www.suavinex.com\/livingsuavinex\/wp-content\/uploads\/2018\/07\/living_sx_logo_mvl.png\",\"contentUrl\":\"https:\/\/www.suavinex.com\/livingsuavinex\/wp-content\/uploads\/2018\/07\/living_sx_logo_mvl.png\",\"width\":350,\"height\":70,\"caption\":\"Suavinex\"},\"image\":{\"@id\":\"https:\/\/www.suavinex.com\/livingsuavinex\/#\/schema\/logo\/image\/\"},\"sameAs\":[\"https:\/\/www.facebook.com\/SuavinexSpain\",\"https:\/\/x.com\/SuavinexSpain\",\"https:\/\/www.instagram.com\/suavinex_spain\/\",\"https:\/\/www.pinterest.es\/SuavinexSpain\/\",\"https:\/\/www.youtube.com\/channel\/UCgeJREx2R_ZvV2aQMrfWgcA\"]},{\"@type\":\"Person\",\"@id\":\"https:\/\/www.suavinex.com\/livingsuavinex\/#\/schema\/person\/64fd7b62c88b0024a3ceeffb47f07eb6\",\"name\":\"Living Suavinex\",\"image\":{\"@type\":\"ImageObject\",\"inLanguage\":\"es\",\"@id\":\"https:\/\/www.suavinex.com\/livingsuavinex\/#\/schema\/person\/image\/\",\"url\":\"https:\/\/www.suavinex.com\/livingsuavinex\/wp-content\/uploads\/2017\/05\/Living-Suavinex_avatar-96x96.png\",\"contentUrl\":\"https:\/\/www.suavinex.com\/livingsuavinex\/wp-content\/uploads\/2017\/05\/Living-Suavinex_avatar-96x96.png\",\"caption\":\"Living Suavinex\"}}]}<\/script>\n<!-- \/ Yoast SEO plugin. -->","yoast_head_json":{"title":"Excedencia por cuidado de hijos, cu\u00e1ndo y c\u00f3mo solicitarla","description":"El reducido permiso por maternidad que tenemos en Espa\u00f1a, 16 semanas, hace que muchas familias se planteen la opci\u00f3n de la excedencia por cuidado de hijos.","robots":{"index":"index","follow":"follow","max-snippet":"max-snippet:-1","max-image-preview":"max-image-preview:large","max-video-preview":"max-video-preview:-1"},"canonical":"https:\/\/www.suavinex.com\/livingsuavinex\/excedencia-hijos\/","og_locale":"es_ES","og_type":"article","og_title":"Excedencia por cuidado de hijos, cu\u00e1ndo y c\u00f3mo solicitarla","og_description":"El reducido permiso por maternidad que tenemos en Espa\u00f1a, 16 semanas, hace que muchas familias se planteen la opci\u00f3n de la excedencia por cuidado de hijos.","og_url":"https:\/\/www.suavinex.com\/livingsuavinex\/excedencia-hijos\/","og_site_name":"Living Suavinex","article_publisher":"https:\/\/www.facebook.com\/SuavinexSpain","article_published_time":"2016-12-12T14:18:08+00:00","article_modified_time":"2020-03-31T23:27:25+00:00","og_image":[{"width":875,"height":385,"url":"https:\/\/www.suavinex.com\/livingsuavinex\/wp-content\/uploads\/2016\/12\/excedencia_post_2.jpg","type":"image\/jpeg"}],"author":"Living Suavinex","twitter_card":"summary_large_image","twitter_creator":"@SuavinexSpain","twitter_site":"@SuavinexSpain","twitter_misc":{"Escrito por":"Living Suavinex","Tiempo de lectura":"2 minutos"},"schema":{"@context":"https:\/\/schema.org","@graph":[{"@type":"Article","@id":"https:\/\/www.suavinex.com\/livingsuavinex\/excedencia-hijos\/#article","isPartOf":{"@id":"https:\/\/www.suavinex.com\/livingsuavinex\/excedencia-hijos\/"},"author":{"name":"Living Suavinex","@id":"https:\/\/www.suavinex.com\/livingsuavinex\/#\/schema\/person\/64fd7b62c88b0024a3ceeffb47f07eb6"},"headline":"Excedencia por cuidado de hijos, cu\u00e1ndo y c\u00f3mo solicitarla","datePublished":"2016-12-12T14:18:08+00:00","dateModified":"2020-03-31T23:27:25+00:00","mainEntityOfPage":{"@id":"https:\/\/www.suavinex.com\/livingsuavinex\/excedencia-hijos\/"},"wordCount":493,"commentCount":3,"publisher":{"@id":"https:\/\/www.suavinex.com\/livingsuavinex\/#organization"},"image":{"@id":"https:\/\/www.suavinex.com\/livingsuavinex\/excedencia-hijos\/#primaryimage"},"thumbnailUrl":"https:\/\/www.suavinex.com\/livingsuavinex\/wp-content\/uploads\/2016\/12\/excedencia_post_2.jpg","keywords":["Maternidad","Mujer"],"articleSection":["Tips de crianza"],"inLanguage":"es"},{"@type":"WebPage","@id":"https:\/\/www.suavinex.com\/livingsuavinex\/excedencia-hijos\/","url":"https:\/\/www.suavinex.com\/livingsuavinex\/excedencia-hijos\/","name":"Excedencia por cuidado de hijos, cu\u00e1ndo y c\u00f3mo solicitarla","isPartOf":{"@id":"https:\/\/www.suavinex.com\/livingsuavinex\/#website"},"primaryImageOfPage":{"@id":"https:\/\/www.suavinex.com\/livingsuavinex\/excedencia-hijos\/#primaryimage"},"image":{"@id":"https:\/\/www.suavinex.com\/livingsuavinex\/excedencia-hijos\/#primaryimage"},"thumbnailUrl":"https:\/\/www.suavinex.com\/livingsuavinex\/wp-content\/uploads\/2016\/12\/excedencia_post_2.jpg","datePublished":"2016-12-12T14:18:08+00:00","dateModified":"2020-03-31T23:27:25+00:00","description":"El reducido permiso por maternidad que tenemos en Espa\u00f1a, 16 semanas, hace que muchas familias se planteen la opci\u00f3n de la excedencia por cuidado de hijos.","breadcrumb":{"@id":"https:\/\/www.suavinex.com\/livingsuavinex\/excedencia-hijos\/#breadcrumb"},"inLanguage":"es","potentialAction":[{"@type":"ReadAction","target":["https:\/\/www.suavinex.com\/livingsuavinex\/excedencia-hijos\/"]}]},{"@type":"ImageObject","inLanguage":"es","@id":"https:\/\/www.suavinex.com\/livingsuavinex\/excedencia-hijos\/#primaryimage","url":"https:\/\/www.suavinex.com\/livingsuavinex\/wp-content\/uploads\/2016\/12\/excedencia_post_2.jpg","contentUrl":"https:\/\/www.suavinex.com\/livingsuavinex\/wp-content\/uploads\/2016\/12\/excedencia_post_2.jpg","width":875,"height":385},{"@type":"BreadcrumbList","@id":"https:\/\/www.suavinex.com\/livingsuavinex\/excedencia-hijos\/#breadcrumb","itemListElement":[{"@type":"ListItem","position":1,"name":"Portada","item":"https:\/\/www.suavinex.com\/livingsuavinex\/"},{"@type":"ListItem","position":2,"name":"Excedencia por cuidado de hijos, cu\u00e1ndo y c\u00f3mo solicitarla"}]},{"@type":"WebSite","@id":"https:\/\/www.suavinex.com\/livingsuavinex\/#website","url":"https:\/\/www.suavinex.com\/livingsuavinex\/","name":"Living Suavinex","description":"| Familias reales","publisher":{"@id":"https:\/\/www.suavinex.com\/livingsuavinex\/#organization"},"potentialAction":[{"@type":"SearchAction","target":{"@type":"EntryPoint","urlTemplate":"https:\/\/www.suavinex.com\/livingsuavinex\/?s={search_term_string}"},"query-input":{"@type":"PropertyValueSpecification","valueRequired":true,"valueName":"search_term_string"}}],"inLanguage":"es"},{"@type":"Organization","@id":"https:\/\/www.suavinex.com\/livingsuavinex\/#organization","name":"Suavinex","url":"https:\/\/www.suavinex.com\/livingsuavinex\/","logo":{"@type":"ImageObject","inLanguage":"es","@id":"https:\/\/www.suavinex.com\/livingsuavinex\/#\/schema\/logo\/image\/","url":"https:\/\/www.suavinex.com\/livingsuavinex\/wp-content\/uploads\/2018\/07\/living_sx_logo_mvl.png","contentUrl":"https:\/\/www.suavinex.com\/livingsuavinex\/wp-content\/uploads\/2018\/07\/living_sx_logo_mvl.png","width":350,"height":70,"caption":"Suavinex"},"image":{"@id":"https:\/\/www.suavinex.com\/livingsuavinex\/#\/schema\/logo\/image\/"},"sameAs":["https:\/\/www.facebook.com\/SuavinexSpain","https:\/\/x.com\/SuavinexSpain","https:\/\/www.instagram.com\/suavinex_spain\/","https:\/\/www.pinterest.es\/SuavinexSpain\/","https:\/\/www.youtube.com\/channel\/UCgeJREx2R_ZvV2aQMrfWgcA"]},{"@type":"Person","@id":"https:\/\/www.suavinex.com\/livingsuavinex\/#\/schema\/person\/64fd7b62c88b0024a3ceeffb47f07eb6","name":"Living Suavinex","image":{"@type":"ImageObject","inLanguage":"es","@id":"https:\/\/www.suavinex.com\/livingsuavinex\/#\/schema\/person\/image\/","url":"https:\/\/www.suavinex.com\/livingsuavinex\/wp-content\/uploads\/2017\/05\/Living-Suavinex_avatar-96x96.png","contentUrl":"https:\/\/www.suavinex.com\/livingsuavinex\/wp-content\/uploads\/2017\/05\/Living-Suavinex_avatar-96x96.png","caption":"Living Suavinex"}}]}},"_links":{"self":[{"href":"https:\/\/www.suavinex.com\/livingsuavinex\/wp-json\/wp\/v2\/posts\/15865","targetHints":{"allow":["GET"]}}],"collection":[{"href":"https:\/\/www.suavinex.com\/livingsuavinex\/wp-json\/wp\/v2\/posts"}],"about":[{"href":"https:\/\/www.suavinex.com\/livingsuavinex\/wp-json\/wp\/v2\/types\/post"}],"author":[{"embeddable":true,"href":"https:\/\/www.suavinex.com\/livingsuavinex\/wp-json\/wp\/v2\/users\/288"}],"replies":[{"embeddable":true,"href":"https:\/\/www.suavinex.com\/livingsuavinex\/wp-json\/wp\/v2\/comments?post=15865"}],"version-history":[{"count":8,"href":"https:\/\/www.suavinex.com\/livingsuavinex\/wp-json\/wp\/v2\/posts\/15865\/revisions"}],"predecessor-version":[{"id":40776,"href":"https:\/\/www.suavinex.com\/livingsuavinex\/wp-json\/wp\/v2\/posts\/15865\/revisions\/40776"}],"wp:featuredmedia":[{"embeddable":true,"href":"https:\/\/www.suavinex.com\/livingsuavinex\/wp-json\/wp\/v2\/media\/23509"}],"wp:attachment":[{"href":"https:\/\/www.suavinex.com\/livingsuavinex\/wp-json\/wp\/v2\/media?parent=15865"}],"wp:term":[{"taxonomy":"category","embeddable":true,"href":"https:\/\/www.suavinex.com\/livingsuavinex\/wp-json\/wp\/v2\/categories?post=15865"},{"taxonomy":"post_tag","embeddable":true,"href":"https:\/\/www.suavinex.com\/livingsuavinex\/wp-json\/wp\/v2\/tags?post=15865"}],"curies":[{"name":"wp","href":"https:\/\/api.w.org\/{rel}","templated":true}]}}