{"id":15622,"date":"2016-10-05T09:36:13","date_gmt":"2016-10-05T09:36:13","guid":{"rendered":"https:\/\/www.suavinex.com\/livingsuavinex\/?p=15622"},"modified":"2022-01-12T13:00:31","modified_gmt":"2022-01-12T12:00:31","slug":"cuidar-tu-pelo-durante-el-postparto","status":"publish","type":"post","link":"https:\/\/www.suavinex.com\/livingsuavinex\/cuidar-tu-pelo-durante-el-postparto\/","title":{"rendered":"Consejos para cuidar tu pelo durante el postparto"},"content":{"rendered":"<p>Ya sabemos que el <strong>postparto<\/strong> es el <em>peaje<\/em> que debemos pasar las madres reci\u00e9n estrenadas. No es f\u00e1cil, hay muchos factores f\u00edsicos, emocionales y hormonales. Y una de las consecuencias f\u00edsicas por las que pasan todas las mujeres es <strong>la ca\u00edda del cabello<\/strong>. No lo notar\u00e1s inmediatamente, sino a partir del tercer mes de tu beb\u00e9. Puede que te alarmes incluso por la ca\u00edda tan intensa, especialmente despu\u00e9s del lavado o al cepillarte.<\/p>\n<h2>\u00bfNos debe preocupar la ca\u00edda del pelo?<\/h2>\n<p>Es totalmente normal experimentar esta ca\u00edda de pelo, junto con la sensaci\u00f3n de un cabello sin brillo, m\u00e1s d\u00e9bil y quebradizo. El responsable no es otro que el estr\u00f3geno, otra vez las hormonas a escena. Durante el <a href=\"https:\/\/www.suavinex.com\/livingsuavinex\/embarazo-maternity-school\/\" target=\"_blank\" rel=\"noopener noreferrer\">embarazo<\/a> los niveles de estr\u00f3geno aumentan y eso hace que el pelo luzca brillante, sano y abundante. Pero tras el parto y con el descenso l\u00f3gico de esta hormona de modo brusco, el pelo se resiente, comienza a caer y debilitarse.<\/p>\n<h2>\u00bfC\u00f3mo podemos ponerle soluci\u00f3n?<\/h2>\n<p>La medida m\u00e1s efectiva es dejar pasar el tiempo y tener paciencia. Entretanto es importante ayudar a tu cuerpo a restablecer sus niveles y para ello una alimentaci\u00f3n saludable rica en vitaminas, hierro y calcio siempre ayudar\u00e1.<\/p>\n<p>Por supuesto hay que mimar un poco m\u00e1s nuestro cabello. Durante este periodo podemos evitar utilizar tintes con amon\u00edaco y mejor no abusar de secadores o planchas, demasiado agresivos para el maltrecho cabello. Y no cepilles tu melena a menudo o con mucha fuerza, hazlo con suavidad y con cepillos de cerdas gruesas.<\/p>\n<h2>\u00bfAlg\u00fan truco para no convertir la ca\u00edda del cabello en un problema?<\/h2>\n<p>Si tienes el pelo largo este ser\u00e1 un buen momento para cambiar de look, \u00a1date un buen corte! Ver\u00e1s mucho menos pelo ca\u00eddo y sentir\u00e1s alivio, al tiempo que estar\u00e1s m\u00e1s c\u00f3moda ahora que tu prioridad ser\u00e1 atender a tu beb\u00e9.<\/p>\n<p>Si notas peque\u00f1as calvas por el nacimiento del cabello o ves pelitos nuevos, apuesta por el flequillo. Ya sea m\u00e1s corto o m\u00e1s largo seguro que te favorece.<\/p>\n<p>Si necesitas alg\u00fan ba\u00f1o de color, elige tintes naturales o incluso reflejos que no da\u00f1ar\u00e1n la ra\u00edz.<\/p>\n<p>La ca\u00edda del cabello poco a poco ir\u00e1 remitiendo y si notaras una ca\u00edda prolongada no dudes en consultar con tu m\u00e9dico.<\/p>\n","protected":false},"excerpt":{"rendered":"Ya sabemos que el postparto es el peaje que debemos pasar las madres reci\u00e9n estrenadas. No es f\u00e1cil, hay muchos factores f\u00edsicos, emocionales y hormonales. Y una de las consecuencias f\u00edsicas por las que pasan todas las mujeres es la ca\u00edda del cabello. No lo notar\u00e1s inmediatamente, sino a partir&#8230; <a class=\"view-article\" href=\"https:\/\/www.suavinex.com\/livingsuavinex\/cuidar-tu-pelo-durante-el-postparto\/\">Ver art\u00edculo<\/a>","protected":false},"author":288,"featured_media":24754,"comment_status":"open","ping_status":"open","sticky":false,"template":"","format":"standard","meta":{"inline_featured_image":false,"footnotes":""},"categories":[1059],"tags":[9,419],"class_list":["post-15622","post","type-post","status-publish","format-standard","has-post-thumbnail","hentry","category-postparto","tag-maternidad","tag-postparto"],"yoast_head":"<!-- This site is optimized with the Yoast SEO plugin v26.8 - https:\/\/yoast.com\/product\/yoast-seo-wordpress\/ -->\n<title>Consejos para cuidar tu pelo durante el postparto<\/title>\n<meta name=\"description\" content=\"Ya sabemos que el postparto es el peaje que debemos pasar las madres reci\u00e9n estrenadas. No es f\u00e1cil, hay muchos factores f\u00edsicos, emocionales y hormonales.\" \/>\n<meta name=\"robots\" content=\"index, follow, max-snippet:-1, max-image-preview:large, max-video-preview:-1\" \/>\n<link rel=\"canonical\" href=\"https:\/\/www.suavinex.com\/livingsuavinex\/cuidar-tu-pelo-durante-el-postparto\/\" \/>\n<meta property=\"og:locale\" content=\"es_ES\" \/>\n<meta property=\"og:type\" content=\"article\" \/>\n<meta property=\"og:title\" content=\"Consejos para cuidar tu pelo durante el postparto\" \/>\n<meta property=\"og:description\" content=\"Ya sabemos que el postparto es el peaje que debemos pasar las madres reci\u00e9n estrenadas. No es f\u00e1cil, hay muchos factores f\u00edsicos, emocionales y hormonales.\" \/>\n<meta property=\"og:url\" content=\"https:\/\/www.suavinex.com\/livingsuavinex\/cuidar-tu-pelo-durante-el-postparto\/\" \/>\n<meta property=\"og:site_name\" content=\"Living Suavinex\" \/>\n<meta property=\"article:publisher\" content=\"https:\/\/www.facebook.com\/SuavinexSpain\" \/>\n<meta property=\"article:published_time\" content=\"2016-10-05T09:36:13+00:00\" \/>\n<meta property=\"article:modified_time\" content=\"2022-01-12T12:00:31+00:00\" \/>\n<meta property=\"og:image\" content=\"https:\/\/www.suavinex.com\/livingsuavinex\/wp-content\/uploads\/2016\/10\/pelo-postparto-post-OPT.jpg\" \/>\n\t<meta property=\"og:image:width\" content=\"875\" \/>\n\t<meta property=\"og:image:height\" content=\"385\" \/>\n\t<meta property=\"og:image:type\" content=\"image\/jpeg\" \/>\n<meta name=\"author\" content=\"Living Suavinex\" \/>\n<meta name=\"twitter:card\" content=\"summary_large_image\" \/>\n<meta name=\"twitter:creator\" content=\"@SuavinexSpain\" \/>\n<meta name=\"twitter:site\" content=\"@SuavinexSpain\" \/>\n<meta name=\"twitter:label1\" content=\"Escrito por\" \/>\n\t<meta name=\"twitter:data1\" content=\"Living Suavinex\" \/>\n\t<meta name=\"twitter:label2\" content=\"Tiempo de lectura\" \/>\n\t<meta name=\"twitter:data2\" content=\"2 minutos\" \/>\n<script type=\"application\/ld+json\" class=\"yoast-schema-graph\">{\"@context\":\"https:\/\/schema.org\",\"@graph\":[{\"@type\":\"Article\",\"@id\":\"https:\/\/www.suavinex.com\/livingsuavinex\/cuidar-tu-pelo-durante-el-postparto\/#article\",\"isPartOf\":{\"@id\":\"https:\/\/www.suavinex.com\/livingsuavinex\/cuidar-tu-pelo-durante-el-postparto\/\"},\"author\":{\"name\":\"Living Suavinex\",\"@id\":\"https:\/\/www.suavinex.com\/livingsuavinex\/#\/schema\/person\/64fd7b62c88b0024a3ceeffb47f07eb6\"},\"headline\":\"Consejos para cuidar tu pelo durante el postparto\",\"datePublished\":\"2016-10-05T09:36:13+00:00\",\"dateModified\":\"2022-01-12T12:00:31+00:00\",\"mainEntityOfPage\":{\"@id\":\"https:\/\/www.suavinex.com\/livingsuavinex\/cuidar-tu-pelo-durante-el-postparto\/\"},\"wordCount\":421,\"commentCount\":0,\"publisher\":{\"@id\":\"https:\/\/www.suavinex.com\/livingsuavinex\/#organization\"},\"image\":{\"@id\":\"https:\/\/www.suavinex.com\/livingsuavinex\/cuidar-tu-pelo-durante-el-postparto\/#primaryimage\"},\"thumbnailUrl\":\"https:\/\/www.suavinex.com\/livingsuavinex\/wp-content\/uploads\/2016\/10\/pelo-postparto-post-OPT.jpg\",\"keywords\":[\"Maternidad\",\"Postparto\"],\"articleSection\":[\"Postparto\"],\"inLanguage\":\"es\"},{\"@type\":\"WebPage\",\"@id\":\"https:\/\/www.suavinex.com\/livingsuavinex\/cuidar-tu-pelo-durante-el-postparto\/\",\"url\":\"https:\/\/www.suavinex.com\/livingsuavinex\/cuidar-tu-pelo-durante-el-postparto\/\",\"name\":\"Consejos para cuidar tu pelo durante el postparto\",\"isPartOf\":{\"@id\":\"https:\/\/www.suavinex.com\/livingsuavinex\/#website\"},\"primaryImageOfPage\":{\"@id\":\"https:\/\/www.suavinex.com\/livingsuavinex\/cuidar-tu-pelo-durante-el-postparto\/#primaryimage\"},\"image\":{\"@id\":\"https:\/\/www.suavinex.com\/livingsuavinex\/cuidar-tu-pelo-durante-el-postparto\/#primaryimage\"},\"thumbnailUrl\":\"https:\/\/www.suavinex.com\/livingsuavinex\/wp-content\/uploads\/2016\/10\/pelo-postparto-post-OPT.jpg\",\"datePublished\":\"2016-10-05T09:36:13+00:00\",\"dateModified\":\"2022-01-12T12:00:31+00:00\",\"description\":\"Ya sabemos que el postparto es el peaje que debemos pasar las madres reci\u00e9n estrenadas. No es f\u00e1cil, hay muchos factores f\u00edsicos, emocionales y hormonales.\",\"breadcrumb\":{\"@id\":\"https:\/\/www.suavinex.com\/livingsuavinex\/cuidar-tu-pelo-durante-el-postparto\/#breadcrumb\"},\"inLanguage\":\"es\",\"potentialAction\":[{\"@type\":\"ReadAction\",\"target\":[\"https:\/\/www.suavinex.com\/livingsuavinex\/cuidar-tu-pelo-durante-el-postparto\/\"]}]},{\"@type\":\"ImageObject\",\"inLanguage\":\"es\",\"@id\":\"https:\/\/www.suavinex.com\/livingsuavinex\/cuidar-tu-pelo-durante-el-postparto\/#primaryimage\",\"url\":\"https:\/\/www.suavinex.com\/livingsuavinex\/wp-content\/uploads\/2016\/10\/pelo-postparto-post-OPT.jpg\",\"contentUrl\":\"https:\/\/www.suavinex.com\/livingsuavinex\/wp-content\/uploads\/2016\/10\/pelo-postparto-post-OPT.jpg\",\"width\":875,\"height\":385},{\"@type\":\"BreadcrumbList\",\"@id\":\"https:\/\/www.suavinex.com\/livingsuavinex\/cuidar-tu-pelo-durante-el-postparto\/#breadcrumb\",\"itemListElement\":[{\"@type\":\"ListItem\",\"position\":1,\"name\":\"Portada\",\"item\":\"https:\/\/www.suavinex.com\/livingsuavinex\/\"},{\"@type\":\"ListItem\",\"position\":2,\"name\":\"Consejos para cuidar tu pelo durante el postparto\"}]},{\"@type\":\"WebSite\",\"@id\":\"https:\/\/www.suavinex.com\/livingsuavinex\/#website\",\"url\":\"https:\/\/www.suavinex.com\/livingsuavinex\/\",\"name\":\"Living Suavinex\",\"description\":\"| Familias reales\",\"publisher\":{\"@id\":\"https:\/\/www.suavinex.com\/livingsuavinex\/#organization\"},\"potentialAction\":[{\"@type\":\"SearchAction\",\"target\":{\"@type\":\"EntryPoint\",\"urlTemplate\":\"https:\/\/www.suavinex.com\/livingsuavinex\/?s={search_term_string}\"},\"query-input\":{\"@type\":\"PropertyValueSpecification\",\"valueRequired\":true,\"valueName\":\"search_term_string\"}}],\"inLanguage\":\"es\"},{\"@type\":\"Organization\",\"@id\":\"https:\/\/www.suavinex.com\/livingsuavinex\/#organization\",\"name\":\"Suavinex\",\"url\":\"https:\/\/www.suavinex.com\/livingsuavinex\/\",\"logo\":{\"@type\":\"ImageObject\",\"inLanguage\":\"es\",\"@id\":\"https:\/\/www.suavinex.com\/livingsuavinex\/#\/schema\/logo\/image\/\",\"url\":\"https:\/\/www.suavinex.com\/livingsuavinex\/wp-content\/uploads\/2018\/07\/living_sx_logo_mvl.png\",\"contentUrl\":\"https:\/\/www.suavinex.com\/livingsuavinex\/wp-content\/uploads\/2018\/07\/living_sx_logo_mvl.png\",\"width\":350,\"height\":70,\"caption\":\"Suavinex\"},\"image\":{\"@id\":\"https:\/\/www.suavinex.com\/livingsuavinex\/#\/schema\/logo\/image\/\"},\"sameAs\":[\"https:\/\/www.facebook.com\/SuavinexSpain\",\"https:\/\/x.com\/SuavinexSpain\",\"https:\/\/www.instagram.com\/suavinex_spain\/\",\"https:\/\/www.pinterest.es\/SuavinexSpain\/\",\"https:\/\/www.youtube.com\/channel\/UCgeJREx2R_ZvV2aQMrfWgcA\"]},{\"@type\":\"Person\",\"@id\":\"https:\/\/www.suavinex.com\/livingsuavinex\/#\/schema\/person\/64fd7b62c88b0024a3ceeffb47f07eb6\",\"name\":\"Living Suavinex\",\"image\":{\"@type\":\"ImageObject\",\"inLanguage\":\"es\",\"@id\":\"https:\/\/www.suavinex.com\/livingsuavinex\/#\/schema\/person\/image\/\",\"url\":\"https:\/\/www.suavinex.com\/livingsuavinex\/wp-content\/uploads\/2017\/05\/Living-Suavinex_avatar-96x96.png\",\"contentUrl\":\"https:\/\/www.suavinex.com\/livingsuavinex\/wp-content\/uploads\/2017\/05\/Living-Suavinex_avatar-96x96.png\",\"caption\":\"Living Suavinex\"}}]}<\/script>\n<!-- \/ Yoast SEO plugin. -->","yoast_head_json":{"title":"Consejos para cuidar tu pelo durante el postparto","description":"Ya sabemos que el postparto es el peaje que debemos pasar las madres reci\u00e9n estrenadas. No es f\u00e1cil, hay muchos factores f\u00edsicos, emocionales y hormonales.","robots":{"index":"index","follow":"follow","max-snippet":"max-snippet:-1","max-image-preview":"max-image-preview:large","max-video-preview":"max-video-preview:-1"},"canonical":"https:\/\/www.suavinex.com\/livingsuavinex\/cuidar-tu-pelo-durante-el-postparto\/","og_locale":"es_ES","og_type":"article","og_title":"Consejos para cuidar tu pelo durante el postparto","og_description":"Ya sabemos que el postparto es el peaje que debemos pasar las madres reci\u00e9n estrenadas. No es f\u00e1cil, hay muchos factores f\u00edsicos, emocionales y hormonales.","og_url":"https:\/\/www.suavinex.com\/livingsuavinex\/cuidar-tu-pelo-durante-el-postparto\/","og_site_name":"Living Suavinex","article_publisher":"https:\/\/www.facebook.com\/SuavinexSpain","article_published_time":"2016-10-05T09:36:13+00:00","article_modified_time":"2022-01-12T12:00:31+00:00","og_image":[{"width":875,"height":385,"url":"https:\/\/www.suavinex.com\/livingsuavinex\/wp-content\/uploads\/2016\/10\/pelo-postparto-post-OPT.jpg","type":"image\/jpeg"}],"author":"Living Suavinex","twitter_card":"summary_large_image","twitter_creator":"@SuavinexSpain","twitter_site":"@SuavinexSpain","twitter_misc":{"Escrito por":"Living Suavinex","Tiempo de lectura":"2 minutos"},"schema":{"@context":"https:\/\/schema.org","@graph":[{"@type":"Article","@id":"https:\/\/www.suavinex.com\/livingsuavinex\/cuidar-tu-pelo-durante-el-postparto\/#article","isPartOf":{"@id":"https:\/\/www.suavinex.com\/livingsuavinex\/cuidar-tu-pelo-durante-el-postparto\/"},"author":{"name":"Living Suavinex","@id":"https:\/\/www.suavinex.com\/livingsuavinex\/#\/schema\/person\/64fd7b62c88b0024a3ceeffb47f07eb6"},"headline":"Consejos para cuidar tu pelo durante el postparto","datePublished":"2016-10-05T09:36:13+00:00","dateModified":"2022-01-12T12:00:31+00:00","mainEntityOfPage":{"@id":"https:\/\/www.suavinex.com\/livingsuavinex\/cuidar-tu-pelo-durante-el-postparto\/"},"wordCount":421,"commentCount":0,"publisher":{"@id":"https:\/\/www.suavinex.com\/livingsuavinex\/#organization"},"image":{"@id":"https:\/\/www.suavinex.com\/livingsuavinex\/cuidar-tu-pelo-durante-el-postparto\/#primaryimage"},"thumbnailUrl":"https:\/\/www.suavinex.com\/livingsuavinex\/wp-content\/uploads\/2016\/10\/pelo-postparto-post-OPT.jpg","keywords":["Maternidad","Postparto"],"articleSection":["Postparto"],"inLanguage":"es"},{"@type":"WebPage","@id":"https:\/\/www.suavinex.com\/livingsuavinex\/cuidar-tu-pelo-durante-el-postparto\/","url":"https:\/\/www.suavinex.com\/livingsuavinex\/cuidar-tu-pelo-durante-el-postparto\/","name":"Consejos para cuidar tu pelo durante el postparto","isPartOf":{"@id":"https:\/\/www.suavinex.com\/livingsuavinex\/#website"},"primaryImageOfPage":{"@id":"https:\/\/www.suavinex.com\/livingsuavinex\/cuidar-tu-pelo-durante-el-postparto\/#primaryimage"},"image":{"@id":"https:\/\/www.suavinex.com\/livingsuavinex\/cuidar-tu-pelo-durante-el-postparto\/#primaryimage"},"thumbnailUrl":"https:\/\/www.suavinex.com\/livingsuavinex\/wp-content\/uploads\/2016\/10\/pelo-postparto-post-OPT.jpg","datePublished":"2016-10-05T09:36:13+00:00","dateModified":"2022-01-12T12:00:31+00:00","description":"Ya sabemos que el postparto es el peaje que debemos pasar las madres reci\u00e9n estrenadas. No es f\u00e1cil, hay muchos factores f\u00edsicos, emocionales y hormonales.","breadcrumb":{"@id":"https:\/\/www.suavinex.com\/livingsuavinex\/cuidar-tu-pelo-durante-el-postparto\/#breadcrumb"},"inLanguage":"es","potentialAction":[{"@type":"ReadAction","target":["https:\/\/www.suavinex.com\/livingsuavinex\/cuidar-tu-pelo-durante-el-postparto\/"]}]},{"@type":"ImageObject","inLanguage":"es","@id":"https:\/\/www.suavinex.com\/livingsuavinex\/cuidar-tu-pelo-durante-el-postparto\/#primaryimage","url":"https:\/\/www.suavinex.com\/livingsuavinex\/wp-content\/uploads\/2016\/10\/pelo-postparto-post-OPT.jpg","contentUrl":"https:\/\/www.suavinex.com\/livingsuavinex\/wp-content\/uploads\/2016\/10\/pelo-postparto-post-OPT.jpg","width":875,"height":385},{"@type":"BreadcrumbList","@id":"https:\/\/www.suavinex.com\/livingsuavinex\/cuidar-tu-pelo-durante-el-postparto\/#breadcrumb","itemListElement":[{"@type":"ListItem","position":1,"name":"Portada","item":"https:\/\/www.suavinex.com\/livingsuavinex\/"},{"@type":"ListItem","position":2,"name":"Consejos para cuidar tu pelo durante el postparto"}]},{"@type":"WebSite","@id":"https:\/\/www.suavinex.com\/livingsuavinex\/#website","url":"https:\/\/www.suavinex.com\/livingsuavinex\/","name":"Living Suavinex","description":"| Familias reales","publisher":{"@id":"https:\/\/www.suavinex.com\/livingsuavinex\/#organization"},"potentialAction":[{"@type":"SearchAction","target":{"@type":"EntryPoint","urlTemplate":"https:\/\/www.suavinex.com\/livingsuavinex\/?s={search_term_string}"},"query-input":{"@type":"PropertyValueSpecification","valueRequired":true,"valueName":"search_term_string"}}],"inLanguage":"es"},{"@type":"Organization","@id":"https:\/\/www.suavinex.com\/livingsuavinex\/#organization","name":"Suavinex","url":"https:\/\/www.suavinex.com\/livingsuavinex\/","logo":{"@type":"ImageObject","inLanguage":"es","@id":"https:\/\/www.suavinex.com\/livingsuavinex\/#\/schema\/logo\/image\/","url":"https:\/\/www.suavinex.com\/livingsuavinex\/wp-content\/uploads\/2018\/07\/living_sx_logo_mvl.png","contentUrl":"https:\/\/www.suavinex.com\/livingsuavinex\/wp-content\/uploads\/2018\/07\/living_sx_logo_mvl.png","width":350,"height":70,"caption":"Suavinex"},"image":{"@id":"https:\/\/www.suavinex.com\/livingsuavinex\/#\/schema\/logo\/image\/"},"sameAs":["https:\/\/www.facebook.com\/SuavinexSpain","https:\/\/x.com\/SuavinexSpain","https:\/\/www.instagram.com\/suavinex_spain\/","https:\/\/www.pinterest.es\/SuavinexSpain\/","https:\/\/www.youtube.com\/channel\/UCgeJREx2R_ZvV2aQMrfWgcA"]},{"@type":"Person","@id":"https:\/\/www.suavinex.com\/livingsuavinex\/#\/schema\/person\/64fd7b62c88b0024a3ceeffb47f07eb6","name":"Living Suavinex","image":{"@type":"ImageObject","inLanguage":"es","@id":"https:\/\/www.suavinex.com\/livingsuavinex\/#\/schema\/person\/image\/","url":"https:\/\/www.suavinex.com\/livingsuavinex\/wp-content\/uploads\/2017\/05\/Living-Suavinex_avatar-96x96.png","contentUrl":"https:\/\/www.suavinex.com\/livingsuavinex\/wp-content\/uploads\/2017\/05\/Living-Suavinex_avatar-96x96.png","caption":"Living Suavinex"}}]}},"_links":{"self":[{"href":"https:\/\/www.suavinex.com\/livingsuavinex\/wp-json\/wp\/v2\/posts\/15622","targetHints":{"allow":["GET"]}}],"collection":[{"href":"https:\/\/www.suavinex.com\/livingsuavinex\/wp-json\/wp\/v2\/posts"}],"about":[{"href":"https:\/\/www.suavinex.com\/livingsuavinex\/wp-json\/wp\/v2\/types\/post"}],"author":[{"embeddable":true,"href":"https:\/\/www.suavinex.com\/livingsuavinex\/wp-json\/wp\/v2\/users\/288"}],"replies":[{"embeddable":true,"href":"https:\/\/www.suavinex.com\/livingsuavinex\/wp-json\/wp\/v2\/comments?post=15622"}],"version-history":[{"count":10,"href":"https:\/\/www.suavinex.com\/livingsuavinex\/wp-json\/wp\/v2\/posts\/15622\/revisions"}],"predecessor-version":[{"id":42351,"href":"https:\/\/www.suavinex.com\/livingsuavinex\/wp-json\/wp\/v2\/posts\/15622\/revisions\/42351"}],"wp:featuredmedia":[{"embeddable":true,"href":"https:\/\/www.suavinex.com\/livingsuavinex\/wp-json\/wp\/v2\/media\/24754"}],"wp:attachment":[{"href":"https:\/\/www.suavinex.com\/livingsuavinex\/wp-json\/wp\/v2\/media?parent=15622"}],"wp:term":[{"taxonomy":"category","embeddable":true,"href":"https:\/\/www.suavinex.com\/livingsuavinex\/wp-json\/wp\/v2\/categories?post=15622"},{"taxonomy":"post_tag","embeddable":true,"href":"https:\/\/www.suavinex.com\/livingsuavinex\/wp-json\/wp\/v2\/tags?post=15622"}],"curies":[{"name":"wp","href":"https:\/\/api.w.org\/{rel}","templated":true}]}}