{"id":15486,"date":"2016-08-29T07:02:11","date_gmt":"2016-08-29T05:02:11","guid":{"rendered":"https:\/\/www.suavinex.com\/livingsuavinex\/?p=15486"},"modified":"2022-01-18T17:08:30","modified_gmt":"2022-01-18T16:08:30","slug":"implicacion-padre","status":"publish","type":"post","link":"https:\/\/www.suavinex.com\/livingsuavinex\/implicacion-padre\/","title":{"rendered":"La implicaci\u00f3n del padre favorece el embarazo, el parto y el inicio de la lactancia"},"content":{"rendered":"<p>La decisi\u00f3n de formar una familia es cosa de dos, de la pareja. Por eso,\u00a0cuando el <strong>embarazo<\/strong> llega, lo mejor es que el futuro pap\u00e1 comience a tener peso en todo lo relacionado con los preparativos para la llegada del beb\u00e9. El embarazo, el parto y el inicio de la lactancia \u201c<em>es cosa de mujeres<\/em>\u201d. Cierto que la naturaleza nos ha dotado de lo necesario para llevar a cabo todo ello, pero la pareja, el padre, juega un papel fundamental para que todo se lleve a cabo de manera m\u00e1s exitosa<\/p>\n<h3>\u00bfPor qu\u00e9 el padre es tan importante en estos momentos?<\/h3>\n<p>La presencia del padre ayudar\u00e1 a la futura mam\u00e1 a sentirse m\u00e1s segura, comprendida y apoyada. Justo esa es una de las eternas quejas de las mujeres a la hora de afrontar el embarazo, el <a href=\"https:\/\/www.suavinex.com\/livingsuavinex\/contado-tu-parto\/\" target=\"_blank\" rel=\"noopener noreferrer\">parto<\/a> o al iniciar o continuar su <a href=\"https:\/\/www.suavinex.com\/livingsuavinex\/tomas-nocturnas-lactancia\/\" target=\"_blank\" rel=\"noopener noreferrer\">lactancia<\/a>;\u00a0la falta de apoyo, la falta de compresi\u00f3n y la falta de seguridad en s\u00ed mismas. Y aqu\u00ed pap\u00e1 tiene tarea por hacer.<\/p>\n<p><strong>La implicaci\u00f3n del padre conseguir\u00e1 crear ese halo de seguridad y confianza en el que la mujer pueda apoyarse<\/strong>. El empoderamiento que otorga la maternidad se lograr\u00e1 de forma m\u00e1s plena si ella se siente segura de s\u00ed misma desde el inicio del embarazo.<\/p>\n<h3>\u00bfC\u00f3mo lo conseguimos?<\/h3>\n<ul>\n<li>La decisi\u00f3n de tener un hijo siempre ha de ser consensuada.\u00a0La pareja ha de estar de acuerdo sobre el momento de intentarlo.<\/li>\n<li>Acudid juntos a las citas con el m\u00e9dico o con la matrona. El cuerpo de ella es el que cambia, pero todos esos cambios os afectan como pareja. Empezad este viaje de la mano.<\/li>\n<li>Antes de que las hormonas gobiernen su cuerpo y su voluntad, \u00a1\u00a1hablad!! La comunicaci\u00f3n y el aprendizaje son fundamentales en esta primera etapa. El futuro pap\u00e1 ha de saber las fases del proceso, para as\u00ed poder apoyar a la futura mam\u00e1, sostenerla y acompa\u00f1arla. Esto adem\u00e1s conseguir\u00e1 que comprenda esos cambios y no repercutan negativamente en vuestra relaci\u00f3n.<\/li>\n<li>Tambi\u00e9n es interesante que le\u00e1is y os inform\u00e9is a la vez, ya sean libros, <a href=\"https:\/\/www.suavinex.com\/livingsuavinex\/preparacion-parto\/\" target=\"_blank\" rel=\"noopener noreferrer\">grupos de ayuda<\/a>, grupos de lactancia, amigos que ya tengan hijos. La informaci\u00f3n da poder, y os lo debe dar a ambos y al mismo tiempo.<\/li>\n<li>Si el viaje del embarazo lo hab\u00e9is hecho juntos enfrentar el parto ser\u00e1 una experiencia \u00fanica. Os unir\u00e1 a\u00fan m\u00e1s como pareja pues os sentir\u00e9is en el mismo punto.<\/li>\n<\/ul>\n<p>Y de este modo, <strong>evolucionando juntos<\/strong> ser\u00e1 como el padre pueda dar el soporte necesario a la madre en el inicio de la crianza. Gestar, parir y lactar es cosa de madres, pero para que ellas se sientan plenas, seguras y confiadas <strong>la figura del padre es indispensable<\/strong>.<\/p>\n<p>Queridos padres y futuros padres, \u00a1os necesitamos! :)<\/p>\n","protected":false},"excerpt":{"rendered":"La decisi\u00f3n de formar una familia es cosa de dos, de la pareja. Por eso,\u00a0cuando el embarazo llega, lo mejor es que el futuro pap\u00e1 comience a tener peso en todo lo relacionado con los preparativos para la llegada del beb\u00e9. El embarazo, el parto y el inicio de la&#8230; <a class=\"view-article\" href=\"https:\/\/www.suavinex.com\/livingsuavinex\/implicacion-padre\/\">Ver art\u00edculo<\/a>","protected":false},"author":288,"featured_media":24705,"comment_status":"open","ping_status":"open","sticky":false,"template":"","format":"standard","meta":{"inline_featured_image":false,"footnotes":""},"categories":[49],"tags":[191],"class_list":["post-15486","post","type-post","status-publish","format-standard","has-post-thumbnail","hentry","category-lactancia","tag-paternidad"],"yoast_head":"<!-- This site is optimized with the Yoast SEO plugin v26.8 - https:\/\/yoast.com\/product\/yoast-seo-wordpress\/ -->\n<title>La implicaci\u00f3n del padre favorece el embarazo, el parto y el inicio de la lactancia<\/title>\n<meta name=\"description\" content=\"Aunque el embarazo, el parto y el inicio de la lactancia \u201ces cosa de mujeres\u201d, la pareja, el padre, juega un papel fundamental\" \/>\n<meta name=\"robots\" content=\"index, follow, max-snippet:-1, max-image-preview:large, max-video-preview:-1\" \/>\n<link rel=\"canonical\" href=\"https:\/\/www.suavinex.com\/livingsuavinex\/implicacion-padre\/\" \/>\n<meta property=\"og:locale\" content=\"es_ES\" \/>\n<meta property=\"og:type\" content=\"article\" \/>\n<meta property=\"og:title\" content=\"La implicaci\u00f3n del padre favorece el embarazo, el parto y el inicio de la lactancia\" \/>\n<meta property=\"og:description\" content=\"Aunque el embarazo, el parto y el inicio de la lactancia \u201ces cosa de mujeres\u201d, la pareja, el padre, juega un papel fundamental\" \/>\n<meta property=\"og:url\" content=\"https:\/\/www.suavinex.com\/livingsuavinex\/implicacion-padre\/\" \/>\n<meta property=\"og:site_name\" content=\"Living Suavinex\" \/>\n<meta property=\"article:publisher\" content=\"https:\/\/www.facebook.com\/SuavinexSpain\" \/>\n<meta property=\"article:published_time\" content=\"2016-08-29T05:02:11+00:00\" \/>\n<meta property=\"article:modified_time\" content=\"2022-01-18T16:08:30+00:00\" \/>\n<meta property=\"og:image\" content=\"https:\/\/www.suavinex.com\/livingsuavinex\/wp-content\/uploads\/2016\/08\/la_implicacion_del_padre_BLOG-02-OPT.jpg\" \/>\n\t<meta property=\"og:image:width\" content=\"875\" \/>\n\t<meta property=\"og:image:height\" content=\"385\" \/>\n\t<meta property=\"og:image:type\" content=\"image\/jpeg\" \/>\n<meta name=\"author\" content=\"Living Suavinex\" \/>\n<meta name=\"twitter:card\" content=\"summary_large_image\" \/>\n<meta name=\"twitter:creator\" content=\"@SuavinexSpain\" \/>\n<meta name=\"twitter:site\" content=\"@SuavinexSpain\" \/>\n<meta name=\"twitter:label1\" content=\"Escrito por\" \/>\n\t<meta name=\"twitter:data1\" content=\"Living Suavinex\" \/>\n\t<meta name=\"twitter:label2\" content=\"Tiempo de lectura\" \/>\n\t<meta name=\"twitter:data2\" content=\"2 minutos\" \/>\n<script type=\"application\/ld+json\" class=\"yoast-schema-graph\">{\"@context\":\"https:\/\/schema.org\",\"@graph\":[{\"@type\":\"Article\",\"@id\":\"https:\/\/www.suavinex.com\/livingsuavinex\/implicacion-padre\/#article\",\"isPartOf\":{\"@id\":\"https:\/\/www.suavinex.com\/livingsuavinex\/implicacion-padre\/\"},\"author\":{\"name\":\"Living Suavinex\",\"@id\":\"https:\/\/www.suavinex.com\/livingsuavinex\/#\/schema\/person\/64fd7b62c88b0024a3ceeffb47f07eb6\"},\"headline\":\"La implicaci\u00f3n del padre favorece el embarazo, el parto y el inicio de la lactancia\",\"datePublished\":\"2016-08-29T05:02:11+00:00\",\"dateModified\":\"2022-01-18T16:08:30+00:00\",\"mainEntityOfPage\":{\"@id\":\"https:\/\/www.suavinex.com\/livingsuavinex\/implicacion-padre\/\"},\"wordCount\":491,\"commentCount\":1,\"publisher\":{\"@id\":\"https:\/\/www.suavinex.com\/livingsuavinex\/#organization\"},\"image\":{\"@id\":\"https:\/\/www.suavinex.com\/livingsuavinex\/implicacion-padre\/#primaryimage\"},\"thumbnailUrl\":\"https:\/\/www.suavinex.com\/livingsuavinex\/wp-content\/uploads\/2016\/08\/la_implicacion_del_padre_BLOG-02-OPT.jpg\",\"keywords\":[\"Paternidad\"],\"articleSection\":[\"Lactancia\"],\"inLanguage\":\"es\"},{\"@type\":\"WebPage\",\"@id\":\"https:\/\/www.suavinex.com\/livingsuavinex\/implicacion-padre\/\",\"url\":\"https:\/\/www.suavinex.com\/livingsuavinex\/implicacion-padre\/\",\"name\":\"La implicaci\u00f3n del padre favorece el embarazo, el parto y el inicio de la lactancia\",\"isPartOf\":{\"@id\":\"https:\/\/www.suavinex.com\/livingsuavinex\/#website\"},\"primaryImageOfPage\":{\"@id\":\"https:\/\/www.suavinex.com\/livingsuavinex\/implicacion-padre\/#primaryimage\"},\"image\":{\"@id\":\"https:\/\/www.suavinex.com\/livingsuavinex\/implicacion-padre\/#primaryimage\"},\"thumbnailUrl\":\"https:\/\/www.suavinex.com\/livingsuavinex\/wp-content\/uploads\/2016\/08\/la_implicacion_del_padre_BLOG-02-OPT.jpg\",\"datePublished\":\"2016-08-29T05:02:11+00:00\",\"dateModified\":\"2022-01-18T16:08:30+00:00\",\"description\":\"Aunque el embarazo, el parto y el inicio de la lactancia \u201ces cosa de mujeres\u201d, la pareja, el padre, juega un papel fundamental\",\"breadcrumb\":{\"@id\":\"https:\/\/www.suavinex.com\/livingsuavinex\/implicacion-padre\/#breadcrumb\"},\"inLanguage\":\"es\",\"potentialAction\":[{\"@type\":\"ReadAction\",\"target\":[\"https:\/\/www.suavinex.com\/livingsuavinex\/implicacion-padre\/\"]}]},{\"@type\":\"ImageObject\",\"inLanguage\":\"es\",\"@id\":\"https:\/\/www.suavinex.com\/livingsuavinex\/implicacion-padre\/#primaryimage\",\"url\":\"https:\/\/www.suavinex.com\/livingsuavinex\/wp-content\/uploads\/2016\/08\/la_implicacion_del_padre_BLOG-02-OPT.jpg\",\"contentUrl\":\"https:\/\/www.suavinex.com\/livingsuavinex\/wp-content\/uploads\/2016\/08\/la_implicacion_del_padre_BLOG-02-OPT.jpg\",\"width\":875,\"height\":385},{\"@type\":\"BreadcrumbList\",\"@id\":\"https:\/\/www.suavinex.com\/livingsuavinex\/implicacion-padre\/#breadcrumb\",\"itemListElement\":[{\"@type\":\"ListItem\",\"position\":1,\"name\":\"Portada\",\"item\":\"https:\/\/www.suavinex.com\/livingsuavinex\/\"},{\"@type\":\"ListItem\",\"position\":2,\"name\":\"La implicaci\u00f3n del padre favorece el embarazo, el parto y el inicio de la lactancia\"}]},{\"@type\":\"WebSite\",\"@id\":\"https:\/\/www.suavinex.com\/livingsuavinex\/#website\",\"url\":\"https:\/\/www.suavinex.com\/livingsuavinex\/\",\"name\":\"Living Suavinex\",\"description\":\"| Familias reales\",\"publisher\":{\"@id\":\"https:\/\/www.suavinex.com\/livingsuavinex\/#organization\"},\"potentialAction\":[{\"@type\":\"SearchAction\",\"target\":{\"@type\":\"EntryPoint\",\"urlTemplate\":\"https:\/\/www.suavinex.com\/livingsuavinex\/?s={search_term_string}\"},\"query-input\":{\"@type\":\"PropertyValueSpecification\",\"valueRequired\":true,\"valueName\":\"search_term_string\"}}],\"inLanguage\":\"es\"},{\"@type\":\"Organization\",\"@id\":\"https:\/\/www.suavinex.com\/livingsuavinex\/#organization\",\"name\":\"Suavinex\",\"url\":\"https:\/\/www.suavinex.com\/livingsuavinex\/\",\"logo\":{\"@type\":\"ImageObject\",\"inLanguage\":\"es\",\"@id\":\"https:\/\/www.suavinex.com\/livingsuavinex\/#\/schema\/logo\/image\/\",\"url\":\"https:\/\/www.suavinex.com\/livingsuavinex\/wp-content\/uploads\/2018\/07\/living_sx_logo_mvl.png\",\"contentUrl\":\"https:\/\/www.suavinex.com\/livingsuavinex\/wp-content\/uploads\/2018\/07\/living_sx_logo_mvl.png\",\"width\":350,\"height\":70,\"caption\":\"Suavinex\"},\"image\":{\"@id\":\"https:\/\/www.suavinex.com\/livingsuavinex\/#\/schema\/logo\/image\/\"},\"sameAs\":[\"https:\/\/www.facebook.com\/SuavinexSpain\",\"https:\/\/x.com\/SuavinexSpain\",\"https:\/\/www.instagram.com\/suavinex_spain\/\",\"https:\/\/www.pinterest.es\/SuavinexSpain\/\",\"https:\/\/www.youtube.com\/channel\/UCgeJREx2R_ZvV2aQMrfWgcA\"]},{\"@type\":\"Person\",\"@id\":\"https:\/\/www.suavinex.com\/livingsuavinex\/#\/schema\/person\/64fd7b62c88b0024a3ceeffb47f07eb6\",\"name\":\"Living Suavinex\",\"image\":{\"@type\":\"ImageObject\",\"inLanguage\":\"es\",\"@id\":\"https:\/\/www.suavinex.com\/livingsuavinex\/#\/schema\/person\/image\/\",\"url\":\"https:\/\/www.suavinex.com\/livingsuavinex\/wp-content\/uploads\/2017\/05\/Living-Suavinex_avatar-96x96.png\",\"contentUrl\":\"https:\/\/www.suavinex.com\/livingsuavinex\/wp-content\/uploads\/2017\/05\/Living-Suavinex_avatar-96x96.png\",\"caption\":\"Living Suavinex\"}}]}<\/script>\n<!-- \/ Yoast SEO plugin. -->","yoast_head_json":{"title":"La implicaci\u00f3n del padre favorece el embarazo, el parto y el inicio de la lactancia","description":"Aunque el embarazo, el parto y el inicio de la lactancia \u201ces cosa de mujeres\u201d, la pareja, el padre, juega un papel fundamental","robots":{"index":"index","follow":"follow","max-snippet":"max-snippet:-1","max-image-preview":"max-image-preview:large","max-video-preview":"max-video-preview:-1"},"canonical":"https:\/\/www.suavinex.com\/livingsuavinex\/implicacion-padre\/","og_locale":"es_ES","og_type":"article","og_title":"La implicaci\u00f3n del padre favorece el embarazo, el parto y el inicio de la lactancia","og_description":"Aunque el embarazo, el parto y el inicio de la lactancia \u201ces cosa de mujeres\u201d, la pareja, el padre, juega un papel fundamental","og_url":"https:\/\/www.suavinex.com\/livingsuavinex\/implicacion-padre\/","og_site_name":"Living Suavinex","article_publisher":"https:\/\/www.facebook.com\/SuavinexSpain","article_published_time":"2016-08-29T05:02:11+00:00","article_modified_time":"2022-01-18T16:08:30+00:00","og_image":[{"width":875,"height":385,"url":"https:\/\/www.suavinex.com\/livingsuavinex\/wp-content\/uploads\/2016\/08\/la_implicacion_del_padre_BLOG-02-OPT.jpg","type":"image\/jpeg"}],"author":"Living Suavinex","twitter_card":"summary_large_image","twitter_creator":"@SuavinexSpain","twitter_site":"@SuavinexSpain","twitter_misc":{"Escrito por":"Living Suavinex","Tiempo de lectura":"2 minutos"},"schema":{"@context":"https:\/\/schema.org","@graph":[{"@type":"Article","@id":"https:\/\/www.suavinex.com\/livingsuavinex\/implicacion-padre\/#article","isPartOf":{"@id":"https:\/\/www.suavinex.com\/livingsuavinex\/implicacion-padre\/"},"author":{"name":"Living Suavinex","@id":"https:\/\/www.suavinex.com\/livingsuavinex\/#\/schema\/person\/64fd7b62c88b0024a3ceeffb47f07eb6"},"headline":"La implicaci\u00f3n del padre favorece el embarazo, el parto y el inicio de la lactancia","datePublished":"2016-08-29T05:02:11+00:00","dateModified":"2022-01-18T16:08:30+00:00","mainEntityOfPage":{"@id":"https:\/\/www.suavinex.com\/livingsuavinex\/implicacion-padre\/"},"wordCount":491,"commentCount":1,"publisher":{"@id":"https:\/\/www.suavinex.com\/livingsuavinex\/#organization"},"image":{"@id":"https:\/\/www.suavinex.com\/livingsuavinex\/implicacion-padre\/#primaryimage"},"thumbnailUrl":"https:\/\/www.suavinex.com\/livingsuavinex\/wp-content\/uploads\/2016\/08\/la_implicacion_del_padre_BLOG-02-OPT.jpg","keywords":["Paternidad"],"articleSection":["Lactancia"],"inLanguage":"es"},{"@type":"WebPage","@id":"https:\/\/www.suavinex.com\/livingsuavinex\/implicacion-padre\/","url":"https:\/\/www.suavinex.com\/livingsuavinex\/implicacion-padre\/","name":"La implicaci\u00f3n del padre favorece el embarazo, el parto y el inicio de la lactancia","isPartOf":{"@id":"https:\/\/www.suavinex.com\/livingsuavinex\/#website"},"primaryImageOfPage":{"@id":"https:\/\/www.suavinex.com\/livingsuavinex\/implicacion-padre\/#primaryimage"},"image":{"@id":"https:\/\/www.suavinex.com\/livingsuavinex\/implicacion-padre\/#primaryimage"},"thumbnailUrl":"https:\/\/www.suavinex.com\/livingsuavinex\/wp-content\/uploads\/2016\/08\/la_implicacion_del_padre_BLOG-02-OPT.jpg","datePublished":"2016-08-29T05:02:11+00:00","dateModified":"2022-01-18T16:08:30+00:00","description":"Aunque el embarazo, el parto y el inicio de la lactancia \u201ces cosa de mujeres\u201d, la pareja, el padre, juega un papel fundamental","breadcrumb":{"@id":"https:\/\/www.suavinex.com\/livingsuavinex\/implicacion-padre\/#breadcrumb"},"inLanguage":"es","potentialAction":[{"@type":"ReadAction","target":["https:\/\/www.suavinex.com\/livingsuavinex\/implicacion-padre\/"]}]},{"@type":"ImageObject","inLanguage":"es","@id":"https:\/\/www.suavinex.com\/livingsuavinex\/implicacion-padre\/#primaryimage","url":"https:\/\/www.suavinex.com\/livingsuavinex\/wp-content\/uploads\/2016\/08\/la_implicacion_del_padre_BLOG-02-OPT.jpg","contentUrl":"https:\/\/www.suavinex.com\/livingsuavinex\/wp-content\/uploads\/2016\/08\/la_implicacion_del_padre_BLOG-02-OPT.jpg","width":875,"height":385},{"@type":"BreadcrumbList","@id":"https:\/\/www.suavinex.com\/livingsuavinex\/implicacion-padre\/#breadcrumb","itemListElement":[{"@type":"ListItem","position":1,"name":"Portada","item":"https:\/\/www.suavinex.com\/livingsuavinex\/"},{"@type":"ListItem","position":2,"name":"La implicaci\u00f3n del padre favorece el embarazo, el parto y el inicio de la lactancia"}]},{"@type":"WebSite","@id":"https:\/\/www.suavinex.com\/livingsuavinex\/#website","url":"https:\/\/www.suavinex.com\/livingsuavinex\/","name":"Living Suavinex","description":"| Familias reales","publisher":{"@id":"https:\/\/www.suavinex.com\/livingsuavinex\/#organization"},"potentialAction":[{"@type":"SearchAction","target":{"@type":"EntryPoint","urlTemplate":"https:\/\/www.suavinex.com\/livingsuavinex\/?s={search_term_string}"},"query-input":{"@type":"PropertyValueSpecification","valueRequired":true,"valueName":"search_term_string"}}],"inLanguage":"es"},{"@type":"Organization","@id":"https:\/\/www.suavinex.com\/livingsuavinex\/#organization","name":"Suavinex","url":"https:\/\/www.suavinex.com\/livingsuavinex\/","logo":{"@type":"ImageObject","inLanguage":"es","@id":"https:\/\/www.suavinex.com\/livingsuavinex\/#\/schema\/logo\/image\/","url":"https:\/\/www.suavinex.com\/livingsuavinex\/wp-content\/uploads\/2018\/07\/living_sx_logo_mvl.png","contentUrl":"https:\/\/www.suavinex.com\/livingsuavinex\/wp-content\/uploads\/2018\/07\/living_sx_logo_mvl.png","width":350,"height":70,"caption":"Suavinex"},"image":{"@id":"https:\/\/www.suavinex.com\/livingsuavinex\/#\/schema\/logo\/image\/"},"sameAs":["https:\/\/www.facebook.com\/SuavinexSpain","https:\/\/x.com\/SuavinexSpain","https:\/\/www.instagram.com\/suavinex_spain\/","https:\/\/www.pinterest.es\/SuavinexSpain\/","https:\/\/www.youtube.com\/channel\/UCgeJREx2R_ZvV2aQMrfWgcA"]},{"@type":"Person","@id":"https:\/\/www.suavinex.com\/livingsuavinex\/#\/schema\/person\/64fd7b62c88b0024a3ceeffb47f07eb6","name":"Living Suavinex","image":{"@type":"ImageObject","inLanguage":"es","@id":"https:\/\/www.suavinex.com\/livingsuavinex\/#\/schema\/person\/image\/","url":"https:\/\/www.suavinex.com\/livingsuavinex\/wp-content\/uploads\/2017\/05\/Living-Suavinex_avatar-96x96.png","contentUrl":"https:\/\/www.suavinex.com\/livingsuavinex\/wp-content\/uploads\/2017\/05\/Living-Suavinex_avatar-96x96.png","caption":"Living Suavinex"}}]}},"_links":{"self":[{"href":"https:\/\/www.suavinex.com\/livingsuavinex\/wp-json\/wp\/v2\/posts\/15486","targetHints":{"allow":["GET"]}}],"collection":[{"href":"https:\/\/www.suavinex.com\/livingsuavinex\/wp-json\/wp\/v2\/posts"}],"about":[{"href":"https:\/\/www.suavinex.com\/livingsuavinex\/wp-json\/wp\/v2\/types\/post"}],"author":[{"embeddable":true,"href":"https:\/\/www.suavinex.com\/livingsuavinex\/wp-json\/wp\/v2\/users\/288"}],"replies":[{"embeddable":true,"href":"https:\/\/www.suavinex.com\/livingsuavinex\/wp-json\/wp\/v2\/comments?post=15486"}],"version-history":[{"count":9,"href":"https:\/\/www.suavinex.com\/livingsuavinex\/wp-json\/wp\/v2\/posts\/15486\/revisions"}],"predecessor-version":[{"id":42437,"href":"https:\/\/www.suavinex.com\/livingsuavinex\/wp-json\/wp\/v2\/posts\/15486\/revisions\/42437"}],"wp:featuredmedia":[{"embeddable":true,"href":"https:\/\/www.suavinex.com\/livingsuavinex\/wp-json\/wp\/v2\/media\/24705"}],"wp:attachment":[{"href":"https:\/\/www.suavinex.com\/livingsuavinex\/wp-json\/wp\/v2\/media?parent=15486"}],"wp:term":[{"taxonomy":"category","embeddable":true,"href":"https:\/\/www.suavinex.com\/livingsuavinex\/wp-json\/wp\/v2\/categories?post=15486"},{"taxonomy":"post_tag","embeddable":true,"href":"https:\/\/www.suavinex.com\/livingsuavinex\/wp-json\/wp\/v2\/tags?post=15486"}],"curies":[{"name":"wp","href":"https:\/\/api.w.org\/{rel}","templated":true}]}}