{"id":15395,"date":"2016-07-27T10:10:37","date_gmt":"2016-07-27T08:10:37","guid":{"rendered":"https:\/\/www.suavinex.com\/livingsuavinex\/?p=15395"},"modified":"2022-01-12T12:21:20","modified_gmt":"2022-01-12T11:21:20","slug":"barriguita-verano-2016","status":"publish","type":"post","link":"https:\/\/www.suavinex.com\/livingsuavinex\/barriguita-verano-2016\/","title":{"rendered":"Convi\u00e9rtete en la Barriguita del Verano Suavinex 2016"},"content":{"rendered":"<p>El cl\u00e1sico del verano ha llegado. Barriguitas felices, barriguitas bonitas, barriguitas enormes, barriguitas tempranas \u00a1es vuestro turno! <strong>La Barriguita del Verano es el concurso estrella<\/strong> para que vosotras y s\u00f3lo vosotras se\u00e1is las protagonistas.<\/p>\n<p>\u00bfEst\u00e1s embarazada?, \u00bfest\u00e1s disfrutando del veranito? S\u00f3lo esos dos requisitos son los necesarios para participar y convertirte en <strong>La Barriguita Suavinex<\/strong> de este verano.<\/p>\n<h2>C\u00f3mo participar en la Barriguita del Verano Suavinex<\/h2>\n<ol>\n<li>Reg\u00edstrate en El Club de las Madres Felices pinchando aqu\u00ed. Adem\u00e1s de optar a este concurso, podr\u00e1s obtener descuentos en tus compras en la shop online y participar en sorteos exclusivos para miembros registrados.<\/li>\n<li>Env\u00edanos una foto de tu barriguita al email <a href=\"mailto:barriguitadelverano@gmail.com\">barriguitadelverano@gmail.com<\/a> con una tem\u00e1tica totalmente estival.<\/li>\n<\/ol>\n<h2>El concurso tendr\u00e1 tres fases<\/h2>\n<ol>\n<li><strong>Primera fase<\/strong> del 27 de julio al 15 de agosto inclusive. En este plazo pod\u00e9is enviarnos vuestras fotos al email indicado, las cuales ser\u00e1n publicadas en el \u00e1lbum de Facebook <strong>La Barriguita del Verano Suavinex 2016<\/strong>.<\/li>\n<li><strong>Segunda fase<\/strong>. El mi\u00e9rcoles 17 de agosto publicaremos las 10 finalistas en un nuevo \u00e1lbum de Facebook llamado <strong>Finalistas de La Barriguita del Verano Suavinex 2016<\/strong>. Las finalistas ser\u00e1n aquellas que m\u00e1s \u2018me gusta\u2019 tengan de la Comunidad. El premio por llegar a esta fase ser\u00e1 un completo <strong>lote de cosm\u00e9tica<\/strong> con todo lo necesario para recibir a su reci\u00e9n nacido.<\/li>\n<li><strong>Tercera fase<\/strong>. Celebraremos un sorteo entre las finalistas, a trav\u00e9s de la plataforma <a href=\"https:\/\/www.sortea2.com\/\" target=\"_blank\" rel=\"noopener noreferrer\">Sortea 2<\/a>, para elegir a La Barriguita del Verano de este a\u00f1o. La ganadora se llevar\u00e1 un completo <a href=\"http:\/\/disfrutomilactancia.com\/\" target=\"_blank\" rel=\"noopener noreferrer\"><strong>lote de lactancia Suavinex<\/strong><\/a>.<\/li>\n<\/ol>\n<p>Nos ponemos en marcha barriguitas, \u00a1mucha suerte a todas!<\/p>\n<h2>Bases del concurso<\/h2>\n<ol>\n<li>Concurso v\u00e1lido s\u00f3lo para el territorio nacional.<\/li>\n<li>Las fotos que entrar\u00e1n a concurso ser\u00e1n aquellas recibidas en el email <a href=\"mailto:barriguitadelverano@gmail.com\">barriguitadelverano@gmail.com<\/a>. Solo se admitir\u00e1 una foto por participante.<\/li>\n<li>Plazo de participaci\u00f3n del 27 de julio al 15 de agosto ambos inclusive.<\/li>\n<li>Suavinex se reserva el derecho de excluir del concurso aquellas im\u00e1genes que se consideren inapropiadas.<\/li>\n<li>Es imprescindible para poder participar que la fotograf\u00eda enviada tenga una tem\u00e1tica estival. Las im\u00e1genes que no cumplan este requisito quedar\u00e1n exclu\u00eddas.<\/li>\n<li>El 17 de agosto se publicar\u00e1n en Facebook las fotograf\u00edas de las 10 finalistas, ser\u00e1n aquellas que hayan obtenido un mayor n\u00famero de \u2018me gusta\u2019 en la primera fase del concurso.<\/li>\n<li>El 22 de agosto se celebrar\u00e1 el sorteo entre las finalistas a trav\u00e9s de la plataforma Sortea2 y se publicar\u00e1 el nombre de la ganadora.<\/li>\n<li>Las fotos no ser\u00e1n utilizadas por Suavinex fuera del \u00e1mbito de este concurso.<\/li>\n<\/ol>\n<h2 style=\"text-align: center;\">La Barriguita del Verano Suavinex 2016<\/h2>\n<div style=\"border: 1px solid #0099CC; border-radius: 6px; background: #C3E6F1; color: black; font-family: font-family: Verdana,Arial,Helvetica,sans-serif; font-size: 12pt;\">\n<ul style=\"list-style: none; margin: 0; padding: 0;\">\n<li>Iris Ruiz Fores<\/li>\n<\/ul>\n<\/div>\n","protected":false},"excerpt":{"rendered":"El cl\u00e1sico del verano ha llegado. Barriguitas felices, barriguitas bonitas, barriguitas enormes, barriguitas tempranas \u00a1es vuestro turno! La Barriguita del Verano es el concurso estrella para que vosotras y s\u00f3lo vosotras se\u00e1is las protagonistas. \u00bfEst\u00e1s embarazada?, \u00bfest\u00e1s disfrutando del veranito? S\u00f3lo esos dos requisitos son los necesarios para participar y&#8230; <a class=\"view-article\" href=\"https:\/\/www.suavinex.com\/livingsuavinex\/barriguita-verano-2016\/\">Ver art\u00edculo<\/a>","protected":false},"author":288,"featured_media":22170,"comment_status":"open","ping_status":"open","sticky":false,"template":"","format":"standard","meta":{"inline_featured_image":false,"footnotes":""},"categories":[7],"tags":[46],"class_list":["post-15395","post","type-post","status-publish","format-standard","has-post-thumbnail","hentry","category-embarazo","tag-mujer"],"yoast_head":"<!-- This site is optimized with the Yoast SEO plugin v26.8 - https:\/\/yoast.com\/product\/yoast-seo-wordpress\/ -->\n<title>Convi\u00e9rtete en la Barriguita del Verano Suavinex 2016<\/title>\n<meta name=\"description\" content=\"Barriguitas felices, barriguitas bonitas, barriguitas enormes, barriguitas tempranas \u00a1es vuestro turno! La Barriguita del Verano es el concurso estrella\" \/>\n<meta name=\"robots\" content=\"index, follow, max-snippet:-1, max-image-preview:large, max-video-preview:-1\" \/>\n<link rel=\"canonical\" href=\"https:\/\/www.suavinex.com\/livingsuavinex\/barriguita-verano-2016\/\" \/>\n<meta property=\"og:locale\" content=\"es_ES\" \/>\n<meta property=\"og:type\" content=\"article\" \/>\n<meta property=\"og:title\" content=\"Convi\u00e9rtete en la Barriguita del Verano Suavinex 2016\" \/>\n<meta property=\"og:description\" content=\"Barriguitas felices, barriguitas bonitas, barriguitas enormes, barriguitas tempranas \u00a1es vuestro turno! La Barriguita del Verano es el concurso estrella\" \/>\n<meta property=\"og:url\" content=\"https:\/\/www.suavinex.com\/livingsuavinex\/barriguita-verano-2016\/\" \/>\n<meta property=\"og:site_name\" content=\"Living Suavinex\" \/>\n<meta property=\"article:publisher\" content=\"https:\/\/www.facebook.com\/SuavinexSpain\" \/>\n<meta property=\"article:published_time\" content=\"2016-07-27T08:10:37+00:00\" \/>\n<meta property=\"article:modified_time\" content=\"2022-01-12T11:21:20+00:00\" \/>\n<meta property=\"og:image\" content=\"https:\/\/www.suavinex.com\/livingsuavinex\/wp-content\/uploads\/2016\/07\/barriguita-verano-opt2.jpg\" \/>\n\t<meta property=\"og:image:width\" content=\"875\" \/>\n\t<meta property=\"og:image:height\" content=\"373\" \/>\n\t<meta property=\"og:image:type\" content=\"image\/jpeg\" \/>\n<meta name=\"author\" content=\"Living Suavinex\" \/>\n<meta name=\"twitter:card\" content=\"summary_large_image\" \/>\n<meta name=\"twitter:creator\" content=\"@SuavinexSpain\" \/>\n<meta name=\"twitter:site\" content=\"@SuavinexSpain\" \/>\n<meta name=\"twitter:label1\" content=\"Escrito por\" \/>\n\t<meta name=\"twitter:data1\" content=\"Living Suavinex\" \/>\n\t<meta name=\"twitter:label2\" content=\"Tiempo de lectura\" \/>\n\t<meta name=\"twitter:data2\" content=\"2 minutos\" \/>\n<script type=\"application\/ld+json\" class=\"yoast-schema-graph\">{\"@context\":\"https:\/\/schema.org\",\"@graph\":[{\"@type\":\"Article\",\"@id\":\"https:\/\/www.suavinex.com\/livingsuavinex\/barriguita-verano-2016\/#article\",\"isPartOf\":{\"@id\":\"https:\/\/www.suavinex.com\/livingsuavinex\/barriguita-verano-2016\/\"},\"author\":{\"name\":\"Living Suavinex\",\"@id\":\"https:\/\/www.suavinex.com\/livingsuavinex\/#\/schema\/person\/64fd7b62c88b0024a3ceeffb47f07eb6\"},\"headline\":\"Convi\u00e9rtete en la Barriguita del Verano Suavinex 2016\",\"datePublished\":\"2016-07-27T08:10:37+00:00\",\"dateModified\":\"2022-01-12T11:21:20+00:00\",\"mainEntityOfPage\":{\"@id\":\"https:\/\/www.suavinex.com\/livingsuavinex\/barriguita-verano-2016\/\"},\"wordCount\":455,\"commentCount\":24,\"publisher\":{\"@id\":\"https:\/\/www.suavinex.com\/livingsuavinex\/#organization\"},\"image\":{\"@id\":\"https:\/\/www.suavinex.com\/livingsuavinex\/barriguita-verano-2016\/#primaryimage\"},\"thumbnailUrl\":\"https:\/\/www.suavinex.com\/livingsuavinex\/wp-content\/uploads\/2016\/07\/barriguita-verano-opt2.jpg\",\"keywords\":[\"Mujer\"],\"articleSection\":[\"Embarazo\"],\"inLanguage\":\"es\"},{\"@type\":\"WebPage\",\"@id\":\"https:\/\/www.suavinex.com\/livingsuavinex\/barriguita-verano-2016\/\",\"url\":\"https:\/\/www.suavinex.com\/livingsuavinex\/barriguita-verano-2016\/\",\"name\":\"Convi\u00e9rtete en la Barriguita del Verano Suavinex 2016\",\"isPartOf\":{\"@id\":\"https:\/\/www.suavinex.com\/livingsuavinex\/#website\"},\"primaryImageOfPage\":{\"@id\":\"https:\/\/www.suavinex.com\/livingsuavinex\/barriguita-verano-2016\/#primaryimage\"},\"image\":{\"@id\":\"https:\/\/www.suavinex.com\/livingsuavinex\/barriguita-verano-2016\/#primaryimage\"},\"thumbnailUrl\":\"https:\/\/www.suavinex.com\/livingsuavinex\/wp-content\/uploads\/2016\/07\/barriguita-verano-opt2.jpg\",\"datePublished\":\"2016-07-27T08:10:37+00:00\",\"dateModified\":\"2022-01-12T11:21:20+00:00\",\"description\":\"Barriguitas felices, barriguitas bonitas, barriguitas enormes, barriguitas tempranas \u00a1es vuestro turno! La Barriguita del Verano es el concurso estrella\",\"breadcrumb\":{\"@id\":\"https:\/\/www.suavinex.com\/livingsuavinex\/barriguita-verano-2016\/#breadcrumb\"},\"inLanguage\":\"es\",\"potentialAction\":[{\"@type\":\"ReadAction\",\"target\":[\"https:\/\/www.suavinex.com\/livingsuavinex\/barriguita-verano-2016\/\"]}]},{\"@type\":\"ImageObject\",\"inLanguage\":\"es\",\"@id\":\"https:\/\/www.suavinex.com\/livingsuavinex\/barriguita-verano-2016\/#primaryimage\",\"url\":\"https:\/\/www.suavinex.com\/livingsuavinex\/wp-content\/uploads\/2016\/07\/barriguita-verano-opt2.jpg\",\"contentUrl\":\"https:\/\/www.suavinex.com\/livingsuavinex\/wp-content\/uploads\/2016\/07\/barriguita-verano-opt2.jpg\",\"width\":875,\"height\":373},{\"@type\":\"BreadcrumbList\",\"@id\":\"https:\/\/www.suavinex.com\/livingsuavinex\/barriguita-verano-2016\/#breadcrumb\",\"itemListElement\":[{\"@type\":\"ListItem\",\"position\":1,\"name\":\"Portada\",\"item\":\"https:\/\/www.suavinex.com\/livingsuavinex\/\"},{\"@type\":\"ListItem\",\"position\":2,\"name\":\"Convi\u00e9rtete en la Barriguita del Verano Suavinex 2016\"}]},{\"@type\":\"WebSite\",\"@id\":\"https:\/\/www.suavinex.com\/livingsuavinex\/#website\",\"url\":\"https:\/\/www.suavinex.com\/livingsuavinex\/\",\"name\":\"Living Suavinex\",\"description\":\"| Familias reales\",\"publisher\":{\"@id\":\"https:\/\/www.suavinex.com\/livingsuavinex\/#organization\"},\"potentialAction\":[{\"@type\":\"SearchAction\",\"target\":{\"@type\":\"EntryPoint\",\"urlTemplate\":\"https:\/\/www.suavinex.com\/livingsuavinex\/?s={search_term_string}\"},\"query-input\":{\"@type\":\"PropertyValueSpecification\",\"valueRequired\":true,\"valueName\":\"search_term_string\"}}],\"inLanguage\":\"es\"},{\"@type\":\"Organization\",\"@id\":\"https:\/\/www.suavinex.com\/livingsuavinex\/#organization\",\"name\":\"Suavinex\",\"url\":\"https:\/\/www.suavinex.com\/livingsuavinex\/\",\"logo\":{\"@type\":\"ImageObject\",\"inLanguage\":\"es\",\"@id\":\"https:\/\/www.suavinex.com\/livingsuavinex\/#\/schema\/logo\/image\/\",\"url\":\"https:\/\/www.suavinex.com\/livingsuavinex\/wp-content\/uploads\/2018\/07\/living_sx_logo_mvl.png\",\"contentUrl\":\"https:\/\/www.suavinex.com\/livingsuavinex\/wp-content\/uploads\/2018\/07\/living_sx_logo_mvl.png\",\"width\":350,\"height\":70,\"caption\":\"Suavinex\"},\"image\":{\"@id\":\"https:\/\/www.suavinex.com\/livingsuavinex\/#\/schema\/logo\/image\/\"},\"sameAs\":[\"https:\/\/www.facebook.com\/SuavinexSpain\",\"https:\/\/x.com\/SuavinexSpain\",\"https:\/\/www.instagram.com\/suavinex_spain\/\",\"https:\/\/www.pinterest.es\/SuavinexSpain\/\",\"https:\/\/www.youtube.com\/channel\/UCgeJREx2R_ZvV2aQMrfWgcA\"]},{\"@type\":\"Person\",\"@id\":\"https:\/\/www.suavinex.com\/livingsuavinex\/#\/schema\/person\/64fd7b62c88b0024a3ceeffb47f07eb6\",\"name\":\"Living Suavinex\",\"image\":{\"@type\":\"ImageObject\",\"inLanguage\":\"es\",\"@id\":\"https:\/\/www.suavinex.com\/livingsuavinex\/#\/schema\/person\/image\/\",\"url\":\"https:\/\/www.suavinex.com\/livingsuavinex\/wp-content\/uploads\/2017\/05\/Living-Suavinex_avatar-96x96.png\",\"contentUrl\":\"https:\/\/www.suavinex.com\/livingsuavinex\/wp-content\/uploads\/2017\/05\/Living-Suavinex_avatar-96x96.png\",\"caption\":\"Living Suavinex\"}}]}<\/script>\n<!-- \/ Yoast SEO plugin. -->","yoast_head_json":{"title":"Convi\u00e9rtete en la Barriguita del Verano Suavinex 2016","description":"Barriguitas felices, barriguitas bonitas, barriguitas enormes, barriguitas tempranas \u00a1es vuestro turno! La Barriguita del Verano es el concurso estrella","robots":{"index":"index","follow":"follow","max-snippet":"max-snippet:-1","max-image-preview":"max-image-preview:large","max-video-preview":"max-video-preview:-1"},"canonical":"https:\/\/www.suavinex.com\/livingsuavinex\/barriguita-verano-2016\/","og_locale":"es_ES","og_type":"article","og_title":"Convi\u00e9rtete en la Barriguita del Verano Suavinex 2016","og_description":"Barriguitas felices, barriguitas bonitas, barriguitas enormes, barriguitas tempranas \u00a1es vuestro turno! La Barriguita del Verano es el concurso estrella","og_url":"https:\/\/www.suavinex.com\/livingsuavinex\/barriguita-verano-2016\/","og_site_name":"Living Suavinex","article_publisher":"https:\/\/www.facebook.com\/SuavinexSpain","article_published_time":"2016-07-27T08:10:37+00:00","article_modified_time":"2022-01-12T11:21:20+00:00","og_image":[{"width":875,"height":373,"url":"https:\/\/www.suavinex.com\/livingsuavinex\/wp-content\/uploads\/2016\/07\/barriguita-verano-opt2.jpg","type":"image\/jpeg"}],"author":"Living Suavinex","twitter_card":"summary_large_image","twitter_creator":"@SuavinexSpain","twitter_site":"@SuavinexSpain","twitter_misc":{"Escrito por":"Living Suavinex","Tiempo de lectura":"2 minutos"},"schema":{"@context":"https:\/\/schema.org","@graph":[{"@type":"Article","@id":"https:\/\/www.suavinex.com\/livingsuavinex\/barriguita-verano-2016\/#article","isPartOf":{"@id":"https:\/\/www.suavinex.com\/livingsuavinex\/barriguita-verano-2016\/"},"author":{"name":"Living Suavinex","@id":"https:\/\/www.suavinex.com\/livingsuavinex\/#\/schema\/person\/64fd7b62c88b0024a3ceeffb47f07eb6"},"headline":"Convi\u00e9rtete en la Barriguita del Verano Suavinex 2016","datePublished":"2016-07-27T08:10:37+00:00","dateModified":"2022-01-12T11:21:20+00:00","mainEntityOfPage":{"@id":"https:\/\/www.suavinex.com\/livingsuavinex\/barriguita-verano-2016\/"},"wordCount":455,"commentCount":24,"publisher":{"@id":"https:\/\/www.suavinex.com\/livingsuavinex\/#organization"},"image":{"@id":"https:\/\/www.suavinex.com\/livingsuavinex\/barriguita-verano-2016\/#primaryimage"},"thumbnailUrl":"https:\/\/www.suavinex.com\/livingsuavinex\/wp-content\/uploads\/2016\/07\/barriguita-verano-opt2.jpg","keywords":["Mujer"],"articleSection":["Embarazo"],"inLanguage":"es"},{"@type":"WebPage","@id":"https:\/\/www.suavinex.com\/livingsuavinex\/barriguita-verano-2016\/","url":"https:\/\/www.suavinex.com\/livingsuavinex\/barriguita-verano-2016\/","name":"Convi\u00e9rtete en la Barriguita del Verano Suavinex 2016","isPartOf":{"@id":"https:\/\/www.suavinex.com\/livingsuavinex\/#website"},"primaryImageOfPage":{"@id":"https:\/\/www.suavinex.com\/livingsuavinex\/barriguita-verano-2016\/#primaryimage"},"image":{"@id":"https:\/\/www.suavinex.com\/livingsuavinex\/barriguita-verano-2016\/#primaryimage"},"thumbnailUrl":"https:\/\/www.suavinex.com\/livingsuavinex\/wp-content\/uploads\/2016\/07\/barriguita-verano-opt2.jpg","datePublished":"2016-07-27T08:10:37+00:00","dateModified":"2022-01-12T11:21:20+00:00","description":"Barriguitas felices, barriguitas bonitas, barriguitas enormes, barriguitas tempranas \u00a1es vuestro turno! La Barriguita del Verano es el concurso estrella","breadcrumb":{"@id":"https:\/\/www.suavinex.com\/livingsuavinex\/barriguita-verano-2016\/#breadcrumb"},"inLanguage":"es","potentialAction":[{"@type":"ReadAction","target":["https:\/\/www.suavinex.com\/livingsuavinex\/barriguita-verano-2016\/"]}]},{"@type":"ImageObject","inLanguage":"es","@id":"https:\/\/www.suavinex.com\/livingsuavinex\/barriguita-verano-2016\/#primaryimage","url":"https:\/\/www.suavinex.com\/livingsuavinex\/wp-content\/uploads\/2016\/07\/barriguita-verano-opt2.jpg","contentUrl":"https:\/\/www.suavinex.com\/livingsuavinex\/wp-content\/uploads\/2016\/07\/barriguita-verano-opt2.jpg","width":875,"height":373},{"@type":"BreadcrumbList","@id":"https:\/\/www.suavinex.com\/livingsuavinex\/barriguita-verano-2016\/#breadcrumb","itemListElement":[{"@type":"ListItem","position":1,"name":"Portada","item":"https:\/\/www.suavinex.com\/livingsuavinex\/"},{"@type":"ListItem","position":2,"name":"Convi\u00e9rtete en la Barriguita del Verano Suavinex 2016"}]},{"@type":"WebSite","@id":"https:\/\/www.suavinex.com\/livingsuavinex\/#website","url":"https:\/\/www.suavinex.com\/livingsuavinex\/","name":"Living Suavinex","description":"| Familias reales","publisher":{"@id":"https:\/\/www.suavinex.com\/livingsuavinex\/#organization"},"potentialAction":[{"@type":"SearchAction","target":{"@type":"EntryPoint","urlTemplate":"https:\/\/www.suavinex.com\/livingsuavinex\/?s={search_term_string}"},"query-input":{"@type":"PropertyValueSpecification","valueRequired":true,"valueName":"search_term_string"}}],"inLanguage":"es"},{"@type":"Organization","@id":"https:\/\/www.suavinex.com\/livingsuavinex\/#organization","name":"Suavinex","url":"https:\/\/www.suavinex.com\/livingsuavinex\/","logo":{"@type":"ImageObject","inLanguage":"es","@id":"https:\/\/www.suavinex.com\/livingsuavinex\/#\/schema\/logo\/image\/","url":"https:\/\/www.suavinex.com\/livingsuavinex\/wp-content\/uploads\/2018\/07\/living_sx_logo_mvl.png","contentUrl":"https:\/\/www.suavinex.com\/livingsuavinex\/wp-content\/uploads\/2018\/07\/living_sx_logo_mvl.png","width":350,"height":70,"caption":"Suavinex"},"image":{"@id":"https:\/\/www.suavinex.com\/livingsuavinex\/#\/schema\/logo\/image\/"},"sameAs":["https:\/\/www.facebook.com\/SuavinexSpain","https:\/\/x.com\/SuavinexSpain","https:\/\/www.instagram.com\/suavinex_spain\/","https:\/\/www.pinterest.es\/SuavinexSpain\/","https:\/\/www.youtube.com\/channel\/UCgeJREx2R_ZvV2aQMrfWgcA"]},{"@type":"Person","@id":"https:\/\/www.suavinex.com\/livingsuavinex\/#\/schema\/person\/64fd7b62c88b0024a3ceeffb47f07eb6","name":"Living Suavinex","image":{"@type":"ImageObject","inLanguage":"es","@id":"https:\/\/www.suavinex.com\/livingsuavinex\/#\/schema\/person\/image\/","url":"https:\/\/www.suavinex.com\/livingsuavinex\/wp-content\/uploads\/2017\/05\/Living-Suavinex_avatar-96x96.png","contentUrl":"https:\/\/www.suavinex.com\/livingsuavinex\/wp-content\/uploads\/2017\/05\/Living-Suavinex_avatar-96x96.png","caption":"Living Suavinex"}}]}},"_links":{"self":[{"href":"https:\/\/www.suavinex.com\/livingsuavinex\/wp-json\/wp\/v2\/posts\/15395","targetHints":{"allow":["GET"]}}],"collection":[{"href":"https:\/\/www.suavinex.com\/livingsuavinex\/wp-json\/wp\/v2\/posts"}],"about":[{"href":"https:\/\/www.suavinex.com\/livingsuavinex\/wp-json\/wp\/v2\/types\/post"}],"author":[{"embeddable":true,"href":"https:\/\/www.suavinex.com\/livingsuavinex\/wp-json\/wp\/v2\/users\/288"}],"replies":[{"embeddable":true,"href":"https:\/\/www.suavinex.com\/livingsuavinex\/wp-json\/wp\/v2\/comments?post=15395"}],"version-history":[{"count":13,"href":"https:\/\/www.suavinex.com\/livingsuavinex\/wp-json\/wp\/v2\/posts\/15395\/revisions"}],"predecessor-version":[{"id":42292,"href":"https:\/\/www.suavinex.com\/livingsuavinex\/wp-json\/wp\/v2\/posts\/15395\/revisions\/42292"}],"wp:featuredmedia":[{"embeddable":true,"href":"https:\/\/www.suavinex.com\/livingsuavinex\/wp-json\/wp\/v2\/media\/22170"}],"wp:attachment":[{"href":"https:\/\/www.suavinex.com\/livingsuavinex\/wp-json\/wp\/v2\/media?parent=15395"}],"wp:term":[{"taxonomy":"category","embeddable":true,"href":"https:\/\/www.suavinex.com\/livingsuavinex\/wp-json\/wp\/v2\/categories?post=15395"},{"taxonomy":"post_tag","embeddable":true,"href":"https:\/\/www.suavinex.com\/livingsuavinex\/wp-json\/wp\/v2\/tags?post=15395"}],"curies":[{"name":"wp","href":"https:\/\/api.w.org\/{rel}","templated":true}]}}