{"id":1534,"date":"2011-07-12T10:08:35","date_gmt":"2011-07-12T10:08:35","guid":{"rendered":"https:\/\/www.suavinex.com\/livingsuavinex\/?p=1534"},"modified":"2023-08-04T12:30:08","modified_gmt":"2023-08-04T10:30:08","slug":"coleccion-rose-et-bleu","status":"publish","type":"post","link":"https:\/\/www.suavinex.com\/livingsuavinex\/coleccion-rose-et-bleu\/","title":{"rendered":"Os presentamos la nueva l\u00ednea \u201cRose et bleu\u201d con inspiraci\u00f3n Vintage"},"content":{"rendered":"<p><strong>\u00bfCu\u00e1les son los dos colores b\u00e1sicos que nunca faltan en el kit para tu beb\u00e9? \u00bfEres una apasionada del rosa y azul? \u00bfTe gusta el estilo <em>vintage<\/em>? <\/strong>Nos llena de satisfacci\u00f3n presentar nuestra colecci\u00f3n\u00a0<em>Rose et bleu<\/em>, la nueva l\u00ednea rosa y azul de <a title=\"Chupetes tematizados\" href=\"http:\/\/shop.suavinex.com\/productos\/chupetes-tematizados.html\" target=\"_blank\" rel=\"noopener noreferrer\">chupete<\/a>, broche y <a title=\"Biberones\" href=\"https:\/\/www.suavinex.com\/biberones-y-accesorios\/c\/0002\" target=\"_blank\" rel=\"noopener noreferrer\">biber\u00f3n <\/a>con inspiraci\u00f3n <em>Vintage<\/em> que incluye, por vez primera en Suavinex, un <a title=\"Broche para chupetes\" href=\"http:\/\/shop.suavinex.com\/productos\/broche-para-chupetes.html\" target=\"_blank\" rel=\"noopener noreferrer\">broche joya<\/a> metalizado ideal para los conjuntos m\u00e1s vestidos.<\/p>\n<p>En concreto, la colecci\u00f3n se compone de chupetes, biberones y broches joya que seguro que te encantar\u00e1n, porque son irresistibles.<\/p>\n<h2>Rose et Bleu<\/h2>\n<ul>\n<li>El <a title=\"Chupetes tematizados\" href=\"http:\/\/shop.suavinex.com\/productos\/chupetes-tematizados.html\" target=\"_blank\" rel=\"noopener noreferrer\">chupete <\/a><strong>Rose et Bleu Evolution<\/strong> de <a title=\"Shop online\" href=\"https:\/\/www.suavinex.com\/\" target=\"_blank\" rel=\"noopener noreferrer\">Suavinex<\/a>, que est\u00e1 disponible en tres dise\u00f1os diferentes, con suaves tonos azul cielo y rosa claro\u00a0 y con tetina anat\u00f3mica de l\u00e1tex, dise\u00f1ada para favorecer el correcto desarrollo del paladar.<\/li>\n<\/ul>\n<p style=\"text-align: center;\"><a href=\"https:\/\/www.suavinex.com\/livingsuavinex\/wp-content\/uploads\/Chupetes_RoseetBleu_Vintage.jpg\"><img loading=\"lazy\" decoding=\"async\" class=\"aligncenter wp-image-1563 size-medium\" title=\"Chupetes_RoseetBleu_Vintage\" src=\"https:\/\/www.suavinex.com\/livingsuavinex\/wp-content\/uploads\/Chupetes_RoseetBleu_Vintage-300x131.jpg\" alt=\"Chupetes con inspiraci\u00f3n Vintage\" width=\"300\" height=\"131\" srcset=\"https:\/\/www.suavinex.com\/livingsuavinex\/wp-content\/uploads\/Chupetes_RoseetBleu_Vintage-300x131.jpg 300w, https:\/\/www.suavinex.com\/livingsuavinex\/wp-content\/uploads\/Chupetes_RoseetBleu_Vintage.jpg 633w\" sizes=\"auto, (max-width: 300px) 100vw, 300px\" \/><\/a><\/p>\n<ul>\n<li>Los biberones <strong>Rose et bleu <\/strong><strong>boca ancha<\/strong><strong>,<\/strong> con tetina tres posiciones y dulces dise\u00f1os pastel, que permiten regular el flujo de l\u00edquido al alimentar al beb\u00e9. La botella tiene forma ergon\u00f3mica, de manera que permite una sujeci\u00f3n m\u00e1s c\u00f3moda y segura y potencia la estabilidad.<\/li>\n<\/ul>\n<p><em>Y la gran joya de la corona&#8230;<\/em><\/p>\n<ul>\n<li>El <a title=\"Broche chupetes\" href=\"http:\/\/shop.suavinex.com\/producto\/broche-para-chupetes\/pack-broche-jewel.html\" target=\"_blank\" rel=\"noopener noreferrer\">broche pinza <\/a><a title=\"Broche chupetes\" href=\"http:\/\/shop.suavinex.com\/producto\/broche-para-chupetes\/pack-broche-jewel.html\" target=\"_blank\" rel=\"noopener noreferrer\">\u201cJewel\u201d Rose et Blue<\/a><strong>,<\/strong> con simp\u00e1ticas formas de manzana y de pollito, que est\u00e1 disponible tanto en rosa como en azul, para combinar con el resto de accesorios de la l\u00ednea<em>. <\/em>Dispone de un sistema de pinza que permite sujetar c\u00f3modamente el chupete a la ropa para evitar que se pierda o caiga al suelo \u00a1Un complemento muy c\u00f3modo y pr\u00e1ctico a la par que <em>cool<\/em> y de lo m\u00e1s <em>chic<\/em>!<\/li>\n<\/ul>\n<p style=\"text-align: center;\"><a href=\"https:\/\/www.suavinex.com\/livingsuavinex\/wp-content\/uploads\/RoseetBleu_brocheJoya.jpg\"><img loading=\"lazy\" decoding=\"async\" class=\"aligncenter wp-image-1545 size-medium\" title=\"RoseetBleu_brocheJoya\" src=\"https:\/\/www.suavinex.com\/livingsuavinex\/wp-content\/uploads\/RoseetBleu_brocheJoya-300x98.jpg\" alt=\"Broche Joya - Colecci\u00f3n Rose et Bleu\" width=\"300\" height=\"98\" srcset=\"https:\/\/www.suavinex.com\/livingsuavinex\/wp-content\/uploads\/RoseetBleu_brocheJoya-300x98.jpg 300w, https:\/\/www.suavinex.com\/livingsuavinex\/wp-content\/uploads\/RoseetBleu_brocheJoya.jpg 846w\" sizes=\"auto, (max-width: 300px) 100vw, 300px\" \/><\/a><\/p>\n<p>Como \u201ccolof\u00f3n\u201d, os presentamos el v\u00eddeo que hicimos durante la sesi\u00f3n de fotos de esta nueva colecci\u00f3n. \u00a1Los ni\u00f1os est\u00e1n adorables con sus complementos!<\/p>\n","protected":false},"excerpt":{"rendered":"\u00bfCu\u00e1les son los dos colores b\u00e1sicos que nunca faltan en el kit para tu beb\u00e9? \u00bfEres una apasionada del rosa y azul? \u00bfTe gusta el estilo vintage? Nos llena de satisfacci\u00f3n presentar nuestra colecci\u00f3n\u00a0Rose et bleu, la nueva l\u00ednea rosa y azul de chupete, broche y biber\u00f3n con inspiraci\u00f3n Vintage&#8230; <a class=\"view-article\" href=\"https:\/\/www.suavinex.com\/livingsuavinex\/coleccion-rose-et-bleu\/\">Ver art\u00edculo<\/a>","protected":false},"author":288,"featured_media":22889,"comment_status":"open","ping_status":"open","sticky":false,"template":"","format":"standard","meta":{"inline_featured_image":false,"footnotes":""},"categories":[2277],"tags":[1080],"class_list":["post-1534","post","type-post","status-publish","format-standard","has-post-thumbnail","hentry","category-tendencias","tag-producto-suavinex"],"yoast_head":"<!-- This site is optimized with the Yoast SEO plugin v26.8 - https:\/\/yoast.com\/product\/yoast-seo-wordpress\/ -->\n<title>Colecci\u00f3n Rose et Bleu con inspiraci\u00f3n vintage<\/title>\n<meta name=\"description\" content=\"Presentamos nuestra preciosa colecci\u00f3n Rose et Bleu. Una colecci\u00f3n en tonos rosas y azules con inspiraci\u00f3n vintage que seguro que te encanta.\" \/>\n<meta name=\"robots\" content=\"index, follow, max-snippet:-1, max-image-preview:large, max-video-preview:-1\" \/>\n<link rel=\"canonical\" href=\"https:\/\/www.suavinex.com\/livingsuavinex\/coleccion-rose-et-bleu\/\" \/>\n<meta property=\"og:locale\" content=\"es_ES\" \/>\n<meta property=\"og:type\" content=\"article\" \/>\n<meta property=\"og:title\" content=\"Colecci\u00f3n Rose et Bleu con inspiraci\u00f3n vintage\" \/>\n<meta property=\"og:description\" content=\"Presentamos nuestra preciosa colecci\u00f3n Rose et Bleu. Una colecci\u00f3n en tonos rosas y azules con inspiraci\u00f3n vintage que seguro que te encanta.\" \/>\n<meta property=\"og:url\" content=\"https:\/\/www.suavinex.com\/livingsuavinex\/coleccion-rose-et-bleu\/\" \/>\n<meta property=\"og:site_name\" content=\"Living Suavinex\" \/>\n<meta property=\"article:publisher\" content=\"https:\/\/www.facebook.com\/SuavinexSpain\" \/>\n<meta property=\"article:published_time\" content=\"2011-07-12T10:08:35+00:00\" \/>\n<meta property=\"article:modified_time\" content=\"2023-08-04T10:30:08+00:00\" \/>\n<meta property=\"og:image\" content=\"https:\/\/www.suavinex.com\/livingsuavinex\/wp-content\/uploads\/2011\/07\/RoseetBleu_2.jpg\" \/>\n\t<meta property=\"og:image:width\" content=\"800\" \/>\n\t<meta property=\"og:image:height\" content=\"474\" \/>\n\t<meta property=\"og:image:type\" content=\"image\/jpeg\" \/>\n<meta name=\"author\" content=\"Living Suavinex\" \/>\n<meta name=\"twitter:card\" content=\"summary_large_image\" \/>\n<meta name=\"twitter:creator\" content=\"@SuavinexSpain\" \/>\n<meta name=\"twitter:site\" content=\"@SuavinexSpain\" \/>\n<meta name=\"twitter:label1\" content=\"Escrito por\" \/>\n\t<meta name=\"twitter:data1\" content=\"Living Suavinex\" \/>\n\t<meta name=\"twitter:label2\" content=\"Tiempo de lectura\" \/>\n\t<meta name=\"twitter:data2\" content=\"2 minutos\" \/>\n<script type=\"application\/ld+json\" class=\"yoast-schema-graph\">{\"@context\":\"https:\/\/schema.org\",\"@graph\":[{\"@type\":\"Article\",\"@id\":\"https:\/\/www.suavinex.com\/livingsuavinex\/coleccion-rose-et-bleu\/#article\",\"isPartOf\":{\"@id\":\"https:\/\/www.suavinex.com\/livingsuavinex\/coleccion-rose-et-bleu\/\"},\"author\":{\"name\":\"Living Suavinex\",\"@id\":\"https:\/\/www.suavinex.com\/livingsuavinex\/#\/schema\/person\/64fd7b62c88b0024a3ceeffb47f07eb6\"},\"headline\":\"Os presentamos la nueva l\u00ednea \u201cRose et bleu\u201d con inspiraci\u00f3n Vintage\",\"datePublished\":\"2011-07-12T10:08:35+00:00\",\"dateModified\":\"2023-08-04T10:30:08+00:00\",\"mainEntityOfPage\":{\"@id\":\"https:\/\/www.suavinex.com\/livingsuavinex\/coleccion-rose-et-bleu\/\"},\"wordCount\":323,\"commentCount\":41,\"publisher\":{\"@id\":\"https:\/\/www.suavinex.com\/livingsuavinex\/#organization\"},\"image\":{\"@id\":\"https:\/\/www.suavinex.com\/livingsuavinex\/coleccion-rose-et-bleu\/#primaryimage\"},\"thumbnailUrl\":\"https:\/\/www.suavinex.com\/livingsuavinex\/wp-content\/uploads\/2011\/07\/RoseetBleu_2.jpg\",\"keywords\":[\"Producto Suavinex\"],\"articleSection\":[\"Tendencias\"],\"inLanguage\":\"es\"},{\"@type\":\"WebPage\",\"@id\":\"https:\/\/www.suavinex.com\/livingsuavinex\/coleccion-rose-et-bleu\/\",\"url\":\"https:\/\/www.suavinex.com\/livingsuavinex\/coleccion-rose-et-bleu\/\",\"name\":\"Colecci\u00f3n Rose et Bleu con inspiraci\u00f3n vintage\",\"isPartOf\":{\"@id\":\"https:\/\/www.suavinex.com\/livingsuavinex\/#website\"},\"primaryImageOfPage\":{\"@id\":\"https:\/\/www.suavinex.com\/livingsuavinex\/coleccion-rose-et-bleu\/#primaryimage\"},\"image\":{\"@id\":\"https:\/\/www.suavinex.com\/livingsuavinex\/coleccion-rose-et-bleu\/#primaryimage\"},\"thumbnailUrl\":\"https:\/\/www.suavinex.com\/livingsuavinex\/wp-content\/uploads\/2011\/07\/RoseetBleu_2.jpg\",\"datePublished\":\"2011-07-12T10:08:35+00:00\",\"dateModified\":\"2023-08-04T10:30:08+00:00\",\"description\":\"Presentamos nuestra preciosa colecci\u00f3n Rose et Bleu. Una colecci\u00f3n en tonos rosas y azules con inspiraci\u00f3n vintage que seguro que te encanta.\",\"breadcrumb\":{\"@id\":\"https:\/\/www.suavinex.com\/livingsuavinex\/coleccion-rose-et-bleu\/#breadcrumb\"},\"inLanguage\":\"es\",\"potentialAction\":[{\"@type\":\"ReadAction\",\"target\":[\"https:\/\/www.suavinex.com\/livingsuavinex\/coleccion-rose-et-bleu\/\"]}]},{\"@type\":\"ImageObject\",\"inLanguage\":\"es\",\"@id\":\"https:\/\/www.suavinex.com\/livingsuavinex\/coleccion-rose-et-bleu\/#primaryimage\",\"url\":\"https:\/\/www.suavinex.com\/livingsuavinex\/wp-content\/uploads\/2011\/07\/RoseetBleu_2.jpg\",\"contentUrl\":\"https:\/\/www.suavinex.com\/livingsuavinex\/wp-content\/uploads\/2011\/07\/RoseetBleu_2.jpg\",\"width\":800,\"height\":474},{\"@type\":\"BreadcrumbList\",\"@id\":\"https:\/\/www.suavinex.com\/livingsuavinex\/coleccion-rose-et-bleu\/#breadcrumb\",\"itemListElement\":[{\"@type\":\"ListItem\",\"position\":1,\"name\":\"Portada\",\"item\":\"https:\/\/www.suavinex.com\/livingsuavinex\/\"},{\"@type\":\"ListItem\",\"position\":2,\"name\":\"Os presentamos la nueva l\u00ednea \u201cRose et bleu\u201d con inspiraci\u00f3n Vintage\"}]},{\"@type\":\"WebSite\",\"@id\":\"https:\/\/www.suavinex.com\/livingsuavinex\/#website\",\"url\":\"https:\/\/www.suavinex.com\/livingsuavinex\/\",\"name\":\"Living Suavinex\",\"description\":\"| Familias reales\",\"publisher\":{\"@id\":\"https:\/\/www.suavinex.com\/livingsuavinex\/#organization\"},\"potentialAction\":[{\"@type\":\"SearchAction\",\"target\":{\"@type\":\"EntryPoint\",\"urlTemplate\":\"https:\/\/www.suavinex.com\/livingsuavinex\/?s={search_term_string}\"},\"query-input\":{\"@type\":\"PropertyValueSpecification\",\"valueRequired\":true,\"valueName\":\"search_term_string\"}}],\"inLanguage\":\"es\"},{\"@type\":\"Organization\",\"@id\":\"https:\/\/www.suavinex.com\/livingsuavinex\/#organization\",\"name\":\"Suavinex\",\"url\":\"https:\/\/www.suavinex.com\/livingsuavinex\/\",\"logo\":{\"@type\":\"ImageObject\",\"inLanguage\":\"es\",\"@id\":\"https:\/\/www.suavinex.com\/livingsuavinex\/#\/schema\/logo\/image\/\",\"url\":\"https:\/\/www.suavinex.com\/livingsuavinex\/wp-content\/uploads\/2018\/07\/living_sx_logo_mvl.png\",\"contentUrl\":\"https:\/\/www.suavinex.com\/livingsuavinex\/wp-content\/uploads\/2018\/07\/living_sx_logo_mvl.png\",\"width\":350,\"height\":70,\"caption\":\"Suavinex\"},\"image\":{\"@id\":\"https:\/\/www.suavinex.com\/livingsuavinex\/#\/schema\/logo\/image\/\"},\"sameAs\":[\"https:\/\/www.facebook.com\/SuavinexSpain\",\"https:\/\/x.com\/SuavinexSpain\",\"https:\/\/www.instagram.com\/suavinex_spain\/\",\"https:\/\/www.pinterest.es\/SuavinexSpain\/\",\"https:\/\/www.youtube.com\/channel\/UCgeJREx2R_ZvV2aQMrfWgcA\"]},{\"@type\":\"Person\",\"@id\":\"https:\/\/www.suavinex.com\/livingsuavinex\/#\/schema\/person\/64fd7b62c88b0024a3ceeffb47f07eb6\",\"name\":\"Living Suavinex\",\"image\":{\"@type\":\"ImageObject\",\"inLanguage\":\"es\",\"@id\":\"https:\/\/www.suavinex.com\/livingsuavinex\/#\/schema\/person\/image\/\",\"url\":\"https:\/\/www.suavinex.com\/livingsuavinex\/wp-content\/uploads\/2017\/05\/Living-Suavinex_avatar-96x96.png\",\"contentUrl\":\"https:\/\/www.suavinex.com\/livingsuavinex\/wp-content\/uploads\/2017\/05\/Living-Suavinex_avatar-96x96.png\",\"caption\":\"Living Suavinex\"}}]}<\/script>\n<!-- \/ Yoast SEO plugin. -->","yoast_head_json":{"title":"Colecci\u00f3n Rose et Bleu con inspiraci\u00f3n vintage","description":"Presentamos nuestra preciosa colecci\u00f3n Rose et Bleu. Una colecci\u00f3n en tonos rosas y azules con inspiraci\u00f3n vintage que seguro que te encanta.","robots":{"index":"index","follow":"follow","max-snippet":"max-snippet:-1","max-image-preview":"max-image-preview:large","max-video-preview":"max-video-preview:-1"},"canonical":"https:\/\/www.suavinex.com\/livingsuavinex\/coleccion-rose-et-bleu\/","og_locale":"es_ES","og_type":"article","og_title":"Colecci\u00f3n Rose et Bleu con inspiraci\u00f3n vintage","og_description":"Presentamos nuestra preciosa colecci\u00f3n Rose et Bleu. Una colecci\u00f3n en tonos rosas y azules con inspiraci\u00f3n vintage que seguro que te encanta.","og_url":"https:\/\/www.suavinex.com\/livingsuavinex\/coleccion-rose-et-bleu\/","og_site_name":"Living Suavinex","article_publisher":"https:\/\/www.facebook.com\/SuavinexSpain","article_published_time":"2011-07-12T10:08:35+00:00","article_modified_time":"2023-08-04T10:30:08+00:00","og_image":[{"width":800,"height":474,"url":"https:\/\/www.suavinex.com\/livingsuavinex\/wp-content\/uploads\/2011\/07\/RoseetBleu_2.jpg","type":"image\/jpeg"}],"author":"Living Suavinex","twitter_card":"summary_large_image","twitter_creator":"@SuavinexSpain","twitter_site":"@SuavinexSpain","twitter_misc":{"Escrito por":"Living Suavinex","Tiempo de lectura":"2 minutos"},"schema":{"@context":"https:\/\/schema.org","@graph":[{"@type":"Article","@id":"https:\/\/www.suavinex.com\/livingsuavinex\/coleccion-rose-et-bleu\/#article","isPartOf":{"@id":"https:\/\/www.suavinex.com\/livingsuavinex\/coleccion-rose-et-bleu\/"},"author":{"name":"Living Suavinex","@id":"https:\/\/www.suavinex.com\/livingsuavinex\/#\/schema\/person\/64fd7b62c88b0024a3ceeffb47f07eb6"},"headline":"Os presentamos la nueva l\u00ednea \u201cRose et bleu\u201d con inspiraci\u00f3n Vintage","datePublished":"2011-07-12T10:08:35+00:00","dateModified":"2023-08-04T10:30:08+00:00","mainEntityOfPage":{"@id":"https:\/\/www.suavinex.com\/livingsuavinex\/coleccion-rose-et-bleu\/"},"wordCount":323,"commentCount":41,"publisher":{"@id":"https:\/\/www.suavinex.com\/livingsuavinex\/#organization"},"image":{"@id":"https:\/\/www.suavinex.com\/livingsuavinex\/coleccion-rose-et-bleu\/#primaryimage"},"thumbnailUrl":"https:\/\/www.suavinex.com\/livingsuavinex\/wp-content\/uploads\/2011\/07\/RoseetBleu_2.jpg","keywords":["Producto Suavinex"],"articleSection":["Tendencias"],"inLanguage":"es"},{"@type":"WebPage","@id":"https:\/\/www.suavinex.com\/livingsuavinex\/coleccion-rose-et-bleu\/","url":"https:\/\/www.suavinex.com\/livingsuavinex\/coleccion-rose-et-bleu\/","name":"Colecci\u00f3n Rose et Bleu con inspiraci\u00f3n vintage","isPartOf":{"@id":"https:\/\/www.suavinex.com\/livingsuavinex\/#website"},"primaryImageOfPage":{"@id":"https:\/\/www.suavinex.com\/livingsuavinex\/coleccion-rose-et-bleu\/#primaryimage"},"image":{"@id":"https:\/\/www.suavinex.com\/livingsuavinex\/coleccion-rose-et-bleu\/#primaryimage"},"thumbnailUrl":"https:\/\/www.suavinex.com\/livingsuavinex\/wp-content\/uploads\/2011\/07\/RoseetBleu_2.jpg","datePublished":"2011-07-12T10:08:35+00:00","dateModified":"2023-08-04T10:30:08+00:00","description":"Presentamos nuestra preciosa colecci\u00f3n Rose et Bleu. Una colecci\u00f3n en tonos rosas y azules con inspiraci\u00f3n vintage que seguro que te encanta.","breadcrumb":{"@id":"https:\/\/www.suavinex.com\/livingsuavinex\/coleccion-rose-et-bleu\/#breadcrumb"},"inLanguage":"es","potentialAction":[{"@type":"ReadAction","target":["https:\/\/www.suavinex.com\/livingsuavinex\/coleccion-rose-et-bleu\/"]}]},{"@type":"ImageObject","inLanguage":"es","@id":"https:\/\/www.suavinex.com\/livingsuavinex\/coleccion-rose-et-bleu\/#primaryimage","url":"https:\/\/www.suavinex.com\/livingsuavinex\/wp-content\/uploads\/2011\/07\/RoseetBleu_2.jpg","contentUrl":"https:\/\/www.suavinex.com\/livingsuavinex\/wp-content\/uploads\/2011\/07\/RoseetBleu_2.jpg","width":800,"height":474},{"@type":"BreadcrumbList","@id":"https:\/\/www.suavinex.com\/livingsuavinex\/coleccion-rose-et-bleu\/#breadcrumb","itemListElement":[{"@type":"ListItem","position":1,"name":"Portada","item":"https:\/\/www.suavinex.com\/livingsuavinex\/"},{"@type":"ListItem","position":2,"name":"Os presentamos la nueva l\u00ednea \u201cRose et bleu\u201d con inspiraci\u00f3n Vintage"}]},{"@type":"WebSite","@id":"https:\/\/www.suavinex.com\/livingsuavinex\/#website","url":"https:\/\/www.suavinex.com\/livingsuavinex\/","name":"Living Suavinex","description":"| Familias reales","publisher":{"@id":"https:\/\/www.suavinex.com\/livingsuavinex\/#organization"},"potentialAction":[{"@type":"SearchAction","target":{"@type":"EntryPoint","urlTemplate":"https:\/\/www.suavinex.com\/livingsuavinex\/?s={search_term_string}"},"query-input":{"@type":"PropertyValueSpecification","valueRequired":true,"valueName":"search_term_string"}}],"inLanguage":"es"},{"@type":"Organization","@id":"https:\/\/www.suavinex.com\/livingsuavinex\/#organization","name":"Suavinex","url":"https:\/\/www.suavinex.com\/livingsuavinex\/","logo":{"@type":"ImageObject","inLanguage":"es","@id":"https:\/\/www.suavinex.com\/livingsuavinex\/#\/schema\/logo\/image\/","url":"https:\/\/www.suavinex.com\/livingsuavinex\/wp-content\/uploads\/2018\/07\/living_sx_logo_mvl.png","contentUrl":"https:\/\/www.suavinex.com\/livingsuavinex\/wp-content\/uploads\/2018\/07\/living_sx_logo_mvl.png","width":350,"height":70,"caption":"Suavinex"},"image":{"@id":"https:\/\/www.suavinex.com\/livingsuavinex\/#\/schema\/logo\/image\/"},"sameAs":["https:\/\/www.facebook.com\/SuavinexSpain","https:\/\/x.com\/SuavinexSpain","https:\/\/www.instagram.com\/suavinex_spain\/","https:\/\/www.pinterest.es\/SuavinexSpain\/","https:\/\/www.youtube.com\/channel\/UCgeJREx2R_ZvV2aQMrfWgcA"]},{"@type":"Person","@id":"https:\/\/www.suavinex.com\/livingsuavinex\/#\/schema\/person\/64fd7b62c88b0024a3ceeffb47f07eb6","name":"Living Suavinex","image":{"@type":"ImageObject","inLanguage":"es","@id":"https:\/\/www.suavinex.com\/livingsuavinex\/#\/schema\/person\/image\/","url":"https:\/\/www.suavinex.com\/livingsuavinex\/wp-content\/uploads\/2017\/05\/Living-Suavinex_avatar-96x96.png","contentUrl":"https:\/\/www.suavinex.com\/livingsuavinex\/wp-content\/uploads\/2017\/05\/Living-Suavinex_avatar-96x96.png","caption":"Living Suavinex"}}]}},"_links":{"self":[{"href":"https:\/\/www.suavinex.com\/livingsuavinex\/wp-json\/wp\/v2\/posts\/1534","targetHints":{"allow":["GET"]}}],"collection":[{"href":"https:\/\/www.suavinex.com\/livingsuavinex\/wp-json\/wp\/v2\/posts"}],"about":[{"href":"https:\/\/www.suavinex.com\/livingsuavinex\/wp-json\/wp\/v2\/types\/post"}],"author":[{"embeddable":true,"href":"https:\/\/www.suavinex.com\/livingsuavinex\/wp-json\/wp\/v2\/users\/288"}],"replies":[{"embeddable":true,"href":"https:\/\/www.suavinex.com\/livingsuavinex\/wp-json\/wp\/v2\/comments?post=1534"}],"version-history":[{"count":12,"href":"https:\/\/www.suavinex.com\/livingsuavinex\/wp-json\/wp\/v2\/posts\/1534\/revisions"}],"predecessor-version":[{"id":44568,"href":"https:\/\/www.suavinex.com\/livingsuavinex\/wp-json\/wp\/v2\/posts\/1534\/revisions\/44568"}],"wp:featuredmedia":[{"embeddable":true,"href":"https:\/\/www.suavinex.com\/livingsuavinex\/wp-json\/wp\/v2\/media\/22889"}],"wp:attachment":[{"href":"https:\/\/www.suavinex.com\/livingsuavinex\/wp-json\/wp\/v2\/media?parent=1534"}],"wp:term":[{"taxonomy":"category","embeddable":true,"href":"https:\/\/www.suavinex.com\/livingsuavinex\/wp-json\/wp\/v2\/categories?post=1534"},{"taxonomy":"post_tag","embeddable":true,"href":"https:\/\/www.suavinex.com\/livingsuavinex\/wp-json\/wp\/v2\/tags?post=1534"}],"curies":[{"name":"wp","href":"https:\/\/api.w.org\/{rel}","templated":true}]}}