{"id":15127,"date":"2016-06-06T11:37:46","date_gmt":"2016-06-06T11:37:46","guid":{"rendered":"https:\/\/www.suavinex.com\/livingsuavinex\/?p=15127"},"modified":"2020-04-01T01:49:33","modified_gmt":"2020-03-31T23:49:33","slug":"conclusiones-consultorio-alimentacion","status":"publish","type":"post","link":"https:\/\/www.suavinex.com\/livingsuavinex\/conclusiones-consultorio-alimentacion\/","title":{"rendered":"Conclusiones Consultorio Suavinex: alimentaci\u00f3n saludable en ni\u00f1os de 0 a 2 a\u00f1os"},"content":{"rendered":"<p>En nuestro \u00faltimo <strong>Consultorio Suavinex<\/strong> tratamos un tema muy importante, <strong>la alimentaci\u00f3n saludable en la primera edad de nuestros hijos<\/strong>. Hemos querido abordar este tema porque han salido a la palestra nutricionistas y pediatras para aconsejar a las familias como seguir unas pautas adecuadas que garanticen una alimentaci\u00f3n, no s\u00f3lo completa, sino tambi\u00e9n saludable.<\/p>\n<p>Aitor S\u00e1nchez, nutricionista y autor del blog \u2013que os recomendamos- <a href=\"https:\/\/midietacojea.com\/\" target=\"_blank\" rel=\"noopener noreferrer\"><strong>Mi dieta cojea<\/strong><\/a> contest\u00f3 vuestras dudas y de esas respuestas hemos sacado algunas conclusiones que os exponemos a continuaci\u00f3n. Esperamos que os sirvan:<\/p>\n<p><strong>Los l\u00e1cteos es mejor darlos enteros a los ni\u00f1os<\/strong>, y no versiones desnatadas. Son m\u00e1s saciantes y completos.<\/p>\n<p>Retrasar la incorporaci\u00f3n de cereales con gluten a la dieta del beb\u00e9 puede ser contraproducente, seg\u00fan los \u00faltimos estudios. Se ha demostrado <strong>que introduciendo primero los cereales sin gluten no se previenen m\u00e1s casos de celiaqu\u00eda<\/strong>. Para m\u00e1s informaci\u00f3n pinchar aqu\u00ed.<\/p>\n<p><strong>La leche de vaca ha sido muy criticada en los \u00faltimos tiempos<\/strong>. Pero puede estar presente en una dieta saludable aunque no es obligatorio tomarla. Si dese\u00e1is ampliar informaci\u00f3n pod\u00e9is pinchar aqu\u00ed.<\/p>\n<p><strong>El d\u00e9ficit de hierro en ni\u00f1os puede ocasionar alteraciones del sue\u00f1o<\/strong> y de la movilidad. Ante cualquier duda ser\u00e1 el pediatra quien pueda evaluar los s\u00edntomas y determinar las acciones a seguir.<\/p>\n<p><strong>Los ni\u00f1os pueden tomar soja<\/strong>, como cualquier otra legumbre, pero no deber\u00edan tomar derivados enriquecidos en isoflavonas. Si quer\u00e9is saber m\u00e1s de este tema, pinchar <a href=\"https:\/\/midietacojea.com\/...\/el-boom-de-la-soja-y-la...\/\" target=\"_blank\" rel=\"noopener noreferrer\">aqu\u00ed<\/a>.<\/p>\n<p><strong>La miel est\u00e1 contraindicada en beb\u00e9s <\/strong>debido a la toxina botul\u00ednica que podr\u00eda llevar. Pero la miel no es un alimento saludable ya que pr\u00e1cticamente casi toda su composici\u00f3n es az\u00facar.<\/p>\n<p><strong>Los ni\u00f1os no deben comer pescado que acumulan metales pesados<\/strong>, por ejemplo, emperador, at\u00fan rojo, tibur\u00f3n\u2026<\/p>\n<p><strong>Las bebidas vegetales pueden ser tomadas por ni\u00f1os<\/strong>. S\u00f3lo hay que tener cuidado con las bebidas de arroz, no hay que abusar pues tienen mucho ars\u00e9nico.<\/p>\n<p>Los s\u00edntomas m\u00e1s habituales de la celiaqu\u00eda a tener en cuenta son las diarreas frecuentes, menor crecimiento, gases, falta de energ\u00eda, anemia. Ante tales indicios hay que consultar con el pediatra.<\/p>\n<p>Esperamos que las respuestas que nos dio Aitor puedan aclarar a\u00fan m\u00e1s dudas. Os esperamos en pr\u00f3ximos Consultorios.<\/p>\n","protected":false},"excerpt":{"rendered":"En nuestro \u00faltimo Consultorio Suavinex tratamos un tema muy importante, la alimentaci\u00f3n saludable en la primera edad de nuestros hijos. Hemos querido abordar este tema porque han salido a la palestra nutricionistas y pediatras para aconsejar a las familias como seguir unas pautas adecuadas que garanticen una alimentaci\u00f3n, no s\u00f3lo&#8230; <a class=\"view-article\" href=\"https:\/\/www.suavinex.com\/livingsuavinex\/conclusiones-consultorio-alimentacion\/\">Ver art\u00edculo<\/a>","protected":false},"author":288,"featured_media":31644,"comment_status":"open","ping_status":"open","sticky":false,"template":"","format":"standard","meta":{"inline_featured_image":false,"footnotes":""},"categories":[2272],"tags":[2219,1225,944],"class_list":["post-15127","post","type-post","status-publish","format-standard","has-post-thumbnail","hentry","category-tips-crianza","tag-alimentacion","tag-consultorio-suavinex","tag-salud"],"yoast_head":"<!-- This site is optimized with the Yoast SEO plugin v26.8 - https:\/\/yoast.com\/product\/yoast-seo-wordpress\/ -->\n<title>Conclusiones Consultorio Suavinex: alimentaci\u00f3n saludable en ni\u00f1os de 0 a 2 a\u00f1os<\/title>\n<meta name=\"description\" content=\"Hemos abordado el tema de la alimentaci\u00f3n saludable en ni\u00f1os de 0 a 2 a\u00f1os en nuestro consultorio con Aitor S\u00e1nchez, y estas son las conclusiones\" \/>\n<meta name=\"robots\" content=\"index, follow, max-snippet:-1, max-image-preview:large, max-video-preview:-1\" \/>\n<link rel=\"canonical\" href=\"https:\/\/www.suavinex.com\/livingsuavinex\/conclusiones-consultorio-alimentacion\/\" \/>\n<meta property=\"og:locale\" content=\"es_ES\" \/>\n<meta property=\"og:type\" content=\"article\" \/>\n<meta property=\"og:title\" content=\"Conclusiones Consultorio Suavinex: alimentaci\u00f3n saludable en ni\u00f1os de 0 a 2 a\u00f1os\" \/>\n<meta property=\"og:description\" content=\"Hemos abordado el tema de la alimentaci\u00f3n saludable en ni\u00f1os de 0 a 2 a\u00f1os en nuestro consultorio con Aitor S\u00e1nchez, y estas son las conclusiones\" \/>\n<meta property=\"og:url\" content=\"https:\/\/www.suavinex.com\/livingsuavinex\/conclusiones-consultorio-alimentacion\/\" \/>\n<meta property=\"og:site_name\" content=\"Living Suavinex\" \/>\n<meta property=\"article:publisher\" content=\"https:\/\/www.facebook.com\/SuavinexSpain\" \/>\n<meta property=\"article:published_time\" content=\"2016-06-06T11:37:46+00:00\" \/>\n<meta property=\"article:modified_time\" content=\"2020-03-31T23:49:33+00:00\" \/>\n<meta property=\"og:image\" content=\"https:\/\/www.suavinex.com\/livingsuavinex\/wp-content\/uploads\/2016\/06\/aitorsanchez_sx.jpg\" \/>\n\t<meta property=\"og:image:width\" content=\"875\" \/>\n\t<meta property=\"og:image:height\" content=\"526\" \/>\n\t<meta property=\"og:image:type\" content=\"image\/jpeg\" \/>\n<meta name=\"author\" content=\"Living Suavinex\" \/>\n<meta name=\"twitter:card\" content=\"summary_large_image\" \/>\n<meta name=\"twitter:creator\" content=\"@SuavinexSpain\" \/>\n<meta name=\"twitter:site\" content=\"@SuavinexSpain\" \/>\n<meta name=\"twitter:label1\" content=\"Escrito por\" \/>\n\t<meta name=\"twitter:data1\" content=\"Living Suavinex\" \/>\n\t<meta name=\"twitter:label2\" content=\"Tiempo de lectura\" \/>\n\t<meta name=\"twitter:data2\" content=\"2 minutos\" \/>\n<script type=\"application\/ld+json\" class=\"yoast-schema-graph\">{\"@context\":\"https:\/\/schema.org\",\"@graph\":[{\"@type\":\"Article\",\"@id\":\"https:\/\/www.suavinex.com\/livingsuavinex\/conclusiones-consultorio-alimentacion\/#article\",\"isPartOf\":{\"@id\":\"https:\/\/www.suavinex.com\/livingsuavinex\/conclusiones-consultorio-alimentacion\/\"},\"author\":{\"name\":\"Living Suavinex\",\"@id\":\"https:\/\/www.suavinex.com\/livingsuavinex\/#\/schema\/person\/64fd7b62c88b0024a3ceeffb47f07eb6\"},\"headline\":\"Conclusiones Consultorio Suavinex: alimentaci\u00f3n saludable en ni\u00f1os de 0 a 2 a\u00f1os\",\"datePublished\":\"2016-06-06T11:37:46+00:00\",\"dateModified\":\"2020-03-31T23:49:33+00:00\",\"mainEntityOfPage\":{\"@id\":\"https:\/\/www.suavinex.com\/livingsuavinex\/conclusiones-consultorio-alimentacion\/\"},\"wordCount\":416,\"commentCount\":0,\"publisher\":{\"@id\":\"https:\/\/www.suavinex.com\/livingsuavinex\/#organization\"},\"image\":{\"@id\":\"https:\/\/www.suavinex.com\/livingsuavinex\/conclusiones-consultorio-alimentacion\/#primaryimage\"},\"thumbnailUrl\":\"https:\/\/www.suavinex.com\/livingsuavinex\/wp-content\/uploads\/2016\/06\/aitorsanchez_sx.jpg\",\"keywords\":[\"Alimentaci\u00f3n\",\"Consultorio Suavinex\",\"Salud\"],\"articleSection\":[\"Tips de crianza\"],\"inLanguage\":\"es\"},{\"@type\":\"WebPage\",\"@id\":\"https:\/\/www.suavinex.com\/livingsuavinex\/conclusiones-consultorio-alimentacion\/\",\"url\":\"https:\/\/www.suavinex.com\/livingsuavinex\/conclusiones-consultorio-alimentacion\/\",\"name\":\"Conclusiones Consultorio Suavinex: alimentaci\u00f3n saludable en ni\u00f1os de 0 a 2 a\u00f1os\",\"isPartOf\":{\"@id\":\"https:\/\/www.suavinex.com\/livingsuavinex\/#website\"},\"primaryImageOfPage\":{\"@id\":\"https:\/\/www.suavinex.com\/livingsuavinex\/conclusiones-consultorio-alimentacion\/#primaryimage\"},\"image\":{\"@id\":\"https:\/\/www.suavinex.com\/livingsuavinex\/conclusiones-consultorio-alimentacion\/#primaryimage\"},\"thumbnailUrl\":\"https:\/\/www.suavinex.com\/livingsuavinex\/wp-content\/uploads\/2016\/06\/aitorsanchez_sx.jpg\",\"datePublished\":\"2016-06-06T11:37:46+00:00\",\"dateModified\":\"2020-03-31T23:49:33+00:00\",\"description\":\"Hemos abordado el tema de la alimentaci\u00f3n saludable en ni\u00f1os de 0 a 2 a\u00f1os en nuestro consultorio con Aitor S\u00e1nchez, y estas son las conclusiones\",\"breadcrumb\":{\"@id\":\"https:\/\/www.suavinex.com\/livingsuavinex\/conclusiones-consultorio-alimentacion\/#breadcrumb\"},\"inLanguage\":\"es\",\"potentialAction\":[{\"@type\":\"ReadAction\",\"target\":[\"https:\/\/www.suavinex.com\/livingsuavinex\/conclusiones-consultorio-alimentacion\/\"]}]},{\"@type\":\"ImageObject\",\"inLanguage\":\"es\",\"@id\":\"https:\/\/www.suavinex.com\/livingsuavinex\/conclusiones-consultorio-alimentacion\/#primaryimage\",\"url\":\"https:\/\/www.suavinex.com\/livingsuavinex\/wp-content\/uploads\/2016\/06\/aitorsanchez_sx.jpg\",\"contentUrl\":\"https:\/\/www.suavinex.com\/livingsuavinex\/wp-content\/uploads\/2016\/06\/aitorsanchez_sx.jpg\",\"width\":875,\"height\":526},{\"@type\":\"BreadcrumbList\",\"@id\":\"https:\/\/www.suavinex.com\/livingsuavinex\/conclusiones-consultorio-alimentacion\/#breadcrumb\",\"itemListElement\":[{\"@type\":\"ListItem\",\"position\":1,\"name\":\"Portada\",\"item\":\"https:\/\/www.suavinex.com\/livingsuavinex\/\"},{\"@type\":\"ListItem\",\"position\":2,\"name\":\"Conclusiones Consultorio Suavinex: alimentaci\u00f3n saludable en ni\u00f1os de 0 a 2 a\u00f1os\"}]},{\"@type\":\"WebSite\",\"@id\":\"https:\/\/www.suavinex.com\/livingsuavinex\/#website\",\"url\":\"https:\/\/www.suavinex.com\/livingsuavinex\/\",\"name\":\"Living Suavinex\",\"description\":\"| Familias reales\",\"publisher\":{\"@id\":\"https:\/\/www.suavinex.com\/livingsuavinex\/#organization\"},\"potentialAction\":[{\"@type\":\"SearchAction\",\"target\":{\"@type\":\"EntryPoint\",\"urlTemplate\":\"https:\/\/www.suavinex.com\/livingsuavinex\/?s={search_term_string}\"},\"query-input\":{\"@type\":\"PropertyValueSpecification\",\"valueRequired\":true,\"valueName\":\"search_term_string\"}}],\"inLanguage\":\"es\"},{\"@type\":\"Organization\",\"@id\":\"https:\/\/www.suavinex.com\/livingsuavinex\/#organization\",\"name\":\"Suavinex\",\"url\":\"https:\/\/www.suavinex.com\/livingsuavinex\/\",\"logo\":{\"@type\":\"ImageObject\",\"inLanguage\":\"es\",\"@id\":\"https:\/\/www.suavinex.com\/livingsuavinex\/#\/schema\/logo\/image\/\",\"url\":\"https:\/\/www.suavinex.com\/livingsuavinex\/wp-content\/uploads\/2018\/07\/living_sx_logo_mvl.png\",\"contentUrl\":\"https:\/\/www.suavinex.com\/livingsuavinex\/wp-content\/uploads\/2018\/07\/living_sx_logo_mvl.png\",\"width\":350,\"height\":70,\"caption\":\"Suavinex\"},\"image\":{\"@id\":\"https:\/\/www.suavinex.com\/livingsuavinex\/#\/schema\/logo\/image\/\"},\"sameAs\":[\"https:\/\/www.facebook.com\/SuavinexSpain\",\"https:\/\/x.com\/SuavinexSpain\",\"https:\/\/www.instagram.com\/suavinex_spain\/\",\"https:\/\/www.pinterest.es\/SuavinexSpain\/\",\"https:\/\/www.youtube.com\/channel\/UCgeJREx2R_ZvV2aQMrfWgcA\"]},{\"@type\":\"Person\",\"@id\":\"https:\/\/www.suavinex.com\/livingsuavinex\/#\/schema\/person\/64fd7b62c88b0024a3ceeffb47f07eb6\",\"name\":\"Living Suavinex\",\"image\":{\"@type\":\"ImageObject\",\"inLanguage\":\"es\",\"@id\":\"https:\/\/www.suavinex.com\/livingsuavinex\/#\/schema\/person\/image\/\",\"url\":\"https:\/\/www.suavinex.com\/livingsuavinex\/wp-content\/uploads\/2017\/05\/Living-Suavinex_avatar-96x96.png\",\"contentUrl\":\"https:\/\/www.suavinex.com\/livingsuavinex\/wp-content\/uploads\/2017\/05\/Living-Suavinex_avatar-96x96.png\",\"caption\":\"Living Suavinex\"}}]}<\/script>\n<!-- \/ Yoast SEO plugin. -->","yoast_head_json":{"title":"Conclusiones Consultorio Suavinex: alimentaci\u00f3n saludable en ni\u00f1os de 0 a 2 a\u00f1os","description":"Hemos abordado el tema de la alimentaci\u00f3n saludable en ni\u00f1os de 0 a 2 a\u00f1os en nuestro consultorio con Aitor S\u00e1nchez, y estas son las conclusiones","robots":{"index":"index","follow":"follow","max-snippet":"max-snippet:-1","max-image-preview":"max-image-preview:large","max-video-preview":"max-video-preview:-1"},"canonical":"https:\/\/www.suavinex.com\/livingsuavinex\/conclusiones-consultorio-alimentacion\/","og_locale":"es_ES","og_type":"article","og_title":"Conclusiones Consultorio Suavinex: alimentaci\u00f3n saludable en ni\u00f1os de 0 a 2 a\u00f1os","og_description":"Hemos abordado el tema de la alimentaci\u00f3n saludable en ni\u00f1os de 0 a 2 a\u00f1os en nuestro consultorio con Aitor S\u00e1nchez, y estas son las conclusiones","og_url":"https:\/\/www.suavinex.com\/livingsuavinex\/conclusiones-consultorio-alimentacion\/","og_site_name":"Living Suavinex","article_publisher":"https:\/\/www.facebook.com\/SuavinexSpain","article_published_time":"2016-06-06T11:37:46+00:00","article_modified_time":"2020-03-31T23:49:33+00:00","og_image":[{"width":875,"height":526,"url":"https:\/\/www.suavinex.com\/livingsuavinex\/wp-content\/uploads\/2016\/06\/aitorsanchez_sx.jpg","type":"image\/jpeg"}],"author":"Living Suavinex","twitter_card":"summary_large_image","twitter_creator":"@SuavinexSpain","twitter_site":"@SuavinexSpain","twitter_misc":{"Escrito por":"Living Suavinex","Tiempo de lectura":"2 minutos"},"schema":{"@context":"https:\/\/schema.org","@graph":[{"@type":"Article","@id":"https:\/\/www.suavinex.com\/livingsuavinex\/conclusiones-consultorio-alimentacion\/#article","isPartOf":{"@id":"https:\/\/www.suavinex.com\/livingsuavinex\/conclusiones-consultorio-alimentacion\/"},"author":{"name":"Living Suavinex","@id":"https:\/\/www.suavinex.com\/livingsuavinex\/#\/schema\/person\/64fd7b62c88b0024a3ceeffb47f07eb6"},"headline":"Conclusiones Consultorio Suavinex: alimentaci\u00f3n saludable en ni\u00f1os de 0 a 2 a\u00f1os","datePublished":"2016-06-06T11:37:46+00:00","dateModified":"2020-03-31T23:49:33+00:00","mainEntityOfPage":{"@id":"https:\/\/www.suavinex.com\/livingsuavinex\/conclusiones-consultorio-alimentacion\/"},"wordCount":416,"commentCount":0,"publisher":{"@id":"https:\/\/www.suavinex.com\/livingsuavinex\/#organization"},"image":{"@id":"https:\/\/www.suavinex.com\/livingsuavinex\/conclusiones-consultorio-alimentacion\/#primaryimage"},"thumbnailUrl":"https:\/\/www.suavinex.com\/livingsuavinex\/wp-content\/uploads\/2016\/06\/aitorsanchez_sx.jpg","keywords":["Alimentaci\u00f3n","Consultorio Suavinex","Salud"],"articleSection":["Tips de crianza"],"inLanguage":"es"},{"@type":"WebPage","@id":"https:\/\/www.suavinex.com\/livingsuavinex\/conclusiones-consultorio-alimentacion\/","url":"https:\/\/www.suavinex.com\/livingsuavinex\/conclusiones-consultorio-alimentacion\/","name":"Conclusiones Consultorio Suavinex: alimentaci\u00f3n saludable en ni\u00f1os de 0 a 2 a\u00f1os","isPartOf":{"@id":"https:\/\/www.suavinex.com\/livingsuavinex\/#website"},"primaryImageOfPage":{"@id":"https:\/\/www.suavinex.com\/livingsuavinex\/conclusiones-consultorio-alimentacion\/#primaryimage"},"image":{"@id":"https:\/\/www.suavinex.com\/livingsuavinex\/conclusiones-consultorio-alimentacion\/#primaryimage"},"thumbnailUrl":"https:\/\/www.suavinex.com\/livingsuavinex\/wp-content\/uploads\/2016\/06\/aitorsanchez_sx.jpg","datePublished":"2016-06-06T11:37:46+00:00","dateModified":"2020-03-31T23:49:33+00:00","description":"Hemos abordado el tema de la alimentaci\u00f3n saludable en ni\u00f1os de 0 a 2 a\u00f1os en nuestro consultorio con Aitor S\u00e1nchez, y estas son las conclusiones","breadcrumb":{"@id":"https:\/\/www.suavinex.com\/livingsuavinex\/conclusiones-consultorio-alimentacion\/#breadcrumb"},"inLanguage":"es","potentialAction":[{"@type":"ReadAction","target":["https:\/\/www.suavinex.com\/livingsuavinex\/conclusiones-consultorio-alimentacion\/"]}]},{"@type":"ImageObject","inLanguage":"es","@id":"https:\/\/www.suavinex.com\/livingsuavinex\/conclusiones-consultorio-alimentacion\/#primaryimage","url":"https:\/\/www.suavinex.com\/livingsuavinex\/wp-content\/uploads\/2016\/06\/aitorsanchez_sx.jpg","contentUrl":"https:\/\/www.suavinex.com\/livingsuavinex\/wp-content\/uploads\/2016\/06\/aitorsanchez_sx.jpg","width":875,"height":526},{"@type":"BreadcrumbList","@id":"https:\/\/www.suavinex.com\/livingsuavinex\/conclusiones-consultorio-alimentacion\/#breadcrumb","itemListElement":[{"@type":"ListItem","position":1,"name":"Portada","item":"https:\/\/www.suavinex.com\/livingsuavinex\/"},{"@type":"ListItem","position":2,"name":"Conclusiones Consultorio Suavinex: alimentaci\u00f3n saludable en ni\u00f1os de 0 a 2 a\u00f1os"}]},{"@type":"WebSite","@id":"https:\/\/www.suavinex.com\/livingsuavinex\/#website","url":"https:\/\/www.suavinex.com\/livingsuavinex\/","name":"Living Suavinex","description":"| Familias reales","publisher":{"@id":"https:\/\/www.suavinex.com\/livingsuavinex\/#organization"},"potentialAction":[{"@type":"SearchAction","target":{"@type":"EntryPoint","urlTemplate":"https:\/\/www.suavinex.com\/livingsuavinex\/?s={search_term_string}"},"query-input":{"@type":"PropertyValueSpecification","valueRequired":true,"valueName":"search_term_string"}}],"inLanguage":"es"},{"@type":"Organization","@id":"https:\/\/www.suavinex.com\/livingsuavinex\/#organization","name":"Suavinex","url":"https:\/\/www.suavinex.com\/livingsuavinex\/","logo":{"@type":"ImageObject","inLanguage":"es","@id":"https:\/\/www.suavinex.com\/livingsuavinex\/#\/schema\/logo\/image\/","url":"https:\/\/www.suavinex.com\/livingsuavinex\/wp-content\/uploads\/2018\/07\/living_sx_logo_mvl.png","contentUrl":"https:\/\/www.suavinex.com\/livingsuavinex\/wp-content\/uploads\/2018\/07\/living_sx_logo_mvl.png","width":350,"height":70,"caption":"Suavinex"},"image":{"@id":"https:\/\/www.suavinex.com\/livingsuavinex\/#\/schema\/logo\/image\/"},"sameAs":["https:\/\/www.facebook.com\/SuavinexSpain","https:\/\/x.com\/SuavinexSpain","https:\/\/www.instagram.com\/suavinex_spain\/","https:\/\/www.pinterest.es\/SuavinexSpain\/","https:\/\/www.youtube.com\/channel\/UCgeJREx2R_ZvV2aQMrfWgcA"]},{"@type":"Person","@id":"https:\/\/www.suavinex.com\/livingsuavinex\/#\/schema\/person\/64fd7b62c88b0024a3ceeffb47f07eb6","name":"Living Suavinex","image":{"@type":"ImageObject","inLanguage":"es","@id":"https:\/\/www.suavinex.com\/livingsuavinex\/#\/schema\/person\/image\/","url":"https:\/\/www.suavinex.com\/livingsuavinex\/wp-content\/uploads\/2017\/05\/Living-Suavinex_avatar-96x96.png","contentUrl":"https:\/\/www.suavinex.com\/livingsuavinex\/wp-content\/uploads\/2017\/05\/Living-Suavinex_avatar-96x96.png","caption":"Living Suavinex"}}]}},"_links":{"self":[{"href":"https:\/\/www.suavinex.com\/livingsuavinex\/wp-json\/wp\/v2\/posts\/15127","targetHints":{"allow":["GET"]}}],"collection":[{"href":"https:\/\/www.suavinex.com\/livingsuavinex\/wp-json\/wp\/v2\/posts"}],"about":[{"href":"https:\/\/www.suavinex.com\/livingsuavinex\/wp-json\/wp\/v2\/types\/post"}],"author":[{"embeddable":true,"href":"https:\/\/www.suavinex.com\/livingsuavinex\/wp-json\/wp\/v2\/users\/288"}],"replies":[{"embeddable":true,"href":"https:\/\/www.suavinex.com\/livingsuavinex\/wp-json\/wp\/v2\/comments?post=15127"}],"version-history":[{"count":9,"href":"https:\/\/www.suavinex.com\/livingsuavinex\/wp-json\/wp\/v2\/posts\/15127\/revisions"}],"predecessor-version":[{"id":40815,"href":"https:\/\/www.suavinex.com\/livingsuavinex\/wp-json\/wp\/v2\/posts\/15127\/revisions\/40815"}],"wp:featuredmedia":[{"embeddable":true,"href":"https:\/\/www.suavinex.com\/livingsuavinex\/wp-json\/wp\/v2\/media\/31644"}],"wp:attachment":[{"href":"https:\/\/www.suavinex.com\/livingsuavinex\/wp-json\/wp\/v2\/media?parent=15127"}],"wp:term":[{"taxonomy":"category","embeddable":true,"href":"https:\/\/www.suavinex.com\/livingsuavinex\/wp-json\/wp\/v2\/categories?post=15127"},{"taxonomy":"post_tag","embeddable":true,"href":"https:\/\/www.suavinex.com\/livingsuavinex\/wp-json\/wp\/v2\/tags?post=15127"}],"curies":[{"name":"wp","href":"https:\/\/api.w.org\/{rel}","templated":true}]}}