{"id":15081,"date":"2016-05-17T07:05:38","date_gmt":"2016-05-17T07:05:38","guid":{"rendered":"https:\/\/www.suavinex.com\/livingsuavinex\/?p=15081"},"modified":"2023-08-04T12:06:29","modified_gmt":"2023-08-04T10:06:29","slug":"consejos-alimentacion-ninos","status":"publish","type":"post","link":"https:\/\/www.suavinex.com\/livingsuavinex\/consejos-alimentacion-ninos\/","title":{"rendered":"Consejos de alimentaci\u00f3n para ni\u00f1os entre 0 y 2 a\u00f1os"},"content":{"rendered":"<p>Lo que comen nuestros hijos es un tema de especial importancia para padres y madres. Por ese motivo hoy contamos con los consejos de alimentaci\u00f3n y recomendaciones de <strong>Aitor S\u00e1nchez Garc\u00eda<\/strong>, Dietista-Nutricionista y autor del blog <a href=\"https:\/\/midietacojea.com\/\" target=\"_blank\" rel=\"noopener noreferrer\">Mi dieta cojea<\/a>. Todo un experto para darnos algunas pinceladas sobre c\u00f3mo iniciar a nuestros hijos en una dieta saludable.<\/p>\n<h2>La lactancia materna es el pilar<\/h2>\n<p>El pecho es<a href=\"https:\/\/www.suavinex.com\/livingsuavinex\/beneficios-lactancia-materna\/\" target=\"_blank\" rel=\"noopener noreferrer\"> el mejor alimento<\/a> que puede tomar el ni\u00f1o. \u00bfCu\u00e1nta cantidad? Cuanto m\u00e1s mejor.<strong> La rutina de amamantar \u00fanicamente seis meses en una pauta occidentalizada.<\/strong> Se debe a la puesta en <a href=\"https:\/\/www.suavinex.com\/livingsuavinex\/lactancia-vuelta-trabajo\/\" target=\"_blank\" rel=\"noopener noreferrer\">valor de la jornada<\/a>\u00a0o vida laboral frente a la salud familiar y del beb\u00e9. Por tanto, hay que hacer hincapi\u00e9 en que cuanto m\u00e1s prolongado sea el periodo en el que un ni\u00f1o tome la leche de su madre, menos probabilidades de caer enfermo tendr\u00e1, y gozar\u00e1 adem\u00e1s de mejor salud durante toda su vida. Es el mejor regalo que se les puede hacer durante muchos meses.<\/p>\n<h2>No te obsesiones por el apetito ni obligues a comer<\/h2>\n<p>Durante los primeros a\u00f1os de vida el apetito de los ni\u00f1os es muy variable, definido por la <a href=\"https:\/\/www.aap.org\/en-us\/Pages\/Default.aspx?nfstatus=401&amp;nftoken=00000000-0000-0000-0000-000000000000&amp;nfstatusdescription=ERROR%3a+No+local+token\" target=\"_blank\" rel=\"noopener noreferrer\"><strong>American Academy of Pediatrics<\/strong><\/a> como \u201c<em>err\u00e1tico e impredecible<\/em>\u201d.<\/p>\n<p><strong>Alrededor de los dos a\u00f1os es com\u00fan que el apetito de los ni\u00f1os se reduzca parcialmente<\/strong> por el estancamiento de su crecimiento. Todo esto hace que predisponer e inculcar a fuego una <em>pauta horaria<\/em> no sea lo recomendable en esta edad. Hay que tener en cuenta que el comer cada ciertas horas es m\u00e1s una gu\u00eda flexible para madres y padres, no debe ser entendida como una <em>alarma de tomas<\/em> que hay que cumplir a rajatabla.<\/p>\n<p>La mejor manera es que <strong>el ni\u00f1o coma acorde a su apetito<\/strong> siempre y cuando lo que le rodee sean alimentos saludables. Si no quieren comer en alg\u00fan momento no pasa nada, ya comer\u00e1n m\u00e1s en la siguiente ingesta o d\u00eda. Solo hay que preocuparse si este comportamiento es mantenido.<\/p>\n<h2>Olvida las calor\u00edas en esta edad<\/h2>\n<p>Las necesidades energ\u00e9ticas de los ni\u00f1os desde su nacimiento y hasta los dos a\u00f1os es uno de los aspectos m\u00e1s variables que hay en nutrici\u00f3n infantil. Las necesidades son tan variables, que no tiene sentido marcar una cifra; y por supuesto menos sentido tiene que sea esa cifra.<\/p>\n<p>Que sea el apetito el que marque la cantidad que debe consumir el beb\u00e9. Adem\u00e1s, es realmente dif\u00edcil estimar qu\u00e9 cantidad est\u00e1 consumiendo el beb\u00e9 debido a la complejidad de conocer el volumen de las tomas, la densidad de la leche, \u2026 en fin, como no es prioritario, es mejor no obsesionarnos con cosas que no podemos conocer.<\/p>\n<h2>No predispongas ni maleduques su paladar<\/h2>\n<p><strong>La comida que se vende preparada para los ni\u00f1os es una opci\u00f3n mediocre<\/strong>. Desgraciadamente se usan materias primas de mala calidad (almidones, harinas, grasas menos cardiosaludables, az\u00facares\u2026 ) que, adem\u00e1s, se suman a la adici\u00f3n de ciertos compuestos que enmascaran el sabor, especialmente az\u00facar y sal. Esto acostumbra a sabores muy intensos y dificulta la posterior introducci\u00f3n de comida convencional en el ni\u00f1o.<\/p>\n<p><strong>Preparar la comida para el beb\u00e9 en casa<\/strong> es una opci\u00f3n no solo saludable, tambi\u00e9n educativa. Al fin y al cabo va a terminar comiendo <a href=\"https:\/\/www.suavinex.com\/livingsuavinex\/menu-saludable-infantil\/\" target=\"_blank\" rel=\"noopener noreferrer\">lo que se prepare en casa<\/a>, \u00bfno? Introduzc\u00e1moslo en rutina y acostumbr\u00e9moslo a los sabores de verdad.<\/p>\n<h2>No compares con otros beb\u00e9s<\/h2>\n<p>Las fases de desarrollo son muy diferentes entre beb\u00e9s. De manera que no tiene sentido compararse con algunos ejemplos del entorno inmediato en aspectos como: \u00bfCu\u00e1ndo introduzco s\u00f3lidos? \u00bfCu\u00e1ndo\/cu\u00e1nto le doy de comer? \u00bfCu\u00e1ndo inicio<a href=\"https:\/\/www.suavinex.com\/livingsuavinex\/decalogo-alimentacion-complementaria\/\" target=\"_blank\" rel=\"noopener noreferrer\"> la alimentaci\u00f3n complementaria<\/a>?<\/p>\n<p>Cada beb\u00e9 tiene un desarrollo personalizado y es el pediatra la persona que mejor te puede guiar en este aspecto. No acudas a otra familia ni al pediatra de otro beb\u00e9 sin haber visto al tuyo.<\/p>\n<p>[fusion_youtube id=\u00bbhttps:\/\/youtu.be\/n4r0DKHoZEE\u00bb alignment=\u00bbcenter\u00bb width=\u00bb\u00bb height=\u00bb\u00bb autoplay=\u00bbfalse\u00bb api_params=\u00bb\u00bb hide_on_mobile=\u00bbsmall-visibility,medium-visibility,large-visibility\u00bb class=\u00bb\u00bb][\/fusion_youtube]<\/p>\n<h2>Alimentos s\u00f3lidos progresivamente y por \u00e9l mismo<\/h2>\n<p>La corriente del <strong>Baby Led Weaning<\/strong> o alimentaci\u00f3n autoregulada cada vez tiene m\u00e1s respaldo cient\u00edfico y se extiende m\u00e1s en la pr\u00e1ctica cl\u00ednica.\u00a0 Es un m\u00e9todo de introducci\u00f3n de la alimentaci\u00f3n complementaria. En \u00e9l, es el ni\u00f1o el que regula la introducci\u00f3n de alimentos sin recurrir a los pur\u00e9s. De esta manera se involucra m\u00e1s al ni\u00f1o en la alimentaci\u00f3n siendo un comedor activo, y no solo un sujeto que abre y cierra la boca.<\/p>\n<p>Si se decide usar esta t\u00e9cnica en lugar de los preparados t\u00edpicos de beb\u00e9s, solo hay que tener en cuenta que sean alimentos de f\u00e1cil masticaci\u00f3n, minimizar alimentos que puedan causar atragantamiento, seguir combin\u00e1ndolo con el pecho\/biber\u00f3n y dejarse aconsejar adecuadamente por el pediatra.<\/p>\n<h2>Da ejemplo, s\u00e9 coherente<\/h2>\n<p>Las madres y padres deben dar ejemplo. Este aspecto es extensible a todas las facetas de la vida saludable. Actividad f\u00edsica, alimentaci\u00f3n, tabaquismo y consumo de sustancias, abuso de medicamentos, \u2026 Todo esto queda grabado en los chavales y predispone de manera inconsciente en su futuro. Los <a href=\"https:\/\/ijbnpa.biomedcentral.com\/articles\/10.1186\/1479-5868-7-86\" target=\"_blank\" rel=\"noopener noreferrer\">h\u00e1bitos saludables son \u201ccontagiosos\u201d<\/a> para bien o para mal, y transmisibles generaci\u00f3n tras generaci\u00f3n.<\/p>\n<p>Como \u00faltimo consejo, me gustar\u00eda recomendar a dos grandes profesionales de esta \u00e1rea que explican todos estos aspectos de una manera magistral: <a href=\"http:\/\/www.carlosgonzalezpediatra.com\" target=\"_blank\" rel=\"noopener noreferrer\">Carlos Gonz\u00e1lez<\/a> (Pediatra) y <a href=\"http:\/\/juliobasulto.com\" target=\"_blank\" rel=\"noopener noreferrer\">Julio Basulto<\/a> (Dietista-Nutricionista).<\/p>\n","protected":false},"excerpt":{"rendered":"Lo que comen nuestros hijos es un tema de especial importancia para padres y madres. Por ese motivo hoy contamos con los consejos de alimentaci\u00f3n y recomendaciones de Aitor S\u00e1nchez Garc\u00eda, Dietista-Nutricionista y autor del blog Mi dieta cojea. Todo un experto para darnos algunas pinceladas sobre c\u00f3mo iniciar a&#8230; <a class=\"view-article\" href=\"https:\/\/www.suavinex.com\/livingsuavinex\/consejos-alimentacion-ninos\/\">Ver art\u00edculo<\/a>","protected":false},"author":288,"featured_media":21322,"comment_status":"open","ping_status":"open","sticky":false,"template":"","format":"standard","meta":{"inline_featured_image":false,"footnotes":""},"categories":[2272],"tags":[2219,194,12],"class_list":["post-15081","post","type-post","status-publish","format-standard","has-post-thumbnail","hentry","category-tips-crianza","tag-alimentacion","tag-familia","tag-hijos"],"yoast_head":"<!-- This site is optimized with the Yoast SEO plugin v26.8 - https:\/\/yoast.com\/product\/yoast-seo-wordpress\/ -->\n<title>Consejos de alimentaci\u00f3n para ni\u00f1os entre 0 y 2 a\u00f1os | Living Suavinex Magazine<\/title>\n<meta name=\"description\" content=\"Lo que comen nuestros hijos es un tema muy importarte para padres y madres. Aitor S\u00e1nchez nos deja unos consejos de alimentaci\u00f3n para hacerlo m\u00e1s f\u00e1cil.\" \/>\n<meta name=\"robots\" content=\"index, follow, max-snippet:-1, max-image-preview:large, max-video-preview:-1\" \/>\n<link rel=\"canonical\" href=\"https:\/\/www.suavinex.com\/livingsuavinex\/consejos-alimentacion-ninos\/\" \/>\n<meta property=\"og:locale\" content=\"es_ES\" \/>\n<meta property=\"og:type\" content=\"article\" \/>\n<meta property=\"og:title\" content=\"Consejos de alimentaci\u00f3n para ni\u00f1os entre 0 y 2 a\u00f1os | Living Suavinex Magazine\" \/>\n<meta property=\"og:description\" content=\"Lo que comen nuestros hijos es un tema muy importarte para padres y madres. Aitor S\u00e1nchez nos deja unos consejos de alimentaci\u00f3n para hacerlo m\u00e1s f\u00e1cil.\" \/>\n<meta property=\"og:url\" content=\"https:\/\/www.suavinex.com\/livingsuavinex\/consejos-alimentacion-ninos\/\" \/>\n<meta property=\"og:site_name\" content=\"Living Suavinex\" \/>\n<meta property=\"article:publisher\" content=\"https:\/\/www.facebook.com\/SuavinexSpain\" \/>\n<meta property=\"article:published_time\" content=\"2016-05-17T07:05:38+00:00\" \/>\n<meta property=\"article:modified_time\" content=\"2023-08-04T10:06:29+00:00\" \/>\n<meta property=\"og:image\" content=\"https:\/\/www.suavinex.com\/livingsuavinex\/wp-content\/uploads\/2016\/05\/consejos-alimenticios.jpg\" \/>\n\t<meta property=\"og:image:width\" content=\"875\" \/>\n\t<meta property=\"og:image:height\" content=\"500\" \/>\n\t<meta property=\"og:image:type\" content=\"image\/jpeg\" \/>\n<meta name=\"author\" content=\"Living Suavinex\" \/>\n<meta name=\"twitter:card\" content=\"summary_large_image\" \/>\n<meta name=\"twitter:creator\" content=\"@SuavinexSpain\" \/>\n<meta name=\"twitter:site\" content=\"@SuavinexSpain\" \/>\n<meta name=\"twitter:label1\" content=\"Escrito por\" \/>\n\t<meta name=\"twitter:data1\" content=\"Living Suavinex\" \/>\n\t<meta name=\"twitter:label2\" content=\"Tiempo de lectura\" \/>\n\t<meta name=\"twitter:data2\" content=\"4 minutos\" \/>\n<script type=\"application\/ld+json\" class=\"yoast-schema-graph\">{\"@context\":\"https:\/\/schema.org\",\"@graph\":[{\"@type\":\"Article\",\"@id\":\"https:\/\/www.suavinex.com\/livingsuavinex\/consejos-alimentacion-ninos\/#article\",\"isPartOf\":{\"@id\":\"https:\/\/www.suavinex.com\/livingsuavinex\/consejos-alimentacion-ninos\/\"},\"author\":{\"name\":\"Living Suavinex\",\"@id\":\"https:\/\/www.suavinex.com\/livingsuavinex\/#\/schema\/person\/64fd7b62c88b0024a3ceeffb47f07eb6\"},\"headline\":\"Consejos de alimentaci\u00f3n para ni\u00f1os entre 0 y 2 a\u00f1os\",\"datePublished\":\"2016-05-17T07:05:38+00:00\",\"dateModified\":\"2023-08-04T10:06:29+00:00\",\"mainEntityOfPage\":{\"@id\":\"https:\/\/www.suavinex.com\/livingsuavinex\/consejos-alimentacion-ninos\/\"},\"wordCount\":963,\"commentCount\":1,\"publisher\":{\"@id\":\"https:\/\/www.suavinex.com\/livingsuavinex\/#organization\"},\"image\":{\"@id\":\"https:\/\/www.suavinex.com\/livingsuavinex\/consejos-alimentacion-ninos\/#primaryimage\"},\"thumbnailUrl\":\"https:\/\/www.suavinex.com\/livingsuavinex\/wp-content\/uploads\/2016\/05\/consejos-alimenticios.jpg\",\"keywords\":[\"Alimentaci\u00f3n\",\"Familia\",\"Hijos\"],\"articleSection\":[\"Tips de crianza\"],\"inLanguage\":\"es\"},{\"@type\":\"WebPage\",\"@id\":\"https:\/\/www.suavinex.com\/livingsuavinex\/consejos-alimentacion-ninos\/\",\"url\":\"https:\/\/www.suavinex.com\/livingsuavinex\/consejos-alimentacion-ninos\/\",\"name\":\"Consejos de alimentaci\u00f3n para ni\u00f1os entre 0 y 2 a\u00f1os | Living Suavinex Magazine\",\"isPartOf\":{\"@id\":\"https:\/\/www.suavinex.com\/livingsuavinex\/#website\"},\"primaryImageOfPage\":{\"@id\":\"https:\/\/www.suavinex.com\/livingsuavinex\/consejos-alimentacion-ninos\/#primaryimage\"},\"image\":{\"@id\":\"https:\/\/www.suavinex.com\/livingsuavinex\/consejos-alimentacion-ninos\/#primaryimage\"},\"thumbnailUrl\":\"https:\/\/www.suavinex.com\/livingsuavinex\/wp-content\/uploads\/2016\/05\/consejos-alimenticios.jpg\",\"datePublished\":\"2016-05-17T07:05:38+00:00\",\"dateModified\":\"2023-08-04T10:06:29+00:00\",\"description\":\"Lo que comen nuestros hijos es un tema muy importarte para padres y madres. Aitor S\u00e1nchez nos deja unos consejos de alimentaci\u00f3n para hacerlo m\u00e1s f\u00e1cil.\",\"breadcrumb\":{\"@id\":\"https:\/\/www.suavinex.com\/livingsuavinex\/consejos-alimentacion-ninos\/#breadcrumb\"},\"inLanguage\":\"es\",\"potentialAction\":[{\"@type\":\"ReadAction\",\"target\":[\"https:\/\/www.suavinex.com\/livingsuavinex\/consejos-alimentacion-ninos\/\"]}]},{\"@type\":\"ImageObject\",\"inLanguage\":\"es\",\"@id\":\"https:\/\/www.suavinex.com\/livingsuavinex\/consejos-alimentacion-ninos\/#primaryimage\",\"url\":\"https:\/\/www.suavinex.com\/livingsuavinex\/wp-content\/uploads\/2016\/05\/consejos-alimenticios.jpg\",\"contentUrl\":\"https:\/\/www.suavinex.com\/livingsuavinex\/wp-content\/uploads\/2016\/05\/consejos-alimenticios.jpg\",\"width\":875,\"height\":500,\"caption\":\"alimentaci\u00f3n ni\u00f1os\"},{\"@type\":\"BreadcrumbList\",\"@id\":\"https:\/\/www.suavinex.com\/livingsuavinex\/consejos-alimentacion-ninos\/#breadcrumb\",\"itemListElement\":[{\"@type\":\"ListItem\",\"position\":1,\"name\":\"Portada\",\"item\":\"https:\/\/www.suavinex.com\/livingsuavinex\/\"},{\"@type\":\"ListItem\",\"position\":2,\"name\":\"Consejos de alimentaci\u00f3n para ni\u00f1os entre 0 y 2 a\u00f1os\"}]},{\"@type\":\"WebSite\",\"@id\":\"https:\/\/www.suavinex.com\/livingsuavinex\/#website\",\"url\":\"https:\/\/www.suavinex.com\/livingsuavinex\/\",\"name\":\"Living Suavinex\",\"description\":\"| Familias reales\",\"publisher\":{\"@id\":\"https:\/\/www.suavinex.com\/livingsuavinex\/#organization\"},\"potentialAction\":[{\"@type\":\"SearchAction\",\"target\":{\"@type\":\"EntryPoint\",\"urlTemplate\":\"https:\/\/www.suavinex.com\/livingsuavinex\/?s={search_term_string}\"},\"query-input\":{\"@type\":\"PropertyValueSpecification\",\"valueRequired\":true,\"valueName\":\"search_term_string\"}}],\"inLanguage\":\"es\"},{\"@type\":\"Organization\",\"@id\":\"https:\/\/www.suavinex.com\/livingsuavinex\/#organization\",\"name\":\"Suavinex\",\"url\":\"https:\/\/www.suavinex.com\/livingsuavinex\/\",\"logo\":{\"@type\":\"ImageObject\",\"inLanguage\":\"es\",\"@id\":\"https:\/\/www.suavinex.com\/livingsuavinex\/#\/schema\/logo\/image\/\",\"url\":\"https:\/\/www.suavinex.com\/livingsuavinex\/wp-content\/uploads\/2018\/07\/living_sx_logo_mvl.png\",\"contentUrl\":\"https:\/\/www.suavinex.com\/livingsuavinex\/wp-content\/uploads\/2018\/07\/living_sx_logo_mvl.png\",\"width\":350,\"height\":70,\"caption\":\"Suavinex\"},\"image\":{\"@id\":\"https:\/\/www.suavinex.com\/livingsuavinex\/#\/schema\/logo\/image\/\"},\"sameAs\":[\"https:\/\/www.facebook.com\/SuavinexSpain\",\"https:\/\/x.com\/SuavinexSpain\",\"https:\/\/www.instagram.com\/suavinex_spain\/\",\"https:\/\/www.pinterest.es\/SuavinexSpain\/\",\"https:\/\/www.youtube.com\/channel\/UCgeJREx2R_ZvV2aQMrfWgcA\"]},{\"@type\":\"Person\",\"@id\":\"https:\/\/www.suavinex.com\/livingsuavinex\/#\/schema\/person\/64fd7b62c88b0024a3ceeffb47f07eb6\",\"name\":\"Living Suavinex\",\"image\":{\"@type\":\"ImageObject\",\"inLanguage\":\"es\",\"@id\":\"https:\/\/www.suavinex.com\/livingsuavinex\/#\/schema\/person\/image\/\",\"url\":\"https:\/\/www.suavinex.com\/livingsuavinex\/wp-content\/uploads\/2017\/05\/Living-Suavinex_avatar-96x96.png\",\"contentUrl\":\"https:\/\/www.suavinex.com\/livingsuavinex\/wp-content\/uploads\/2017\/05\/Living-Suavinex_avatar-96x96.png\",\"caption\":\"Living Suavinex\"}}]}<\/script>\n<!-- \/ Yoast SEO plugin. -->","yoast_head_json":{"title":"Consejos de alimentaci\u00f3n para ni\u00f1os entre 0 y 2 a\u00f1os | Living Suavinex Magazine","description":"Lo que comen nuestros hijos es un tema muy importarte para padres y madres. Aitor S\u00e1nchez nos deja unos consejos de alimentaci\u00f3n para hacerlo m\u00e1s f\u00e1cil.","robots":{"index":"index","follow":"follow","max-snippet":"max-snippet:-1","max-image-preview":"max-image-preview:large","max-video-preview":"max-video-preview:-1"},"canonical":"https:\/\/www.suavinex.com\/livingsuavinex\/consejos-alimentacion-ninos\/","og_locale":"es_ES","og_type":"article","og_title":"Consejos de alimentaci\u00f3n para ni\u00f1os entre 0 y 2 a\u00f1os | Living Suavinex Magazine","og_description":"Lo que comen nuestros hijos es un tema muy importarte para padres y madres. Aitor S\u00e1nchez nos deja unos consejos de alimentaci\u00f3n para hacerlo m\u00e1s f\u00e1cil.","og_url":"https:\/\/www.suavinex.com\/livingsuavinex\/consejos-alimentacion-ninos\/","og_site_name":"Living Suavinex","article_publisher":"https:\/\/www.facebook.com\/SuavinexSpain","article_published_time":"2016-05-17T07:05:38+00:00","article_modified_time":"2023-08-04T10:06:29+00:00","og_image":[{"width":875,"height":500,"url":"https:\/\/www.suavinex.com\/livingsuavinex\/wp-content\/uploads\/2016\/05\/consejos-alimenticios.jpg","type":"image\/jpeg"}],"author":"Living Suavinex","twitter_card":"summary_large_image","twitter_creator":"@SuavinexSpain","twitter_site":"@SuavinexSpain","twitter_misc":{"Escrito por":"Living Suavinex","Tiempo de lectura":"4 minutos"},"schema":{"@context":"https:\/\/schema.org","@graph":[{"@type":"Article","@id":"https:\/\/www.suavinex.com\/livingsuavinex\/consejos-alimentacion-ninos\/#article","isPartOf":{"@id":"https:\/\/www.suavinex.com\/livingsuavinex\/consejos-alimentacion-ninos\/"},"author":{"name":"Living Suavinex","@id":"https:\/\/www.suavinex.com\/livingsuavinex\/#\/schema\/person\/64fd7b62c88b0024a3ceeffb47f07eb6"},"headline":"Consejos de alimentaci\u00f3n para ni\u00f1os entre 0 y 2 a\u00f1os","datePublished":"2016-05-17T07:05:38+00:00","dateModified":"2023-08-04T10:06:29+00:00","mainEntityOfPage":{"@id":"https:\/\/www.suavinex.com\/livingsuavinex\/consejos-alimentacion-ninos\/"},"wordCount":963,"commentCount":1,"publisher":{"@id":"https:\/\/www.suavinex.com\/livingsuavinex\/#organization"},"image":{"@id":"https:\/\/www.suavinex.com\/livingsuavinex\/consejos-alimentacion-ninos\/#primaryimage"},"thumbnailUrl":"https:\/\/www.suavinex.com\/livingsuavinex\/wp-content\/uploads\/2016\/05\/consejos-alimenticios.jpg","keywords":["Alimentaci\u00f3n","Familia","Hijos"],"articleSection":["Tips de crianza"],"inLanguage":"es"},{"@type":"WebPage","@id":"https:\/\/www.suavinex.com\/livingsuavinex\/consejos-alimentacion-ninos\/","url":"https:\/\/www.suavinex.com\/livingsuavinex\/consejos-alimentacion-ninos\/","name":"Consejos de alimentaci\u00f3n para ni\u00f1os entre 0 y 2 a\u00f1os | Living Suavinex Magazine","isPartOf":{"@id":"https:\/\/www.suavinex.com\/livingsuavinex\/#website"},"primaryImageOfPage":{"@id":"https:\/\/www.suavinex.com\/livingsuavinex\/consejos-alimentacion-ninos\/#primaryimage"},"image":{"@id":"https:\/\/www.suavinex.com\/livingsuavinex\/consejos-alimentacion-ninos\/#primaryimage"},"thumbnailUrl":"https:\/\/www.suavinex.com\/livingsuavinex\/wp-content\/uploads\/2016\/05\/consejos-alimenticios.jpg","datePublished":"2016-05-17T07:05:38+00:00","dateModified":"2023-08-04T10:06:29+00:00","description":"Lo que comen nuestros hijos es un tema muy importarte para padres y madres. Aitor S\u00e1nchez nos deja unos consejos de alimentaci\u00f3n para hacerlo m\u00e1s f\u00e1cil.","breadcrumb":{"@id":"https:\/\/www.suavinex.com\/livingsuavinex\/consejos-alimentacion-ninos\/#breadcrumb"},"inLanguage":"es","potentialAction":[{"@type":"ReadAction","target":["https:\/\/www.suavinex.com\/livingsuavinex\/consejos-alimentacion-ninos\/"]}]},{"@type":"ImageObject","inLanguage":"es","@id":"https:\/\/www.suavinex.com\/livingsuavinex\/consejos-alimentacion-ninos\/#primaryimage","url":"https:\/\/www.suavinex.com\/livingsuavinex\/wp-content\/uploads\/2016\/05\/consejos-alimenticios.jpg","contentUrl":"https:\/\/www.suavinex.com\/livingsuavinex\/wp-content\/uploads\/2016\/05\/consejos-alimenticios.jpg","width":875,"height":500,"caption":"alimentaci\u00f3n ni\u00f1os"},{"@type":"BreadcrumbList","@id":"https:\/\/www.suavinex.com\/livingsuavinex\/consejos-alimentacion-ninos\/#breadcrumb","itemListElement":[{"@type":"ListItem","position":1,"name":"Portada","item":"https:\/\/www.suavinex.com\/livingsuavinex\/"},{"@type":"ListItem","position":2,"name":"Consejos de alimentaci\u00f3n para ni\u00f1os entre 0 y 2 a\u00f1os"}]},{"@type":"WebSite","@id":"https:\/\/www.suavinex.com\/livingsuavinex\/#website","url":"https:\/\/www.suavinex.com\/livingsuavinex\/","name":"Living Suavinex","description":"| Familias reales","publisher":{"@id":"https:\/\/www.suavinex.com\/livingsuavinex\/#organization"},"potentialAction":[{"@type":"SearchAction","target":{"@type":"EntryPoint","urlTemplate":"https:\/\/www.suavinex.com\/livingsuavinex\/?s={search_term_string}"},"query-input":{"@type":"PropertyValueSpecification","valueRequired":true,"valueName":"search_term_string"}}],"inLanguage":"es"},{"@type":"Organization","@id":"https:\/\/www.suavinex.com\/livingsuavinex\/#organization","name":"Suavinex","url":"https:\/\/www.suavinex.com\/livingsuavinex\/","logo":{"@type":"ImageObject","inLanguage":"es","@id":"https:\/\/www.suavinex.com\/livingsuavinex\/#\/schema\/logo\/image\/","url":"https:\/\/www.suavinex.com\/livingsuavinex\/wp-content\/uploads\/2018\/07\/living_sx_logo_mvl.png","contentUrl":"https:\/\/www.suavinex.com\/livingsuavinex\/wp-content\/uploads\/2018\/07\/living_sx_logo_mvl.png","width":350,"height":70,"caption":"Suavinex"},"image":{"@id":"https:\/\/www.suavinex.com\/livingsuavinex\/#\/schema\/logo\/image\/"},"sameAs":["https:\/\/www.facebook.com\/SuavinexSpain","https:\/\/x.com\/SuavinexSpain","https:\/\/www.instagram.com\/suavinex_spain\/","https:\/\/www.pinterest.es\/SuavinexSpain\/","https:\/\/www.youtube.com\/channel\/UCgeJREx2R_ZvV2aQMrfWgcA"]},{"@type":"Person","@id":"https:\/\/www.suavinex.com\/livingsuavinex\/#\/schema\/person\/64fd7b62c88b0024a3ceeffb47f07eb6","name":"Living Suavinex","image":{"@type":"ImageObject","inLanguage":"es","@id":"https:\/\/www.suavinex.com\/livingsuavinex\/#\/schema\/person\/image\/","url":"https:\/\/www.suavinex.com\/livingsuavinex\/wp-content\/uploads\/2017\/05\/Living-Suavinex_avatar-96x96.png","contentUrl":"https:\/\/www.suavinex.com\/livingsuavinex\/wp-content\/uploads\/2017\/05\/Living-Suavinex_avatar-96x96.png","caption":"Living Suavinex"}}]}},"_links":{"self":[{"href":"https:\/\/www.suavinex.com\/livingsuavinex\/wp-json\/wp\/v2\/posts\/15081","targetHints":{"allow":["GET"]}}],"collection":[{"href":"https:\/\/www.suavinex.com\/livingsuavinex\/wp-json\/wp\/v2\/posts"}],"about":[{"href":"https:\/\/www.suavinex.com\/livingsuavinex\/wp-json\/wp\/v2\/types\/post"}],"author":[{"embeddable":true,"href":"https:\/\/www.suavinex.com\/livingsuavinex\/wp-json\/wp\/v2\/users\/288"}],"replies":[{"embeddable":true,"href":"https:\/\/www.suavinex.com\/livingsuavinex\/wp-json\/wp\/v2\/comments?post=15081"}],"version-history":[{"count":9,"href":"https:\/\/www.suavinex.com\/livingsuavinex\/wp-json\/wp\/v2\/posts\/15081\/revisions"}],"predecessor-version":[{"id":44551,"href":"https:\/\/www.suavinex.com\/livingsuavinex\/wp-json\/wp\/v2\/posts\/15081\/revisions\/44551"}],"wp:featuredmedia":[{"embeddable":true,"href":"https:\/\/www.suavinex.com\/livingsuavinex\/wp-json\/wp\/v2\/media\/21322"}],"wp:attachment":[{"href":"https:\/\/www.suavinex.com\/livingsuavinex\/wp-json\/wp\/v2\/media?parent=15081"}],"wp:term":[{"taxonomy":"category","embeddable":true,"href":"https:\/\/www.suavinex.com\/livingsuavinex\/wp-json\/wp\/v2\/categories?post=15081"},{"taxonomy":"post_tag","embeddable":true,"href":"https:\/\/www.suavinex.com\/livingsuavinex\/wp-json\/wp\/v2\/tags?post=15081"}],"curies":[{"name":"wp","href":"https:\/\/api.w.org\/{rel}","templated":true}]}}