{"id":14983,"date":"2025-01-03T08:30:00","date_gmt":"2025-01-03T07:30:00","guid":{"rendered":"https:\/\/www.suavinex.com\/livingsuavinex\/?p=14983"},"modified":"2025-02-03T09:56:58","modified_gmt":"2025-02-03T08:56:58","slug":"sueno-del-bebe","status":"publish","type":"post","link":"https:\/\/www.suavinex.com\/livingsuavinex\/sueno-del-bebe\/","title":{"rendered":"Fases del sue\u00f1o del beb\u00e9 \u00bfCu\u00e1l es el ciclo de sue\u00f1o de beb\u00e9?"},"content":{"rendered":"\n<p>El sue\u00f1o de los beb\u00e9s es uno de los temas que m\u00e1s preocupa a padres y madres primerizos, especialmente si <a href=\"https:\/\/www.suavinex.com\/livingsuavinex\/dormir-embarazo\/\" target=\"_blank\" rel=\"noreferrer noopener\">dormir en el embarazo<\/a> ya ha sido un poco problem\u00e1tico. La <strong>evoluci\u00f3n del sue\u00f1o del beb\u00e9<\/strong> es un proceso complejo y var\u00eda significativamente en sus primeros meses de vida, lo cual puede tener como resultado rutinas ca\u00f3ticas y cuidadores m\u00e1s cansados de los necesario.&nbsp;&nbsp;<\/p>\n\n\n\n<p>Entender el <strong>ciclo de sue\u00f1o del beb\u00e9<\/strong> en sus diferentes etapas de crecimiento es clave para garantizar un buen descanso tanto para el peque\u00f1o como para sus cuidadores por eso hoy en Suavinex analizamos las <strong>etapas del sue\u00f1o de un beb\u00e9<\/strong> y os damos consejos sobre c\u00f3mo establecer rutinas saludables para toda la familia.&nbsp;<\/p>\n\n\n\n<h2 class=\"wp-block-heading\">Beb\u00e9s y sue\u00f1o: el principal problema de la maternidad&nbsp;<\/h2>\n\n\n\n<p>Uno de los mayores retos que enfrentan los padres es adaptarse a las cambiantes <strong>necesidades de sue\u00f1o de los beb\u00e9s<\/strong>. Durante los primeros meses, el sue\u00f1o est\u00e1 marcado por patrones irregulares que pueden generar cansancio extremo en los cuidadores si no se comprenden y se integran de forma correcta en la rutina diaria.&nbsp;<\/p>\n\n\n\n<p>El <strong>ciclo de sue\u00f1o del beb\u00e9<\/strong> es muy diferente al de los adultos. Los reci\u00e9n nacidos tienen fases de sue\u00f1o m\u00e1s cortas y se despiertan frecuentemente para la <a href=\"https:\/\/www.suavinex.com\/livingsuavinex\/beneficios-lactancia-materna\/\" target=\"_blank\" rel=\"noreferrer noopener\">lactancia materna<\/a>. Esto es completamente normal, ya que sus peque\u00f1os est\u00f3magos no permiten largas horas de descanso continuo. Pero, por supuesto, har\u00e1 que te preguntes \u201c<a href=\"https:\/\/www.suavinex.com\/livingsuavinex\/sueno-infantil-cuando-dormira-mi-bebe\/\" target=\"_blank\" rel=\"noreferrer noopener\"><em>\u00bfcu\u00e1ndo dormir\u00e1 mi beb\u00e9 toda la noche?<\/em><\/a>\u201d puesto que tu sue\u00f1o como mam\u00e1 o pap\u00e1 (si recurr\u00eds a la <a href=\"https:\/\/www.suavinex.com\/livingsuavinex\/lactancia-mixta\/\" target=\"_blank\" rel=\"noreferrer noopener\">lactancia mixta<\/a> o a la <a href=\"https:\/\/www.suavinex.com\/livingsuavinex\/lactancia-diferida\/\" target=\"_blank\" rel=\"noreferrer noopener\">lactancia diferida<\/a>) tambi\u00e9n se ver\u00e1 interrumpido.&nbsp;<\/p>\n\n\n\n<p>Comprender estas caracter\u00edsticas, as\u00ed como las <strong>horas de sue\u00f1o <\/strong>necesarias en cada etapa, puede ayudar a los padres a manejar mejor las noches dif\u00edciles y a crear un ambiente m\u00e1s relajado para toda la familia.&nbsp;&nbsp;<\/p>\n\n\n\n<h2 class=\"wp-block-heading\">Fases del sue\u00f1o del bebe&nbsp;<\/h2>\n\n\n\n<p>El sue\u00f1o de los beb\u00e9s se divide en varias etapas que evolucionan a medida que crecen. Es decir, que las <strong>rutinas de sue\u00f1o de los beb\u00e9s<\/strong> no son iguales sino que van cambiando para cubrir necesidades espec\u00edficas de desarrollo f\u00edsico y cerebral. En general, el sue\u00f1o (tanto de bebes como de adultos, se divide en las fases REM y no REM. En los adultos, la fase no REM se subdivide en cuatro.&nbsp;&nbsp;<\/p>\n\n\n\n<h3 class=\"wp-block-heading\">Rutina de sue\u00f1o de un beb\u00e9 de 1 mes&nbsp;<\/h3>\n\n\n\n<p>En el primer mes de vida, los reci\u00e9n nacidos duermen entre 14 y 17 horas al d\u00eda, repartidas en ciclos de 2 a 4 horas. Su ciclo de sue\u00f1o<strong> <\/strong>est\u00e1 <strong>dominado por el sue\u00f1o REM<\/strong> (movimientos oculares r\u00e1pidos), una etapa fundamental para el desarrollo del cerebro y la fase de sue\u00f1o profundo, que les permite despertarse f\u00e1cilmente cuando empiezan a sentir hambre. Sin embargo, a\u00fan no tienen un ritmo circadiano establecido, por lo que no distinguen entre el d\u00eda y la noche.&nbsp;<\/p>\n\n\n\n<p>Es importante comenzar a establecer una rutina relajante antes de dormir para poder <a href=\"https:\/\/www.suavinex.com\/livingsuavinex\/como-dormir-a-un-bebe-rapido\/\" target=\"_blank\" rel=\"noreferrer noopener\">dormir al beb\u00e9<\/a> con m\u00e1s facilidad en el futuro. Crear un ambiente tranquilo y con poca luz, por ejemplo poniendo una <a href=\"https:\/\/www.suavinex.com\/alimentacion-del-bebe\/pequeno-electrodomestico\/s-lampara-penguin-i1\/p\/000000000000401145\" target=\"_blank\" rel=\"noreferrer noopener\">l\u00e1mpara de beb\u00e9 Smart Penguin <\/a>en su habitaci\u00f3n, es una de las principales recomendaciones, as\u00ed como evitar est\u00edmulos fuertes antes de acostarlos.&nbsp;<\/p>\n\n\n\n<p>Recuerda que con un <a href=\"https:\/\/www.suavinex.com\/dispositivos-smart-infantiles\/bb-vigilabebes-zen-premium\/p\/000000000000401929\" target=\"_blank\" rel=\"noreferrer noopener\">monitor de Video para Beb\u00e9s Zen Premium<\/a> podr\u00e1s estar pendiente de c\u00f3mo duerme tu beb\u00e9 y de cu\u00e1ndo se despierta para pedir pecho.&nbsp;<\/p>\n\n\n<div class=\"carrusel\"><ul class=\"recomendacion\"><li class=\"producto\"><div class=\"wrapProducto\"><a target=\"_blank\" class=\"imagen\" href=\"https:\/\/www.suavinex.com\/dispositivos-smart-infantiles\/bb-vigilabebes-zen-premium\/p\/000000000000401929\"><img decoding=\"async\" src=\"https:\/\/www.suavinex.com\/medias\/401929-VIGILA-ZEN-PREMIUM-prod-02.jpg?context=bWFzdGVyfGltYWdlc3wxMTM0OTN8aW1hZ2UvanBlZ3xpbWFnZXMvaGE2L2hkOC84ODk5ODUxMDkxOTk4LmpwZ3w1MmJiZDkyMTAzOGM4MzRiODk1MmI2ZjMyNTc0MTE1ZGMzMjA1NGQ1ZGI5NmIwZWEzYjZlM2Q1NzdjNWQ2YWUz\"><\/a><div class=\"productname\"><a target=\"_blank\" href=\"https:\/\/www.suavinex.com\/dispositivos-smart-infantiles\/bb-vigilabebes-zen-premium\/p\/000000000000401929\">Monitor de Video para Beb\u00e9s Zen Premium<\/a><div><div class=\"bloquePrecio\"><div class=\"precioProducto\">200.0 \u20ac<\/div><a target=\"_blank\" class=\"ctabuy\" href=\"https:\/\/www.suavinex.com\/dispositivos-smart-infantiles\/bb-vigilabebes-zen-premium\/p\/000000000000401929\">COMPRAR<\/a><\/div><\/div><\/li><\/ul><\/div>\n\n\n\n<h3 class=\"wp-block-heading\">Sue\u00f1o del beb\u00e9 de 5 meses&nbsp;<\/h3>\n\n\n\n<p>A los cinco meses, la <strong>evoluci\u00f3n del sue\u00f1o del beb\u00e9<\/strong> empieza a mostrar patrones m\u00e1s definidos. Notar\u00e1s que duerme menos horas (aunque a\u00fan muy por encima de las 8 horas de un adulto), con siestas repartidas durante el d\u00eda y periodos de sue\u00f1o m\u00e1s largos durante la noche.&nbsp;<\/p>\n\n\n\n<p>En esta etapa, muchos beb\u00e9s ya son capaces de dormir 5-6 horas seguidas por la noche. Sin embargo, es posible que pasen por una <a href=\"https:\/\/www.suavinex.com\/livingsuavinex\/regresiones-del-sueno-en-bebes-como-actuar-ante-una-crisis-del-sueno\/\" target=\"_blank\" rel=\"noreferrer noopener\"><strong>regresi\u00f3n del sue\u00f1o<\/strong><\/a>, un periodo donde su descanso se interrumpe debido a hitos de desarrollo como aprender a rodar o sentarse.&nbsp;<\/p>\n\n\n\n<h3 class=\"wp-block-heading\">Sue\u00f1o del beb\u00e9 de 6 meses&nbsp;<\/h3>\n\n\n\n<p>A los seis meses, el sue\u00f1o de los beb\u00e9s comienza a parecerse m\u00e1s al de los adultos. En esta etapa, las <strong>horas de sue\u00f1o para un beb\u00e9<\/strong> recomendadas se mantienen en torno a 12-15 horas diarias. La mayor\u00eda de los beb\u00e9s ya tienen un ritmo circadiano m\u00e1s definido, lo que significa que duermen m\u00e1s durante la noche y menos durante el d\u00eda.&nbsp;<\/p>\n\n\n\n<p>Algunos consejos para mejorar el sue\u00f1o del beb\u00e9 de 6 meses son:&nbsp;<\/p>\n\n\n\n<ul class=\"wp-block-list\">\n<li>Establecer una rutina fija antes de dormir (ba\u00f1o, lectura, canci\u00f3n de cuna).\u00a0<\/li>\n<\/ul>\n\n\n\n<ul class=\"wp-block-list\">\n<li>Ofrecer un objeto de apego, como un peluche o manta, para que asocien con el descanso.\u00a0<\/li>\n<\/ul>\n\n\n\n<ul class=\"wp-block-list\">\n<li>Evitar alimentarlos inmediatamente si se despiertan; darles tiempo para volver a dormir solos.\u00a0<\/li>\n<\/ul>\n\n\n\n<h3 class=\"wp-block-heading\">Fases del sue\u00f1o de un beb\u00e9 de 1 a\u00f1o&nbsp;<\/h3>\n\n\n\n<p>Al llegar al primer a\u00f1o, los beb\u00e9s suelen dormir entre 11 y 14 horas al d\u00eda. Su <strong>ciclo de sue\u00f1o beb\u00e9<\/strong> ya incluye todas las fases del sue\u00f1o que tienen los adultos: REM, sue\u00f1o ligero y sue\u00f1o profundo. Este cambio es crucial para su desarrollo f\u00edsico y cognitivo.&nbsp;<\/p>\n\n\n\n<p>En esta etapa, es importante mantener una rutina consistente, ya que ayuda a consolidar un patr\u00f3n de sue\u00f1o saludable. Los ni\u00f1os de un a\u00f1o suelen necesitar una siesta al d\u00eda, adem\u00e1s de dormir durante la noche.&nbsp;<\/p>\n\n\n\n<h2 class=\"wp-block-heading\">Qu\u00e9 hacer si tu beb\u00e9 tiene el sue\u00f1o ligero&nbsp;<\/h2>\n\n\n\n<p>El <strong>sue\u00f1o ligero<\/strong> es una caracter\u00edstica com\u00fan en los beb\u00e9s, especialmente durante los primeros meses. Esto puede ser frustrante para los padres, ya que cualquier ruido o cambio en el entorno puede despertar al peque\u00f1o. Sin embargo, hay estrategias que puedes implementar para minimizar este problema:&nbsp;<\/p>\n\n\n\n<ul class=\"wp-block-list\">\n<li><strong>Crear un entorno adecuado:<\/strong> Mant\u00e9n la habitaci\u00f3n oscura, silenciosa y a una temperatura c\u00f3moda.\u00a0<\/li>\n<\/ul>\n\n\n\n<ul class=\"wp-block-list\">\n<li><strong>Usar ruido blanco:<\/strong> Los sonidos constantes, como un ventilador o una m\u00e1quina de ruido blanco, pueden ayudar a bloquear ruidos externos.\u00a0<\/li>\n<\/ul>\n\n\n\n<ul class=\"wp-block-list\">\n<li><strong>Fomentar la independencia:<\/strong> Si tu beb\u00e9 se despierta, espera unos minutos antes de intervenir para darle la oportunidad de volver a dormir solo.\u00a0<\/li>\n<\/ul>\n\n\n\n<ul class=\"wp-block-list\">\n<li><strong>Revisar la alimentaci\u00f3n:<\/strong> Aseg\u00farate de que est\u00e9 bien alimentado antes de acostarlo para evitar despertares por hambre.\u00a0<\/li>\n<\/ul>\n\n\n\n<p>El sue\u00f1o de los beb\u00e9s es un tema desafiante pero temporal. Comprender las <strong>fases del sue\u00f1o del beb\u00e9<\/strong> y establecer rutinas adecuadas son pasos esenciales para mejorar su descanso. Con paciencia y consistencia, tanto el beb\u00e9 como los padres podr\u00e1n disfrutar de noches m\u00e1s tranquilas.&nbsp;<\/p>\n\n\n\n<p><strong>Fuentes:\u00a0<\/strong><\/p>\n\n\n\n<p><a href=\"https:\/\/saposyprincesas.elmundo.es\/consejos\/psicologia-infantil\/fases-del-sueno-del-bebe\" target=\"_blank\" rel=\"noreferrer noopener nofollow\" class=\"broken_link\">Fases del sue\u00f1o de los beb\u00e9s por etapas: todo lo que debes saber &#8211; Sapos y princesas<\/a>\u00a0<\/p>\n\n\n\n<p><a href=\"https:\/\/www.criarconsentidocomun.com\/fases-sueno-bebe\/\" target=\"_blank\" rel=\"noreferrer noopener nofollow\">Las fases del sue\u00f1o del beb\u00e9 &#8211; Criar con Sentido Com\u00fan<\/a>\u00a0<\/p>\n\n\n\n<p><a href=\"https:\/\/www.parabebes.com\/las-fases-del-sueno-del-bebe-y-sus-caracteristicas-7036.html\" target=\"_blank\" rel=\"noreferrer noopener nofollow\">Las fases del sue\u00f1o del beb\u00e9 y sus caracter\u00edsticas &#8211; Para beb\u00e9s<\/a>\u00a0<\/p>\n","protected":false},"excerpt":{"rendered":"El sue\u00f1o de los beb\u00e9s es uno de los temas que m\u00e1s preocupa a padres y madres primerizos, especialmente si dormir en el embarazo ya ha sido un poco problem\u00e1tico. La evoluci\u00f3n del sue\u00f1o del beb\u00e9 es un proceso complejo y var\u00eda significativamente en sus primeros meses de vida, lo&#8230; <a class=\"view-article\" href=\"https:\/\/www.suavinex.com\/livingsuavinex\/sueno-del-bebe\/\">Ver art\u00edculo<\/a>","protected":false},"author":297,"featured_media":46252,"comment_status":"open","ping_status":"open","sticky":false,"template":"","format":"standard","meta":{"inline_featured_image":false,"footnotes":""},"categories":[1059],"tags":[234,9],"class_list":["post-14983","post","type-post","status-publish","format-standard","has-post-thumbnail","hentry","category-postparto","tag-bebe","tag-maternidad"],"yoast_head":"<!-- This site is optimized with the Yoast SEO plugin v26.8 - https:\/\/yoast.com\/product\/yoast-seo-wordpress\/ -->\n<title>Fases del sue\u00f1o del beb\u00e9 \u00bfCu\u00e1l es el ciclo de sue\u00f1o de beb\u00e9?<\/title>\n<meta name=\"description\" content=\"La evoluci\u00f3n del sue\u00f1o del beb\u00e9 es un proceso complejo y var\u00eda significativamente en sus primeros meses de vida.\" \/>\n<meta name=\"robots\" content=\"index, follow, max-snippet:-1, max-image-preview:large, max-video-preview:-1\" \/>\n<link rel=\"canonical\" href=\"https:\/\/www.suavinex.com\/livingsuavinex\/sueno-del-bebe\/\" \/>\n<meta property=\"og:locale\" content=\"es_ES\" \/>\n<meta property=\"og:type\" content=\"article\" \/>\n<meta property=\"og:title\" content=\"Fases del sue\u00f1o del beb\u00e9 \u00bfCu\u00e1l es el ciclo de sue\u00f1o de beb\u00e9?\" \/>\n<meta property=\"og:description\" content=\"La evoluci\u00f3n del sue\u00f1o del beb\u00e9 es un proceso complejo y var\u00eda significativamente en sus primeros meses de vida.\" \/>\n<meta property=\"og:url\" content=\"https:\/\/www.suavinex.com\/livingsuavinex\/sueno-del-bebe\/\" \/>\n<meta property=\"og:site_name\" content=\"Living Suavinex\" \/>\n<meta property=\"article:publisher\" content=\"https:\/\/www.facebook.com\/SuavinexSpain\" \/>\n<meta property=\"article:published_time\" content=\"2025-01-03T07:30:00+00:00\" \/>\n<meta property=\"article:modified_time\" content=\"2025-02-03T08:56:58+00:00\" \/>\n<meta property=\"og:image\" content=\"https:\/\/www.suavinex.com\/livingsuavinex\/wp-content\/uploads\/2016\/04\/fases-sueno-bebe.webp\" \/>\n\t<meta property=\"og:image:width\" content=\"1200\" \/>\n\t<meta property=\"og:image:height\" content=\"800\" \/>\n\t<meta property=\"og:image:type\" content=\"image\/webp\" \/>\n<meta name=\"author\" content=\"Paula Gonzalo\" \/>\n<meta name=\"twitter:card\" content=\"summary_large_image\" \/>\n<meta name=\"twitter:creator\" content=\"@SuavinexSpain\" \/>\n<meta name=\"twitter:site\" content=\"@SuavinexSpain\" \/>\n<meta name=\"twitter:label1\" content=\"Escrito por\" \/>\n\t<meta name=\"twitter:data1\" content=\"Paula Gonzalo\" \/>\n\t<meta name=\"twitter:label2\" content=\"Tiempo de lectura\" \/>\n\t<meta name=\"twitter:data2\" content=\"6 minutos\" \/>\n<script type=\"application\/ld+json\" class=\"yoast-schema-graph\">{\"@context\":\"https:\/\/schema.org\",\"@graph\":[{\"@type\":\"Article\",\"@id\":\"https:\/\/www.suavinex.com\/livingsuavinex\/sueno-del-bebe\/#article\",\"isPartOf\":{\"@id\":\"https:\/\/www.suavinex.com\/livingsuavinex\/sueno-del-bebe\/\"},\"author\":{\"name\":\"Paula Gonzalo\",\"@id\":\"https:\/\/www.suavinex.com\/livingsuavinex\/#\/schema\/person\/adf54053ae070908b6a5293ef8d2c28a\"},\"headline\":\"Fases del sue\u00f1o del beb\u00e9 \u00bfCu\u00e1l es el ciclo de sue\u00f1o de beb\u00e9?\",\"datePublished\":\"2025-01-03T07:30:00+00:00\",\"dateModified\":\"2025-02-03T08:56:58+00:00\",\"mainEntityOfPage\":{\"@id\":\"https:\/\/www.suavinex.com\/livingsuavinex\/sueno-del-bebe\/\"},\"wordCount\":1235,\"commentCount\":1,\"publisher\":{\"@id\":\"https:\/\/www.suavinex.com\/livingsuavinex\/#organization\"},\"image\":{\"@id\":\"https:\/\/www.suavinex.com\/livingsuavinex\/sueno-del-bebe\/#primaryimage\"},\"thumbnailUrl\":\"https:\/\/www.suavinex.com\/livingsuavinex\/wp-content\/uploads\/2016\/04\/fases-sueno-bebe.webp\",\"keywords\":[\"Beb\u00e9\",\"Maternidad\"],\"articleSection\":[\"Postparto\"],\"inLanguage\":\"es\"},{\"@type\":\"WebPage\",\"@id\":\"https:\/\/www.suavinex.com\/livingsuavinex\/sueno-del-bebe\/\",\"url\":\"https:\/\/www.suavinex.com\/livingsuavinex\/sueno-del-bebe\/\",\"name\":\"Fases del sue\u00f1o del beb\u00e9 \u00bfCu\u00e1l es el ciclo de sue\u00f1o de beb\u00e9?\",\"isPartOf\":{\"@id\":\"https:\/\/www.suavinex.com\/livingsuavinex\/#website\"},\"primaryImageOfPage\":{\"@id\":\"https:\/\/www.suavinex.com\/livingsuavinex\/sueno-del-bebe\/#primaryimage\"},\"image\":{\"@id\":\"https:\/\/www.suavinex.com\/livingsuavinex\/sueno-del-bebe\/#primaryimage\"},\"thumbnailUrl\":\"https:\/\/www.suavinex.com\/livingsuavinex\/wp-content\/uploads\/2016\/04\/fases-sueno-bebe.webp\",\"datePublished\":\"2025-01-03T07:30:00+00:00\",\"dateModified\":\"2025-02-03T08:56:58+00:00\",\"description\":\"La evoluci\u00f3n del sue\u00f1o del beb\u00e9 es un proceso complejo y var\u00eda significativamente en sus primeros meses de vida.\",\"breadcrumb\":{\"@id\":\"https:\/\/www.suavinex.com\/livingsuavinex\/sueno-del-bebe\/#breadcrumb\"},\"inLanguage\":\"es\",\"potentialAction\":[{\"@type\":\"ReadAction\",\"target\":[\"https:\/\/www.suavinex.com\/livingsuavinex\/sueno-del-bebe\/\"]}]},{\"@type\":\"ImageObject\",\"inLanguage\":\"es\",\"@id\":\"https:\/\/www.suavinex.com\/livingsuavinex\/sueno-del-bebe\/#primaryimage\",\"url\":\"https:\/\/www.suavinex.com\/livingsuavinex\/wp-content\/uploads\/2016\/04\/fases-sueno-bebe.webp\",\"contentUrl\":\"https:\/\/www.suavinex.com\/livingsuavinex\/wp-content\/uploads\/2016\/04\/fases-sueno-bebe.webp\",\"width\":1200,\"height\":800,\"caption\":\"Fases del sue\u00f1o del beb\u00e9\"},{\"@type\":\"BreadcrumbList\",\"@id\":\"https:\/\/www.suavinex.com\/livingsuavinex\/sueno-del-bebe\/#breadcrumb\",\"itemListElement\":[{\"@type\":\"ListItem\",\"position\":1,\"name\":\"Portada\",\"item\":\"https:\/\/www.suavinex.com\/livingsuavinex\/\"},{\"@type\":\"ListItem\",\"position\":2,\"name\":\"Fases del sue\u00f1o del beb\u00e9 \u00bfCu\u00e1l es el ciclo de sue\u00f1o de beb\u00e9?\"}]},{\"@type\":\"WebSite\",\"@id\":\"https:\/\/www.suavinex.com\/livingsuavinex\/#website\",\"url\":\"https:\/\/www.suavinex.com\/livingsuavinex\/\",\"name\":\"Living Suavinex\",\"description\":\"| Familias reales\",\"publisher\":{\"@id\":\"https:\/\/www.suavinex.com\/livingsuavinex\/#organization\"},\"potentialAction\":[{\"@type\":\"SearchAction\",\"target\":{\"@type\":\"EntryPoint\",\"urlTemplate\":\"https:\/\/www.suavinex.com\/livingsuavinex\/?s={search_term_string}\"},\"query-input\":{\"@type\":\"PropertyValueSpecification\",\"valueRequired\":true,\"valueName\":\"search_term_string\"}}],\"inLanguage\":\"es\"},{\"@type\":\"Organization\",\"@id\":\"https:\/\/www.suavinex.com\/livingsuavinex\/#organization\",\"name\":\"Suavinex\",\"url\":\"https:\/\/www.suavinex.com\/livingsuavinex\/\",\"logo\":{\"@type\":\"ImageObject\",\"inLanguage\":\"es\",\"@id\":\"https:\/\/www.suavinex.com\/livingsuavinex\/#\/schema\/logo\/image\/\",\"url\":\"https:\/\/www.suavinex.com\/livingsuavinex\/wp-content\/uploads\/2018\/07\/living_sx_logo_mvl.png\",\"contentUrl\":\"https:\/\/www.suavinex.com\/livingsuavinex\/wp-content\/uploads\/2018\/07\/living_sx_logo_mvl.png\",\"width\":350,\"height\":70,\"caption\":\"Suavinex\"},\"image\":{\"@id\":\"https:\/\/www.suavinex.com\/livingsuavinex\/#\/schema\/logo\/image\/\"},\"sameAs\":[\"https:\/\/www.facebook.com\/SuavinexSpain\",\"https:\/\/x.com\/SuavinexSpain\",\"https:\/\/www.instagram.com\/suavinex_spain\/\",\"https:\/\/www.pinterest.es\/SuavinexSpain\/\",\"https:\/\/www.youtube.com\/channel\/UCgeJREx2R_ZvV2aQMrfWgcA\"]},{\"@type\":\"Person\",\"@id\":\"https:\/\/www.suavinex.com\/livingsuavinex\/#\/schema\/person\/adf54053ae070908b6a5293ef8d2c28a\",\"name\":\"Paula Gonzalo\",\"image\":{\"@type\":\"ImageObject\",\"inLanguage\":\"es\",\"@id\":\"https:\/\/www.suavinex.com\/livingsuavinex\/#\/schema\/person\/image\/\",\"url\":\"https:\/\/secure.gravatar.com\/avatar\/743d807d9020323f241090e3afb62686?s=96&d=mm&r=g\",\"contentUrl\":\"https:\/\/secure.gravatar.com\/avatar\/743d807d9020323f241090e3afb62686?s=96&d=mm&r=g\",\"caption\":\"Paula Gonzalo\"}}]}<\/script>\n<!-- \/ Yoast SEO plugin. -->","yoast_head_json":{"title":"Fases del sue\u00f1o del beb\u00e9 \u00bfCu\u00e1l es el ciclo de sue\u00f1o de beb\u00e9?","description":"La evoluci\u00f3n del sue\u00f1o del beb\u00e9 es un proceso complejo y var\u00eda significativamente en sus primeros meses de vida.","robots":{"index":"index","follow":"follow","max-snippet":"max-snippet:-1","max-image-preview":"max-image-preview:large","max-video-preview":"max-video-preview:-1"},"canonical":"https:\/\/www.suavinex.com\/livingsuavinex\/sueno-del-bebe\/","og_locale":"es_ES","og_type":"article","og_title":"Fases del sue\u00f1o del beb\u00e9 \u00bfCu\u00e1l es el ciclo de sue\u00f1o de beb\u00e9?","og_description":"La evoluci\u00f3n del sue\u00f1o del beb\u00e9 es un proceso complejo y var\u00eda significativamente en sus primeros meses de vida.","og_url":"https:\/\/www.suavinex.com\/livingsuavinex\/sueno-del-bebe\/","og_site_name":"Living Suavinex","article_publisher":"https:\/\/www.facebook.com\/SuavinexSpain","article_published_time":"2025-01-03T07:30:00+00:00","article_modified_time":"2025-02-03T08:56:58+00:00","og_image":[{"width":1200,"height":800,"url":"https:\/\/www.suavinex.com\/livingsuavinex\/wp-content\/uploads\/2016\/04\/fases-sueno-bebe.webp","type":"image\/webp"}],"author":"Paula Gonzalo","twitter_card":"summary_large_image","twitter_creator":"@SuavinexSpain","twitter_site":"@SuavinexSpain","twitter_misc":{"Escrito por":"Paula Gonzalo","Tiempo de lectura":"6 minutos"},"schema":{"@context":"https:\/\/schema.org","@graph":[{"@type":"Article","@id":"https:\/\/www.suavinex.com\/livingsuavinex\/sueno-del-bebe\/#article","isPartOf":{"@id":"https:\/\/www.suavinex.com\/livingsuavinex\/sueno-del-bebe\/"},"author":{"name":"Paula Gonzalo","@id":"https:\/\/www.suavinex.com\/livingsuavinex\/#\/schema\/person\/adf54053ae070908b6a5293ef8d2c28a"},"headline":"Fases del sue\u00f1o del beb\u00e9 \u00bfCu\u00e1l es el ciclo de sue\u00f1o de beb\u00e9?","datePublished":"2025-01-03T07:30:00+00:00","dateModified":"2025-02-03T08:56:58+00:00","mainEntityOfPage":{"@id":"https:\/\/www.suavinex.com\/livingsuavinex\/sueno-del-bebe\/"},"wordCount":1235,"commentCount":1,"publisher":{"@id":"https:\/\/www.suavinex.com\/livingsuavinex\/#organization"},"image":{"@id":"https:\/\/www.suavinex.com\/livingsuavinex\/sueno-del-bebe\/#primaryimage"},"thumbnailUrl":"https:\/\/www.suavinex.com\/livingsuavinex\/wp-content\/uploads\/2016\/04\/fases-sueno-bebe.webp","keywords":["Beb\u00e9","Maternidad"],"articleSection":["Postparto"],"inLanguage":"es"},{"@type":"WebPage","@id":"https:\/\/www.suavinex.com\/livingsuavinex\/sueno-del-bebe\/","url":"https:\/\/www.suavinex.com\/livingsuavinex\/sueno-del-bebe\/","name":"Fases del sue\u00f1o del beb\u00e9 \u00bfCu\u00e1l es el ciclo de sue\u00f1o de beb\u00e9?","isPartOf":{"@id":"https:\/\/www.suavinex.com\/livingsuavinex\/#website"},"primaryImageOfPage":{"@id":"https:\/\/www.suavinex.com\/livingsuavinex\/sueno-del-bebe\/#primaryimage"},"image":{"@id":"https:\/\/www.suavinex.com\/livingsuavinex\/sueno-del-bebe\/#primaryimage"},"thumbnailUrl":"https:\/\/www.suavinex.com\/livingsuavinex\/wp-content\/uploads\/2016\/04\/fases-sueno-bebe.webp","datePublished":"2025-01-03T07:30:00+00:00","dateModified":"2025-02-03T08:56:58+00:00","description":"La evoluci\u00f3n del sue\u00f1o del beb\u00e9 es un proceso complejo y var\u00eda significativamente en sus primeros meses de vida.","breadcrumb":{"@id":"https:\/\/www.suavinex.com\/livingsuavinex\/sueno-del-bebe\/#breadcrumb"},"inLanguage":"es","potentialAction":[{"@type":"ReadAction","target":["https:\/\/www.suavinex.com\/livingsuavinex\/sueno-del-bebe\/"]}]},{"@type":"ImageObject","inLanguage":"es","@id":"https:\/\/www.suavinex.com\/livingsuavinex\/sueno-del-bebe\/#primaryimage","url":"https:\/\/www.suavinex.com\/livingsuavinex\/wp-content\/uploads\/2016\/04\/fases-sueno-bebe.webp","contentUrl":"https:\/\/www.suavinex.com\/livingsuavinex\/wp-content\/uploads\/2016\/04\/fases-sueno-bebe.webp","width":1200,"height":800,"caption":"Fases del sue\u00f1o del beb\u00e9"},{"@type":"BreadcrumbList","@id":"https:\/\/www.suavinex.com\/livingsuavinex\/sueno-del-bebe\/#breadcrumb","itemListElement":[{"@type":"ListItem","position":1,"name":"Portada","item":"https:\/\/www.suavinex.com\/livingsuavinex\/"},{"@type":"ListItem","position":2,"name":"Fases del sue\u00f1o del beb\u00e9 \u00bfCu\u00e1l es el ciclo de sue\u00f1o de beb\u00e9?"}]},{"@type":"WebSite","@id":"https:\/\/www.suavinex.com\/livingsuavinex\/#website","url":"https:\/\/www.suavinex.com\/livingsuavinex\/","name":"Living Suavinex","description":"| Familias reales","publisher":{"@id":"https:\/\/www.suavinex.com\/livingsuavinex\/#organization"},"potentialAction":[{"@type":"SearchAction","target":{"@type":"EntryPoint","urlTemplate":"https:\/\/www.suavinex.com\/livingsuavinex\/?s={search_term_string}"},"query-input":{"@type":"PropertyValueSpecification","valueRequired":true,"valueName":"search_term_string"}}],"inLanguage":"es"},{"@type":"Organization","@id":"https:\/\/www.suavinex.com\/livingsuavinex\/#organization","name":"Suavinex","url":"https:\/\/www.suavinex.com\/livingsuavinex\/","logo":{"@type":"ImageObject","inLanguage":"es","@id":"https:\/\/www.suavinex.com\/livingsuavinex\/#\/schema\/logo\/image\/","url":"https:\/\/www.suavinex.com\/livingsuavinex\/wp-content\/uploads\/2018\/07\/living_sx_logo_mvl.png","contentUrl":"https:\/\/www.suavinex.com\/livingsuavinex\/wp-content\/uploads\/2018\/07\/living_sx_logo_mvl.png","width":350,"height":70,"caption":"Suavinex"},"image":{"@id":"https:\/\/www.suavinex.com\/livingsuavinex\/#\/schema\/logo\/image\/"},"sameAs":["https:\/\/www.facebook.com\/SuavinexSpain","https:\/\/x.com\/SuavinexSpain","https:\/\/www.instagram.com\/suavinex_spain\/","https:\/\/www.pinterest.es\/SuavinexSpain\/","https:\/\/www.youtube.com\/channel\/UCgeJREx2R_ZvV2aQMrfWgcA"]},{"@type":"Person","@id":"https:\/\/www.suavinex.com\/livingsuavinex\/#\/schema\/person\/adf54053ae070908b6a5293ef8d2c28a","name":"Paula Gonzalo","image":{"@type":"ImageObject","inLanguage":"es","@id":"https:\/\/www.suavinex.com\/livingsuavinex\/#\/schema\/person\/image\/","url":"https:\/\/secure.gravatar.com\/avatar\/743d807d9020323f241090e3afb62686?s=96&d=mm&r=g","contentUrl":"https:\/\/secure.gravatar.com\/avatar\/743d807d9020323f241090e3afb62686?s=96&d=mm&r=g","caption":"Paula Gonzalo"}}]}},"_links":{"self":[{"href":"https:\/\/www.suavinex.com\/livingsuavinex\/wp-json\/wp\/v2\/posts\/14983","targetHints":{"allow":["GET"]}}],"collection":[{"href":"https:\/\/www.suavinex.com\/livingsuavinex\/wp-json\/wp\/v2\/posts"}],"about":[{"href":"https:\/\/www.suavinex.com\/livingsuavinex\/wp-json\/wp\/v2\/types\/post"}],"author":[{"embeddable":true,"href":"https:\/\/www.suavinex.com\/livingsuavinex\/wp-json\/wp\/v2\/users\/297"}],"replies":[{"embeddable":true,"href":"https:\/\/www.suavinex.com\/livingsuavinex\/wp-json\/wp\/v2\/comments?post=14983"}],"version-history":[{"count":4,"href":"https:\/\/www.suavinex.com\/livingsuavinex\/wp-json\/wp\/v2\/posts\/14983\/revisions"}],"predecessor-version":[{"id":46253,"href":"https:\/\/www.suavinex.com\/livingsuavinex\/wp-json\/wp\/v2\/posts\/14983\/revisions\/46253"}],"wp:featuredmedia":[{"embeddable":true,"href":"https:\/\/www.suavinex.com\/livingsuavinex\/wp-json\/wp\/v2\/media\/46252"}],"wp:attachment":[{"href":"https:\/\/www.suavinex.com\/livingsuavinex\/wp-json\/wp\/v2\/media?parent=14983"}],"wp:term":[{"taxonomy":"category","embeddable":true,"href":"https:\/\/www.suavinex.com\/livingsuavinex\/wp-json\/wp\/v2\/categories?post=14983"},{"taxonomy":"post_tag","embeddable":true,"href":"https:\/\/www.suavinex.com\/livingsuavinex\/wp-json\/wp\/v2\/tags?post=14983"}],"curies":[{"name":"wp","href":"https:\/\/api.w.org\/{rel}","templated":true}]}}