{"id":14947,"date":"2023-03-17T08:30:21","date_gmt":"2023-03-17T07:30:21","guid":{"rendered":"https:\/\/www.suavinex.com\/livingsuavinex\/?p=14947"},"modified":"2025-12-16T08:38:46","modified_gmt":"2025-12-16T07:38:46","slug":"basicos-primavera-bebe","status":"publish","type":"post","link":"https:\/\/www.suavinex.com\/livingsuavinex\/basicos-primavera-bebe\/","title":{"rendered":"B\u00e1sicos de primavera para tu beb\u00e9, \u00a1que no te falte de nada!"},"content":{"rendered":"<p>La primavera ha llegado y con ella el sol, los <a href=\"https:\/\/www.suavinex.com\/livingsuavinex\/de-paseo-con-tu-bebe-imprescindibles-que-tendras-que-llevar\/\">paseos con el beb\u00e9<\/a> interminables, las tardes de parque y las escapadas de <a href=\"https:\/\/www.suavinex.com\/livingsuavinex\/imprescindibles-viajar-con-bebes-semana-santa\/\">Semana Santa con beb\u00e9s<\/a>. Pero antes de ponernos a lucir colores, es necesario preparar todo aquello que vayamos a necesitar para nuestros beb\u00e9s. Por eso te traemos los <strong>b\u00e1sicos de primavera<\/strong> que no pueden faltarte.<\/p>\n<h2 style=\"text-align: center;\"><strong>B\u00e1sicos de primavera: \u00bfQue comprar para un reci\u00e9n nacido en primavera?<\/strong><\/h2>\n<p>Lo primero que vas a necesitar es\u00a0<strong>un buen bolso<\/strong>\u00a0para el cochecito donde poder llevar todo lo necesario para vuestras salidas al parque y esas escapadas en familia. Elige uno que te proporcione el suficiente espacio para llevar contigo todo lo que m\u00e1s necesites.<\/p>\n<p>En ese bolso no debe faltar una\u00a0muselina\u00a0multiusos, igual te servir\u00e1 para un <a href=\"https:\/\/www.suavinex.com\/livingsuavinex\/cuando-y-como-cambiar-el-panal-al-bebe\/\">cambio de pa\u00f1al<\/a> en cualquier lugar, como para arropar a tu chiquit\u00edn si se queda dormidito o para evitar el sol directo si pasea en su cochecito. <strong>La muselina es la reina de los b\u00e1sicos de primavera<\/strong> y puedes conseguir la tuya con el <a href=\"https:\/\/www.suavinex.com\/bano-y-cuidado-del-bebe\/cosmetica-bebe\/pack-leche-hidratante-y-crema-facial-bebe\/p\/set_locion_facial\">Pack de Crema Hidratante<\/a> de Suavinex, que adem\u00e1s incluye una loci\u00f3n hidratante y una crema facial para el beb\u00e9, para que puedas estar preparada ante cualquier eventualidad.<\/p>\n<p>Y si hablamos de escapadas y excursiones al aire libre con un beb\u00e9 que ya ha empezado la alimentaci\u00f3n complementaria, no te puede faltar el\u00a0<a href=\"https:\/\/www.suavinex.com\/alimentacion-del-bebe\/vajilla-infantil\/s-vajilla-silicona-intense-colour-i3\/p\/000000000000401542\">Set de platos de bebe<\/a>, perfecto para llevar dos comidas para tu beb\u00e9 y con un tama\u00f1o es ideal para llevarlo en el bolso. Para hacerlo m\u00e1s especial, puedes personal\u00edzalo con el nombre de tu peque.<\/p>\n<p>Y si tu beb\u00e9 ya es un poco m\u00e1s mayor y empieza a beber solito, no olvides llevar contigo una <a href=\"https:\/\/www.suavinex.com\/alimentacion-del-bebe\/vajilla-infantil\/s-taza-de-aprendizaje-wonderland-vd-i3\/p\/000000000000402789\">Taza Aprendizaje Beb\u00e9 Wonderland<\/a>. Est\u00e1 disponible con distintos colores y dise\u00f1os alegres y es id\u00f3nea para empezar a pasar del biber\u00f3n al vaso.<\/p>\n<h2 style=\"text-align: center;\"><strong>\u00bfC\u00f3mo se viste a un beb\u00e9 en primavera?<\/strong><\/h2>\n<p>Cuando empiezan a cambiar las temperaturas y el sol empieza a asomar durante m\u00e1s tiempo y con m\u00e1s intensidad, hay algunos <strong>b\u00e1sicos de primavera para beb\u00e9s<\/strong> que tampoco te pueden faltar en el armario.<\/p>\n<p>Las caracter\u00edsticas imprescindibles de cualquier ropita que le pongas a tu beb\u00e9, es que sea de tejidos como <strong>el lino o el algod\u00f3n<\/strong>, que suaves, transpirables y cuidan la <a href=\"https:\/\/www.suavinex.com\/livingsuavinex\/piel-del-bebe\/\">piel del beb\u00e9<\/a>. Tambi\u00e9n te recomendamos que sean prendas que puedas ponerle y quitarle r\u00e1pidamente, especialmente si vas a salir de paseo, en caso de que tengas que hacer alg\u00fan cambio de pa\u00f1al de emergencia.<\/p>\n<p>Una de las <strong>prendas b\u00e1sicas de primavera<\/strong> son los bodys. Te sirven tanto para cuando hace calor como cuando hace fr\u00edo ya que los puedes encontrar de manga corta y larga. Por encima, no hay nada como una camiseta de manga larga de tela fina y suave para cuando haga d\u00edas un poco m\u00e1s fr\u00edos y de manga corta para cuando se vaya acercando el verano.<\/p>\n<p>Encontrar\u00e1s que hay muchas <strong>bermuditas y pantalones largos anchos<\/strong> mon\u00edsimos para poner a tu beb\u00e9. Los <strong>vestidos de manga larga<\/strong> tambi\u00e9n son una buena opci\u00f3n y adem\u00e1s te permitir\u00e1n tener un r\u00e1pido acceso al pa\u00f1al si es necesario.<\/p>\n<p>Por supuesto, hay que recordar que el sol es necesario pero muy da\u00f1ino, as\u00ed que no olvides ponerle unas <a href=\"https:\/\/www.suavinex.com\/gafas-sol\">gafas de sol para beb\u00e9<\/a>, una <strong>gorra o un sombrero<\/strong> con el que protegerle del sol si va en el carrito, sentado en la silla o incluso en una silla. La <a href=\"https:\/\/www.suavinex.com\/livingsuavinex\/crema-solar\/\">crema solar para reci\u00e9n nacido<\/a> es imprescindible y si puedes contar con el apoyo de una sombrilla, mejor que mejor.<\/p>\n<p><img loading=\"lazy\" decoding=\"async\" class=\"aligncenter wp-image-43728 size-full\" src=\"https:\/\/www.suavinex.com\/livingsuavinex\/wp-content\/uploads\/2016\/03\/baby-wrap-fular-portabebe-azul.jpg\" alt=\"baby wrap. fular portabeb\u00e9 azul\" width=\"700\" height=\"300\" srcset=\"https:\/\/www.suavinex.com\/livingsuavinex\/wp-content\/uploads\/2016\/03\/baby-wrap-fular-portabebe-azul.jpg 700w, https:\/\/www.suavinex.com\/livingsuavinex\/wp-content\/uploads\/2016\/03\/baby-wrap-fular-portabebe-azul-300x129.jpg 300w, https:\/\/www.suavinex.com\/livingsuavinex\/wp-content\/uploads\/2016\/03\/baby-wrap-fular-portabebe-azul-200x86.jpg 200w, https:\/\/www.suavinex.com\/livingsuavinex\/wp-content\/uploads\/2016\/03\/baby-wrap-fular-portabebe-azul-400x171.jpg 400w, https:\/\/www.suavinex.com\/livingsuavinex\/wp-content\/uploads\/2016\/03\/baby-wrap-fular-portabebe-azul-600x257.jpg 600w\" sizes=\"auto, (max-width: 700px) 100vw, 700px\" \/><\/p>\n<p>Y, finalmente, para cuando toque ir a dormir, un <strong>pijamita de una sola pieza<\/strong>, fino, pero de manga larga, conseguir\u00e1 que duerma c\u00f3modo y c\u00e1lido sin pasar calor. Si quieres ayudarle a descansar, puedes asegurarte de que la humedad del ambiente es la m\u00e1s apropiada con el <a href=\"https:\/\/www.suavinex.com\/alimentacion-del-bebe\/pequeno-electrodomestico\/s-humidificador-smart-i3\/p\/000000000000401134\">Humidificador SMART para beb\u00e9s<\/a>.<\/p>\n<h2 style=\"text-align: center;\"><strong>B\u00e1sicos de primavera de <a href=\"https:\/\/www.suavinex.com\/bano-y-cuidado-del-bebe\/cosmetica-bebe\/c\/0051\">cosm\u00e9tica para beb\u00e9s<\/a><\/strong><\/h2>\n<p>Ya sabes que la piel de los beb\u00e9s es muy delicada y hay que cuidarla mucho durante todo el a\u00f1o. Por ese motivo, hay algunas cremas y otros productos de cosm\u00e9tica que no puedes olvidar tener en casa y en el bolso. Ya te hemos mencionado la <a href=\"https:\/\/www.suavinex.com\/bano-y-cuidado-del-bebe\/cosmetica-bebe\/pack-leche-hidratante-y-crema-facial-bebe\/p\/set_locion_facial\">Mi primera crema facial <\/a>, que adem\u00e1s de hidratar, le protege del sol cuando sal\u00eds de paseo. Otra buena idea es hacerse con el <a href=\"https:\/\/www.suavinex.com\/accesorios-guarderia\/sets-de-guarderia\/baseguarderia1\/p\/base_guarderia1\">Pack especial paseo culito limpio<\/a> para cuando salg\u00e1is a pasear. Est\u00e9is donde est\u00e9is, podr\u00e1s cambiarle el pa\u00f1al y darle los mejores cuidados para que se sienta limpito y feliz. En el Bolso para Carro Beb\u00e9 Rosa con Cosm\u00e9tica\u00a0encontrar\u00e1s todo lo que necesitas para cuidar de la piel de tu bebe y limpiarla a diario, todo guardado en un pr\u00e1ctico y mon\u00edsimo neceser con estampados florales muy de acuerdo con la estaci\u00f3n.<\/p>\n<p>Con estos <strong>b\u00e1sicos de primavera<\/strong>, la estaci\u00f3n ser\u00e1 a\u00fan m\u00e1s especial, si cabe. \u00bfQu\u00e9 te han parecido? \u00bfYa has hecho la lista de lo que necesitas? Recuerda que puedes encontrar todos los productos de Suavinex en nuestra tienda online y en tu farmacia m\u00e1s cercana. Y en nuestra <a href=\"https:\/\/www.suavinex.com\/regalos-para-bebes\/canastillas-y-cestas-para-bebes\/canastilla-regalo-bonhomia-baby-verde-con-biberones-de-vidrio\/p\/canastilla_bonhomia_verde_biberones\">Canastilla Regalo Bonhomia Verde con Biberones de Vidrio<\/a> tienes todo lo necesario.<\/p>\n<p><a href=\"https:\/\/www.suavinex.com\/regalos-para-bebes\/canastillas-y-cestas-para-bebes\/canastilla-regalo-bonhomia-baby-verde-con-biberones-de-vidrio\/p\/canastilla_bonhomia_verde_biberones\"><img loading=\"lazy\" decoding=\"async\" class=\"aligncenter wp-image-43729 size-full\" src=\"https:\/\/www.suavinex.com\/livingsuavinex\/wp-content\/uploads\/2016\/03\/Canastilla-Regalo-Bonhomia-Verde-con-Biberones-de-Vidrio.jpg\" alt=\"Canastilla Regalo Bonhomia Verde con Biberones de Vidrio\" width=\"700\" height=\"300\" srcset=\"https:\/\/www.suavinex.com\/livingsuavinex\/wp-content\/uploads\/2016\/03\/Canastilla-Regalo-Bonhomia-Verde-con-Biberones-de-Vidrio.jpg 700w, https:\/\/www.suavinex.com\/livingsuavinex\/wp-content\/uploads\/2016\/03\/Canastilla-Regalo-Bonhomia-Verde-con-Biberones-de-Vidrio-300x129.jpg 300w, https:\/\/www.suavinex.com\/livingsuavinex\/wp-content\/uploads\/2016\/03\/Canastilla-Regalo-Bonhomia-Verde-con-Biberones-de-Vidrio-200x86.jpg 200w, https:\/\/www.suavinex.com\/livingsuavinex\/wp-content\/uploads\/2016\/03\/Canastilla-Regalo-Bonhomia-Verde-con-Biberones-de-Vidrio-400x171.jpg 400w, https:\/\/www.suavinex.com\/livingsuavinex\/wp-content\/uploads\/2016\/03\/Canastilla-Regalo-Bonhomia-Verde-con-Biberones-de-Vidrio-600x257.jpg 600w\" sizes=\"auto, (max-width: 700px) 100vw, 700px\" \/><\/a><\/p>\n<p><a href=\"https:\/\/www.suavinex.com\/livingsuavinex\/registro-crm\/\"><img loading=\"lazy\" decoding=\"async\" class=\"aligncenter wp-image-42187 size-full\" src=\"https:\/\/www.suavinex.com\/livingsuavinex\/wp-content\/uploads\/2021\/11\/Suavinex-Newsletter.jpg\" alt=\"Suavinex Newsletter\" width=\"690\" height=\"212\" srcset=\"https:\/\/www.suavinex.com\/livingsuavinex\/wp-content\/uploads\/2021\/11\/Suavinex-Newsletter.jpg 690w, https:\/\/www.suavinex.com\/livingsuavinex\/wp-content\/uploads\/2021\/11\/Suavinex-Newsletter-300x92.jpg 300w, https:\/\/www.suavinex.com\/livingsuavinex\/wp-content\/uploads\/2021\/11\/Suavinex-Newsletter-200x61.jpg 200w, https:\/\/www.suavinex.com\/livingsuavinex\/wp-content\/uploads\/2021\/11\/Suavinex-Newsletter-400x123.jpg 400w, https:\/\/www.suavinex.com\/livingsuavinex\/wp-content\/uploads\/2021\/11\/Suavinex-Newsletter-600x184.jpg 600w\" sizes=\"auto, (max-width: 690px) 100vw, 690px\" \/><\/a><\/p>\n","protected":false},"excerpt":{"rendered":"La primavera ha llegado y con ella el sol, los paseos con el beb\u00e9 interminables, las tardes de parque y las escapadas de Semana Santa con beb\u00e9s. Pero antes de ponernos a lucir colores, es necesario preparar todo aquello que vayamos a necesitar para nuestros beb\u00e9s. Por eso te traemos&#8230; <a class=\"view-article\" href=\"https:\/\/www.suavinex.com\/livingsuavinex\/basicos-primavera-bebe\/\">Ver art\u00edculo<\/a>","protected":false},"author":288,"featured_media":43730,"comment_status":"open","ping_status":"open","sticky":false,"template":"","format":"standard","meta":{"inline_featured_image":false,"footnotes":""},"categories":[2277],"tags":[234,1080],"class_list":["post-14947","post","type-post","status-publish","format-standard","has-post-thumbnail","hentry","category-tendencias","tag-bebe","tag-producto-suavinex"],"yoast_head":"<!-- This site is optimized with the Yoast SEO plugin v26.8 - https:\/\/yoast.com\/product\/yoast-seo-wordpress\/ -->\n<title>B\u00e1sicos de primavera para tu beb\u00e9, \u00a1que no te falte de nada!<\/title>\n<meta name=\"description\" content=\"Te presentamos algunos b\u00e1sicos de primavera que no te pueden faltar. Para que disfrutes de los d\u00edas m\u00e1s largos con tu peque.\" \/>\n<meta name=\"robots\" content=\"index, follow, max-snippet:-1, max-image-preview:large, max-video-preview:-1\" \/>\n<link rel=\"canonical\" href=\"https:\/\/www.suavinex.com\/livingsuavinex\/basicos-primavera-bebe\/\" \/>\n<meta property=\"og:locale\" content=\"es_ES\" \/>\n<meta property=\"og:type\" content=\"article\" \/>\n<meta property=\"og:title\" content=\"B\u00e1sicos de primavera para tu beb\u00e9, \u00a1que no te falte de nada!\" \/>\n<meta property=\"og:description\" content=\"Te presentamos algunos b\u00e1sicos de primavera que no te pueden faltar. Para que disfrutes de los d\u00edas m\u00e1s largos con tu peque.\" \/>\n<meta property=\"og:url\" content=\"https:\/\/www.suavinex.com\/livingsuavinex\/basicos-primavera-bebe\/\" \/>\n<meta property=\"og:site_name\" content=\"Living Suavinex\" \/>\n<meta property=\"article:publisher\" content=\"https:\/\/www.facebook.com\/SuavinexSpain\" \/>\n<meta property=\"article:published_time\" content=\"2023-03-17T07:30:21+00:00\" \/>\n<meta property=\"article:modified_time\" content=\"2025-12-16T07:38:46+00:00\" \/>\n<meta property=\"og:image\" content=\"https:\/\/www.suavinex.com\/livingsuavinex\/wp-content\/uploads\/2016\/03\/basicos-primavera-bebe.jpg\" \/>\n\t<meta property=\"og:image:width\" content=\"1200\" \/>\n\t<meta property=\"og:image:height\" content=\"800\" \/>\n\t<meta property=\"og:image:type\" content=\"image\/jpeg\" \/>\n<meta name=\"author\" content=\"Living Suavinex\" \/>\n<meta name=\"twitter:card\" content=\"summary_large_image\" \/>\n<meta name=\"twitter:creator\" content=\"@SuavinexSpain\" \/>\n<meta name=\"twitter:site\" content=\"@SuavinexSpain\" \/>\n<meta name=\"twitter:label1\" content=\"Escrito por\" \/>\n\t<meta name=\"twitter:data1\" content=\"Living Suavinex\" \/>\n\t<meta name=\"twitter:label2\" content=\"Tiempo de lectura\" \/>\n\t<meta name=\"twitter:data2\" content=\"5 minutos\" \/>\n<script type=\"application\/ld+json\" class=\"yoast-schema-graph\">{\"@context\":\"https:\/\/schema.org\",\"@graph\":[{\"@type\":\"Article\",\"@id\":\"https:\/\/www.suavinex.com\/livingsuavinex\/basicos-primavera-bebe\/#article\",\"isPartOf\":{\"@id\":\"https:\/\/www.suavinex.com\/livingsuavinex\/basicos-primavera-bebe\/\"},\"author\":{\"name\":\"Living Suavinex\",\"@id\":\"https:\/\/www.suavinex.com\/livingsuavinex\/#\/schema\/person\/64fd7b62c88b0024a3ceeffb47f07eb6\"},\"headline\":\"B\u00e1sicos de primavera para tu beb\u00e9, \u00a1que no te falte de nada!\",\"datePublished\":\"2023-03-17T07:30:21+00:00\",\"dateModified\":\"2025-12-16T07:38:46+00:00\",\"mainEntityOfPage\":{\"@id\":\"https:\/\/www.suavinex.com\/livingsuavinex\/basicos-primavera-bebe\/\"},\"wordCount\":928,\"commentCount\":0,\"publisher\":{\"@id\":\"https:\/\/www.suavinex.com\/livingsuavinex\/#organization\"},\"image\":{\"@id\":\"https:\/\/www.suavinex.com\/livingsuavinex\/basicos-primavera-bebe\/#primaryimage\"},\"thumbnailUrl\":\"https:\/\/www.suavinex.com\/livingsuavinex\/wp-content\/uploads\/2016\/03\/basicos-primavera-bebe.jpg\",\"keywords\":[\"Beb\u00e9\",\"Producto Suavinex\"],\"articleSection\":[\"Tendencias\"],\"inLanguage\":\"es\"},{\"@type\":\"WebPage\",\"@id\":\"https:\/\/www.suavinex.com\/livingsuavinex\/basicos-primavera-bebe\/\",\"url\":\"https:\/\/www.suavinex.com\/livingsuavinex\/basicos-primavera-bebe\/\",\"name\":\"B\u00e1sicos de primavera para tu beb\u00e9, \u00a1que no te falte de nada!\",\"isPartOf\":{\"@id\":\"https:\/\/www.suavinex.com\/livingsuavinex\/#website\"},\"primaryImageOfPage\":{\"@id\":\"https:\/\/www.suavinex.com\/livingsuavinex\/basicos-primavera-bebe\/#primaryimage\"},\"image\":{\"@id\":\"https:\/\/www.suavinex.com\/livingsuavinex\/basicos-primavera-bebe\/#primaryimage\"},\"thumbnailUrl\":\"https:\/\/www.suavinex.com\/livingsuavinex\/wp-content\/uploads\/2016\/03\/basicos-primavera-bebe.jpg\",\"datePublished\":\"2023-03-17T07:30:21+00:00\",\"dateModified\":\"2025-12-16T07:38:46+00:00\",\"description\":\"Te presentamos algunos b\u00e1sicos de primavera que no te pueden faltar. Para que disfrutes de los d\u00edas m\u00e1s largos con tu peque.\",\"breadcrumb\":{\"@id\":\"https:\/\/www.suavinex.com\/livingsuavinex\/basicos-primavera-bebe\/#breadcrumb\"},\"inLanguage\":\"es\",\"potentialAction\":[{\"@type\":\"ReadAction\",\"target\":[\"https:\/\/www.suavinex.com\/livingsuavinex\/basicos-primavera-bebe\/\"]}]},{\"@type\":\"ImageObject\",\"inLanguage\":\"es\",\"@id\":\"https:\/\/www.suavinex.com\/livingsuavinex\/basicos-primavera-bebe\/#primaryimage\",\"url\":\"https:\/\/www.suavinex.com\/livingsuavinex\/wp-content\/uploads\/2016\/03\/basicos-primavera-bebe.jpg\",\"contentUrl\":\"https:\/\/www.suavinex.com\/livingsuavinex\/wp-content\/uploads\/2016\/03\/basicos-primavera-bebe.jpg\",\"width\":1200,\"height\":800},{\"@type\":\"BreadcrumbList\",\"@id\":\"https:\/\/www.suavinex.com\/livingsuavinex\/basicos-primavera-bebe\/#breadcrumb\",\"itemListElement\":[{\"@type\":\"ListItem\",\"position\":1,\"name\":\"Portada\",\"item\":\"https:\/\/www.suavinex.com\/livingsuavinex\/\"},{\"@type\":\"ListItem\",\"position\":2,\"name\":\"B\u00e1sicos de primavera para tu beb\u00e9, \u00a1que no te falte de nada!\"}]},{\"@type\":\"WebSite\",\"@id\":\"https:\/\/www.suavinex.com\/livingsuavinex\/#website\",\"url\":\"https:\/\/www.suavinex.com\/livingsuavinex\/\",\"name\":\"Living Suavinex\",\"description\":\"| Familias reales\",\"publisher\":{\"@id\":\"https:\/\/www.suavinex.com\/livingsuavinex\/#organization\"},\"potentialAction\":[{\"@type\":\"SearchAction\",\"target\":{\"@type\":\"EntryPoint\",\"urlTemplate\":\"https:\/\/www.suavinex.com\/livingsuavinex\/?s={search_term_string}\"},\"query-input\":{\"@type\":\"PropertyValueSpecification\",\"valueRequired\":true,\"valueName\":\"search_term_string\"}}],\"inLanguage\":\"es\"},{\"@type\":\"Organization\",\"@id\":\"https:\/\/www.suavinex.com\/livingsuavinex\/#organization\",\"name\":\"Suavinex\",\"url\":\"https:\/\/www.suavinex.com\/livingsuavinex\/\",\"logo\":{\"@type\":\"ImageObject\",\"inLanguage\":\"es\",\"@id\":\"https:\/\/www.suavinex.com\/livingsuavinex\/#\/schema\/logo\/image\/\",\"url\":\"https:\/\/www.suavinex.com\/livingsuavinex\/wp-content\/uploads\/2018\/07\/living_sx_logo_mvl.png\",\"contentUrl\":\"https:\/\/www.suavinex.com\/livingsuavinex\/wp-content\/uploads\/2018\/07\/living_sx_logo_mvl.png\",\"width\":350,\"height\":70,\"caption\":\"Suavinex\"},\"image\":{\"@id\":\"https:\/\/www.suavinex.com\/livingsuavinex\/#\/schema\/logo\/image\/\"},\"sameAs\":[\"https:\/\/www.facebook.com\/SuavinexSpain\",\"https:\/\/x.com\/SuavinexSpain\",\"https:\/\/www.instagram.com\/suavinex_spain\/\",\"https:\/\/www.pinterest.es\/SuavinexSpain\/\",\"https:\/\/www.youtube.com\/channel\/UCgeJREx2R_ZvV2aQMrfWgcA\"]},{\"@type\":\"Person\",\"@id\":\"https:\/\/www.suavinex.com\/livingsuavinex\/#\/schema\/person\/64fd7b62c88b0024a3ceeffb47f07eb6\",\"name\":\"Living Suavinex\",\"image\":{\"@type\":\"ImageObject\",\"inLanguage\":\"es\",\"@id\":\"https:\/\/www.suavinex.com\/livingsuavinex\/#\/schema\/person\/image\/\",\"url\":\"https:\/\/www.suavinex.com\/livingsuavinex\/wp-content\/uploads\/2017\/05\/Living-Suavinex_avatar-96x96.png\",\"contentUrl\":\"https:\/\/www.suavinex.com\/livingsuavinex\/wp-content\/uploads\/2017\/05\/Living-Suavinex_avatar-96x96.png\",\"caption\":\"Living Suavinex\"}}]}<\/script>\n<!-- \/ Yoast SEO plugin. -->","yoast_head_json":{"title":"B\u00e1sicos de primavera para tu beb\u00e9, \u00a1que no te falte de nada!","description":"Te presentamos algunos b\u00e1sicos de primavera que no te pueden faltar. Para que disfrutes de los d\u00edas m\u00e1s largos con tu peque.","robots":{"index":"index","follow":"follow","max-snippet":"max-snippet:-1","max-image-preview":"max-image-preview:large","max-video-preview":"max-video-preview:-1"},"canonical":"https:\/\/www.suavinex.com\/livingsuavinex\/basicos-primavera-bebe\/","og_locale":"es_ES","og_type":"article","og_title":"B\u00e1sicos de primavera para tu beb\u00e9, \u00a1que no te falte de nada!","og_description":"Te presentamos algunos b\u00e1sicos de primavera que no te pueden faltar. Para que disfrutes de los d\u00edas m\u00e1s largos con tu peque.","og_url":"https:\/\/www.suavinex.com\/livingsuavinex\/basicos-primavera-bebe\/","og_site_name":"Living Suavinex","article_publisher":"https:\/\/www.facebook.com\/SuavinexSpain","article_published_time":"2023-03-17T07:30:21+00:00","article_modified_time":"2025-12-16T07:38:46+00:00","og_image":[{"width":1200,"height":800,"url":"https:\/\/www.suavinex.com\/livingsuavinex\/wp-content\/uploads\/2016\/03\/basicos-primavera-bebe.jpg","type":"image\/jpeg"}],"author":"Living Suavinex","twitter_card":"summary_large_image","twitter_creator":"@SuavinexSpain","twitter_site":"@SuavinexSpain","twitter_misc":{"Escrito por":"Living Suavinex","Tiempo de lectura":"5 minutos"},"schema":{"@context":"https:\/\/schema.org","@graph":[{"@type":"Article","@id":"https:\/\/www.suavinex.com\/livingsuavinex\/basicos-primavera-bebe\/#article","isPartOf":{"@id":"https:\/\/www.suavinex.com\/livingsuavinex\/basicos-primavera-bebe\/"},"author":{"name":"Living Suavinex","@id":"https:\/\/www.suavinex.com\/livingsuavinex\/#\/schema\/person\/64fd7b62c88b0024a3ceeffb47f07eb6"},"headline":"B\u00e1sicos de primavera para tu beb\u00e9, \u00a1que no te falte de nada!","datePublished":"2023-03-17T07:30:21+00:00","dateModified":"2025-12-16T07:38:46+00:00","mainEntityOfPage":{"@id":"https:\/\/www.suavinex.com\/livingsuavinex\/basicos-primavera-bebe\/"},"wordCount":928,"commentCount":0,"publisher":{"@id":"https:\/\/www.suavinex.com\/livingsuavinex\/#organization"},"image":{"@id":"https:\/\/www.suavinex.com\/livingsuavinex\/basicos-primavera-bebe\/#primaryimage"},"thumbnailUrl":"https:\/\/www.suavinex.com\/livingsuavinex\/wp-content\/uploads\/2016\/03\/basicos-primavera-bebe.jpg","keywords":["Beb\u00e9","Producto Suavinex"],"articleSection":["Tendencias"],"inLanguage":"es"},{"@type":"WebPage","@id":"https:\/\/www.suavinex.com\/livingsuavinex\/basicos-primavera-bebe\/","url":"https:\/\/www.suavinex.com\/livingsuavinex\/basicos-primavera-bebe\/","name":"B\u00e1sicos de primavera para tu beb\u00e9, \u00a1que no te falte de nada!","isPartOf":{"@id":"https:\/\/www.suavinex.com\/livingsuavinex\/#website"},"primaryImageOfPage":{"@id":"https:\/\/www.suavinex.com\/livingsuavinex\/basicos-primavera-bebe\/#primaryimage"},"image":{"@id":"https:\/\/www.suavinex.com\/livingsuavinex\/basicos-primavera-bebe\/#primaryimage"},"thumbnailUrl":"https:\/\/www.suavinex.com\/livingsuavinex\/wp-content\/uploads\/2016\/03\/basicos-primavera-bebe.jpg","datePublished":"2023-03-17T07:30:21+00:00","dateModified":"2025-12-16T07:38:46+00:00","description":"Te presentamos algunos b\u00e1sicos de primavera que no te pueden faltar. Para que disfrutes de los d\u00edas m\u00e1s largos con tu peque.","breadcrumb":{"@id":"https:\/\/www.suavinex.com\/livingsuavinex\/basicos-primavera-bebe\/#breadcrumb"},"inLanguage":"es","potentialAction":[{"@type":"ReadAction","target":["https:\/\/www.suavinex.com\/livingsuavinex\/basicos-primavera-bebe\/"]}]},{"@type":"ImageObject","inLanguage":"es","@id":"https:\/\/www.suavinex.com\/livingsuavinex\/basicos-primavera-bebe\/#primaryimage","url":"https:\/\/www.suavinex.com\/livingsuavinex\/wp-content\/uploads\/2016\/03\/basicos-primavera-bebe.jpg","contentUrl":"https:\/\/www.suavinex.com\/livingsuavinex\/wp-content\/uploads\/2016\/03\/basicos-primavera-bebe.jpg","width":1200,"height":800},{"@type":"BreadcrumbList","@id":"https:\/\/www.suavinex.com\/livingsuavinex\/basicos-primavera-bebe\/#breadcrumb","itemListElement":[{"@type":"ListItem","position":1,"name":"Portada","item":"https:\/\/www.suavinex.com\/livingsuavinex\/"},{"@type":"ListItem","position":2,"name":"B\u00e1sicos de primavera para tu beb\u00e9, \u00a1que no te falte de nada!"}]},{"@type":"WebSite","@id":"https:\/\/www.suavinex.com\/livingsuavinex\/#website","url":"https:\/\/www.suavinex.com\/livingsuavinex\/","name":"Living Suavinex","description":"| Familias reales","publisher":{"@id":"https:\/\/www.suavinex.com\/livingsuavinex\/#organization"},"potentialAction":[{"@type":"SearchAction","target":{"@type":"EntryPoint","urlTemplate":"https:\/\/www.suavinex.com\/livingsuavinex\/?s={search_term_string}"},"query-input":{"@type":"PropertyValueSpecification","valueRequired":true,"valueName":"search_term_string"}}],"inLanguage":"es"},{"@type":"Organization","@id":"https:\/\/www.suavinex.com\/livingsuavinex\/#organization","name":"Suavinex","url":"https:\/\/www.suavinex.com\/livingsuavinex\/","logo":{"@type":"ImageObject","inLanguage":"es","@id":"https:\/\/www.suavinex.com\/livingsuavinex\/#\/schema\/logo\/image\/","url":"https:\/\/www.suavinex.com\/livingsuavinex\/wp-content\/uploads\/2018\/07\/living_sx_logo_mvl.png","contentUrl":"https:\/\/www.suavinex.com\/livingsuavinex\/wp-content\/uploads\/2018\/07\/living_sx_logo_mvl.png","width":350,"height":70,"caption":"Suavinex"},"image":{"@id":"https:\/\/www.suavinex.com\/livingsuavinex\/#\/schema\/logo\/image\/"},"sameAs":["https:\/\/www.facebook.com\/SuavinexSpain","https:\/\/x.com\/SuavinexSpain","https:\/\/www.instagram.com\/suavinex_spain\/","https:\/\/www.pinterest.es\/SuavinexSpain\/","https:\/\/www.youtube.com\/channel\/UCgeJREx2R_ZvV2aQMrfWgcA"]},{"@type":"Person","@id":"https:\/\/www.suavinex.com\/livingsuavinex\/#\/schema\/person\/64fd7b62c88b0024a3ceeffb47f07eb6","name":"Living Suavinex","image":{"@type":"ImageObject","inLanguage":"es","@id":"https:\/\/www.suavinex.com\/livingsuavinex\/#\/schema\/person\/image\/","url":"https:\/\/www.suavinex.com\/livingsuavinex\/wp-content\/uploads\/2017\/05\/Living-Suavinex_avatar-96x96.png","contentUrl":"https:\/\/www.suavinex.com\/livingsuavinex\/wp-content\/uploads\/2017\/05\/Living-Suavinex_avatar-96x96.png","caption":"Living Suavinex"}}]}},"_links":{"self":[{"href":"https:\/\/www.suavinex.com\/livingsuavinex\/wp-json\/wp\/v2\/posts\/14947","targetHints":{"allow":["GET"]}}],"collection":[{"href":"https:\/\/www.suavinex.com\/livingsuavinex\/wp-json\/wp\/v2\/posts"}],"about":[{"href":"https:\/\/www.suavinex.com\/livingsuavinex\/wp-json\/wp\/v2\/types\/post"}],"author":[{"embeddable":true,"href":"https:\/\/www.suavinex.com\/livingsuavinex\/wp-json\/wp\/v2\/users\/288"}],"replies":[{"embeddable":true,"href":"https:\/\/www.suavinex.com\/livingsuavinex\/wp-json\/wp\/v2\/comments?post=14947"}],"version-history":[{"count":13,"href":"https:\/\/www.suavinex.com\/livingsuavinex\/wp-json\/wp\/v2\/posts\/14947\/revisions"}],"predecessor-version":[{"id":46811,"href":"https:\/\/www.suavinex.com\/livingsuavinex\/wp-json\/wp\/v2\/posts\/14947\/revisions\/46811"}],"wp:featuredmedia":[{"embeddable":true,"href":"https:\/\/www.suavinex.com\/livingsuavinex\/wp-json\/wp\/v2\/media\/43730"}],"wp:attachment":[{"href":"https:\/\/www.suavinex.com\/livingsuavinex\/wp-json\/wp\/v2\/media?parent=14947"}],"wp:term":[{"taxonomy":"category","embeddable":true,"href":"https:\/\/www.suavinex.com\/livingsuavinex\/wp-json\/wp\/v2\/categories?post=14947"},{"taxonomy":"post_tag","embeddable":true,"href":"https:\/\/www.suavinex.com\/livingsuavinex\/wp-json\/wp\/v2\/tags?post=14947"}],"curies":[{"name":"wp","href":"https:\/\/api.w.org\/{rel}","templated":true}]}}