{"id":14725,"date":"2023-07-07T08:30:17","date_gmt":"2023-07-07T06:30:17","guid":{"rendered":"https:\/\/www.suavinex.com\/livingsuavinex\/?p=14725"},"modified":"2023-07-07T10:58:48","modified_gmt":"2023-07-07T08:58:48","slug":"vista-recien-nacido","status":"publish","type":"post","link":"https:\/\/www.suavinex.com\/livingsuavinex\/vista-recien-nacido\/","title":{"rendered":"La vista del reci\u00e9n nacido y c\u00f3mo se desarrolla"},"content":{"rendered":"<p>\u00bfC\u00f3mo ve tu beb\u00e9? \u00bfC\u00f3mo percibe todo ese nuevo mundo que se abre ante sus ojos? Seguro que te has hecho estas preguntas, \u00bfverdad? Aunque el desarrollo visual de tu\u00a0chiquit\u00edn se da hacia el sexto mes de embarazo,\u00a0<strong>las vista del reci\u00e9n nacido<\/strong> se sigue desarrollando de forma continua despu\u00e9s del parto. De hecho, no se completar\u00e1 hasta su s\u00e9ptimo a\u00f1o de vida. Incre\u00edble, \u00bfno os parece? Te contamos c\u00f3mo es la vista del reci\u00e9n nacido.<\/p>\n<h2 style=\"text-align: center;\"><strong>Nada m\u00e1s nacer<\/strong><\/h2>\n<p><strong>Nada m\u00e1s nacer el beb\u00e9 ver\u00e1 borroso<\/strong>, desenfocado y siempre a una distancia corta, no ser\u00e1 capaz de ver objetos o personas a una distancia superior a 25 cm. Tampoco perciben al principio colores, algo que con el paso de las semanas ir\u00e1 cambiando, progresivamente comenzar\u00e1 a distinguirlos. El movimiento, los contrastes le llamar\u00e1n mucho la atenci\u00f3n y reaccionar\u00e1 ante ellos. Esos est\u00edmulos favorecer\u00e1n enormemente su desarrollo visual en los siguientes meses. Evita las luces fuertes o el flash de la c\u00e1mara, suele ser muy molesto incluso da\u00f1ino para los reci\u00e9n nacidos.<\/p>\n<p>En las primeras semanas puede que notes que tu beb\u00e9 se pone bizco cuando intenta mirar algo concreto, no le des importancia todav\u00eda\u00a0<strong>tiene que aprender a coordinar ambos ojos.<\/strong>\u00a0Si sigue sucediendo despu\u00e9s de cumplir los seis meses, cons\u00faltalo con el <a href=\"https:\/\/www.suavinex.com\/livingsuavinex\/pediatras-y-salud-infantil\/\">pediatra<\/a>.<\/p>\n<p>No dudes en\u00a0<strong>estimularle con juguetes que tengan colores vivos y fuertes<\/strong>, que ser\u00e1n los que antes logre percibir. Los colores m\u00e1s suaves no los ver\u00e1 al principio y por ese motivo perder\u00e1 inter\u00e9s.<\/p>\n<h2 style=\"text-align: center;\"><strong>La vista del reci\u00e9n nacido a partir de los dos meses<\/strong><\/h2>\n<p>A\u00a0<strong>partir de los dos meses comenzar\u00e1 a percibir las caras.\u00a0<\/strong>Por eso\u00a0le llamar\u00e1n mucho la atenci\u00f3n los gestos y las diferentes partes de los rostros de mam\u00e1 o pap\u00e1. Y entonces \u00a1comienza a descubrir lo que est\u00e1 a su alrededor! Logra focalizar mejor, lo que le permitir\u00e1 buscar. Se encontrar\u00e1 con sus manitas o sus pies, que explorar\u00e1 \u00e1vidamente.\u00a0<strong>Te seguir\u00e1 con la mirada si no est\u00e1s muy lejos<\/strong>, observar\u00e1 tu cara detenidamente. Notar\u00e1s que ha empezado a darse cuenta del mundo que le rodea.<\/p>\n<p>Ser\u00e1 en este momento, entre los dos y tres meses cuando tu pediatra realizar\u00e1 una <strong>evaluaci\u00f3n del desarrollo visual de tu beb\u00e9<\/strong>, para comprobar que todo se ha desarrollado seg\u00fan lo esperado y no detecta <a href=\"https:\/\/www.suavinex.com\/livingsuavinex\/vision_ninos\/\">problemas en la visi\u00f3n del beb\u00e9<\/a>.<\/p>\n<p>En caso de notar que tu beb\u00e9 no realiza lo indicado anteriormente es conveniente hac\u00e9rselo saber a vuestro pediatra.<\/p>\n<h2 style=\"text-align: center;\"><strong>La vista del beb\u00e9 a partir de los seis meses<\/strong><\/h2>\n<p>A los seis meses, el beb\u00e9 ya tiene una <strong>visi\u00f3n casi igual a la de un adulto<\/strong> en cuanto a agudeza visual, campo visual y percepci\u00f3n de profundidad. Puede ver objetos lejanos y cercanos con claridad y diferenciar todos los colores y matices. Tambi\u00e9n puede localizar objetos en el espacio y anticipar sus trayectorias.<\/p>\n<p>No ser\u00e1 hasta su primer a\u00f1o, que tu beb\u00e9 obtendr\u00e1 una visi\u00f3n tridimensional con la que pueda apreciar las distancias y las dimensiones de los objetos con exactitud. Su coordinaci\u00f3n ojo-mano mejorar\u00e1 y podr\u00e1 manipular objetos con mayor destreza. Tambi\u00e9n podr\u00e1 reconocer rostros familiares y extra\u00f1os con facilidad.<\/p>\n<h2 style=\"text-align: center;\"><strong>C\u00f3mo estimular la vista del beb\u00e9<\/strong><\/h2>\n<p>La <strong>estimulaci\u00f3n visual<\/strong> es fundamental para favorecer el desarrollo de la vista del beb\u00e9. Algunas actividades que pueden ayudar son:<\/p>\n<ul>\n<li>Ofrecer al beb\u00e9 juguetes adecuados a su edad, que sean coloridos, contrastados, con diferentes texturas, formas y sonidos.<\/li>\n<li>Colocar un m\u00f3vil sobre la cuna o el cambiador del beb\u00e9, que tenga figuras geom\u00e9tricas, animales o personajes que capten su atenci\u00f3n.<\/li>\n<li>Mostrar al beb\u00e9 libros ilustrados con im\u00e1genes grandes, simples y llamativas.<\/li>\n<li>Jugar al cuc\u00fa-tras con el beb\u00e9, escondiendo y mostrando el rostro o un objeto detr\u00e1s de las manos o de un pa\u00f1uelo.<\/li>\n<li>Cantar al beb\u00e9 canciones infantiles acompa\u00f1adas de gestos faciales exagerados.<\/li>\n<li>Mirar al beb\u00e9 a los ojos cuando se le habla o se le alimenta, sonriendo y expresando afecto.<\/li>\n<li>Llevar al beb\u00e9 a lugares diferentes donde pueda observar distintos paisajes, personas, animales y objetos.<\/li>\n<\/ul>\n<p>La vista del reci\u00e9n nacido es un <strong>sentido que necesita de cuidados y est\u00edmulos<\/strong> para alcanzar su m\u00e1ximo potencial y que no alcanzar\u00e1 su m\u00e1ximo desarrollo hasta que cumpla los 10 a\u00f1os. Con una adecuada estimulaci\u00f3n visual, el beb\u00e9 podr\u00e1 disfrutar de un mundo lleno de colores, formas y sensaciones que le ayudar\u00e1n a crecer feliz y saludable.<\/p>\n<h2 style=\"text-align: center;\"><strong>Proteger la vista del reci\u00e9n nacido<\/strong><\/h2>\n<p>Cuando vayas al pediatra con tu beb\u00e9 a hacer las revisiones peri\u00f3dicas, puedes preguntar m\u00e1s detalles acerca de c\u00f3mo proteger la vista de tu beb\u00e9. Las visitas al oftalm\u00f3logo deber\u00edan ser peri\u00f3dicas una vez que se haga lo suficientemente mayor como para poder seguir las instrucciones de los tests, pero antes tambi\u00e9n <strong>necesitar\u00e1n cuidados<\/strong>.<\/p>\n<p>Una dieta equilibrada y un estilo de vida sano ser\u00e1n cruciales para la <strong>salud de los ojos<\/strong> de tu beb\u00e9 y si tienes dudas sobre <a href=\"https:\/\/www.suavinex.com\/livingsuavinex\/cuando-poner-gafas-de-sol-a-un-bebe\/\">cu\u00e1ndo poner gafas de sol a un beb\u00e9<\/a>, recuerda que no es necesario hacerlo cuando est\u00e9n durmiendo o con los ojos cerrados, incluso si est\u00e1n expuestos a la luz. En cualquier caso, mientras no se muevan de forma independiente no deber\u00edan pasar tiempo al sol porque la <a href=\"https:\/\/www.suavinex.com\/livingsuavinex\/piel-del-bebe\/\">piel del beb\u00e9<\/a> es muy delicada, as\u00ed como sus ojos. Las <a href=\"https:\/\/www.suavinex.com\/livingsuavinex\/las-mejores-gafas-de-sol-para-bebes\/\">mejores gafas de sol para beb\u00e9s<\/a> puedes encontrarlas en el nuevo cat\u00e1logo de <a href=\"https:\/\/www.suavinex.com\/gafas-sol\">gafas de sol para beb\u00e9<\/a> de Suavinex.<\/p>\n<p>Encontrar\u00e1s de diferentes edades, como las <a href=\"https:\/\/www.suavinex.com\/accesorios-guarderia\/gafas-de-sol\/nuevas-gafas-de-sol-infantiles-cuadradas-polarizadas-azul\/p\/gafas-sol-cuadrada-azul\">Gafas de sol beb\u00e9 0-12 Meses polarizadas, redonda Rosa<\/a> con Patillas muy flexibles y super ligeras.<\/p>\n<p><img loading=\"lazy\" decoding=\"async\" class=\"aligncenter size-full wp-image-43854\" src=\"https:\/\/www.suavinex.com\/livingsuavinex\/wp-content\/uploads\/2022\/05\/Gafas-de-sol-bebe-0-12-Meses-polarizadas-redonda-Rosa.jpg\" alt=\"Gafas de sol beb\u00e9 0-12 Meses polarizadas, redonda Rosa\" width=\"700\" height=\"300\" srcset=\"https:\/\/www.suavinex.com\/livingsuavinex\/wp-content\/uploads\/2022\/05\/Gafas-de-sol-bebe-0-12-Meses-polarizadas-redonda-Rosa.jpg 700w, https:\/\/www.suavinex.com\/livingsuavinex\/wp-content\/uploads\/2022\/05\/Gafas-de-sol-bebe-0-12-Meses-polarizadas-redonda-Rosa-300x129.jpg 300w, https:\/\/www.suavinex.com\/livingsuavinex\/wp-content\/uploads\/2022\/05\/Gafas-de-sol-bebe-0-12-Meses-polarizadas-redonda-Rosa-200x86.jpg 200w, https:\/\/www.suavinex.com\/livingsuavinex\/wp-content\/uploads\/2022\/05\/Gafas-de-sol-bebe-0-12-Meses-polarizadas-redonda-Rosa-400x171.jpg 400w, https:\/\/www.suavinex.com\/livingsuavinex\/wp-content\/uploads\/2022\/05\/Gafas-de-sol-bebe-0-12-Meses-polarizadas-redonda-Rosa-600x257.jpg 600w\" sizes=\"auto, (max-width: 700px) 100vw, 700px\" \/><\/p>\n<p>O para ni\u00f1os m\u00e1s mayores dispones de estas <a href=\"https:\/\/www.suavinex.com\/accesorios-guarderia\/gafas-de-sol\/s-gafas-sol-3y-8y-beige-i3\/p\/000000000000308548\">Gafas de sol ni\u00f1o 3-8 A\u00f1os polarizadas, Azul<\/a>\u00a0con un amplio espectro de protecci\u00f3n 100% UVB y UVA<\/p>\n<p><a href=\"https:\/\/www.suavinex.com\/accesorios-guarderia\/gafas-de-sol\/s-gafas-sol-3y-8y-beige-i3\/p\/000000000000308548\"><img loading=\"lazy\" decoding=\"async\" class=\"aligncenter wp-image-43853 size-full\" src=\"https:\/\/www.suavinex.com\/livingsuavinex\/wp-content\/uploads\/2022\/05\/Gafas-de-sol-nino-3-8-Anos-polarizadas-Azul.jpg\" alt=\"\" width=\"700\" height=\"300\" srcset=\"https:\/\/www.suavinex.com\/livingsuavinex\/wp-content\/uploads\/2022\/05\/Gafas-de-sol-nino-3-8-Anos-polarizadas-Azul.jpg 700w, https:\/\/www.suavinex.com\/livingsuavinex\/wp-content\/uploads\/2022\/05\/Gafas-de-sol-nino-3-8-Anos-polarizadas-Azul-300x129.jpg 300w, https:\/\/www.suavinex.com\/livingsuavinex\/wp-content\/uploads\/2022\/05\/Gafas-de-sol-nino-3-8-Anos-polarizadas-Azul-200x86.jpg 200w, https:\/\/www.suavinex.com\/livingsuavinex\/wp-content\/uploads\/2022\/05\/Gafas-de-sol-nino-3-8-Anos-polarizadas-Azul-400x171.jpg 400w, https:\/\/www.suavinex.com\/livingsuavinex\/wp-content\/uploads\/2022\/05\/Gafas-de-sol-nino-3-8-Anos-polarizadas-Azul-600x257.jpg 600w\" sizes=\"auto, (max-width: 700px) 100vw, 700px\" \/><\/a><\/p>\n<p>Y para ni\u00f1os de hasta 2 a\u00f1os encontrar\u00e1s modelos como estas <a href=\"https:\/\/www.suavinex.com\/accesorios-guarderia\/gafas-de-sol\/nuevas-gafas-de-sol-infantiles-redondas-polarizadas-azul\/p\/gafas-sol-redonda-azul\">Gafas de sol beb\u00e9 12-24 Meses polarizadas, Tie-Dye<\/a>.<\/p>\n<p><a href=\"https:\/\/www.suavinex.com\/accesorios-guarderia\/gafas-de-sol\/nuevas-gafas-de-sol-infantiles-redondas-polarizadas-azul\/p\/gafas-sol-redonda-azul\"><img loading=\"lazy\" decoding=\"async\" class=\"aligncenter wp-image-43852 size-full\" src=\"https:\/\/www.suavinex.com\/livingsuavinex\/wp-content\/uploads\/2022\/05\/Gafas-de-sol-bebe-12-24-Meses-polarizadas-Tie-Dye.jpg\" alt=\"Gafas de sol ni\u00f1o 3-8 A\u00f1os polarizadas, Tie-Dye\" width=\"700\" height=\"300\" srcset=\"https:\/\/www.suavinex.com\/livingsuavinex\/wp-content\/uploads\/2022\/05\/Gafas-de-sol-bebe-12-24-Meses-polarizadas-Tie-Dye.jpg 700w, https:\/\/www.suavinex.com\/livingsuavinex\/wp-content\/uploads\/2022\/05\/Gafas-de-sol-bebe-12-24-Meses-polarizadas-Tie-Dye-300x129.jpg 300w, https:\/\/www.suavinex.com\/livingsuavinex\/wp-content\/uploads\/2022\/05\/Gafas-de-sol-bebe-12-24-Meses-polarizadas-Tie-Dye-200x86.jpg 200w, https:\/\/www.suavinex.com\/livingsuavinex\/wp-content\/uploads\/2022\/05\/Gafas-de-sol-bebe-12-24-Meses-polarizadas-Tie-Dye-400x171.jpg 400w, https:\/\/www.suavinex.com\/livingsuavinex\/wp-content\/uploads\/2022\/05\/Gafas-de-sol-bebe-12-24-Meses-polarizadas-Tie-Dye-600x257.jpg 600w\" sizes=\"auto, (max-width: 700px) 100vw, 700px\" \/><\/a><\/p>\n<p>&nbsp;<\/p>\n<p>\u00a1Echa un vistazo a los diferentes modelos desde 0 a m\u00e1s de 36 meses.!<\/p>\n<p>&nbsp;<\/p>\n<p>Fuentes:<\/p>\n<p><a href=\"https:\/\/www.guiainfantil.com\/blog\/447\/como-estimular-la-vision-del-bebe.html\">C\u00f3mo estimular la visi\u00f3n del beb\u00e9<\/a> \u2013 Guia Infantil<\/p>\n<p><a href=\"https:\/\/www.aao.org\/salud-ocular\/consejos\/desarrollo-de-la-visi%C3%B3n-reci%C3%A9n-nacido-hasta-los-12\">Desarrollo de la visi\u00f3n: reci\u00e9n nacido hasta los 12 meses<\/a> \u2013 American Academy of Ophthalmology<\/p>\n<p><a href=\"https:\/\/www.dodot.es\/recien-nacido\/crecimiento-y-desarrollo\/articulo\/cuando-empiezan-a-ver-los-bebes\">\u00bfCu\u00e1ndo empiezan a ver los beb\u00e9s? \u00bfQu\u00e9 y c\u00f3mo lo ven?<\/a> \u2013 Dodot<\/p>\n<p><a href=\"https:\/\/www.healthychildren.org\/spanish\/ages-stages\/baby\/paginas\/your-baby%27s-vision-1-month.aspx\" class=\"broken_link\">La visi\u00f3n de su reci\u00e9n nacido<\/a> \u2013 Healthy Children<\/p>\n<p><a href=\"https:\/\/www.suavinex.com\/livingsuavinex\/registro-crm\/\"><img loading=\"lazy\" decoding=\"async\" class=\"aligncenter wp-image-42187 size-full\" src=\"https:\/\/www.suavinex.com\/livingsuavinex\/wp-content\/uploads\/2021\/11\/Suavinex-Newsletter.jpg\" alt=\"Suavinex Newsletter\" width=\"690\" height=\"212\" srcset=\"https:\/\/www.suavinex.com\/livingsuavinex\/wp-content\/uploads\/2021\/11\/Suavinex-Newsletter.jpg 690w, https:\/\/www.suavinex.com\/livingsuavinex\/wp-content\/uploads\/2021\/11\/Suavinex-Newsletter-300x92.jpg 300w, https:\/\/www.suavinex.com\/livingsuavinex\/wp-content\/uploads\/2021\/11\/Suavinex-Newsletter-200x61.jpg 200w, https:\/\/www.suavinex.com\/livingsuavinex\/wp-content\/uploads\/2021\/11\/Suavinex-Newsletter-400x123.jpg 400w, https:\/\/www.suavinex.com\/livingsuavinex\/wp-content\/uploads\/2021\/11\/Suavinex-Newsletter-600x184.jpg 600w\" sizes=\"auto, (max-width: 690px) 100vw, 690px\" \/><\/a><\/p>\n","protected":false},"excerpt":{"rendered":"\u00bfC\u00f3mo ve tu beb\u00e9? \u00bfC\u00f3mo percibe todo ese nuevo mundo que se abre ante sus ojos? Seguro que te has hecho estas preguntas, \u00bfverdad? Aunque el desarrollo visual de tu\u00a0chiquit\u00edn se da hacia el sexto mes de embarazo,\u00a0las vista del reci\u00e9n nacido se sigue desarrollando de forma continua despu\u00e9s del&#8230; <a class=\"view-article\" href=\"https:\/\/www.suavinex.com\/livingsuavinex\/vista-recien-nacido\/\">Ver art\u00edculo<\/a>","protected":false},"author":288,"featured_media":44028,"comment_status":"closed","ping_status":"closed","sticky":false,"template":"","format":"standard","meta":{"inline_featured_image":false,"footnotes":""},"categories":[2272],"tags":[234,9,944],"class_list":["post-14725","post","type-post","status-publish","format-standard","has-post-thumbnail","hentry","category-tips-crianza","tag-bebe","tag-maternidad","tag-salud"],"yoast_head":"<!-- This site is optimized with the Yoast SEO plugin v26.8 - https:\/\/yoast.com\/product\/yoast-seo-wordpress\/ -->\n<title>La vista del reci\u00e9n nacido y c\u00f3mo se desarrolla<\/title>\n<meta name=\"description\" content=\"La vista del reci\u00e9n nacido continua su desarrollo hasta los seis meses de edad. Te contamos c\u00f3mo ve y cu\u00e1les son las etapas por las que pasar\u00e1.\" \/>\n<meta name=\"robots\" content=\"index, follow, max-snippet:-1, max-image-preview:large, max-video-preview:-1\" \/>\n<link rel=\"canonical\" href=\"https:\/\/www.suavinex.com\/livingsuavinex\/vista-recien-nacido\/\" \/>\n<meta property=\"og:locale\" content=\"es_ES\" \/>\n<meta property=\"og:type\" content=\"article\" \/>\n<meta property=\"og:title\" content=\"La vista del reci\u00e9n nacido y c\u00f3mo se desarrolla\" \/>\n<meta property=\"og:description\" content=\"La vista del reci\u00e9n nacido continua su desarrollo hasta los seis meses de edad. Te contamos c\u00f3mo ve y cu\u00e1les son las etapas por las que pasar\u00e1.\" \/>\n<meta property=\"og:url\" content=\"https:\/\/www.suavinex.com\/livingsuavinex\/vista-recien-nacido\/\" \/>\n<meta property=\"og:site_name\" content=\"Living Suavinex\" \/>\n<meta property=\"article:publisher\" content=\"https:\/\/www.facebook.com\/SuavinexSpain\" \/>\n<meta property=\"article:published_time\" content=\"2023-07-07T06:30:17+00:00\" \/>\n<meta property=\"article:modified_time\" content=\"2023-07-07T08:58:48+00:00\" \/>\n<meta property=\"og:image\" content=\"https:\/\/www.suavinex.com\/livingsuavinex\/wp-content\/uploads\/2023\/07\/vista-bebe.jpg\" \/>\n\t<meta property=\"og:image:width\" content=\"1200\" \/>\n\t<meta property=\"og:image:height\" content=\"800\" \/>\n\t<meta property=\"og:image:type\" content=\"image\/jpeg\" \/>\n<meta name=\"author\" content=\"Living Suavinex\" \/>\n<meta name=\"twitter:card\" content=\"summary_large_image\" \/>\n<meta name=\"twitter:creator\" content=\"@SuavinexSpain\" \/>\n<meta name=\"twitter:site\" content=\"@SuavinexSpain\" \/>\n<meta name=\"twitter:label1\" content=\"Escrito por\" \/>\n\t<meta name=\"twitter:data1\" content=\"Living Suavinex\" \/>\n\t<meta name=\"twitter:label2\" content=\"Tiempo de lectura\" \/>\n\t<meta name=\"twitter:data2\" content=\"6 minutos\" \/>\n<script type=\"application\/ld+json\" class=\"yoast-schema-graph\">{\"@context\":\"https:\/\/schema.org\",\"@graph\":[{\"@type\":\"Article\",\"@id\":\"https:\/\/www.suavinex.com\/livingsuavinex\/vista-recien-nacido\/#article\",\"isPartOf\":{\"@id\":\"https:\/\/www.suavinex.com\/livingsuavinex\/vista-recien-nacido\/\"},\"author\":{\"name\":\"Living Suavinex\",\"@id\":\"https:\/\/www.suavinex.com\/livingsuavinex\/#\/schema\/person\/64fd7b62c88b0024a3ceeffb47f07eb6\"},\"headline\":\"La vista del reci\u00e9n nacido y c\u00f3mo se desarrolla\",\"datePublished\":\"2023-07-07T06:30:17+00:00\",\"dateModified\":\"2023-07-07T08:58:48+00:00\",\"mainEntityOfPage\":{\"@id\":\"https:\/\/www.suavinex.com\/livingsuavinex\/vista-recien-nacido\/\"},\"wordCount\":1106,\"publisher\":{\"@id\":\"https:\/\/www.suavinex.com\/livingsuavinex\/#organization\"},\"image\":{\"@id\":\"https:\/\/www.suavinex.com\/livingsuavinex\/vista-recien-nacido\/#primaryimage\"},\"thumbnailUrl\":\"https:\/\/www.suavinex.com\/livingsuavinex\/wp-content\/uploads\/2023\/07\/vista-bebe.jpg\",\"keywords\":[\"Beb\u00e9\",\"Maternidad\",\"Salud\"],\"articleSection\":[\"Tips de crianza\"],\"inLanguage\":\"es\"},{\"@type\":\"WebPage\",\"@id\":\"https:\/\/www.suavinex.com\/livingsuavinex\/vista-recien-nacido\/\",\"url\":\"https:\/\/www.suavinex.com\/livingsuavinex\/vista-recien-nacido\/\",\"name\":\"La vista del reci\u00e9n nacido y c\u00f3mo se desarrolla\",\"isPartOf\":{\"@id\":\"https:\/\/www.suavinex.com\/livingsuavinex\/#website\"},\"primaryImageOfPage\":{\"@id\":\"https:\/\/www.suavinex.com\/livingsuavinex\/vista-recien-nacido\/#primaryimage\"},\"image\":{\"@id\":\"https:\/\/www.suavinex.com\/livingsuavinex\/vista-recien-nacido\/#primaryimage\"},\"thumbnailUrl\":\"https:\/\/www.suavinex.com\/livingsuavinex\/wp-content\/uploads\/2023\/07\/vista-bebe.jpg\",\"datePublished\":\"2023-07-07T06:30:17+00:00\",\"dateModified\":\"2023-07-07T08:58:48+00:00\",\"description\":\"La vista del reci\u00e9n nacido continua su desarrollo hasta los seis meses de edad. Te contamos c\u00f3mo ve y cu\u00e1les son las etapas por las que pasar\u00e1.\",\"breadcrumb\":{\"@id\":\"https:\/\/www.suavinex.com\/livingsuavinex\/vista-recien-nacido\/#breadcrumb\"},\"inLanguage\":\"es\",\"potentialAction\":[{\"@type\":\"ReadAction\",\"target\":[\"https:\/\/www.suavinex.com\/livingsuavinex\/vista-recien-nacido\/\"]}]},{\"@type\":\"ImageObject\",\"inLanguage\":\"es\",\"@id\":\"https:\/\/www.suavinex.com\/livingsuavinex\/vista-recien-nacido\/#primaryimage\",\"url\":\"https:\/\/www.suavinex.com\/livingsuavinex\/wp-content\/uploads\/2023\/07\/vista-bebe.jpg\",\"contentUrl\":\"https:\/\/www.suavinex.com\/livingsuavinex\/wp-content\/uploads\/2023\/07\/vista-bebe.jpg\",\"width\":1200,\"height\":800,\"caption\":\"Vista del beb\u00e9\"},{\"@type\":\"BreadcrumbList\",\"@id\":\"https:\/\/www.suavinex.com\/livingsuavinex\/vista-recien-nacido\/#breadcrumb\",\"itemListElement\":[{\"@type\":\"ListItem\",\"position\":1,\"name\":\"Portada\",\"item\":\"https:\/\/www.suavinex.com\/livingsuavinex\/\"},{\"@type\":\"ListItem\",\"position\":2,\"name\":\"La vista del reci\u00e9n nacido y c\u00f3mo se desarrolla\"}]},{\"@type\":\"WebSite\",\"@id\":\"https:\/\/www.suavinex.com\/livingsuavinex\/#website\",\"url\":\"https:\/\/www.suavinex.com\/livingsuavinex\/\",\"name\":\"Living Suavinex\",\"description\":\"| Familias reales\",\"publisher\":{\"@id\":\"https:\/\/www.suavinex.com\/livingsuavinex\/#organization\"},\"potentialAction\":[{\"@type\":\"SearchAction\",\"target\":{\"@type\":\"EntryPoint\",\"urlTemplate\":\"https:\/\/www.suavinex.com\/livingsuavinex\/?s={search_term_string}\"},\"query-input\":{\"@type\":\"PropertyValueSpecification\",\"valueRequired\":true,\"valueName\":\"search_term_string\"}}],\"inLanguage\":\"es\"},{\"@type\":\"Organization\",\"@id\":\"https:\/\/www.suavinex.com\/livingsuavinex\/#organization\",\"name\":\"Suavinex\",\"url\":\"https:\/\/www.suavinex.com\/livingsuavinex\/\",\"logo\":{\"@type\":\"ImageObject\",\"inLanguage\":\"es\",\"@id\":\"https:\/\/www.suavinex.com\/livingsuavinex\/#\/schema\/logo\/image\/\",\"url\":\"https:\/\/www.suavinex.com\/livingsuavinex\/wp-content\/uploads\/2018\/07\/living_sx_logo_mvl.png\",\"contentUrl\":\"https:\/\/www.suavinex.com\/livingsuavinex\/wp-content\/uploads\/2018\/07\/living_sx_logo_mvl.png\",\"width\":350,\"height\":70,\"caption\":\"Suavinex\"},\"image\":{\"@id\":\"https:\/\/www.suavinex.com\/livingsuavinex\/#\/schema\/logo\/image\/\"},\"sameAs\":[\"https:\/\/www.facebook.com\/SuavinexSpain\",\"https:\/\/x.com\/SuavinexSpain\",\"https:\/\/www.instagram.com\/suavinex_spain\/\",\"https:\/\/www.pinterest.es\/SuavinexSpain\/\",\"https:\/\/www.youtube.com\/channel\/UCgeJREx2R_ZvV2aQMrfWgcA\"]},{\"@type\":\"Person\",\"@id\":\"https:\/\/www.suavinex.com\/livingsuavinex\/#\/schema\/person\/64fd7b62c88b0024a3ceeffb47f07eb6\",\"name\":\"Living Suavinex\",\"image\":{\"@type\":\"ImageObject\",\"inLanguage\":\"es\",\"@id\":\"https:\/\/www.suavinex.com\/livingsuavinex\/#\/schema\/person\/image\/\",\"url\":\"https:\/\/www.suavinex.com\/livingsuavinex\/wp-content\/uploads\/2017\/05\/Living-Suavinex_avatar-96x96.png\",\"contentUrl\":\"https:\/\/www.suavinex.com\/livingsuavinex\/wp-content\/uploads\/2017\/05\/Living-Suavinex_avatar-96x96.png\",\"caption\":\"Living Suavinex\"}}]}<\/script>\n<!-- \/ Yoast SEO plugin. -->","yoast_head_json":{"title":"La vista del reci\u00e9n nacido y c\u00f3mo se desarrolla","description":"La vista del reci\u00e9n nacido continua su desarrollo hasta los seis meses de edad. Te contamos c\u00f3mo ve y cu\u00e1les son las etapas por las que pasar\u00e1.","robots":{"index":"index","follow":"follow","max-snippet":"max-snippet:-1","max-image-preview":"max-image-preview:large","max-video-preview":"max-video-preview:-1"},"canonical":"https:\/\/www.suavinex.com\/livingsuavinex\/vista-recien-nacido\/","og_locale":"es_ES","og_type":"article","og_title":"La vista del reci\u00e9n nacido y c\u00f3mo se desarrolla","og_description":"La vista del reci\u00e9n nacido continua su desarrollo hasta los seis meses de edad. Te contamos c\u00f3mo ve y cu\u00e1les son las etapas por las que pasar\u00e1.","og_url":"https:\/\/www.suavinex.com\/livingsuavinex\/vista-recien-nacido\/","og_site_name":"Living Suavinex","article_publisher":"https:\/\/www.facebook.com\/SuavinexSpain","article_published_time":"2023-07-07T06:30:17+00:00","article_modified_time":"2023-07-07T08:58:48+00:00","og_image":[{"width":1200,"height":800,"url":"https:\/\/www.suavinex.com\/livingsuavinex\/wp-content\/uploads\/2023\/07\/vista-bebe.jpg","type":"image\/jpeg"}],"author":"Living Suavinex","twitter_card":"summary_large_image","twitter_creator":"@SuavinexSpain","twitter_site":"@SuavinexSpain","twitter_misc":{"Escrito por":"Living Suavinex","Tiempo de lectura":"6 minutos"},"schema":{"@context":"https:\/\/schema.org","@graph":[{"@type":"Article","@id":"https:\/\/www.suavinex.com\/livingsuavinex\/vista-recien-nacido\/#article","isPartOf":{"@id":"https:\/\/www.suavinex.com\/livingsuavinex\/vista-recien-nacido\/"},"author":{"name":"Living Suavinex","@id":"https:\/\/www.suavinex.com\/livingsuavinex\/#\/schema\/person\/64fd7b62c88b0024a3ceeffb47f07eb6"},"headline":"La vista del reci\u00e9n nacido y c\u00f3mo se desarrolla","datePublished":"2023-07-07T06:30:17+00:00","dateModified":"2023-07-07T08:58:48+00:00","mainEntityOfPage":{"@id":"https:\/\/www.suavinex.com\/livingsuavinex\/vista-recien-nacido\/"},"wordCount":1106,"publisher":{"@id":"https:\/\/www.suavinex.com\/livingsuavinex\/#organization"},"image":{"@id":"https:\/\/www.suavinex.com\/livingsuavinex\/vista-recien-nacido\/#primaryimage"},"thumbnailUrl":"https:\/\/www.suavinex.com\/livingsuavinex\/wp-content\/uploads\/2023\/07\/vista-bebe.jpg","keywords":["Beb\u00e9","Maternidad","Salud"],"articleSection":["Tips de crianza"],"inLanguage":"es"},{"@type":"WebPage","@id":"https:\/\/www.suavinex.com\/livingsuavinex\/vista-recien-nacido\/","url":"https:\/\/www.suavinex.com\/livingsuavinex\/vista-recien-nacido\/","name":"La vista del reci\u00e9n nacido y c\u00f3mo se desarrolla","isPartOf":{"@id":"https:\/\/www.suavinex.com\/livingsuavinex\/#website"},"primaryImageOfPage":{"@id":"https:\/\/www.suavinex.com\/livingsuavinex\/vista-recien-nacido\/#primaryimage"},"image":{"@id":"https:\/\/www.suavinex.com\/livingsuavinex\/vista-recien-nacido\/#primaryimage"},"thumbnailUrl":"https:\/\/www.suavinex.com\/livingsuavinex\/wp-content\/uploads\/2023\/07\/vista-bebe.jpg","datePublished":"2023-07-07T06:30:17+00:00","dateModified":"2023-07-07T08:58:48+00:00","description":"La vista del reci\u00e9n nacido continua su desarrollo hasta los seis meses de edad. Te contamos c\u00f3mo ve y cu\u00e1les son las etapas por las que pasar\u00e1.","breadcrumb":{"@id":"https:\/\/www.suavinex.com\/livingsuavinex\/vista-recien-nacido\/#breadcrumb"},"inLanguage":"es","potentialAction":[{"@type":"ReadAction","target":["https:\/\/www.suavinex.com\/livingsuavinex\/vista-recien-nacido\/"]}]},{"@type":"ImageObject","inLanguage":"es","@id":"https:\/\/www.suavinex.com\/livingsuavinex\/vista-recien-nacido\/#primaryimage","url":"https:\/\/www.suavinex.com\/livingsuavinex\/wp-content\/uploads\/2023\/07\/vista-bebe.jpg","contentUrl":"https:\/\/www.suavinex.com\/livingsuavinex\/wp-content\/uploads\/2023\/07\/vista-bebe.jpg","width":1200,"height":800,"caption":"Vista del beb\u00e9"},{"@type":"BreadcrumbList","@id":"https:\/\/www.suavinex.com\/livingsuavinex\/vista-recien-nacido\/#breadcrumb","itemListElement":[{"@type":"ListItem","position":1,"name":"Portada","item":"https:\/\/www.suavinex.com\/livingsuavinex\/"},{"@type":"ListItem","position":2,"name":"La vista del reci\u00e9n nacido y c\u00f3mo se desarrolla"}]},{"@type":"WebSite","@id":"https:\/\/www.suavinex.com\/livingsuavinex\/#website","url":"https:\/\/www.suavinex.com\/livingsuavinex\/","name":"Living Suavinex","description":"| Familias reales","publisher":{"@id":"https:\/\/www.suavinex.com\/livingsuavinex\/#organization"},"potentialAction":[{"@type":"SearchAction","target":{"@type":"EntryPoint","urlTemplate":"https:\/\/www.suavinex.com\/livingsuavinex\/?s={search_term_string}"},"query-input":{"@type":"PropertyValueSpecification","valueRequired":true,"valueName":"search_term_string"}}],"inLanguage":"es"},{"@type":"Organization","@id":"https:\/\/www.suavinex.com\/livingsuavinex\/#organization","name":"Suavinex","url":"https:\/\/www.suavinex.com\/livingsuavinex\/","logo":{"@type":"ImageObject","inLanguage":"es","@id":"https:\/\/www.suavinex.com\/livingsuavinex\/#\/schema\/logo\/image\/","url":"https:\/\/www.suavinex.com\/livingsuavinex\/wp-content\/uploads\/2018\/07\/living_sx_logo_mvl.png","contentUrl":"https:\/\/www.suavinex.com\/livingsuavinex\/wp-content\/uploads\/2018\/07\/living_sx_logo_mvl.png","width":350,"height":70,"caption":"Suavinex"},"image":{"@id":"https:\/\/www.suavinex.com\/livingsuavinex\/#\/schema\/logo\/image\/"},"sameAs":["https:\/\/www.facebook.com\/SuavinexSpain","https:\/\/x.com\/SuavinexSpain","https:\/\/www.instagram.com\/suavinex_spain\/","https:\/\/www.pinterest.es\/SuavinexSpain\/","https:\/\/www.youtube.com\/channel\/UCgeJREx2R_ZvV2aQMrfWgcA"]},{"@type":"Person","@id":"https:\/\/www.suavinex.com\/livingsuavinex\/#\/schema\/person\/64fd7b62c88b0024a3ceeffb47f07eb6","name":"Living Suavinex","image":{"@type":"ImageObject","inLanguage":"es","@id":"https:\/\/www.suavinex.com\/livingsuavinex\/#\/schema\/person\/image\/","url":"https:\/\/www.suavinex.com\/livingsuavinex\/wp-content\/uploads\/2017\/05\/Living-Suavinex_avatar-96x96.png","contentUrl":"https:\/\/www.suavinex.com\/livingsuavinex\/wp-content\/uploads\/2017\/05\/Living-Suavinex_avatar-96x96.png","caption":"Living Suavinex"}}]}},"_links":{"self":[{"href":"https:\/\/www.suavinex.com\/livingsuavinex\/wp-json\/wp\/v2\/posts\/14725","targetHints":{"allow":["GET"]}}],"collection":[{"href":"https:\/\/www.suavinex.com\/livingsuavinex\/wp-json\/wp\/v2\/posts"}],"about":[{"href":"https:\/\/www.suavinex.com\/livingsuavinex\/wp-json\/wp\/v2\/types\/post"}],"author":[{"embeddable":true,"href":"https:\/\/www.suavinex.com\/livingsuavinex\/wp-json\/wp\/v2\/users\/288"}],"replies":[{"embeddable":true,"href":"https:\/\/www.suavinex.com\/livingsuavinex\/wp-json\/wp\/v2\/comments?post=14725"}],"version-history":[{"count":9,"href":"https:\/\/www.suavinex.com\/livingsuavinex\/wp-json\/wp\/v2\/posts\/14725\/revisions"}],"predecessor-version":[{"id":44026,"href":"https:\/\/www.suavinex.com\/livingsuavinex\/wp-json\/wp\/v2\/posts\/14725\/revisions\/44026"}],"wp:featuredmedia":[{"embeddable":true,"href":"https:\/\/www.suavinex.com\/livingsuavinex\/wp-json\/wp\/v2\/media\/44028"}],"wp:attachment":[{"href":"https:\/\/www.suavinex.com\/livingsuavinex\/wp-json\/wp\/v2\/media?parent=14725"}],"wp:term":[{"taxonomy":"category","embeddable":true,"href":"https:\/\/www.suavinex.com\/livingsuavinex\/wp-json\/wp\/v2\/categories?post=14725"},{"taxonomy":"post_tag","embeddable":true,"href":"https:\/\/www.suavinex.com\/livingsuavinex\/wp-json\/wp\/v2\/tags?post=14725"}],"curies":[{"name":"wp","href":"https:\/\/api.w.org\/{rel}","templated":true}]}}