{"id":14283,"date":"2015-10-22T07:15:35","date_gmt":"2015-10-22T07:15:35","guid":{"rendered":"https:\/\/www.suavinex.com\/livingsuavinex\/?p=14283"},"modified":"2019-07-23T11:30:37","modified_gmt":"2019-07-23T09:30:37","slug":"tartamudez-deteccion-temprana","status":"publish","type":"post","link":"https:\/\/www.suavinex.com\/livingsuavinex\/tartamudez-deteccion-temprana\/","title":{"rendered":"D\u00eda Internacional de la Tartamudez: \u00a1por una detecci\u00f3n temprana!"},"content":{"rendered":"<p>Hoy se celebra el <strong>D\u00eda Internacional de la Tartamudez<\/strong> y la apuesta de este a\u00f1o es <strong>lograr una detecci\u00f3n temprana<\/strong>. \u00bfSab\u00edas que la tartamudez es la alteraci\u00f3n del habla m\u00e1s com\u00fan en la edad pedi\u00e1trica? Una alteraci\u00f3n que provoca un gran desconcierto y muchas dudas no s\u00f3lo a los padres sino tambi\u00e9n a docentes y profesionales de la salud.<\/p>\n<p>Es habitual que los ni\u00f1os de entre 2 y 5 a\u00f1os no tengan un habla fluida, se muestren dubitativos a la hora de expresarse o no sepan organizar correctamente palabras o frases. Pero debemos estar atentos a estas posibles alteraciones tambi\u00e9n llamadas disfluencias que pueden dar la pista de una futura tartamudez. Es importante aprender a diferenciar las posibles alteraciones para as\u00ed poder tratarlas lo antes posible. La detecci\u00f3n precoz es el objetivo m\u00e1s importante y desde <strong>Suavinex<\/strong> tambi\u00e9n nos sumamos a esta iniciativa.<\/p>\n<p>Hay mucho desconocimiento en torno a la tartamudez. Lo primero que debes saber es que no se trata de una enfermedad. Se trata de\u00a0una dificultad y no lleva asociada ninguna deficiencia o anormalidad. Aprovechando esta se\u00f1alada fecha se dar\u00e1 inicio a una campa\u00f1a para difundir este mensaje: <strong>queremos que los ni\u00f1os tengan la oportunidad de una intervenci\u00f3n a tiempo<\/strong> y as\u00ed desarrollarse en un marco de diversidad, tolerancia y respeto.<\/p>\n<p>Si tienes dudas o deseas saber m\u00e1s te invitamos a visitar la web de la <strong><a href=\"http:\/\/www.fundacionttm.org\/\" target=\"_blank\">Fundaci\u00f3n Espa\u00f1ola de la Tartamudez<\/a>.<\/strong>\u00a0Ah\u00ed podr\u00e1s\u00a0informarte o asesorarte si as\u00ed lo necesitas.<\/p>\n<p>Y no lo olvides, <strong>\u00a1ay\u00fadanos a detectar la tartamudez! \u00a1Difunde este mensaje!<\/strong><\/p>\n","protected":false},"excerpt":{"rendered":"Hoy se celebra el D\u00eda Internacional de la Tartamudez y la apuesta de este a\u00f1o es lograr una detecci\u00f3n temprana. \u00bfSab\u00edas que la tartamudez es la alteraci\u00f3n del habla m\u00e1s com\u00fan en la edad pedi\u00e1trica? Una alteraci\u00f3n que provoca un gran desconcierto y muchas dudas no s\u00f3lo a los padres&#8230; <a class=\"view-article\" href=\"https:\/\/www.suavinex.com\/livingsuavinex\/tartamudez-deteccion-temprana\/\">Ver art\u00edculo<\/a>","protected":false},"author":288,"featured_media":23553,"comment_status":"open","ping_status":"open","sticky":false,"template":"","format":"standard","meta":{"inline_featured_image":false,"footnotes":""},"categories":[2272],"tags":[194,944],"class_list":["post-14283","post","type-post","status-publish","format-standard","has-post-thumbnail","hentry","category-tips-crianza","tag-familia","tag-salud"],"yoast_head":"<!-- This site is optimized with the Yoast SEO plugin v26.8 - https:\/\/yoast.com\/product\/yoast-seo-wordpress\/ -->\n<title>D\u00eda Internacional de la Tartamudez: \u00a1por una detecci\u00f3n temprana!<\/title>\n<meta name=\"description\" content=\"Hoy se celebra el D\u00eda Internacional de la Tartamudez. La detecci\u00f3n precoz es el objetivo clave y desde Suavinex tambi\u00e9n nos sumamos a esta iniciativa.\" \/>\n<meta name=\"robots\" content=\"index, follow, max-snippet:-1, max-image-preview:large, max-video-preview:-1\" \/>\n<link rel=\"canonical\" href=\"https:\/\/www.suavinex.com\/livingsuavinex\/tartamudez-deteccion-temprana\/\" \/>\n<meta property=\"og:locale\" content=\"es_ES\" \/>\n<meta property=\"og:type\" content=\"article\" \/>\n<meta property=\"og:title\" content=\"D\u00eda Internacional de la Tartamudez: \u00a1por una detecci\u00f3n temprana!\" \/>\n<meta property=\"og:description\" content=\"Hoy se celebra el D\u00eda Internacional de la Tartamudez. La detecci\u00f3n precoz es el objetivo clave y desde Suavinex tambi\u00e9n nos sumamos a esta iniciativa.\" \/>\n<meta property=\"og:url\" content=\"https:\/\/www.suavinex.com\/livingsuavinex\/tartamudez-deteccion-temprana\/\" \/>\n<meta property=\"og:site_name\" content=\"Living Suavinex\" \/>\n<meta property=\"article:publisher\" content=\"https:\/\/www.facebook.com\/SuavinexSpain\" \/>\n<meta property=\"article:published_time\" content=\"2015-10-22T07:15:35+00:00\" \/>\n<meta property=\"article:modified_time\" content=\"2019-07-23T09:30:37+00:00\" \/>\n<meta property=\"og:image\" content=\"https:\/\/www.suavinex.com\/livingsuavinex\/wp-content\/uploads\/2015\/10\/tartamudez-opt.jpg\" \/>\n\t<meta property=\"og:image:width\" content=\"876\" \/>\n\t<meta property=\"og:image:height\" content=\"384\" \/>\n\t<meta property=\"og:image:type\" content=\"image\/jpeg\" \/>\n<meta name=\"author\" content=\"Living Suavinex\" \/>\n<meta name=\"twitter:card\" content=\"summary_large_image\" \/>\n<meta name=\"twitter:creator\" content=\"@SuavinexSpain\" \/>\n<meta name=\"twitter:site\" content=\"@SuavinexSpain\" \/>\n<meta name=\"twitter:label1\" content=\"Escrito por\" \/>\n\t<meta name=\"twitter:data1\" content=\"Living Suavinex\" \/>\n\t<meta name=\"twitter:label2\" content=\"Tiempo de lectura\" \/>\n\t<meta name=\"twitter:data2\" content=\"1 minuto\" \/>\n<script type=\"application\/ld+json\" class=\"yoast-schema-graph\">{\"@context\":\"https:\/\/schema.org\",\"@graph\":[{\"@type\":\"Article\",\"@id\":\"https:\/\/www.suavinex.com\/livingsuavinex\/tartamudez-deteccion-temprana\/#article\",\"isPartOf\":{\"@id\":\"https:\/\/www.suavinex.com\/livingsuavinex\/tartamudez-deteccion-temprana\/\"},\"author\":{\"name\":\"Living Suavinex\",\"@id\":\"https:\/\/www.suavinex.com\/livingsuavinex\/#\/schema\/person\/64fd7b62c88b0024a3ceeffb47f07eb6\"},\"headline\":\"D\u00eda Internacional de la Tartamudez: \u00a1por una detecci\u00f3n temprana!\",\"datePublished\":\"2015-10-22T07:15:35+00:00\",\"dateModified\":\"2019-07-23T09:30:37+00:00\",\"mainEntityOfPage\":{\"@id\":\"https:\/\/www.suavinex.com\/livingsuavinex\/tartamudez-deteccion-temprana\/\"},\"wordCount\":290,\"commentCount\":0,\"publisher\":{\"@id\":\"https:\/\/www.suavinex.com\/livingsuavinex\/#organization\"},\"image\":{\"@id\":\"https:\/\/www.suavinex.com\/livingsuavinex\/tartamudez-deteccion-temprana\/#primaryimage\"},\"thumbnailUrl\":\"https:\/\/www.suavinex.com\/livingsuavinex\/wp-content\/uploads\/2015\/10\/tartamudez-opt.jpg\",\"keywords\":[\"Familia\",\"Salud\"],\"articleSection\":[\"Tips de crianza\"],\"inLanguage\":\"es\"},{\"@type\":\"WebPage\",\"@id\":\"https:\/\/www.suavinex.com\/livingsuavinex\/tartamudez-deteccion-temprana\/\",\"url\":\"https:\/\/www.suavinex.com\/livingsuavinex\/tartamudez-deteccion-temprana\/\",\"name\":\"D\u00eda Internacional de la Tartamudez: \u00a1por una detecci\u00f3n temprana!\",\"isPartOf\":{\"@id\":\"https:\/\/www.suavinex.com\/livingsuavinex\/#website\"},\"primaryImageOfPage\":{\"@id\":\"https:\/\/www.suavinex.com\/livingsuavinex\/tartamudez-deteccion-temprana\/#primaryimage\"},\"image\":{\"@id\":\"https:\/\/www.suavinex.com\/livingsuavinex\/tartamudez-deteccion-temprana\/#primaryimage\"},\"thumbnailUrl\":\"https:\/\/www.suavinex.com\/livingsuavinex\/wp-content\/uploads\/2015\/10\/tartamudez-opt.jpg\",\"datePublished\":\"2015-10-22T07:15:35+00:00\",\"dateModified\":\"2019-07-23T09:30:37+00:00\",\"description\":\"Hoy se celebra el D\u00eda Internacional de la Tartamudez. La detecci\u00f3n precoz es el objetivo clave y desde Suavinex tambi\u00e9n nos sumamos a esta iniciativa.\",\"breadcrumb\":{\"@id\":\"https:\/\/www.suavinex.com\/livingsuavinex\/tartamudez-deteccion-temprana\/#breadcrumb\"},\"inLanguage\":\"es\",\"potentialAction\":[{\"@type\":\"ReadAction\",\"target\":[\"https:\/\/www.suavinex.com\/livingsuavinex\/tartamudez-deteccion-temprana\/\"]}]},{\"@type\":\"ImageObject\",\"inLanguage\":\"es\",\"@id\":\"https:\/\/www.suavinex.com\/livingsuavinex\/tartamudez-deteccion-temprana\/#primaryimage\",\"url\":\"https:\/\/www.suavinex.com\/livingsuavinex\/wp-content\/uploads\/2015\/10\/tartamudez-opt.jpg\",\"contentUrl\":\"https:\/\/www.suavinex.com\/livingsuavinex\/wp-content\/uploads\/2015\/10\/tartamudez-opt.jpg\",\"width\":876,\"height\":384},{\"@type\":\"BreadcrumbList\",\"@id\":\"https:\/\/www.suavinex.com\/livingsuavinex\/tartamudez-deteccion-temprana\/#breadcrumb\",\"itemListElement\":[{\"@type\":\"ListItem\",\"position\":1,\"name\":\"Portada\",\"item\":\"https:\/\/www.suavinex.com\/livingsuavinex\/\"},{\"@type\":\"ListItem\",\"position\":2,\"name\":\"D\u00eda Internacional de la Tartamudez: \u00a1por una detecci\u00f3n temprana!\"}]},{\"@type\":\"WebSite\",\"@id\":\"https:\/\/www.suavinex.com\/livingsuavinex\/#website\",\"url\":\"https:\/\/www.suavinex.com\/livingsuavinex\/\",\"name\":\"Living Suavinex\",\"description\":\"| Familias reales\",\"publisher\":{\"@id\":\"https:\/\/www.suavinex.com\/livingsuavinex\/#organization\"},\"potentialAction\":[{\"@type\":\"SearchAction\",\"target\":{\"@type\":\"EntryPoint\",\"urlTemplate\":\"https:\/\/www.suavinex.com\/livingsuavinex\/?s={search_term_string}\"},\"query-input\":{\"@type\":\"PropertyValueSpecification\",\"valueRequired\":true,\"valueName\":\"search_term_string\"}}],\"inLanguage\":\"es\"},{\"@type\":\"Organization\",\"@id\":\"https:\/\/www.suavinex.com\/livingsuavinex\/#organization\",\"name\":\"Suavinex\",\"url\":\"https:\/\/www.suavinex.com\/livingsuavinex\/\",\"logo\":{\"@type\":\"ImageObject\",\"inLanguage\":\"es\",\"@id\":\"https:\/\/www.suavinex.com\/livingsuavinex\/#\/schema\/logo\/image\/\",\"url\":\"https:\/\/www.suavinex.com\/livingsuavinex\/wp-content\/uploads\/2018\/07\/living_sx_logo_mvl.png\",\"contentUrl\":\"https:\/\/www.suavinex.com\/livingsuavinex\/wp-content\/uploads\/2018\/07\/living_sx_logo_mvl.png\",\"width\":350,\"height\":70,\"caption\":\"Suavinex\"},\"image\":{\"@id\":\"https:\/\/www.suavinex.com\/livingsuavinex\/#\/schema\/logo\/image\/\"},\"sameAs\":[\"https:\/\/www.facebook.com\/SuavinexSpain\",\"https:\/\/x.com\/SuavinexSpain\",\"https:\/\/www.instagram.com\/suavinex_spain\/\",\"https:\/\/www.pinterest.es\/SuavinexSpain\/\",\"https:\/\/www.youtube.com\/channel\/UCgeJREx2R_ZvV2aQMrfWgcA\"]},{\"@type\":\"Person\",\"@id\":\"https:\/\/www.suavinex.com\/livingsuavinex\/#\/schema\/person\/64fd7b62c88b0024a3ceeffb47f07eb6\",\"name\":\"Living Suavinex\",\"image\":{\"@type\":\"ImageObject\",\"inLanguage\":\"es\",\"@id\":\"https:\/\/www.suavinex.com\/livingsuavinex\/#\/schema\/person\/image\/\",\"url\":\"https:\/\/www.suavinex.com\/livingsuavinex\/wp-content\/uploads\/2017\/05\/Living-Suavinex_avatar-96x96.png\",\"contentUrl\":\"https:\/\/www.suavinex.com\/livingsuavinex\/wp-content\/uploads\/2017\/05\/Living-Suavinex_avatar-96x96.png\",\"caption\":\"Living Suavinex\"}}]}<\/script>\n<!-- \/ Yoast SEO plugin. -->","yoast_head_json":{"title":"D\u00eda Internacional de la Tartamudez: \u00a1por una detecci\u00f3n temprana!","description":"Hoy se celebra el D\u00eda Internacional de la Tartamudez. La detecci\u00f3n precoz es el objetivo clave y desde Suavinex tambi\u00e9n nos sumamos a esta iniciativa.","robots":{"index":"index","follow":"follow","max-snippet":"max-snippet:-1","max-image-preview":"max-image-preview:large","max-video-preview":"max-video-preview:-1"},"canonical":"https:\/\/www.suavinex.com\/livingsuavinex\/tartamudez-deteccion-temprana\/","og_locale":"es_ES","og_type":"article","og_title":"D\u00eda Internacional de la Tartamudez: \u00a1por una detecci\u00f3n temprana!","og_description":"Hoy se celebra el D\u00eda Internacional de la Tartamudez. La detecci\u00f3n precoz es el objetivo clave y desde Suavinex tambi\u00e9n nos sumamos a esta iniciativa.","og_url":"https:\/\/www.suavinex.com\/livingsuavinex\/tartamudez-deteccion-temprana\/","og_site_name":"Living Suavinex","article_publisher":"https:\/\/www.facebook.com\/SuavinexSpain","article_published_time":"2015-10-22T07:15:35+00:00","article_modified_time":"2019-07-23T09:30:37+00:00","og_image":[{"width":876,"height":384,"url":"https:\/\/www.suavinex.com\/livingsuavinex\/wp-content\/uploads\/2015\/10\/tartamudez-opt.jpg","type":"image\/jpeg"}],"author":"Living Suavinex","twitter_card":"summary_large_image","twitter_creator":"@SuavinexSpain","twitter_site":"@SuavinexSpain","twitter_misc":{"Escrito por":"Living Suavinex","Tiempo de lectura":"1 minuto"},"schema":{"@context":"https:\/\/schema.org","@graph":[{"@type":"Article","@id":"https:\/\/www.suavinex.com\/livingsuavinex\/tartamudez-deteccion-temprana\/#article","isPartOf":{"@id":"https:\/\/www.suavinex.com\/livingsuavinex\/tartamudez-deteccion-temprana\/"},"author":{"name":"Living Suavinex","@id":"https:\/\/www.suavinex.com\/livingsuavinex\/#\/schema\/person\/64fd7b62c88b0024a3ceeffb47f07eb6"},"headline":"D\u00eda Internacional de la Tartamudez: \u00a1por una detecci\u00f3n temprana!","datePublished":"2015-10-22T07:15:35+00:00","dateModified":"2019-07-23T09:30:37+00:00","mainEntityOfPage":{"@id":"https:\/\/www.suavinex.com\/livingsuavinex\/tartamudez-deteccion-temprana\/"},"wordCount":290,"commentCount":0,"publisher":{"@id":"https:\/\/www.suavinex.com\/livingsuavinex\/#organization"},"image":{"@id":"https:\/\/www.suavinex.com\/livingsuavinex\/tartamudez-deteccion-temprana\/#primaryimage"},"thumbnailUrl":"https:\/\/www.suavinex.com\/livingsuavinex\/wp-content\/uploads\/2015\/10\/tartamudez-opt.jpg","keywords":["Familia","Salud"],"articleSection":["Tips de crianza"],"inLanguage":"es"},{"@type":"WebPage","@id":"https:\/\/www.suavinex.com\/livingsuavinex\/tartamudez-deteccion-temprana\/","url":"https:\/\/www.suavinex.com\/livingsuavinex\/tartamudez-deteccion-temprana\/","name":"D\u00eda Internacional de la Tartamudez: \u00a1por una detecci\u00f3n temprana!","isPartOf":{"@id":"https:\/\/www.suavinex.com\/livingsuavinex\/#website"},"primaryImageOfPage":{"@id":"https:\/\/www.suavinex.com\/livingsuavinex\/tartamudez-deteccion-temprana\/#primaryimage"},"image":{"@id":"https:\/\/www.suavinex.com\/livingsuavinex\/tartamudez-deteccion-temprana\/#primaryimage"},"thumbnailUrl":"https:\/\/www.suavinex.com\/livingsuavinex\/wp-content\/uploads\/2015\/10\/tartamudez-opt.jpg","datePublished":"2015-10-22T07:15:35+00:00","dateModified":"2019-07-23T09:30:37+00:00","description":"Hoy se celebra el D\u00eda Internacional de la Tartamudez. La detecci\u00f3n precoz es el objetivo clave y desde Suavinex tambi\u00e9n nos sumamos a esta iniciativa.","breadcrumb":{"@id":"https:\/\/www.suavinex.com\/livingsuavinex\/tartamudez-deteccion-temprana\/#breadcrumb"},"inLanguage":"es","potentialAction":[{"@type":"ReadAction","target":["https:\/\/www.suavinex.com\/livingsuavinex\/tartamudez-deteccion-temprana\/"]}]},{"@type":"ImageObject","inLanguage":"es","@id":"https:\/\/www.suavinex.com\/livingsuavinex\/tartamudez-deteccion-temprana\/#primaryimage","url":"https:\/\/www.suavinex.com\/livingsuavinex\/wp-content\/uploads\/2015\/10\/tartamudez-opt.jpg","contentUrl":"https:\/\/www.suavinex.com\/livingsuavinex\/wp-content\/uploads\/2015\/10\/tartamudez-opt.jpg","width":876,"height":384},{"@type":"BreadcrumbList","@id":"https:\/\/www.suavinex.com\/livingsuavinex\/tartamudez-deteccion-temprana\/#breadcrumb","itemListElement":[{"@type":"ListItem","position":1,"name":"Portada","item":"https:\/\/www.suavinex.com\/livingsuavinex\/"},{"@type":"ListItem","position":2,"name":"D\u00eda Internacional de la Tartamudez: \u00a1por una detecci\u00f3n temprana!"}]},{"@type":"WebSite","@id":"https:\/\/www.suavinex.com\/livingsuavinex\/#website","url":"https:\/\/www.suavinex.com\/livingsuavinex\/","name":"Living Suavinex","description":"| Familias reales","publisher":{"@id":"https:\/\/www.suavinex.com\/livingsuavinex\/#organization"},"potentialAction":[{"@type":"SearchAction","target":{"@type":"EntryPoint","urlTemplate":"https:\/\/www.suavinex.com\/livingsuavinex\/?s={search_term_string}"},"query-input":{"@type":"PropertyValueSpecification","valueRequired":true,"valueName":"search_term_string"}}],"inLanguage":"es"},{"@type":"Organization","@id":"https:\/\/www.suavinex.com\/livingsuavinex\/#organization","name":"Suavinex","url":"https:\/\/www.suavinex.com\/livingsuavinex\/","logo":{"@type":"ImageObject","inLanguage":"es","@id":"https:\/\/www.suavinex.com\/livingsuavinex\/#\/schema\/logo\/image\/","url":"https:\/\/www.suavinex.com\/livingsuavinex\/wp-content\/uploads\/2018\/07\/living_sx_logo_mvl.png","contentUrl":"https:\/\/www.suavinex.com\/livingsuavinex\/wp-content\/uploads\/2018\/07\/living_sx_logo_mvl.png","width":350,"height":70,"caption":"Suavinex"},"image":{"@id":"https:\/\/www.suavinex.com\/livingsuavinex\/#\/schema\/logo\/image\/"},"sameAs":["https:\/\/www.facebook.com\/SuavinexSpain","https:\/\/x.com\/SuavinexSpain","https:\/\/www.instagram.com\/suavinex_spain\/","https:\/\/www.pinterest.es\/SuavinexSpain\/","https:\/\/www.youtube.com\/channel\/UCgeJREx2R_ZvV2aQMrfWgcA"]},{"@type":"Person","@id":"https:\/\/www.suavinex.com\/livingsuavinex\/#\/schema\/person\/64fd7b62c88b0024a3ceeffb47f07eb6","name":"Living Suavinex","image":{"@type":"ImageObject","inLanguage":"es","@id":"https:\/\/www.suavinex.com\/livingsuavinex\/#\/schema\/person\/image\/","url":"https:\/\/www.suavinex.com\/livingsuavinex\/wp-content\/uploads\/2017\/05\/Living-Suavinex_avatar-96x96.png","contentUrl":"https:\/\/www.suavinex.com\/livingsuavinex\/wp-content\/uploads\/2017\/05\/Living-Suavinex_avatar-96x96.png","caption":"Living Suavinex"}}]}},"_links":{"self":[{"href":"https:\/\/www.suavinex.com\/livingsuavinex\/wp-json\/wp\/v2\/posts\/14283","targetHints":{"allow":["GET"]}}],"collection":[{"href":"https:\/\/www.suavinex.com\/livingsuavinex\/wp-json\/wp\/v2\/posts"}],"about":[{"href":"https:\/\/www.suavinex.com\/livingsuavinex\/wp-json\/wp\/v2\/types\/post"}],"author":[{"embeddable":true,"href":"https:\/\/www.suavinex.com\/livingsuavinex\/wp-json\/wp\/v2\/users\/288"}],"replies":[{"embeddable":true,"href":"https:\/\/www.suavinex.com\/livingsuavinex\/wp-json\/wp\/v2\/comments?post=14283"}],"version-history":[{"count":4,"href":"https:\/\/www.suavinex.com\/livingsuavinex\/wp-json\/wp\/v2\/posts\/14283\/revisions"}],"predecessor-version":[{"id":23552,"href":"https:\/\/www.suavinex.com\/livingsuavinex\/wp-json\/wp\/v2\/posts\/14283\/revisions\/23552"}],"wp:featuredmedia":[{"embeddable":true,"href":"https:\/\/www.suavinex.com\/livingsuavinex\/wp-json\/wp\/v2\/media\/23553"}],"wp:attachment":[{"href":"https:\/\/www.suavinex.com\/livingsuavinex\/wp-json\/wp\/v2\/media?parent=14283"}],"wp:term":[{"taxonomy":"category","embeddable":true,"href":"https:\/\/www.suavinex.com\/livingsuavinex\/wp-json\/wp\/v2\/categories?post=14283"},{"taxonomy":"post_tag","embeddable":true,"href":"https:\/\/www.suavinex.com\/livingsuavinex\/wp-json\/wp\/v2\/tags?post=14283"}],"curies":[{"name":"wp","href":"https:\/\/api.w.org\/{rel}","templated":true}]}}