{"id":14250,"date":"2015-10-15T10:36:02","date_gmt":"2015-10-15T10:36:02","guid":{"rendered":"https:\/\/www.suavinex.com\/livingsuavinex\/?p=14250"},"modified":"2019-07-23T11:30:38","modified_gmt":"2019-07-23T09:30:38","slug":"hijos-marean-coche","status":"publish","type":"post","link":"https:\/\/www.suavinex.com\/livingsuavinex\/hijos-marean-coche\/","title":{"rendered":"Tus hijos se marean en el coche, \u00bfc\u00f3mo evitarlo?"},"content":{"rendered":"<p>Muchos ni\u00f1os se marean cuando van en el coche, desde bien peque\u00f1itos, y suele ser un problema para la familia. Suele suceder a partir de los dos a\u00f1os, es raro que se d\u00e9 antes aunque tambi\u00e9n ocurre. Y puede acompa\u00f1arles durante toda su edad infantil hasta los doce a\u00f1os aproximadamente.<\/p>\n<p>El mareo sucede por una sensaci\u00f3n de p\u00e9rdida de equilibrio, lo cual suele ir acompa\u00f1ado de malestar y ganas de vomitar.<\/p>\n<h3>\u00bfC\u00f3mo podemos prevenir el mareo?<\/h3>\n<ul>\n<li>Evitar comer en exceso antes de los viajes aunque tampoco deben tener hambre para as\u00ed no comer en el coche.<\/li>\n<li>Una temperatura adecuada, ni mucho fr\u00edo ni mucho calor es lo m\u00e1s adecuado. Ojo en invierno con la calefacci\u00f3n, siempre ser\u00e1 m\u00e1s recomendable bajar alg\u00fan grado la temperatura.<\/li>\n<li>Si se duermen, mejor que mejor, intenta hacer los viajes en horarios que puedan coincidir con siestas, eso les ayudar\u00e1.<\/li>\n<li>Es mejor que no miren en exceso por la ventanilla, la sensaci\u00f3n de mareo se acrecentar\u00e1.<\/li>\n<li>El entretenimiento consigue magn\u00edficos resultados. Prepara canciones y juegos para que todos pod\u00e1is participar. El viaje se har\u00e1 m\u00e1s ameno y se olvidar\u00e1 del mareo.<\/li>\n<li>Pap\u00e1, mam\u00e1, conducid de manera suave, sin frenazos bruscos o giros excesivos, la conducci\u00f3n brusca no ayuda.<\/li>\n<li>Parad cada dos horas y si es necesario, cada menos tiempo, as\u00ed le dar\u00e1 el aire, podr\u00e1 comer algo.<\/li>\n<li>Mejor que no vean dibujos en el coche, aunque les distrae puede acrecentar la sensaci\u00f3n de mareo.<\/li>\n<\/ul>\n<p>Y si estas medidas no son efectivas consulta a tu pediatra sobre los medicamentos para el mareo.<\/p>\n<p>\u00bfY tus hijos?, \u00bfse marean en el coche?<strong> \u00a1Cu\u00e9ntanos tus trucos para evitarlo!<\/strong><\/p>\n","protected":false},"excerpt":{"rendered":"Muchos ni\u00f1os se marean cuando van en el coche, desde bien peque\u00f1itos, y suele ser un problema para la familia. Suele suceder a partir de los dos a\u00f1os, es raro que se d\u00e9 antes aunque tambi\u00e9n ocurre. Y puede acompa\u00f1arles durante toda su edad infantil hasta los doce a\u00f1os aproximadamente&#8230;. <a class=\"view-article\" href=\"https:\/\/www.suavinex.com\/livingsuavinex\/hijos-marean-coche\/\">Ver art\u00edculo<\/a>","protected":false},"author":288,"featured_media":23545,"comment_status":"open","ping_status":"open","sticky":false,"template":"","format":"standard","meta":{"inline_featured_image":false,"footnotes":""},"categories":[2272],"tags":[194,944],"class_list":["post-14250","post","type-post","status-publish","format-standard","has-post-thumbnail","hentry","category-tips-crianza","tag-familia","tag-salud"],"yoast_head":"<!-- This site is optimized with the Yoast SEO plugin v26.8 - https:\/\/yoast.com\/product\/yoast-seo-wordpress\/ -->\n<title>Tus hijos se marean en el coche, \u00bfc\u00f3mo evitarlo?<\/title>\n<meta name=\"description\" content=\"Muchos ni\u00f1os se marean cuando van en el coche, desde bien peque\u00f1itos, y suele ser un problema para la familia .Suele suceder a partir de los dos a\u00f1os.\" \/>\n<meta name=\"robots\" content=\"index, follow, max-snippet:-1, max-image-preview:large, max-video-preview:-1\" \/>\n<link rel=\"canonical\" href=\"https:\/\/www.suavinex.com\/livingsuavinex\/hijos-marean-coche\/\" \/>\n<meta property=\"og:locale\" content=\"es_ES\" \/>\n<meta property=\"og:type\" content=\"article\" \/>\n<meta property=\"og:title\" content=\"Tus hijos se marean en el coche, \u00bfc\u00f3mo evitarlo?\" \/>\n<meta property=\"og:description\" content=\"Muchos ni\u00f1os se marean cuando van en el coche, desde bien peque\u00f1itos, y suele ser un problema para la familia .Suele suceder a partir de los dos a\u00f1os.\" \/>\n<meta property=\"og:url\" content=\"https:\/\/www.suavinex.com\/livingsuavinex\/hijos-marean-coche\/\" \/>\n<meta property=\"og:site_name\" content=\"Living Suavinex\" \/>\n<meta property=\"article:publisher\" content=\"https:\/\/www.facebook.com\/SuavinexSpain\" \/>\n<meta property=\"article:published_time\" content=\"2015-10-15T10:36:02+00:00\" \/>\n<meta property=\"article:modified_time\" content=\"2019-07-23T09:30:38+00:00\" \/>\n<meta property=\"og:image\" content=\"https:\/\/www.suavinex.com\/livingsuavinex\/wp-content\/uploads\/2015\/10\/mareos-coche-opt.jpg\" \/>\n\t<meta property=\"og:image:width\" content=\"876\" \/>\n\t<meta property=\"og:image:height\" content=\"384\" \/>\n\t<meta property=\"og:image:type\" content=\"image\/jpeg\" \/>\n<meta name=\"author\" content=\"Living Suavinex\" \/>\n<meta name=\"twitter:card\" content=\"summary_large_image\" \/>\n<meta name=\"twitter:creator\" content=\"@SuavinexSpain\" \/>\n<meta name=\"twitter:site\" content=\"@SuavinexSpain\" \/>\n<meta name=\"twitter:label1\" content=\"Escrito por\" \/>\n\t<meta name=\"twitter:data1\" content=\"Living Suavinex\" \/>\n\t<meta name=\"twitter:label2\" content=\"Tiempo de lectura\" \/>\n\t<meta name=\"twitter:data2\" content=\"1 minuto\" \/>\n<script type=\"application\/ld+json\" class=\"yoast-schema-graph\">{\"@context\":\"https:\/\/schema.org\",\"@graph\":[{\"@type\":\"Article\",\"@id\":\"https:\/\/www.suavinex.com\/livingsuavinex\/hijos-marean-coche\/#article\",\"isPartOf\":{\"@id\":\"https:\/\/www.suavinex.com\/livingsuavinex\/hijos-marean-coche\/\"},\"author\":{\"name\":\"Living Suavinex\",\"@id\":\"https:\/\/www.suavinex.com\/livingsuavinex\/#\/schema\/person\/64fd7b62c88b0024a3ceeffb47f07eb6\"},\"headline\":\"Tus hijos se marean en el coche, \u00bfc\u00f3mo evitarlo?\",\"datePublished\":\"2015-10-15T10:36:02+00:00\",\"dateModified\":\"2019-07-23T09:30:38+00:00\",\"mainEntityOfPage\":{\"@id\":\"https:\/\/www.suavinex.com\/livingsuavinex\/hijos-marean-coche\/\"},\"wordCount\":300,\"commentCount\":0,\"publisher\":{\"@id\":\"https:\/\/www.suavinex.com\/livingsuavinex\/#organization\"},\"image\":{\"@id\":\"https:\/\/www.suavinex.com\/livingsuavinex\/hijos-marean-coche\/#primaryimage\"},\"thumbnailUrl\":\"https:\/\/www.suavinex.com\/livingsuavinex\/wp-content\/uploads\/2015\/10\/mareos-coche-opt.jpg\",\"keywords\":[\"Familia\",\"Salud\"],\"articleSection\":[\"Tips de crianza\"],\"inLanguage\":\"es\"},{\"@type\":\"WebPage\",\"@id\":\"https:\/\/www.suavinex.com\/livingsuavinex\/hijos-marean-coche\/\",\"url\":\"https:\/\/www.suavinex.com\/livingsuavinex\/hijos-marean-coche\/\",\"name\":\"Tus hijos se marean en el coche, \u00bfc\u00f3mo evitarlo?\",\"isPartOf\":{\"@id\":\"https:\/\/www.suavinex.com\/livingsuavinex\/#website\"},\"primaryImageOfPage\":{\"@id\":\"https:\/\/www.suavinex.com\/livingsuavinex\/hijos-marean-coche\/#primaryimage\"},\"image\":{\"@id\":\"https:\/\/www.suavinex.com\/livingsuavinex\/hijos-marean-coche\/#primaryimage\"},\"thumbnailUrl\":\"https:\/\/www.suavinex.com\/livingsuavinex\/wp-content\/uploads\/2015\/10\/mareos-coche-opt.jpg\",\"datePublished\":\"2015-10-15T10:36:02+00:00\",\"dateModified\":\"2019-07-23T09:30:38+00:00\",\"description\":\"Muchos ni\u00f1os se marean cuando van en el coche, desde bien peque\u00f1itos, y suele ser un problema para la familia .Suele suceder a partir de los dos a\u00f1os.\",\"breadcrumb\":{\"@id\":\"https:\/\/www.suavinex.com\/livingsuavinex\/hijos-marean-coche\/#breadcrumb\"},\"inLanguage\":\"es\",\"potentialAction\":[{\"@type\":\"ReadAction\",\"target\":[\"https:\/\/www.suavinex.com\/livingsuavinex\/hijos-marean-coche\/\"]}]},{\"@type\":\"ImageObject\",\"inLanguage\":\"es\",\"@id\":\"https:\/\/www.suavinex.com\/livingsuavinex\/hijos-marean-coche\/#primaryimage\",\"url\":\"https:\/\/www.suavinex.com\/livingsuavinex\/wp-content\/uploads\/2015\/10\/mareos-coche-opt.jpg\",\"contentUrl\":\"https:\/\/www.suavinex.com\/livingsuavinex\/wp-content\/uploads\/2015\/10\/mareos-coche-opt.jpg\",\"width\":876,\"height\":384},{\"@type\":\"BreadcrumbList\",\"@id\":\"https:\/\/www.suavinex.com\/livingsuavinex\/hijos-marean-coche\/#breadcrumb\",\"itemListElement\":[{\"@type\":\"ListItem\",\"position\":1,\"name\":\"Portada\",\"item\":\"https:\/\/www.suavinex.com\/livingsuavinex\/\"},{\"@type\":\"ListItem\",\"position\":2,\"name\":\"Tus hijos se marean en el coche, \u00bfc\u00f3mo evitarlo?\"}]},{\"@type\":\"WebSite\",\"@id\":\"https:\/\/www.suavinex.com\/livingsuavinex\/#website\",\"url\":\"https:\/\/www.suavinex.com\/livingsuavinex\/\",\"name\":\"Living Suavinex\",\"description\":\"| Familias reales\",\"publisher\":{\"@id\":\"https:\/\/www.suavinex.com\/livingsuavinex\/#organization\"},\"potentialAction\":[{\"@type\":\"SearchAction\",\"target\":{\"@type\":\"EntryPoint\",\"urlTemplate\":\"https:\/\/www.suavinex.com\/livingsuavinex\/?s={search_term_string}\"},\"query-input\":{\"@type\":\"PropertyValueSpecification\",\"valueRequired\":true,\"valueName\":\"search_term_string\"}}],\"inLanguage\":\"es\"},{\"@type\":\"Organization\",\"@id\":\"https:\/\/www.suavinex.com\/livingsuavinex\/#organization\",\"name\":\"Suavinex\",\"url\":\"https:\/\/www.suavinex.com\/livingsuavinex\/\",\"logo\":{\"@type\":\"ImageObject\",\"inLanguage\":\"es\",\"@id\":\"https:\/\/www.suavinex.com\/livingsuavinex\/#\/schema\/logo\/image\/\",\"url\":\"https:\/\/www.suavinex.com\/livingsuavinex\/wp-content\/uploads\/2018\/07\/living_sx_logo_mvl.png\",\"contentUrl\":\"https:\/\/www.suavinex.com\/livingsuavinex\/wp-content\/uploads\/2018\/07\/living_sx_logo_mvl.png\",\"width\":350,\"height\":70,\"caption\":\"Suavinex\"},\"image\":{\"@id\":\"https:\/\/www.suavinex.com\/livingsuavinex\/#\/schema\/logo\/image\/\"},\"sameAs\":[\"https:\/\/www.facebook.com\/SuavinexSpain\",\"https:\/\/x.com\/SuavinexSpain\",\"https:\/\/www.instagram.com\/suavinex_spain\/\",\"https:\/\/www.pinterest.es\/SuavinexSpain\/\",\"https:\/\/www.youtube.com\/channel\/UCgeJREx2R_ZvV2aQMrfWgcA\"]},{\"@type\":\"Person\",\"@id\":\"https:\/\/www.suavinex.com\/livingsuavinex\/#\/schema\/person\/64fd7b62c88b0024a3ceeffb47f07eb6\",\"name\":\"Living Suavinex\",\"image\":{\"@type\":\"ImageObject\",\"inLanguage\":\"es\",\"@id\":\"https:\/\/www.suavinex.com\/livingsuavinex\/#\/schema\/person\/image\/\",\"url\":\"https:\/\/www.suavinex.com\/livingsuavinex\/wp-content\/uploads\/2017\/05\/Living-Suavinex_avatar-96x96.png\",\"contentUrl\":\"https:\/\/www.suavinex.com\/livingsuavinex\/wp-content\/uploads\/2017\/05\/Living-Suavinex_avatar-96x96.png\",\"caption\":\"Living Suavinex\"}}]}<\/script>\n<!-- \/ Yoast SEO plugin. -->","yoast_head_json":{"title":"Tus hijos se marean en el coche, \u00bfc\u00f3mo evitarlo?","description":"Muchos ni\u00f1os se marean cuando van en el coche, desde bien peque\u00f1itos, y suele ser un problema para la familia .Suele suceder a partir de los dos a\u00f1os.","robots":{"index":"index","follow":"follow","max-snippet":"max-snippet:-1","max-image-preview":"max-image-preview:large","max-video-preview":"max-video-preview:-1"},"canonical":"https:\/\/www.suavinex.com\/livingsuavinex\/hijos-marean-coche\/","og_locale":"es_ES","og_type":"article","og_title":"Tus hijos se marean en el coche, \u00bfc\u00f3mo evitarlo?","og_description":"Muchos ni\u00f1os se marean cuando van en el coche, desde bien peque\u00f1itos, y suele ser un problema para la familia .Suele suceder a partir de los dos a\u00f1os.","og_url":"https:\/\/www.suavinex.com\/livingsuavinex\/hijos-marean-coche\/","og_site_name":"Living Suavinex","article_publisher":"https:\/\/www.facebook.com\/SuavinexSpain","article_published_time":"2015-10-15T10:36:02+00:00","article_modified_time":"2019-07-23T09:30:38+00:00","og_image":[{"width":876,"height":384,"url":"https:\/\/www.suavinex.com\/livingsuavinex\/wp-content\/uploads\/2015\/10\/mareos-coche-opt.jpg","type":"image\/jpeg"}],"author":"Living Suavinex","twitter_card":"summary_large_image","twitter_creator":"@SuavinexSpain","twitter_site":"@SuavinexSpain","twitter_misc":{"Escrito por":"Living Suavinex","Tiempo de lectura":"1 minuto"},"schema":{"@context":"https:\/\/schema.org","@graph":[{"@type":"Article","@id":"https:\/\/www.suavinex.com\/livingsuavinex\/hijos-marean-coche\/#article","isPartOf":{"@id":"https:\/\/www.suavinex.com\/livingsuavinex\/hijos-marean-coche\/"},"author":{"name":"Living Suavinex","@id":"https:\/\/www.suavinex.com\/livingsuavinex\/#\/schema\/person\/64fd7b62c88b0024a3ceeffb47f07eb6"},"headline":"Tus hijos se marean en el coche, \u00bfc\u00f3mo evitarlo?","datePublished":"2015-10-15T10:36:02+00:00","dateModified":"2019-07-23T09:30:38+00:00","mainEntityOfPage":{"@id":"https:\/\/www.suavinex.com\/livingsuavinex\/hijos-marean-coche\/"},"wordCount":300,"commentCount":0,"publisher":{"@id":"https:\/\/www.suavinex.com\/livingsuavinex\/#organization"},"image":{"@id":"https:\/\/www.suavinex.com\/livingsuavinex\/hijos-marean-coche\/#primaryimage"},"thumbnailUrl":"https:\/\/www.suavinex.com\/livingsuavinex\/wp-content\/uploads\/2015\/10\/mareos-coche-opt.jpg","keywords":["Familia","Salud"],"articleSection":["Tips de crianza"],"inLanguage":"es"},{"@type":"WebPage","@id":"https:\/\/www.suavinex.com\/livingsuavinex\/hijos-marean-coche\/","url":"https:\/\/www.suavinex.com\/livingsuavinex\/hijos-marean-coche\/","name":"Tus hijos se marean en el coche, \u00bfc\u00f3mo evitarlo?","isPartOf":{"@id":"https:\/\/www.suavinex.com\/livingsuavinex\/#website"},"primaryImageOfPage":{"@id":"https:\/\/www.suavinex.com\/livingsuavinex\/hijos-marean-coche\/#primaryimage"},"image":{"@id":"https:\/\/www.suavinex.com\/livingsuavinex\/hijos-marean-coche\/#primaryimage"},"thumbnailUrl":"https:\/\/www.suavinex.com\/livingsuavinex\/wp-content\/uploads\/2015\/10\/mareos-coche-opt.jpg","datePublished":"2015-10-15T10:36:02+00:00","dateModified":"2019-07-23T09:30:38+00:00","description":"Muchos ni\u00f1os se marean cuando van en el coche, desde bien peque\u00f1itos, y suele ser un problema para la familia .Suele suceder a partir de los dos a\u00f1os.","breadcrumb":{"@id":"https:\/\/www.suavinex.com\/livingsuavinex\/hijos-marean-coche\/#breadcrumb"},"inLanguage":"es","potentialAction":[{"@type":"ReadAction","target":["https:\/\/www.suavinex.com\/livingsuavinex\/hijos-marean-coche\/"]}]},{"@type":"ImageObject","inLanguage":"es","@id":"https:\/\/www.suavinex.com\/livingsuavinex\/hijos-marean-coche\/#primaryimage","url":"https:\/\/www.suavinex.com\/livingsuavinex\/wp-content\/uploads\/2015\/10\/mareos-coche-opt.jpg","contentUrl":"https:\/\/www.suavinex.com\/livingsuavinex\/wp-content\/uploads\/2015\/10\/mareos-coche-opt.jpg","width":876,"height":384},{"@type":"BreadcrumbList","@id":"https:\/\/www.suavinex.com\/livingsuavinex\/hijos-marean-coche\/#breadcrumb","itemListElement":[{"@type":"ListItem","position":1,"name":"Portada","item":"https:\/\/www.suavinex.com\/livingsuavinex\/"},{"@type":"ListItem","position":2,"name":"Tus hijos se marean en el coche, \u00bfc\u00f3mo evitarlo?"}]},{"@type":"WebSite","@id":"https:\/\/www.suavinex.com\/livingsuavinex\/#website","url":"https:\/\/www.suavinex.com\/livingsuavinex\/","name":"Living Suavinex","description":"| Familias reales","publisher":{"@id":"https:\/\/www.suavinex.com\/livingsuavinex\/#organization"},"potentialAction":[{"@type":"SearchAction","target":{"@type":"EntryPoint","urlTemplate":"https:\/\/www.suavinex.com\/livingsuavinex\/?s={search_term_string}"},"query-input":{"@type":"PropertyValueSpecification","valueRequired":true,"valueName":"search_term_string"}}],"inLanguage":"es"},{"@type":"Organization","@id":"https:\/\/www.suavinex.com\/livingsuavinex\/#organization","name":"Suavinex","url":"https:\/\/www.suavinex.com\/livingsuavinex\/","logo":{"@type":"ImageObject","inLanguage":"es","@id":"https:\/\/www.suavinex.com\/livingsuavinex\/#\/schema\/logo\/image\/","url":"https:\/\/www.suavinex.com\/livingsuavinex\/wp-content\/uploads\/2018\/07\/living_sx_logo_mvl.png","contentUrl":"https:\/\/www.suavinex.com\/livingsuavinex\/wp-content\/uploads\/2018\/07\/living_sx_logo_mvl.png","width":350,"height":70,"caption":"Suavinex"},"image":{"@id":"https:\/\/www.suavinex.com\/livingsuavinex\/#\/schema\/logo\/image\/"},"sameAs":["https:\/\/www.facebook.com\/SuavinexSpain","https:\/\/x.com\/SuavinexSpain","https:\/\/www.instagram.com\/suavinex_spain\/","https:\/\/www.pinterest.es\/SuavinexSpain\/","https:\/\/www.youtube.com\/channel\/UCgeJREx2R_ZvV2aQMrfWgcA"]},{"@type":"Person","@id":"https:\/\/www.suavinex.com\/livingsuavinex\/#\/schema\/person\/64fd7b62c88b0024a3ceeffb47f07eb6","name":"Living Suavinex","image":{"@type":"ImageObject","inLanguage":"es","@id":"https:\/\/www.suavinex.com\/livingsuavinex\/#\/schema\/person\/image\/","url":"https:\/\/www.suavinex.com\/livingsuavinex\/wp-content\/uploads\/2017\/05\/Living-Suavinex_avatar-96x96.png","contentUrl":"https:\/\/www.suavinex.com\/livingsuavinex\/wp-content\/uploads\/2017\/05\/Living-Suavinex_avatar-96x96.png","caption":"Living Suavinex"}}]}},"_links":{"self":[{"href":"https:\/\/www.suavinex.com\/livingsuavinex\/wp-json\/wp\/v2\/posts\/14250","targetHints":{"allow":["GET"]}}],"collection":[{"href":"https:\/\/www.suavinex.com\/livingsuavinex\/wp-json\/wp\/v2\/posts"}],"about":[{"href":"https:\/\/www.suavinex.com\/livingsuavinex\/wp-json\/wp\/v2\/types\/post"}],"author":[{"embeddable":true,"href":"https:\/\/www.suavinex.com\/livingsuavinex\/wp-json\/wp\/v2\/users\/288"}],"replies":[{"embeddable":true,"href":"https:\/\/www.suavinex.com\/livingsuavinex\/wp-json\/wp\/v2\/comments?post=14250"}],"version-history":[{"count":3,"href":"https:\/\/www.suavinex.com\/livingsuavinex\/wp-json\/wp\/v2\/posts\/14250\/revisions"}],"predecessor-version":[{"id":16937,"href":"https:\/\/www.suavinex.com\/livingsuavinex\/wp-json\/wp\/v2\/posts\/14250\/revisions\/16937"}],"wp:featuredmedia":[{"embeddable":true,"href":"https:\/\/www.suavinex.com\/livingsuavinex\/wp-json\/wp\/v2\/media\/23545"}],"wp:attachment":[{"href":"https:\/\/www.suavinex.com\/livingsuavinex\/wp-json\/wp\/v2\/media?parent=14250"}],"wp:term":[{"taxonomy":"category","embeddable":true,"href":"https:\/\/www.suavinex.com\/livingsuavinex\/wp-json\/wp\/v2\/categories?post=14250"},{"taxonomy":"post_tag","embeddable":true,"href":"https:\/\/www.suavinex.com\/livingsuavinex\/wp-json\/wp\/v2\/tags?post=14250"}],"curies":[{"name":"wp","href":"https:\/\/api.w.org\/{rel}","templated":true}]}}