{"id":13971,"date":"2015-08-13T05:20:24","date_gmt":"2015-08-13T05:20:24","guid":{"rendered":"https:\/\/www.suavinex.com\/livingsuavinex\/?p=13971"},"modified":"2022-06-03T16:15:37","modified_gmt":"2022-06-03T14:15:37","slug":"piel-atopica-verano","status":"publish","type":"post","link":"https:\/\/www.suavinex.com\/livingsuavinex\/piel-atopica-verano\/","title":{"rendered":"Piel at\u00f3pica en verano, \u00bfc\u00f3mo debemos cuidarla y protegerla?"},"content":{"rendered":"<p>Durante el verano, muchos de los <strong>h\u00e1bitos y costumbres<\/strong> que hemos cultivado durante el a\u00f1o, cambian. Con la llegada de las vacaciones y el buen tiempo, empezamos a pasar m\u00e1s tiempo fuera de casa, muchas personas viajan si tienen la oportunidad e incluso nuestra dieta puede verse afectada.<\/p>\n<p><strong>El cuidado de la piel se convierte en una prioridad<\/strong>, especialmente para los papas y mamas que sab\u00e9is que vuestros peques van a pasar mucho tiempo bajo el sol, ya sea en la playa, la piscina o simplemente jugando en <a href=\"https:\/\/www.suavinex.com\/livingsuavinex\/parques-de-ocio-ninos-2\/\">parques de ocios para ni\u00f1os<\/a>.<\/p>\n<p><strong>Si tu peque\u00f1o sufre <\/strong><a href=\"https:\/\/www.suavinex.com\/livingsuavinex\/piel-atopica\/\"><strong>piel at\u00f3pica<\/strong><\/a> es normal sentirse preocupada con los cambios de estaci\u00f3n.<\/p>\n<h2 style=\"text-align: center;\"><strong>\u00bfC\u00f3mo afecta el verano a la piel del bebe si es at\u00f3pica?<\/strong><\/h2>\n<p><strong>La buena noticia<\/strong> es que la llegada del\u00a0<strong>verano<\/strong>\u00a0suele beneficiar mucho a los ni\u00f1os que sufren esta patolog\u00eda. La buena temperatura, el sol y hasta el hecho de que enferman con menos frecuencia, favorece a su delicada piel. De hecho, pueden llegar a mostrar una piel casi perfecta.<\/p>\n<p>Pero no por ello debemos olvidar <strong>algunos cuidados b\u00e1sicos<\/strong>. No conviene descuidar la <a href=\"https:\/\/www.suavinex.com\/livingsuavinex\/piel-del-bebe\/\"><strong>piel del beb\u00e9<\/strong><\/a> en ning\u00fan momento ya que pueden aparecer brotes inesperados que enturbiar\u00e1n vuestras vacaciones.<\/p>\n<h2 style=\"text-align: center;\"><strong>Factores que afectan a la piel at\u00f3pica en verano<\/strong><\/h2>\n<p>Aunque por lo general, el verano es beneficioso para la piel at\u00f3pica, hay <strong>algunos factores de riesgo<\/strong> que pueden producir irritaciones. Adem\u00e1s, recuerda que no todos los ni\u00f1os son iguales. Puede darse el caso de que tu pediatra te recomiende llevar a la playa al chiquit\u00edn y que le siente fatal, as\u00ed que es necesario <strong>ir bien preparada ante cualquier eventualidad<\/strong>.<\/p>\n<p>Teniendo esto claro, estos son los factores a los que hay que prestar atenci\u00f3n:<\/p>\n<ul>\n<li><a href=\"https:\/\/www.suavinex.com\/livingsuavinex\/deshidratacion-ninos-verano\/\"><strong>Deshidrataci\u00f3n de los ni\u00f1os<\/strong><\/a>: El calor produce deshidrataci\u00f3n de la piel y esto puede desencadenar picores e <a href=\"https:\/\/www.suavinex.com\/livingsuavinex\/irritacion-en-la-piel-del-bebe-posibles-razones-y-tratamientos\/\">irritaci\u00f3n en la piel del beb\u00e9<\/a>.<\/li>\n<li><strong>Sequedad producida por un exceso de ba\u00f1o<\/strong>: Estar todo el d\u00eda metido en el agua, ya sea del mar o porque est\u00e1s con tu <a href=\"https:\/\/www.suavinex.com\/livingsuavinex\/bebe-piscina-primera-vez\/\">beb\u00e9 en la piscina<\/a>, no hidrata la piel. Al contrario de lo que se pueda creer, de hecho, produce sequedad.<\/li>\n<li><strong>Sudoraci\u00f3n excesiva<\/strong>: Las altas temperaturas y la actividad constante pueden desencadenar mucho sudor, otro factor que tiende a producir irritaci\u00f3n en la piel de los beb\u00e9s y ni\u00f1os con piel at\u00f3pica.<\/li>\n<li><strong>Cambios bruscos de temperatura<\/strong>: Pasar de forma brusca de los 25 grados en interior por el aire acondicionado a 35 o 40 grados en la calle, tambi\u00e9n puede tener como consecuencia un brote en la piel at\u00f3pica.<\/li>\n<li><strong>Cloro de las piscinas<\/strong>: Algunas piscinas tienen unos niveles de cloro superiores a lo normal que pueden tener como resultado picores, sequedad e irritaciones de la piel.<\/li>\n<\/ul>\n<h2 style=\"text-align: center;\"><strong>\u00bfC\u00f3mo cuidar la piel at\u00f3pica en verano?<\/strong><\/h2>\n<p>Afortunadamente, contra todos estos factores de riesgo hay algunas <strong>medidas y precauciones que puedes tomar<\/strong>. Y si, a pesar de todo, tu peque acaba sufriendo alguna reacci\u00f3n en su piel, los remedios que utilices el resto del a\u00f1o tambi\u00e9n ser\u00e1n \u00fatiles en <a href=\"https:\/\/www.suavinex.com\/livingsuavinex\/verano-ninos-calor\/\">verano con ni\u00f1os<\/a>.<\/p>\n<ul>\n<li>Para <strong>evitar la deshidrataci\u00f3n<\/strong>, solo tienes que asegurarte de que bebe<strong> suficiente agua<\/strong> y de tener siempre a mano una <strong>buena crema hidratante<\/strong> adecuada para la piel at\u00f3pica. Hidr\u00e1tale bien por dentro y por fuera. En nuestro <a href=\"https:\/\/www.suavinex.com\/bano-y-cuidado-del-bebe\/cosmetica-bebe\/pack-cosmetica-gran-formato\/p\/pack-cosmetica-formato-ahorro\">Pack especial de cosm\u00e9tica en gran formato<\/a> tienes todo lo necesario para el cuidado de la piel de tu beb\u00e9.<\/li>\n<\/ul>\n<p><img loading=\"lazy\" decoding=\"async\" class=\"aligncenter wp-image-43014 size-full\" src=\"https:\/\/www.suavinex.com\/livingsuavinex\/wp-content\/uploads\/2015\/08\/Pack-especial-de-cosm\u00e9tica-en-gran-formato.png\" alt=\"Pack especial de cosm\u00e9tica en gran formato\" width=\"700\" height=\"300\" srcset=\"https:\/\/www.suavinex.com\/livingsuavinex\/wp-content\/uploads\/2015\/08\/Pack-especial-de-cosm\u00e9tica-en-gran-formato.png 700w, https:\/\/www.suavinex.com\/livingsuavinex\/wp-content\/uploads\/2015\/08\/Pack-especial-de-cosm\u00e9tica-en-gran-formato-300x129.png 300w, https:\/\/www.suavinex.com\/livingsuavinex\/wp-content\/uploads\/2015\/08\/Pack-especial-de-cosm\u00e9tica-en-gran-formato-200x86.png 200w, https:\/\/www.suavinex.com\/livingsuavinex\/wp-content\/uploads\/2015\/08\/Pack-especial-de-cosm\u00e9tica-en-gran-formato-400x171.png 400w, https:\/\/www.suavinex.com\/livingsuavinex\/wp-content\/uploads\/2015\/08\/Pack-especial-de-cosm\u00e9tica-en-gran-formato-600x257.png 600w\" sizes=\"auto, (max-width: 700px) 100vw, 700px\" \/><\/p>\n<ul>\n<li>Para <strong>combatir la\u00a0<\/strong><a href=\"https:\/\/www.suavinex.com\/livingsuavinex\/piel-bebe-sudamina\/\"><strong>sudamina\u00a0en beb\u00e9s<\/strong><\/a> y ni\u00f1os con piel at\u00f3pica cuando hay altas temperaturas, lo mejor es intentar inculcarles la necesidad de <strong>evitar jugar en las horas punta de calor<\/strong>. Puedes ocupar ese rato con juegos de mesa en el interior, leyendo cuentos a la sombra o viendo alguna pel\u00edcula en familia. Si no hay manera de evitar que se muevan, lo mejor ser\u00e1 <strong>que eviten el sol directo<\/strong> o que jueguen en el agua. Y para mayor protecci\u00f3n las <a href=\"https:\/\/www.suavinex.com\/gafas-sol\">gafas de sol de beb\u00e9 y ni\u00f1o<\/a> ser\u00e1n tu mejor aliado.<\/li>\n<li>Si notas que\u00a0<strong>el cloro de la piscina irrita su piel<\/strong>, aseg\u00farate de que se ducha siempre al salir del agua y aplica loci\u00f3n hidratante r\u00e1pidamente. Tambi\u00e9n puedes cambiarle el ba\u00f1ador por uno seco.<\/li>\n<li>Si tu peque es de esos pocos<strong> desafortunados a los que el agua del mar les sienta mal <\/strong>y les produce picores, la soluci\u00f3n ser\u00e1, igual que con el cloro, darle duchas frecuentes; no es necesario que utilices en todas ellas gel, simplemente el agua dulce para aclarar la sal.<\/li>\n<li><strong>\u00a1Ojo con el aire acondicionado!<\/strong> Puedes cambiarlo por ventiladores o controlar la temperatura para que no se pase de fr\u00edo. Ten en cuenta que no solo afecta a los cambios de temperatura, sino que tambi\u00e9n tiende a resecar piel y ojos. Aunque siempre puede utilizar nuestro <a href=\"https:\/\/www.suavinex.com\/bano-y-cuidado-del-bebe\/cosmetica-bebe\/balsamo-pediatrico\/p\/000000000000189257.7\">B\u00e1lsamo beb\u00e9 para nariz y labios 10ml<\/a> elaborado con un 89% de ingredientes naturales.<\/li>\n<\/ul>\n<p><a href=\"https:\/\/www.suavinex.com\/bano-y-cuidado-del-bebe\/cosmetica-bebe\/balsamo-pediatrico\/p\/000000000000189257.7\"><img loading=\"lazy\" decoding=\"async\" class=\"aligncenter wp-image-43017 size-full\" src=\"https:\/\/www.suavinex.com\/livingsuavinex\/wp-content\/uploads\/2015\/08\/B\u00e1lsamo-beb\u00e9-para-nariz-y-labios-10ml.png\" alt=\"B\u00e1lsamo beb\u00e9 para nariz y labios 10ml\" width=\"700\" height=\"300\" srcset=\"https:\/\/www.suavinex.com\/livingsuavinex\/wp-content\/uploads\/2015\/08\/B\u00e1lsamo-beb\u00e9-para-nariz-y-labios-10ml.png 700w, https:\/\/www.suavinex.com\/livingsuavinex\/wp-content\/uploads\/2015\/08\/B\u00e1lsamo-beb\u00e9-para-nariz-y-labios-10ml-300x129.png 300w, https:\/\/www.suavinex.com\/livingsuavinex\/wp-content\/uploads\/2015\/08\/B\u00e1lsamo-beb\u00e9-para-nariz-y-labios-10ml-200x86.png 200w, https:\/\/www.suavinex.com\/livingsuavinex\/wp-content\/uploads\/2015\/08\/B\u00e1lsamo-beb\u00e9-para-nariz-y-labios-10ml-400x171.png 400w, https:\/\/www.suavinex.com\/livingsuavinex\/wp-content\/uploads\/2015\/08\/B\u00e1lsamo-beb\u00e9-para-nariz-y-labios-10ml-600x257.png 600w\" sizes=\"auto, (max-width: 700px) 100vw, 700px\" \/><\/a><\/p>\n<ul>\n<li>Ya sabes que una de las principales claves para cuidar su piel es\u00a0<strong>hidratarla en profundidad<\/strong>. La loci\u00f3n hidratante debe estar siempre a mano y, por supuesto, no hay que olvidar una crema del sol adecuada para la piel at\u00f3pica.<\/li>\n<li>Los <strong>materiales m\u00e1s adecuados<\/strong> para su\u00a0ropa\u00a0y todas aquellas prendas que utilice son el algod\u00f3n y el lino.<\/li>\n<\/ul>\n<p>Esperamos que estos <strong>cuidados b\u00e1sicos<\/strong> consigan que la piel de vuestros chiquitines no se resienta y puedan <strong>disfrutar a tope del verano<\/strong> y de las vacaciones.<\/p>\n<p>&nbsp;<\/p>\n<p>Fuentes:<\/p>\n<p><a href=\"https:\/\/petitemarmotte.com\/babyblog\/ninos-con-dermatitis-atopica-como-actuar-en-verano\/\">Ni\u00f1os Con Dermatitis At\u00f3pica, C\u00f3mo Actuar En Verano<\/a> \u2013 Pettite Marmotte<\/p>\n<p><a href=\"https:\/\/www.bebesymas.com\/consejos\/la-piel-del-bebe-en-verano-dermatits-atopica\">La piel del beb\u00e9 en verano: dermatits at\u00f3pica<\/a> \u2013 Beb\u00e9s y M\u00e1s<\/p>\n<p>&nbsp;<\/p>\n<p><a href=\"https:\/\/www.suavinex.com\/livingsuavinex\/registro-crm\/\"><img loading=\"lazy\" decoding=\"async\" class=\"aligncenter wp-image-42187 size-full\" src=\"https:\/\/www.suavinex.com\/livingsuavinex\/wp-content\/uploads\/2021\/11\/Suavinex-Newsletter.jpg\" alt=\"Suavinex Newsletter\" width=\"690\" height=\"212\" srcset=\"https:\/\/www.suavinex.com\/livingsuavinex\/wp-content\/uploads\/2021\/11\/Suavinex-Newsletter.jpg 690w, https:\/\/www.suavinex.com\/livingsuavinex\/wp-content\/uploads\/2021\/11\/Suavinex-Newsletter-300x92.jpg 300w, https:\/\/www.suavinex.com\/livingsuavinex\/wp-content\/uploads\/2021\/11\/Suavinex-Newsletter-200x61.jpg 200w, https:\/\/www.suavinex.com\/livingsuavinex\/wp-content\/uploads\/2021\/11\/Suavinex-Newsletter-400x123.jpg 400w, https:\/\/www.suavinex.com\/livingsuavinex\/wp-content\/uploads\/2021\/11\/Suavinex-Newsletter-600x184.jpg 600w\" sizes=\"auto, (max-width: 690px) 100vw, 690px\" \/><\/a><\/p>\n","protected":false},"excerpt":{"rendered":"Durante el verano, muchos de los h\u00e1bitos y costumbres que hemos cultivado durante el a\u00f1o, cambian. Con la llegada de las vacaciones y el buen tiempo, empezamos a pasar m\u00e1s tiempo fuera de casa, muchas personas viajan si tienen la oportunidad e incluso nuestra dieta puede verse afectada. El cuidado&#8230; <a class=\"view-article\" href=\"https:\/\/www.suavinex.com\/livingsuavinex\/piel-atopica-verano\/\">Ver art\u00edculo<\/a>","protected":false},"author":288,"featured_media":43018,"comment_status":"open","ping_status":"open","sticky":false,"template":"","format":"standard","meta":{"inline_featured_image":false,"footnotes":""},"categories":[2272],"tags":[],"class_list":["post-13971","post","type-post","status-publish","format-standard","has-post-thumbnail","hentry","category-tips-crianza"],"yoast_head":"<!-- This site is optimized with the Yoast SEO plugin v26.8 - https:\/\/yoast.com\/product\/yoast-seo-wordpress\/ -->\n<title>Piel at\u00f3pica en verano, \u00bfc\u00f3mo debemos cuidarla y protegerla?<\/title>\n<meta name=\"description\" content=\"Muchos de nuestros peque\u00f1os sufren de piel at\u00f3pica, por eso en Suavinex te contamos c\u00f3mo cuidar la piel at\u00f3pica en verano.\" \/>\n<meta name=\"robots\" content=\"index, follow, max-snippet:-1, max-image-preview:large, max-video-preview:-1\" \/>\n<link rel=\"canonical\" href=\"https:\/\/www.suavinex.com\/livingsuavinex\/piel-atopica-verano\/\" \/>\n<meta property=\"og:locale\" content=\"es_ES\" \/>\n<meta property=\"og:type\" content=\"article\" \/>\n<meta property=\"og:title\" content=\"Piel at\u00f3pica en verano, \u00bfc\u00f3mo debemos cuidarla y protegerla?\" \/>\n<meta property=\"og:description\" content=\"Muchos de nuestros peque\u00f1os sufren de piel at\u00f3pica, por eso en Suavinex te contamos c\u00f3mo cuidar la piel at\u00f3pica en verano.\" \/>\n<meta property=\"og:url\" content=\"https:\/\/www.suavinex.com\/livingsuavinex\/piel-atopica-verano\/\" \/>\n<meta property=\"og:site_name\" content=\"Living Suavinex\" \/>\n<meta property=\"article:publisher\" content=\"https:\/\/www.facebook.com\/SuavinexSpain\" \/>\n<meta property=\"article:published_time\" content=\"2015-08-13T05:20:24+00:00\" \/>\n<meta property=\"article:modified_time\" content=\"2022-06-03T14:15:37+00:00\" \/>\n<meta property=\"og:image\" content=\"https:\/\/www.suavinex.com\/livingsuavinex\/wp-content\/uploads\/2015\/08\/piel-atopica-verano.png\" \/>\n\t<meta property=\"og:image:width\" content=\"1200\" \/>\n\t<meta property=\"og:image:height\" content=\"800\" \/>\n\t<meta property=\"og:image:type\" content=\"image\/png\" \/>\n<meta name=\"author\" content=\"Living Suavinex\" \/>\n<meta name=\"twitter:card\" content=\"summary_large_image\" \/>\n<meta name=\"twitter:creator\" content=\"@SuavinexSpain\" \/>\n<meta name=\"twitter:site\" content=\"@SuavinexSpain\" \/>\n<meta name=\"twitter:label1\" content=\"Escrito por\" \/>\n\t<meta name=\"twitter:data1\" content=\"Living Suavinex\" \/>\n\t<meta name=\"twitter:label2\" content=\"Tiempo de lectura\" \/>\n\t<meta name=\"twitter:data2\" content=\"5 minutos\" \/>\n<script type=\"application\/ld+json\" class=\"yoast-schema-graph\">{\"@context\":\"https:\/\/schema.org\",\"@graph\":[{\"@type\":\"Article\",\"@id\":\"https:\/\/www.suavinex.com\/livingsuavinex\/piel-atopica-verano\/#article\",\"isPartOf\":{\"@id\":\"https:\/\/www.suavinex.com\/livingsuavinex\/piel-atopica-verano\/\"},\"author\":{\"name\":\"Living Suavinex\",\"@id\":\"https:\/\/www.suavinex.com\/livingsuavinex\/#\/schema\/person\/64fd7b62c88b0024a3ceeffb47f07eb6\"},\"headline\":\"Piel at\u00f3pica en verano, \u00bfc\u00f3mo debemos cuidarla y protegerla?\",\"datePublished\":\"2015-08-13T05:20:24+00:00\",\"dateModified\":\"2022-06-03T14:15:37+00:00\",\"mainEntityOfPage\":{\"@id\":\"https:\/\/www.suavinex.com\/livingsuavinex\/piel-atopica-verano\/\"},\"wordCount\":978,\"commentCount\":1,\"publisher\":{\"@id\":\"https:\/\/www.suavinex.com\/livingsuavinex\/#organization\"},\"image\":{\"@id\":\"https:\/\/www.suavinex.com\/livingsuavinex\/piel-atopica-verano\/#primaryimage\"},\"thumbnailUrl\":\"https:\/\/www.suavinex.com\/livingsuavinex\/wp-content\/uploads\/2015\/08\/piel-atopica-verano.png\",\"articleSection\":[\"Tips de crianza\"],\"inLanguage\":\"es\"},{\"@type\":\"WebPage\",\"@id\":\"https:\/\/www.suavinex.com\/livingsuavinex\/piel-atopica-verano\/\",\"url\":\"https:\/\/www.suavinex.com\/livingsuavinex\/piel-atopica-verano\/\",\"name\":\"Piel at\u00f3pica en verano, \u00bfc\u00f3mo debemos cuidarla y protegerla?\",\"isPartOf\":{\"@id\":\"https:\/\/www.suavinex.com\/livingsuavinex\/#website\"},\"primaryImageOfPage\":{\"@id\":\"https:\/\/www.suavinex.com\/livingsuavinex\/piel-atopica-verano\/#primaryimage\"},\"image\":{\"@id\":\"https:\/\/www.suavinex.com\/livingsuavinex\/piel-atopica-verano\/#primaryimage\"},\"thumbnailUrl\":\"https:\/\/www.suavinex.com\/livingsuavinex\/wp-content\/uploads\/2015\/08\/piel-atopica-verano.png\",\"datePublished\":\"2015-08-13T05:20:24+00:00\",\"dateModified\":\"2022-06-03T14:15:37+00:00\",\"description\":\"Muchos de nuestros peque\u00f1os sufren de piel at\u00f3pica, por eso en Suavinex te contamos c\u00f3mo cuidar la piel at\u00f3pica en verano.\",\"breadcrumb\":{\"@id\":\"https:\/\/www.suavinex.com\/livingsuavinex\/piel-atopica-verano\/#breadcrumb\"},\"inLanguage\":\"es\",\"potentialAction\":[{\"@type\":\"ReadAction\",\"target\":[\"https:\/\/www.suavinex.com\/livingsuavinex\/piel-atopica-verano\/\"]}]},{\"@type\":\"ImageObject\",\"inLanguage\":\"es\",\"@id\":\"https:\/\/www.suavinex.com\/livingsuavinex\/piel-atopica-verano\/#primaryimage\",\"url\":\"https:\/\/www.suavinex.com\/livingsuavinex\/wp-content\/uploads\/2015\/08\/piel-atopica-verano.png\",\"contentUrl\":\"https:\/\/www.suavinex.com\/livingsuavinex\/wp-content\/uploads\/2015\/08\/piel-atopica-verano.png\",\"width\":1200,\"height\":800,\"caption\":\"piel atopica verano\"},{\"@type\":\"BreadcrumbList\",\"@id\":\"https:\/\/www.suavinex.com\/livingsuavinex\/piel-atopica-verano\/#breadcrumb\",\"itemListElement\":[{\"@type\":\"ListItem\",\"position\":1,\"name\":\"Portada\",\"item\":\"https:\/\/www.suavinex.com\/livingsuavinex\/\"},{\"@type\":\"ListItem\",\"position\":2,\"name\":\"Piel at\u00f3pica en verano, \u00bfc\u00f3mo debemos cuidarla y protegerla?\"}]},{\"@type\":\"WebSite\",\"@id\":\"https:\/\/www.suavinex.com\/livingsuavinex\/#website\",\"url\":\"https:\/\/www.suavinex.com\/livingsuavinex\/\",\"name\":\"Living Suavinex\",\"description\":\"| Familias reales\",\"publisher\":{\"@id\":\"https:\/\/www.suavinex.com\/livingsuavinex\/#organization\"},\"potentialAction\":[{\"@type\":\"SearchAction\",\"target\":{\"@type\":\"EntryPoint\",\"urlTemplate\":\"https:\/\/www.suavinex.com\/livingsuavinex\/?s={search_term_string}\"},\"query-input\":{\"@type\":\"PropertyValueSpecification\",\"valueRequired\":true,\"valueName\":\"search_term_string\"}}],\"inLanguage\":\"es\"},{\"@type\":\"Organization\",\"@id\":\"https:\/\/www.suavinex.com\/livingsuavinex\/#organization\",\"name\":\"Suavinex\",\"url\":\"https:\/\/www.suavinex.com\/livingsuavinex\/\",\"logo\":{\"@type\":\"ImageObject\",\"inLanguage\":\"es\",\"@id\":\"https:\/\/www.suavinex.com\/livingsuavinex\/#\/schema\/logo\/image\/\",\"url\":\"https:\/\/www.suavinex.com\/livingsuavinex\/wp-content\/uploads\/2018\/07\/living_sx_logo_mvl.png\",\"contentUrl\":\"https:\/\/www.suavinex.com\/livingsuavinex\/wp-content\/uploads\/2018\/07\/living_sx_logo_mvl.png\",\"width\":350,\"height\":70,\"caption\":\"Suavinex\"},\"image\":{\"@id\":\"https:\/\/www.suavinex.com\/livingsuavinex\/#\/schema\/logo\/image\/\"},\"sameAs\":[\"https:\/\/www.facebook.com\/SuavinexSpain\",\"https:\/\/x.com\/SuavinexSpain\",\"https:\/\/www.instagram.com\/suavinex_spain\/\",\"https:\/\/www.pinterest.es\/SuavinexSpain\/\",\"https:\/\/www.youtube.com\/channel\/UCgeJREx2R_ZvV2aQMrfWgcA\"]},{\"@type\":\"Person\",\"@id\":\"https:\/\/www.suavinex.com\/livingsuavinex\/#\/schema\/person\/64fd7b62c88b0024a3ceeffb47f07eb6\",\"name\":\"Living Suavinex\",\"image\":{\"@type\":\"ImageObject\",\"inLanguage\":\"es\",\"@id\":\"https:\/\/www.suavinex.com\/livingsuavinex\/#\/schema\/person\/image\/\",\"url\":\"https:\/\/www.suavinex.com\/livingsuavinex\/wp-content\/uploads\/2017\/05\/Living-Suavinex_avatar-96x96.png\",\"contentUrl\":\"https:\/\/www.suavinex.com\/livingsuavinex\/wp-content\/uploads\/2017\/05\/Living-Suavinex_avatar-96x96.png\",\"caption\":\"Living Suavinex\"}}]}<\/script>\n<!-- \/ Yoast SEO plugin. -->","yoast_head_json":{"title":"Piel at\u00f3pica en verano, \u00bfc\u00f3mo debemos cuidarla y protegerla?","description":"Muchos de nuestros peque\u00f1os sufren de piel at\u00f3pica, por eso en Suavinex te contamos c\u00f3mo cuidar la piel at\u00f3pica en verano.","robots":{"index":"index","follow":"follow","max-snippet":"max-snippet:-1","max-image-preview":"max-image-preview:large","max-video-preview":"max-video-preview:-1"},"canonical":"https:\/\/www.suavinex.com\/livingsuavinex\/piel-atopica-verano\/","og_locale":"es_ES","og_type":"article","og_title":"Piel at\u00f3pica en verano, \u00bfc\u00f3mo debemos cuidarla y protegerla?","og_description":"Muchos de nuestros peque\u00f1os sufren de piel at\u00f3pica, por eso en Suavinex te contamos c\u00f3mo cuidar la piel at\u00f3pica en verano.","og_url":"https:\/\/www.suavinex.com\/livingsuavinex\/piel-atopica-verano\/","og_site_name":"Living Suavinex","article_publisher":"https:\/\/www.facebook.com\/SuavinexSpain","article_published_time":"2015-08-13T05:20:24+00:00","article_modified_time":"2022-06-03T14:15:37+00:00","og_image":[{"width":1200,"height":800,"url":"https:\/\/www.suavinex.com\/livingsuavinex\/wp-content\/uploads\/2015\/08\/piel-atopica-verano.png","type":"image\/png"}],"author":"Living Suavinex","twitter_card":"summary_large_image","twitter_creator":"@SuavinexSpain","twitter_site":"@SuavinexSpain","twitter_misc":{"Escrito por":"Living Suavinex","Tiempo de lectura":"5 minutos"},"schema":{"@context":"https:\/\/schema.org","@graph":[{"@type":"Article","@id":"https:\/\/www.suavinex.com\/livingsuavinex\/piel-atopica-verano\/#article","isPartOf":{"@id":"https:\/\/www.suavinex.com\/livingsuavinex\/piel-atopica-verano\/"},"author":{"name":"Living Suavinex","@id":"https:\/\/www.suavinex.com\/livingsuavinex\/#\/schema\/person\/64fd7b62c88b0024a3ceeffb47f07eb6"},"headline":"Piel at\u00f3pica en verano, \u00bfc\u00f3mo debemos cuidarla y protegerla?","datePublished":"2015-08-13T05:20:24+00:00","dateModified":"2022-06-03T14:15:37+00:00","mainEntityOfPage":{"@id":"https:\/\/www.suavinex.com\/livingsuavinex\/piel-atopica-verano\/"},"wordCount":978,"commentCount":1,"publisher":{"@id":"https:\/\/www.suavinex.com\/livingsuavinex\/#organization"},"image":{"@id":"https:\/\/www.suavinex.com\/livingsuavinex\/piel-atopica-verano\/#primaryimage"},"thumbnailUrl":"https:\/\/www.suavinex.com\/livingsuavinex\/wp-content\/uploads\/2015\/08\/piel-atopica-verano.png","articleSection":["Tips de crianza"],"inLanguage":"es"},{"@type":"WebPage","@id":"https:\/\/www.suavinex.com\/livingsuavinex\/piel-atopica-verano\/","url":"https:\/\/www.suavinex.com\/livingsuavinex\/piel-atopica-verano\/","name":"Piel at\u00f3pica en verano, \u00bfc\u00f3mo debemos cuidarla y protegerla?","isPartOf":{"@id":"https:\/\/www.suavinex.com\/livingsuavinex\/#website"},"primaryImageOfPage":{"@id":"https:\/\/www.suavinex.com\/livingsuavinex\/piel-atopica-verano\/#primaryimage"},"image":{"@id":"https:\/\/www.suavinex.com\/livingsuavinex\/piel-atopica-verano\/#primaryimage"},"thumbnailUrl":"https:\/\/www.suavinex.com\/livingsuavinex\/wp-content\/uploads\/2015\/08\/piel-atopica-verano.png","datePublished":"2015-08-13T05:20:24+00:00","dateModified":"2022-06-03T14:15:37+00:00","description":"Muchos de nuestros peque\u00f1os sufren de piel at\u00f3pica, por eso en Suavinex te contamos c\u00f3mo cuidar la piel at\u00f3pica en verano.","breadcrumb":{"@id":"https:\/\/www.suavinex.com\/livingsuavinex\/piel-atopica-verano\/#breadcrumb"},"inLanguage":"es","potentialAction":[{"@type":"ReadAction","target":["https:\/\/www.suavinex.com\/livingsuavinex\/piel-atopica-verano\/"]}]},{"@type":"ImageObject","inLanguage":"es","@id":"https:\/\/www.suavinex.com\/livingsuavinex\/piel-atopica-verano\/#primaryimage","url":"https:\/\/www.suavinex.com\/livingsuavinex\/wp-content\/uploads\/2015\/08\/piel-atopica-verano.png","contentUrl":"https:\/\/www.suavinex.com\/livingsuavinex\/wp-content\/uploads\/2015\/08\/piel-atopica-verano.png","width":1200,"height":800,"caption":"piel atopica verano"},{"@type":"BreadcrumbList","@id":"https:\/\/www.suavinex.com\/livingsuavinex\/piel-atopica-verano\/#breadcrumb","itemListElement":[{"@type":"ListItem","position":1,"name":"Portada","item":"https:\/\/www.suavinex.com\/livingsuavinex\/"},{"@type":"ListItem","position":2,"name":"Piel at\u00f3pica en verano, \u00bfc\u00f3mo debemos cuidarla y protegerla?"}]},{"@type":"WebSite","@id":"https:\/\/www.suavinex.com\/livingsuavinex\/#website","url":"https:\/\/www.suavinex.com\/livingsuavinex\/","name":"Living Suavinex","description":"| Familias reales","publisher":{"@id":"https:\/\/www.suavinex.com\/livingsuavinex\/#organization"},"potentialAction":[{"@type":"SearchAction","target":{"@type":"EntryPoint","urlTemplate":"https:\/\/www.suavinex.com\/livingsuavinex\/?s={search_term_string}"},"query-input":{"@type":"PropertyValueSpecification","valueRequired":true,"valueName":"search_term_string"}}],"inLanguage":"es"},{"@type":"Organization","@id":"https:\/\/www.suavinex.com\/livingsuavinex\/#organization","name":"Suavinex","url":"https:\/\/www.suavinex.com\/livingsuavinex\/","logo":{"@type":"ImageObject","inLanguage":"es","@id":"https:\/\/www.suavinex.com\/livingsuavinex\/#\/schema\/logo\/image\/","url":"https:\/\/www.suavinex.com\/livingsuavinex\/wp-content\/uploads\/2018\/07\/living_sx_logo_mvl.png","contentUrl":"https:\/\/www.suavinex.com\/livingsuavinex\/wp-content\/uploads\/2018\/07\/living_sx_logo_mvl.png","width":350,"height":70,"caption":"Suavinex"},"image":{"@id":"https:\/\/www.suavinex.com\/livingsuavinex\/#\/schema\/logo\/image\/"},"sameAs":["https:\/\/www.facebook.com\/SuavinexSpain","https:\/\/x.com\/SuavinexSpain","https:\/\/www.instagram.com\/suavinex_spain\/","https:\/\/www.pinterest.es\/SuavinexSpain\/","https:\/\/www.youtube.com\/channel\/UCgeJREx2R_ZvV2aQMrfWgcA"]},{"@type":"Person","@id":"https:\/\/www.suavinex.com\/livingsuavinex\/#\/schema\/person\/64fd7b62c88b0024a3ceeffb47f07eb6","name":"Living Suavinex","image":{"@type":"ImageObject","inLanguage":"es","@id":"https:\/\/www.suavinex.com\/livingsuavinex\/#\/schema\/person\/image\/","url":"https:\/\/www.suavinex.com\/livingsuavinex\/wp-content\/uploads\/2017\/05\/Living-Suavinex_avatar-96x96.png","contentUrl":"https:\/\/www.suavinex.com\/livingsuavinex\/wp-content\/uploads\/2017\/05\/Living-Suavinex_avatar-96x96.png","caption":"Living Suavinex"}}]}},"_links":{"self":[{"href":"https:\/\/www.suavinex.com\/livingsuavinex\/wp-json\/wp\/v2\/posts\/13971","targetHints":{"allow":["GET"]}}],"collection":[{"href":"https:\/\/www.suavinex.com\/livingsuavinex\/wp-json\/wp\/v2\/posts"}],"about":[{"href":"https:\/\/www.suavinex.com\/livingsuavinex\/wp-json\/wp\/v2\/types\/post"}],"author":[{"embeddable":true,"href":"https:\/\/www.suavinex.com\/livingsuavinex\/wp-json\/wp\/v2\/users\/288"}],"replies":[{"embeddable":true,"href":"https:\/\/www.suavinex.com\/livingsuavinex\/wp-json\/wp\/v2\/comments?post=13971"}],"version-history":[{"count":8,"href":"https:\/\/www.suavinex.com\/livingsuavinex\/wp-json\/wp\/v2\/posts\/13971\/revisions"}],"predecessor-version":[{"id":43019,"href":"https:\/\/www.suavinex.com\/livingsuavinex\/wp-json\/wp\/v2\/posts\/13971\/revisions\/43019"}],"wp:featuredmedia":[{"embeddable":true,"href":"https:\/\/www.suavinex.com\/livingsuavinex\/wp-json\/wp\/v2\/media\/43018"}],"wp:attachment":[{"href":"https:\/\/www.suavinex.com\/livingsuavinex\/wp-json\/wp\/v2\/media?parent=13971"}],"wp:term":[{"taxonomy":"category","embeddable":true,"href":"https:\/\/www.suavinex.com\/livingsuavinex\/wp-json\/wp\/v2\/categories?post=13971"},{"taxonomy":"post_tag","embeddable":true,"href":"https:\/\/www.suavinex.com\/livingsuavinex\/wp-json\/wp\/v2\/tags?post=13971"}],"curies":[{"name":"wp","href":"https:\/\/api.w.org\/{rel}","templated":true}]}}