{"id":13843,"date":"2025-06-27T11:57:00","date_gmt":"2025-06-27T09:57:00","guid":{"rendered":"https:\/\/www.suavinex.com\/livingsuavinex\/?p=13843"},"modified":"2025-06-30T10:31:19","modified_gmt":"2025-06-30T08:31:19","slug":"como-alimentar-a-tu-bebe-en-verano","status":"publish","type":"post","link":"https:\/\/www.suavinex.com\/livingsuavinex\/como-alimentar-a-tu-bebe-en-verano\/","title":{"rendered":"Comidas de verano para ni\u00f1os. Alimentaci\u00f3n infantil en verano"},"content":{"rendered":"\n<p>Nos pasa lo mismo con el <a href=\"https:\/\/www.suavinex.com\/livingsuavinex\/embarazo-hidratacion\/\" target=\"_blank\" rel=\"noreferrer noopener\">embarazo en verano<\/a>, <strong>las altas temperaturas hacen que las comidas de verano para ni\u00f1os var\u00eden <\/strong>hasta cierto punto. Lo m\u00e1s importante es <strong>asegurar una correcta hidrataci\u00f3n<\/strong> y esto se consigue cuidando lo que beba y coma nuestro chiquit\u00edn.&nbsp;&nbsp;<\/p>\n\n\n\n<h2 class=\"wp-block-heading\">\u00bfC\u00f3mo hacer buenos men\u00fas infantiles en verano?&nbsp;<\/h2>\n\n\n\n<p><strong>Debemos preparar nuestro men\u00fa con alimentos con alto contenido en agua<\/strong>, refrescantes y apetecibles con las altas temperaturas. Nada como la verdura de temporada y las <a href=\"https:\/\/www.suavinex.com\/livingsuavinex\/frutas-de-verano-compartir-familia\/\" target=\"_blank\" rel=\"noreferrer noopener\">frutas de verano<\/a>. <strong>La fruta mejor siempre en trozos<\/strong>, pues mantiene su contenido en fibra, pero ser\u00e1 perfecto si lo complementamos con deliciosos zumos naturales.&nbsp;&nbsp;<\/p>\n\n\n\n<p>Si adem\u00e1s los acompa\u00f1amos de <strong>yogures o postres l\u00e1cteos fresquitos<\/strong>, constituir\u00e1n el tentempi\u00e9 perfecto para media ma\u00f1ana, meriendas o postres. Los batidos, donde se mezclan l\u00e1cteos y frutas, pueden ser tambi\u00e9n una opci\u00f3n ideal que en cuanto prueben querr\u00e1n repetir. Adem\u00e1s, su consumo evitar\u00e1 el temido estre\u00f1imiento. <strong>Las sopas y pur\u00e9s podemos sustituirlas por cremas fr\u00edas<\/strong>, probar a introducir las ensaladas o bien las verduras a la plancha o en pisto con salsa de tomate.&nbsp;<\/p>\n\n\n\n<p>Para no olvidar las prote\u00ednas, que tanto necesitar\u00e1n para jugar sin parar, platos como los<strong> huevos rellenos, carnes y pescados a la plancha, guisados y asados<\/strong> son comidas de verano para ni\u00f1os muy saludables y completas. Intentemos evitar las frituras y los productos elaborados. La mejor opci\u00f3n, siempre, son los productos frescos.&nbsp;<\/p>\n\n\n\n<h2 class=\"wp-block-heading\">Las claves de la <a href=\"https:\/\/www.suavinex.com\/livingsuavinex\/consejos-alimentacion-ninos\/\" target=\"_blank\" rel=\"noreferrer noopener\">alimentaci\u00f3n infantil<\/a> en verano&nbsp;<\/h2>\n\n\n\n<p><strong>Estos consejos est\u00e1n bien, pero queremos darte las claves<\/strong> para que te queden claras la ideas detr\u00e1s de los buenos men\u00fas infantiles en verano.&nbsp;&nbsp;<\/p>\n\n\n\n<h3 class=\"wp-block-heading\">\u00bfLegumbres? S\u00ed, tambi\u00e9n en verano&nbsp;<\/h3>\n\n\n\n<p>Puede pasar que, despu\u00e9s de dar un paseo a treinta y muchos grados en un caluroso d\u00eda de verano, tu peque no vea con los mismos ojos los guisos o los platos de cuchara que se com\u00eda en enero. Y no, no se te est\u00e1 dando peor la cocina ni se te ha ido la mano con la sal; aunque tambi\u00e9n puede darse el caso de que, pese al clima, devore con las mismas ganas de siempre ese plato de lentejas. No obstante, la l\u00f3gica nos dice que con las altas temperaturas<strong> nos pasemos a alimentos m\u00e1s fresquitos<\/strong>, menos cocinados y, por consiguiente, m\u00e1s apetecibles para esta temporada. Pero, <strong>\u00a1ojo!, esto no quiere decir que recurramos a productos preparados y ultraprocesados<\/strong>, ni que por no hacer tantos guisos vamos a dejar de comer legumbres. Tenemos miles de opciones para seguir comiendo saludable, tanto dentro como fuera de casa, y vale la pena recordar que algunos alimentos como las <strong>conservas vegetales<\/strong> siguen estando en el s\u00faper y son un recurso genial y r\u00e1pido para preparar todo tipo de platos.&nbsp;<\/p>\n\n\n\n<h3 class=\"wp-block-heading\">Fracciona las comidas en verano a los ni\u00f1os&nbsp;<\/h3>\n\n\n\n<p>El verano suele ser un per\u00edodo m\u00e1s activo para los peques (los padres y madres ya tenemos bastante haciendo que todo siga funcionando) en los que habr\u00e1 d\u00edas en la playa, en la monta\u00f1a, de correr con amigos, de no parar y estar fuera de casa, de moverse m\u00e1s\u2026 Las comidas copiosas podr\u00edan producir digestiones m\u00e1s pesadas y, si esto ocurre, podr\u00edamos mejorarlo aumentando las veces que ofrecemos comida cada d\u00eda. Sobre todo, <strong>fomentando el consumo de fruta<\/strong> y <strong>tomando en cuenta siempre el apetito del ni\u00f1o<\/strong>, de forma que las comidas se tornen m\u00e1s ligeras, frescas y nos ayuden a evitar as\u00ed posibles comilonas.&nbsp;<\/p>\n\n\n\n<p>Con esto, no s\u00f3lo haremos que sientan mejor, sino que esas comidas m\u00e1s livianas contribuir\u00e1n a que <strong>las digestiones sean m\u00e1s r\u00e1pidas<\/strong> y esto nos vendr\u00e1 de perlas para no tener que hacerles esperar horas antes de ba\u00f1arse en la playa o la piscina para evitar el temido \u201ccorte de digesti\u00f3n\u201d. Aunque no es nada frecuente, podr\u00eda ocurrir si las condiciones se prestan para ello y, aunque estar bajo la sombrilla est\u00e1 muy bien, todos queremos refrescarnos de vez en cuando.&nbsp;&nbsp;<\/p>\n\n\n\n<h2 class=\"wp-block-heading\">Seguridad alimentaria en verano&nbsp;<\/h2>\n\n\n\n<p>Un recurso fant\u00e1stico para un<a href=\"https:\/\/www.suavinex.com\/livingsuavinex\/picnic-para-ninos\/\" target=\"_blank\" rel=\"noreferrer noopener\"> picnic para ni\u00f1os<\/a> en verano es recurrir a vegetales y <a href=\"https:\/\/www.suavinex.com\/livingsuavinex\/frutas-de-verano-compartir-familia\/\" target=\"_blank\" rel=\"noreferrer noopener\">frutas de verano enteras<\/a>, sobre todo en los momentos de m\u00e1s calor: adem\u00e1s de alimentarles les mantendr\u00e1n hidratados. Para una ocasi\u00f3n as\u00ed ll\u00e9vate la <a href=\"https:\/\/www.suavinex.com\/alimentacion-del-bebe\/vajilla-infantil\/canastilla-regalo-alimentacion-rosa\/p\/canastilla_go_natural_rs\" target=\"_blank\" rel=\"noreferrer noopener\">Canastilla Regalo beb\u00e9 Alimentaci\u00f3n Rosa<\/a> que incluye todo tipo de recipientes, crema solar y perfume y te olvidar\u00e1s de cualquier problema en el exterior. Tambi\u00e9n podremos estar m\u00e1s tranquilos y olvidarnos de los alimentos sensibles a las altas temperaturas como la <strong>tortilla de patatas<\/strong>, que est\u00e1 muy buena, pero mejor si la dejamos para cuando comamos en casa.&nbsp;<\/p>\n\n\n<div class=\"carrusel\"><ul class=\"recomendacion\"><li class=\"producto\"><div class=\"wrapProducto\"><a target=\"_blank\" class=\"imagen\" href=\"https:\/\/www.suavinex.com\/alimentacion-del-bebe\/vajilla-infantil\/canastilla-regalo-alimentacion-rosa\/p\/canastilla_go_natural_rs\"><img decoding=\"async\" src=\"https:\/\/www.suavinex.com\/medias\/Canastilla-Feeding-Wonderland-2026-prod-RS-01.jpg?context=bWFzdGVyfGltYWdlc3wxNDg3MzI2fGltYWdlL2pwZWd8aW1hZ2VzL2g0Yi9oNmYvODk0MzM1OTY4ODczNC5qcGd8YjllMDY5ZDU2NjM2NjNhOWI4NTE2YmQ5YzU4ODY0NzcyY2EyMzlkOGMyYTg1NzkzZDc3N2U0ZDYzZTZhNWVkMA\"><\/a><div class=\"productname\"><a target=\"_blank\" href=\"https:\/\/www.suavinex.com\/alimentacion-del-bebe\/vajilla-infantil\/canastilla-regalo-alimentacion-rosa\/p\/canastilla_go_natural_rs\">Canastilla Regalo beb\u00e9 Alimentaci\u00f3n Rosa<\/a><div><div class=\"bloquePrecio\"><div class=\"precioProducto\">86.5 \u20ac<\/div><a target=\"_blank\" class=\"ctabuy\" href=\"https:\/\/www.suavinex.com\/alimentacion-del-bebe\/vajilla-infantil\/canastilla-regalo-alimentacion-rosa\/p\/canastilla_go_natural_rs\">COMPRAR<\/a><\/div><\/div><\/li><\/ul><\/div>\n\n\n\n<h2 class=\"wp-block-heading\">El agua, nuestra mejor aliada&nbsp;<\/h2>\n\n\n\n<p>\u00a1Ah!, hablando de la hidrataci\u00f3n, tenemos claro que <strong>debemos compensar la p\u00e9rdida de l\u00edquidos por las altas temperaturas <\/strong>para combatir episodios de deshidrataci\u00f3n en los peques. Pero no caigamos en el error de darles refrescos azucarados porque estemos en el chiringuito o est\u00e9n de vacaciones, ya que, esta pr\u00e1ctica promueve el sobrepeso en ni\u00f1os y adultos, as\u00ed que siempre que podamos recurriremos al agua, que es sin duda nuestra mejor aliada.&nbsp;<\/p>\n\n\n\n<p><strong>Tambi\u00e9n podremos ofrecer bebidas refrescantes como las aguas saborizadas,<\/strong> preparadas de forma casera: agregando al agua de su <a href=\"https:\/\/www.suavinex.com\/alimentacion-del-bebe\/botellas-termicas-infantiles\/c\/0036\" target=\"_blank\" rel=\"noreferrer noopener\">botella t\u00e9rmica infantil<\/a> plantas arom\u00e1ticas o exprimiendo un poco de zumo de frutas naturales, de manera que podamos darles una opci\u00f3n divertida y evitemos los refrescos o zumos azucarados.&nbsp;<\/p>\n\n\n<div class=\"carrusel\"><ul class=\"recomendacion\"><li class=\"producto\"><div class=\"wrapProducto\"><a target=\"_blank\" class=\"imagen\" href=\"https:\/\/www.suavinex.com\/alimentacion-del-bebe\/vajilla-infantil\/s-vajilla-infantil-nina-6m-i3\/p\/000000000000300844\"><img decoding=\"async\" src=\"https:\/\/www.suavinex.com\/medias\/Vajilla-Go-Natural-RS-01.jpg?context=bWFzdGVyfGltYWdlc3wxNzY1MTl8aW1hZ2UvanBlZ3xpbWFnZXMvaDkyL2gzZC84OTE3MTg0ODcyNDc4LmpwZ3w2ZDkxOWRmNTJjNWViYmI2MDQxNmNjNjAxNWZkMDU0YzJhZjdiZGVhMjBlOWRmZDQzNWU1OWQ4M2NiNTQwMmZh\"><\/a><div class=\"productname\"><a target=\"_blank\" href=\"https:\/\/www.suavinex.com\/alimentacion-del-bebe\/vajilla-infantil\/s-vajilla-infantil-nina-6m-i3\/p\/000000000000300844\">Vajilla para beb\u00e9s de aprendizaje rosa<\/a><div><div class=\"bloquePrecio\"><div class=\"precioProducto\">33.95 \u20ac<\/div><a target=\"_blank\" class=\"ctabuy\" href=\"https:\/\/www.suavinex.com\/alimentacion-del-bebe\/vajilla-infantil\/s-vajilla-infantil-nina-6m-i3\/p\/000000000000300844\">COMPRAR<\/a><\/div><\/div><\/li><\/ul><\/div>\n\n\n\n<p>Otra buena opci\u00f3n, aunque de forma m\u00e1s ocasional, podr\u00edan ser los<strong> helados de frutas<\/strong> <strong>naturales<\/strong>, \u00a1hab\u00e9is le\u00eddo bien!, helados, frutas y naturales, opci\u00f3n que pueden disfrutar como merienda, ya que por sus caracter\u00edsticas suelen ser dulces y bien aceptados. Adem\u00e1s, pueden apoyarnos, o no, no lo tengo tan claro, para evitar que nos pidan ese otro helado menos recomendable (hasta que se nos acaben los argumentos de por qu\u00e9 no se lo vamos a comprar).&nbsp;<\/p>\n\n\n\n<p><strong>Basa tu alimentaci\u00f3n y la de los tuyos en frutas, verduras, legumbres, cereales integrales, huevos, pescados y carnes blancas<\/strong>. Sin duda la \u00e9poca estival est\u00e1 para disfrutarla, para que se diviertan y podamos compartirlo, no queremos pasarnos horas en la cocina, pero <strong>esto no est\u00e1 re\u00f1ido con comer saludable<\/strong>, puedes hacer un <a href=\"https:\/\/www.suavinex.com\/livingsuavinex\/menu-semanal\/\" target=\"_blank\" rel=\"noreferrer noopener\">men\u00fa semanal equilibrado<\/a> sin matarte la cabeza en un <a href=\"https:\/\/www.suavinex.com\/alimentacion-del-bebe\/robots-de-cocina-para-bebe\/c\/0037\" target=\"_blank\" rel=\"noreferrer noopener\">robot de cocina para beb\u00e9s<\/a>. La educaci\u00f3n alimentaria es una de las bases para mantenernos sanos y si los educamos desde bien peque\u00f1os tendr\u00e1n hecho un camino hacia un entorno de vida m\u00e1s saludable, ay\u00fadales a ello y disfrutad del buen tiempo.&nbsp;<\/p>\n\n\n<div class=\"carrusel\"><ul class=\"recomendacion\"><li class=\"producto\"><div class=\"wrapProducto\"><a target=\"_blank\" class=\"imagen\" href=\"https:\/\/www.suavinex.com\/alimentacion-del-bebe\/vajilla-infantil\/s-vajilla-infantil-nina-6m-i3\/p\/000000000000300844\"><img decoding=\"async\" src=\"https:\/\/www.suavinex.com\/medias\/Vajilla-Go-Natural-RS-01.jpg?context=bWFzdGVyfGltYWdlc3wxNzY1MTl8aW1hZ2UvanBlZ3xpbWFnZXMvaDkyL2gzZC84OTE3MTg0ODcyNDc4LmpwZ3w2ZDkxOWRmNTJjNWViYmI2MDQxNmNjNjAxNWZkMDU0YzJhZjdiZGVhMjBlOWRmZDQzNWU1OWQ4M2NiNTQwMmZh\"><\/a><div class=\"productname\"><a target=\"_blank\" href=\"https:\/\/www.suavinex.com\/alimentacion-del-bebe\/vajilla-infantil\/s-vajilla-infantil-nina-6m-i3\/p\/000000000000300844\">Vajilla para beb\u00e9s de aprendizaje rosa<\/a><div><div class=\"bloquePrecio\"><div class=\"precioProducto\">33.95 \u20ac<\/div><a target=\"_blank\" class=\"ctabuy\" href=\"https:\/\/www.suavinex.com\/alimentacion-del-bebe\/vajilla-infantil\/s-vajilla-infantil-nina-6m-i3\/p\/000000000000300844\">COMPRAR<\/a><\/div><\/div><\/li><\/ul><\/div>\n\n\n\n<p>Fuentes:&nbsp;&nbsp;<\/p>\n\n\n\n<p><a href=\"https:\/\/www.ocu.org\/alimentacion\/comer-bien\/consejos\/alimentacion-infantil-en-verano\" target=\"_blank\" rel=\"noreferrer noopener nofollow\">H\u00e1bitos saludables de alimentaci\u00f3n para ni\u00f1os | OCU<\/a>\u00a0<\/p>\n\n\n\n<p><a href=\"https:\/\/mejorconsalud.as.com\/consejos-buena-alimentacion-infantil-verano\/\" target=\"_blank\" rel=\"noreferrer noopener nofollow\">7 consejos para una buena alimentaci\u00f3n infantil en verano &#8211; Mejor con Salud<\/a>\u00a0<\/p>\n\n\n\n<p><a href=\"https:\/\/www.guiainfantil.com\/salud\/alimentacion\/enverano.htm\" target=\"_blank\" rel=\"noreferrer noopener nofollow\">Alimentaci\u00f3n de verano para los ni\u00f1os<\/a>\u00a0<\/p>\n\n\n\n<p><\/p>\n","protected":false},"excerpt":{"rendered":"Nos pasa lo mismo con el embarazo en verano, las altas temperaturas hacen que las comidas de verano para ni\u00f1os var\u00eden hasta cierto punto. Lo m\u00e1s importante es asegurar una correcta hidrataci\u00f3n y esto se consigue cuidando lo que beba y coma nuestro chiquit\u00edn.&nbsp;&nbsp; \u00bfC\u00f3mo hacer buenos men\u00fas infantiles en&#8230; <a class=\"view-article\" href=\"https:\/\/www.suavinex.com\/livingsuavinex\/como-alimentar-a-tu-bebe-en-verano\/\">Ver art\u00edculo<\/a>","protected":false},"author":288,"featured_media":23486,"comment_status":"open","ping_status":"open","sticky":false,"template":"","format":"standard","meta":{"inline_featured_image":false,"footnotes":""},"categories":[2272],"tags":[2219,234],"class_list":["post-13843","post","type-post","status-publish","format-standard","has-post-thumbnail","hentry","category-tips-crianza","tag-alimentacion","tag-bebe"],"yoast_head":"<!-- This site is optimized with the Yoast SEO plugin v26.8 - https:\/\/yoast.com\/product\/yoast-seo-wordpress\/ -->\n<title>C\u00f3mo alimentar a tu beb\u00e9 en verano<\/title>\n<meta name=\"description\" content=\"Estamos a un paso del comienzo del verano y con el calor debemos tener en cuenta que la alimentaci\u00f3n de nuestro beb\u00e9 puede variar levemente\" \/>\n<meta name=\"robots\" content=\"index, follow, max-snippet:-1, max-image-preview:large, max-video-preview:-1\" \/>\n<link rel=\"canonical\" href=\"https:\/\/www.suavinex.com\/livingsuavinex\/como-alimentar-a-tu-bebe-en-verano\/\" \/>\n<meta property=\"og:locale\" content=\"es_ES\" \/>\n<meta property=\"og:type\" content=\"article\" \/>\n<meta property=\"og:title\" content=\"C\u00f3mo alimentar a tu beb\u00e9 en verano\" \/>\n<meta property=\"og:description\" content=\"Estamos a un paso del comienzo del verano y con el calor debemos tener en cuenta que la alimentaci\u00f3n de nuestro beb\u00e9 puede variar levemente\" \/>\n<meta property=\"og:url\" content=\"https:\/\/www.suavinex.com\/livingsuavinex\/como-alimentar-a-tu-bebe-en-verano\/\" \/>\n<meta property=\"og:site_name\" content=\"Living Suavinex\" \/>\n<meta property=\"article:publisher\" content=\"https:\/\/www.facebook.com\/SuavinexSpain\" \/>\n<meta property=\"article:published_time\" content=\"2025-06-27T09:57:00+00:00\" \/>\n<meta property=\"article:modified_time\" content=\"2025-06-30T08:31:19+00:00\" \/>\n<meta property=\"og:image\" content=\"https:\/\/www.suavinex.com\/livingsuavinex\/wp-content\/uploads\/2015\/07\/alimentar-bebe-verano-opt.jpg\" \/>\n\t<meta property=\"og:image:width\" content=\"876\" \/>\n\t<meta property=\"og:image:height\" content=\"384\" \/>\n\t<meta property=\"og:image:type\" content=\"image\/jpeg\" \/>\n<meta name=\"author\" content=\"Living Suavinex\" \/>\n<meta name=\"twitter:card\" content=\"summary_large_image\" \/>\n<meta name=\"twitter:creator\" content=\"@SuavinexSpain\" \/>\n<meta name=\"twitter:site\" content=\"@SuavinexSpain\" \/>\n<meta name=\"twitter:label1\" content=\"Escrito por\" \/>\n\t<meta name=\"twitter:data1\" content=\"Living Suavinex\" \/>\n\t<meta name=\"twitter:label2\" content=\"Tiempo de lectura\" \/>\n\t<meta name=\"twitter:data2\" content=\"6 minutos\" \/>\n<script type=\"application\/ld+json\" class=\"yoast-schema-graph\">{\"@context\":\"https:\/\/schema.org\",\"@graph\":[{\"@type\":\"Article\",\"@id\":\"https:\/\/www.suavinex.com\/livingsuavinex\/como-alimentar-a-tu-bebe-en-verano\/#article\",\"isPartOf\":{\"@id\":\"https:\/\/www.suavinex.com\/livingsuavinex\/como-alimentar-a-tu-bebe-en-verano\/\"},\"author\":{\"name\":\"Living Suavinex\",\"@id\":\"https:\/\/www.suavinex.com\/livingsuavinex\/#\/schema\/person\/64fd7b62c88b0024a3ceeffb47f07eb6\"},\"headline\":\"Comidas de verano para ni\u00f1os. Alimentaci\u00f3n infantil en verano\",\"datePublished\":\"2025-06-27T09:57:00+00:00\",\"dateModified\":\"2025-06-30T08:31:19+00:00\",\"mainEntityOfPage\":{\"@id\":\"https:\/\/www.suavinex.com\/livingsuavinex\/como-alimentar-a-tu-bebe-en-verano\/\"},\"wordCount\":1217,\"commentCount\":0,\"publisher\":{\"@id\":\"https:\/\/www.suavinex.com\/livingsuavinex\/#organization\"},\"image\":{\"@id\":\"https:\/\/www.suavinex.com\/livingsuavinex\/como-alimentar-a-tu-bebe-en-verano\/#primaryimage\"},\"thumbnailUrl\":\"https:\/\/www.suavinex.com\/livingsuavinex\/wp-content\/uploads\/2015\/07\/alimentar-bebe-verano-opt.jpg\",\"keywords\":[\"Alimentaci\u00f3n\",\"Beb\u00e9\"],\"articleSection\":[\"Tips de crianza\"],\"inLanguage\":\"es\"},{\"@type\":\"WebPage\",\"@id\":\"https:\/\/www.suavinex.com\/livingsuavinex\/como-alimentar-a-tu-bebe-en-verano\/\",\"url\":\"https:\/\/www.suavinex.com\/livingsuavinex\/como-alimentar-a-tu-bebe-en-verano\/\",\"name\":\"C\u00f3mo alimentar a tu beb\u00e9 en verano\",\"isPartOf\":{\"@id\":\"https:\/\/www.suavinex.com\/livingsuavinex\/#website\"},\"primaryImageOfPage\":{\"@id\":\"https:\/\/www.suavinex.com\/livingsuavinex\/como-alimentar-a-tu-bebe-en-verano\/#primaryimage\"},\"image\":{\"@id\":\"https:\/\/www.suavinex.com\/livingsuavinex\/como-alimentar-a-tu-bebe-en-verano\/#primaryimage\"},\"thumbnailUrl\":\"https:\/\/www.suavinex.com\/livingsuavinex\/wp-content\/uploads\/2015\/07\/alimentar-bebe-verano-opt.jpg\",\"datePublished\":\"2025-06-27T09:57:00+00:00\",\"dateModified\":\"2025-06-30T08:31:19+00:00\",\"description\":\"Estamos a un paso del comienzo del verano y con el calor debemos tener en cuenta que la alimentaci\u00f3n de nuestro beb\u00e9 puede variar levemente\",\"breadcrumb\":{\"@id\":\"https:\/\/www.suavinex.com\/livingsuavinex\/como-alimentar-a-tu-bebe-en-verano\/#breadcrumb\"},\"inLanguage\":\"es\",\"potentialAction\":[{\"@type\":\"ReadAction\",\"target\":[\"https:\/\/www.suavinex.com\/livingsuavinex\/como-alimentar-a-tu-bebe-en-verano\/\"]}]},{\"@type\":\"ImageObject\",\"inLanguage\":\"es\",\"@id\":\"https:\/\/www.suavinex.com\/livingsuavinex\/como-alimentar-a-tu-bebe-en-verano\/#primaryimage\",\"url\":\"https:\/\/www.suavinex.com\/livingsuavinex\/wp-content\/uploads\/2015\/07\/alimentar-bebe-verano-opt.jpg\",\"contentUrl\":\"https:\/\/www.suavinex.com\/livingsuavinex\/wp-content\/uploads\/2015\/07\/alimentar-bebe-verano-opt.jpg\",\"width\":876,\"height\":384},{\"@type\":\"BreadcrumbList\",\"@id\":\"https:\/\/www.suavinex.com\/livingsuavinex\/como-alimentar-a-tu-bebe-en-verano\/#breadcrumb\",\"itemListElement\":[{\"@type\":\"ListItem\",\"position\":1,\"name\":\"Portada\",\"item\":\"https:\/\/www.suavinex.com\/livingsuavinex\/\"},{\"@type\":\"ListItem\",\"position\":2,\"name\":\"Comidas de verano para ni\u00f1os. Alimentaci\u00f3n infantil en verano\"}]},{\"@type\":\"WebSite\",\"@id\":\"https:\/\/www.suavinex.com\/livingsuavinex\/#website\",\"url\":\"https:\/\/www.suavinex.com\/livingsuavinex\/\",\"name\":\"Living Suavinex\",\"description\":\"| Familias reales\",\"publisher\":{\"@id\":\"https:\/\/www.suavinex.com\/livingsuavinex\/#organization\"},\"potentialAction\":[{\"@type\":\"SearchAction\",\"target\":{\"@type\":\"EntryPoint\",\"urlTemplate\":\"https:\/\/www.suavinex.com\/livingsuavinex\/?s={search_term_string}\"},\"query-input\":{\"@type\":\"PropertyValueSpecification\",\"valueRequired\":true,\"valueName\":\"search_term_string\"}}],\"inLanguage\":\"es\"},{\"@type\":\"Organization\",\"@id\":\"https:\/\/www.suavinex.com\/livingsuavinex\/#organization\",\"name\":\"Suavinex\",\"url\":\"https:\/\/www.suavinex.com\/livingsuavinex\/\",\"logo\":{\"@type\":\"ImageObject\",\"inLanguage\":\"es\",\"@id\":\"https:\/\/www.suavinex.com\/livingsuavinex\/#\/schema\/logo\/image\/\",\"url\":\"https:\/\/www.suavinex.com\/livingsuavinex\/wp-content\/uploads\/2018\/07\/living_sx_logo_mvl.png\",\"contentUrl\":\"https:\/\/www.suavinex.com\/livingsuavinex\/wp-content\/uploads\/2018\/07\/living_sx_logo_mvl.png\",\"width\":350,\"height\":70,\"caption\":\"Suavinex\"},\"image\":{\"@id\":\"https:\/\/www.suavinex.com\/livingsuavinex\/#\/schema\/logo\/image\/\"},\"sameAs\":[\"https:\/\/www.facebook.com\/SuavinexSpain\",\"https:\/\/x.com\/SuavinexSpain\",\"https:\/\/www.instagram.com\/suavinex_spain\/\",\"https:\/\/www.pinterest.es\/SuavinexSpain\/\",\"https:\/\/www.youtube.com\/channel\/UCgeJREx2R_ZvV2aQMrfWgcA\"]},{\"@type\":\"Person\",\"@id\":\"https:\/\/www.suavinex.com\/livingsuavinex\/#\/schema\/person\/64fd7b62c88b0024a3ceeffb47f07eb6\",\"name\":\"Living Suavinex\",\"image\":{\"@type\":\"ImageObject\",\"inLanguage\":\"es\",\"@id\":\"https:\/\/www.suavinex.com\/livingsuavinex\/#\/schema\/person\/image\/\",\"url\":\"https:\/\/www.suavinex.com\/livingsuavinex\/wp-content\/uploads\/2017\/05\/Living-Suavinex_avatar-96x96.png\",\"contentUrl\":\"https:\/\/www.suavinex.com\/livingsuavinex\/wp-content\/uploads\/2017\/05\/Living-Suavinex_avatar-96x96.png\",\"caption\":\"Living Suavinex\"}}]}<\/script>\n<!-- \/ Yoast SEO plugin. -->","yoast_head_json":{"title":"C\u00f3mo alimentar a tu beb\u00e9 en verano","description":"Estamos a un paso del comienzo del verano y con el calor debemos tener en cuenta que la alimentaci\u00f3n de nuestro beb\u00e9 puede variar levemente","robots":{"index":"index","follow":"follow","max-snippet":"max-snippet:-1","max-image-preview":"max-image-preview:large","max-video-preview":"max-video-preview:-1"},"canonical":"https:\/\/www.suavinex.com\/livingsuavinex\/como-alimentar-a-tu-bebe-en-verano\/","og_locale":"es_ES","og_type":"article","og_title":"C\u00f3mo alimentar a tu beb\u00e9 en verano","og_description":"Estamos a un paso del comienzo del verano y con el calor debemos tener en cuenta que la alimentaci\u00f3n de nuestro beb\u00e9 puede variar levemente","og_url":"https:\/\/www.suavinex.com\/livingsuavinex\/como-alimentar-a-tu-bebe-en-verano\/","og_site_name":"Living Suavinex","article_publisher":"https:\/\/www.facebook.com\/SuavinexSpain","article_published_time":"2025-06-27T09:57:00+00:00","article_modified_time":"2025-06-30T08:31:19+00:00","og_image":[{"width":876,"height":384,"url":"https:\/\/www.suavinex.com\/livingsuavinex\/wp-content\/uploads\/2015\/07\/alimentar-bebe-verano-opt.jpg","type":"image\/jpeg"}],"author":"Living Suavinex","twitter_card":"summary_large_image","twitter_creator":"@SuavinexSpain","twitter_site":"@SuavinexSpain","twitter_misc":{"Escrito por":"Living Suavinex","Tiempo de lectura":"6 minutos"},"schema":{"@context":"https:\/\/schema.org","@graph":[{"@type":"Article","@id":"https:\/\/www.suavinex.com\/livingsuavinex\/como-alimentar-a-tu-bebe-en-verano\/#article","isPartOf":{"@id":"https:\/\/www.suavinex.com\/livingsuavinex\/como-alimentar-a-tu-bebe-en-verano\/"},"author":{"name":"Living Suavinex","@id":"https:\/\/www.suavinex.com\/livingsuavinex\/#\/schema\/person\/64fd7b62c88b0024a3ceeffb47f07eb6"},"headline":"Comidas de verano para ni\u00f1os. Alimentaci\u00f3n infantil en verano","datePublished":"2025-06-27T09:57:00+00:00","dateModified":"2025-06-30T08:31:19+00:00","mainEntityOfPage":{"@id":"https:\/\/www.suavinex.com\/livingsuavinex\/como-alimentar-a-tu-bebe-en-verano\/"},"wordCount":1217,"commentCount":0,"publisher":{"@id":"https:\/\/www.suavinex.com\/livingsuavinex\/#organization"},"image":{"@id":"https:\/\/www.suavinex.com\/livingsuavinex\/como-alimentar-a-tu-bebe-en-verano\/#primaryimage"},"thumbnailUrl":"https:\/\/www.suavinex.com\/livingsuavinex\/wp-content\/uploads\/2015\/07\/alimentar-bebe-verano-opt.jpg","keywords":["Alimentaci\u00f3n","Beb\u00e9"],"articleSection":["Tips de crianza"],"inLanguage":"es"},{"@type":"WebPage","@id":"https:\/\/www.suavinex.com\/livingsuavinex\/como-alimentar-a-tu-bebe-en-verano\/","url":"https:\/\/www.suavinex.com\/livingsuavinex\/como-alimentar-a-tu-bebe-en-verano\/","name":"C\u00f3mo alimentar a tu beb\u00e9 en verano","isPartOf":{"@id":"https:\/\/www.suavinex.com\/livingsuavinex\/#website"},"primaryImageOfPage":{"@id":"https:\/\/www.suavinex.com\/livingsuavinex\/como-alimentar-a-tu-bebe-en-verano\/#primaryimage"},"image":{"@id":"https:\/\/www.suavinex.com\/livingsuavinex\/como-alimentar-a-tu-bebe-en-verano\/#primaryimage"},"thumbnailUrl":"https:\/\/www.suavinex.com\/livingsuavinex\/wp-content\/uploads\/2015\/07\/alimentar-bebe-verano-opt.jpg","datePublished":"2025-06-27T09:57:00+00:00","dateModified":"2025-06-30T08:31:19+00:00","description":"Estamos a un paso del comienzo del verano y con el calor debemos tener en cuenta que la alimentaci\u00f3n de nuestro beb\u00e9 puede variar levemente","breadcrumb":{"@id":"https:\/\/www.suavinex.com\/livingsuavinex\/como-alimentar-a-tu-bebe-en-verano\/#breadcrumb"},"inLanguage":"es","potentialAction":[{"@type":"ReadAction","target":["https:\/\/www.suavinex.com\/livingsuavinex\/como-alimentar-a-tu-bebe-en-verano\/"]}]},{"@type":"ImageObject","inLanguage":"es","@id":"https:\/\/www.suavinex.com\/livingsuavinex\/como-alimentar-a-tu-bebe-en-verano\/#primaryimage","url":"https:\/\/www.suavinex.com\/livingsuavinex\/wp-content\/uploads\/2015\/07\/alimentar-bebe-verano-opt.jpg","contentUrl":"https:\/\/www.suavinex.com\/livingsuavinex\/wp-content\/uploads\/2015\/07\/alimentar-bebe-verano-opt.jpg","width":876,"height":384},{"@type":"BreadcrumbList","@id":"https:\/\/www.suavinex.com\/livingsuavinex\/como-alimentar-a-tu-bebe-en-verano\/#breadcrumb","itemListElement":[{"@type":"ListItem","position":1,"name":"Portada","item":"https:\/\/www.suavinex.com\/livingsuavinex\/"},{"@type":"ListItem","position":2,"name":"Comidas de verano para ni\u00f1os. Alimentaci\u00f3n infantil en verano"}]},{"@type":"WebSite","@id":"https:\/\/www.suavinex.com\/livingsuavinex\/#website","url":"https:\/\/www.suavinex.com\/livingsuavinex\/","name":"Living Suavinex","description":"| Familias reales","publisher":{"@id":"https:\/\/www.suavinex.com\/livingsuavinex\/#organization"},"potentialAction":[{"@type":"SearchAction","target":{"@type":"EntryPoint","urlTemplate":"https:\/\/www.suavinex.com\/livingsuavinex\/?s={search_term_string}"},"query-input":{"@type":"PropertyValueSpecification","valueRequired":true,"valueName":"search_term_string"}}],"inLanguage":"es"},{"@type":"Organization","@id":"https:\/\/www.suavinex.com\/livingsuavinex\/#organization","name":"Suavinex","url":"https:\/\/www.suavinex.com\/livingsuavinex\/","logo":{"@type":"ImageObject","inLanguage":"es","@id":"https:\/\/www.suavinex.com\/livingsuavinex\/#\/schema\/logo\/image\/","url":"https:\/\/www.suavinex.com\/livingsuavinex\/wp-content\/uploads\/2018\/07\/living_sx_logo_mvl.png","contentUrl":"https:\/\/www.suavinex.com\/livingsuavinex\/wp-content\/uploads\/2018\/07\/living_sx_logo_mvl.png","width":350,"height":70,"caption":"Suavinex"},"image":{"@id":"https:\/\/www.suavinex.com\/livingsuavinex\/#\/schema\/logo\/image\/"},"sameAs":["https:\/\/www.facebook.com\/SuavinexSpain","https:\/\/x.com\/SuavinexSpain","https:\/\/www.instagram.com\/suavinex_spain\/","https:\/\/www.pinterest.es\/SuavinexSpain\/","https:\/\/www.youtube.com\/channel\/UCgeJREx2R_ZvV2aQMrfWgcA"]},{"@type":"Person","@id":"https:\/\/www.suavinex.com\/livingsuavinex\/#\/schema\/person\/64fd7b62c88b0024a3ceeffb47f07eb6","name":"Living Suavinex","image":{"@type":"ImageObject","inLanguage":"es","@id":"https:\/\/www.suavinex.com\/livingsuavinex\/#\/schema\/person\/image\/","url":"https:\/\/www.suavinex.com\/livingsuavinex\/wp-content\/uploads\/2017\/05\/Living-Suavinex_avatar-96x96.png","contentUrl":"https:\/\/www.suavinex.com\/livingsuavinex\/wp-content\/uploads\/2017\/05\/Living-Suavinex_avatar-96x96.png","caption":"Living Suavinex"}}]}},"_links":{"self":[{"href":"https:\/\/www.suavinex.com\/livingsuavinex\/wp-json\/wp\/v2\/posts\/13843","targetHints":{"allow":["GET"]}}],"collection":[{"href":"https:\/\/www.suavinex.com\/livingsuavinex\/wp-json\/wp\/v2\/posts"}],"about":[{"href":"https:\/\/www.suavinex.com\/livingsuavinex\/wp-json\/wp\/v2\/types\/post"}],"author":[{"embeddable":true,"href":"https:\/\/www.suavinex.com\/livingsuavinex\/wp-json\/wp\/v2\/users\/288"}],"replies":[{"embeddable":true,"href":"https:\/\/www.suavinex.com\/livingsuavinex\/wp-json\/wp\/v2\/comments?post=13843"}],"version-history":[{"count":5,"href":"https:\/\/www.suavinex.com\/livingsuavinex\/wp-json\/wp\/v2\/posts\/13843\/revisions"}],"predecessor-version":[{"id":46536,"href":"https:\/\/www.suavinex.com\/livingsuavinex\/wp-json\/wp\/v2\/posts\/13843\/revisions\/46536"}],"wp:featuredmedia":[{"embeddable":true,"href":"https:\/\/www.suavinex.com\/livingsuavinex\/wp-json\/wp\/v2\/media\/23486"}],"wp:attachment":[{"href":"https:\/\/www.suavinex.com\/livingsuavinex\/wp-json\/wp\/v2\/media?parent=13843"}],"wp:term":[{"taxonomy":"category","embeddable":true,"href":"https:\/\/www.suavinex.com\/livingsuavinex\/wp-json\/wp\/v2\/categories?post=13843"},{"taxonomy":"post_tag","embeddable":true,"href":"https:\/\/www.suavinex.com\/livingsuavinex\/wp-json\/wp\/v2\/tags?post=13843"}],"curies":[{"name":"wp","href":"https:\/\/api.w.org\/{rel}","templated":true}]}}