{"id":13837,"date":"2015-07-13T06:55:49","date_gmt":"2015-07-13T04:55:49","guid":{"rendered":"https:\/\/www.suavinex.com\/livingsuavinex\/?p=13837"},"modified":"2022-01-12T12:05:16","modified_gmt":"2022-01-12T11:05:16","slug":"acne-durante-el-embarazo-por-que-aparece","status":"publish","type":"post","link":"https:\/\/www.suavinex.com\/livingsuavinex\/acne-durante-el-embarazo-por-que-aparece\/","title":{"rendered":"Acn\u00e9 durante el embarazo, \u00bfpor qu\u00e9 aparece?"},"content":{"rendered":"<p>Los ya conocidos <strong>cambios hormonales<\/strong> que se producen en el <strong><a href=\"https:\/\/www.suavinex.com\/livingsuavinex\/embarazo-maternity-school\/\">embarazo<\/a><\/strong> pueden afectarnos de diferentes maneras, una de ellas es la aparici\u00f3n de <strong>acn\u00e9<\/strong>. Toda mujer embarazada puede tener un brote de acn\u00e9 durante alg\u00fan periodo de su gestaci\u00f3n pero si tu piel es de tendencia mixta o grasa o sufres granitos asiduamente, las posibilidades aumentan. Por fortuna, <a href=\"https:\/\/www.suavinex.com\/livingsuavinex\/cuerpo-tras-el-parto\/\" target=\"_blank\" rel=\"noopener noreferrer\">desp<\/a><a href=\"https:\/\/www.suavinex.com\/livingsuavinex\/cuerpo-tras-el-parto\/\" target=\"_blank\" rel=\"noopener noreferrer\">u\u00e9s<\/a><a href=\"https:\/\/www.suavinex.com\/livingsuavinex\/cuerpo-tras-el-parto\/\" target=\"_blank\" rel=\"noopener noreferrer\"> de<\/a><a href=\"https:\/\/www.suavinex.com\/livingsuavinex\/cuerpo-tras-el-parto\/\" target=\"_blank\" rel=\"noopener noreferrer\">l<\/a><a href=\"https:\/\/www.suavinex.com\/livingsuavinex\/cuerpo-tras-el-parto\/\" target=\"_blank\" rel=\"noopener noreferrer\"> parto<\/a>, cuando las hormonas tornan a sus niveles normales, suele desaparecer.<\/p>\n<h2>\u00bfC\u00f3mo debemos cuidar nuestra piel para evitar el acn\u00e9?<\/h2>\n<ul>\n<li>No debemos saltarnos la higiene por la ma\u00f1ana y por la noche con un producto espec\u00edfico que elimine el exceso de grasa y las c\u00e9lulas muertas. Utiliza adem\u00e1s cremas acordes a tu tipo de piel.<\/li>\n<li>Bebe mucha agua y evita bebidas azucaradas, una recomendaci\u00f3n para tu piel y para cuidar de tu beb\u00e9.<\/li>\n<li>Evita el sol directo en la medida de lo posible.<\/li>\n<li>Utiliza protectores solares aptos para el embarazo. Consulta con tu farmac\u00e9utico.<\/li>\n<li>Consulta con tu m\u00e9dico sobre alg\u00fan producto espec\u00edfico para combatir el acn\u00e9 si este fuera muy agresivo. No te automediques y ten mucho cuidado con los productos que te apliques. Recuerda que no todos son compatibles con el embarazo. Hay muchos medicamentos que combaten el acn\u00e9 que est\u00e1n absolutamente contraindicados durante la gestaci\u00f3n dado el riesgo que suponen para el feto.<\/li>\n<\/ul>\n<p>Estos sencillos consejos te ayudar\u00e1n a combatir el exceso de sebo que las hormonas pueden estar provocando.<\/p>\n","protected":false},"excerpt":{"rendered":"Los ya conocidos cambios hormonales que se producen en el embarazo pueden afectarnos de diferentes maneras, una de ellas es la aparici\u00f3n de acn\u00e9. Toda mujer embarazada puede tener un brote de acn\u00e9 durante alg\u00fan periodo de su gestaci\u00f3n pero si tu piel es de tendencia mixta o grasa o&#8230; <a class=\"view-article\" href=\"https:\/\/www.suavinex.com\/livingsuavinex\/acne-durante-el-embarazo-por-que-aparece\/\">Ver art\u00edculo<\/a>","protected":false},"author":288,"featured_media":25746,"comment_status":"open","ping_status":"open","sticky":false,"template":"","format":"standard","meta":{"inline_featured_image":false,"footnotes":""},"categories":[7],"tags":[],"class_list":["post-13837","post","type-post","status-publish","format-standard","has-post-thumbnail","hentry","category-embarazo"],"yoast_head":"<!-- This site is optimized with the Yoast SEO plugin v26.8 - https:\/\/yoast.com\/product\/yoast-seo-wordpress\/ -->\n<title>Acn\u00e9 durante el embarazo, \u00bfpor qu\u00e9 aparece?<\/title>\n<meta name=\"description\" content=\"Los ya conocidos cambios hormonales que se producen en el embarazo pueden afectarnos de diferentes maneras, una de ellas es la aparici\u00f3n de acn\u00e9.\" \/>\n<meta name=\"robots\" content=\"index, follow, max-snippet:-1, max-image-preview:large, max-video-preview:-1\" \/>\n<link rel=\"canonical\" href=\"https:\/\/www.suavinex.com\/livingsuavinex\/acne-durante-el-embarazo-por-que-aparece\/\" \/>\n<meta property=\"og:locale\" content=\"es_ES\" \/>\n<meta property=\"og:type\" content=\"article\" \/>\n<meta property=\"og:title\" content=\"Acn\u00e9 durante el embarazo, \u00bfpor qu\u00e9 aparece?\" \/>\n<meta property=\"og:description\" content=\"Los ya conocidos cambios hormonales que se producen en el embarazo pueden afectarnos de diferentes maneras, una de ellas es la aparici\u00f3n de acn\u00e9.\" \/>\n<meta property=\"og:url\" content=\"https:\/\/www.suavinex.com\/livingsuavinex\/acne-durante-el-embarazo-por-que-aparece\/\" \/>\n<meta property=\"og:site_name\" content=\"Living Suavinex\" \/>\n<meta property=\"article:publisher\" content=\"https:\/\/www.facebook.com\/SuavinexSpain\" \/>\n<meta property=\"article:published_time\" content=\"2015-07-13T04:55:49+00:00\" \/>\n<meta property=\"article:modified_time\" content=\"2022-01-12T11:05:16+00:00\" \/>\n<meta property=\"og:image\" content=\"https:\/\/www.suavinex.com\/livingsuavinex\/wp-content\/uploads\/2018\/06\/acne_embarazo.jpg\" \/>\n\t<meta property=\"og:image:width\" content=\"876\" \/>\n\t<meta property=\"og:image:height\" content=\"527\" \/>\n\t<meta property=\"og:image:type\" content=\"image\/jpeg\" \/>\n<meta name=\"author\" content=\"Living Suavinex\" \/>\n<meta name=\"twitter:card\" content=\"summary_large_image\" \/>\n<meta name=\"twitter:creator\" content=\"@SuavinexSpain\" \/>\n<meta name=\"twitter:site\" content=\"@SuavinexSpain\" \/>\n<meta name=\"twitter:label1\" content=\"Escrito por\" \/>\n\t<meta name=\"twitter:data1\" content=\"Living Suavinex\" \/>\n\t<meta name=\"twitter:label2\" content=\"Tiempo de lectura\" \/>\n\t<meta name=\"twitter:data2\" content=\"1 minuto\" \/>\n<script type=\"application\/ld+json\" class=\"yoast-schema-graph\">{\"@context\":\"https:\/\/schema.org\",\"@graph\":[{\"@type\":\"Article\",\"@id\":\"https:\/\/www.suavinex.com\/livingsuavinex\/acne-durante-el-embarazo-por-que-aparece\/#article\",\"isPartOf\":{\"@id\":\"https:\/\/www.suavinex.com\/livingsuavinex\/acne-durante-el-embarazo-por-que-aparece\/\"},\"author\":{\"name\":\"Living Suavinex\",\"@id\":\"https:\/\/www.suavinex.com\/livingsuavinex\/#\/schema\/person\/64fd7b62c88b0024a3ceeffb47f07eb6\"},\"headline\":\"Acn\u00e9 durante el embarazo, \u00bfpor qu\u00e9 aparece?\",\"datePublished\":\"2015-07-13T04:55:49+00:00\",\"dateModified\":\"2022-01-12T11:05:16+00:00\",\"mainEntityOfPage\":{\"@id\":\"https:\/\/www.suavinex.com\/livingsuavinex\/acne-durante-el-embarazo-por-que-aparece\/\"},\"wordCount\":258,\"commentCount\":0,\"publisher\":{\"@id\":\"https:\/\/www.suavinex.com\/livingsuavinex\/#organization\"},\"image\":{\"@id\":\"https:\/\/www.suavinex.com\/livingsuavinex\/acne-durante-el-embarazo-por-que-aparece\/#primaryimage\"},\"thumbnailUrl\":\"https:\/\/www.suavinex.com\/livingsuavinex\/wp-content\/uploads\/2018\/06\/acne_embarazo.jpg\",\"articleSection\":[\"Embarazo\"],\"inLanguage\":\"es\"},{\"@type\":\"WebPage\",\"@id\":\"https:\/\/www.suavinex.com\/livingsuavinex\/acne-durante-el-embarazo-por-que-aparece\/\",\"url\":\"https:\/\/www.suavinex.com\/livingsuavinex\/acne-durante-el-embarazo-por-que-aparece\/\",\"name\":\"Acn\u00e9 durante el embarazo, \u00bfpor qu\u00e9 aparece?\",\"isPartOf\":{\"@id\":\"https:\/\/www.suavinex.com\/livingsuavinex\/#website\"},\"primaryImageOfPage\":{\"@id\":\"https:\/\/www.suavinex.com\/livingsuavinex\/acne-durante-el-embarazo-por-que-aparece\/#primaryimage\"},\"image\":{\"@id\":\"https:\/\/www.suavinex.com\/livingsuavinex\/acne-durante-el-embarazo-por-que-aparece\/#primaryimage\"},\"thumbnailUrl\":\"https:\/\/www.suavinex.com\/livingsuavinex\/wp-content\/uploads\/2018\/06\/acne_embarazo.jpg\",\"datePublished\":\"2015-07-13T04:55:49+00:00\",\"dateModified\":\"2022-01-12T11:05:16+00:00\",\"description\":\"Los ya conocidos cambios hormonales que se producen en el embarazo pueden afectarnos de diferentes maneras, una de ellas es la aparici\u00f3n de acn\u00e9.\",\"breadcrumb\":{\"@id\":\"https:\/\/www.suavinex.com\/livingsuavinex\/acne-durante-el-embarazo-por-que-aparece\/#breadcrumb\"},\"inLanguage\":\"es\",\"potentialAction\":[{\"@type\":\"ReadAction\",\"target\":[\"https:\/\/www.suavinex.com\/livingsuavinex\/acne-durante-el-embarazo-por-que-aparece\/\"]}]},{\"@type\":\"ImageObject\",\"inLanguage\":\"es\",\"@id\":\"https:\/\/www.suavinex.com\/livingsuavinex\/acne-durante-el-embarazo-por-que-aparece\/#primaryimage\",\"url\":\"https:\/\/www.suavinex.com\/livingsuavinex\/wp-content\/uploads\/2018\/06\/acne_embarazo.jpg\",\"contentUrl\":\"https:\/\/www.suavinex.com\/livingsuavinex\/wp-content\/uploads\/2018\/06\/acne_embarazo.jpg\",\"width\":876,\"height\":527},{\"@type\":\"BreadcrumbList\",\"@id\":\"https:\/\/www.suavinex.com\/livingsuavinex\/acne-durante-el-embarazo-por-que-aparece\/#breadcrumb\",\"itemListElement\":[{\"@type\":\"ListItem\",\"position\":1,\"name\":\"Portada\",\"item\":\"https:\/\/www.suavinex.com\/livingsuavinex\/\"},{\"@type\":\"ListItem\",\"position\":2,\"name\":\"Acn\u00e9 durante el embarazo, \u00bfpor qu\u00e9 aparece?\"}]},{\"@type\":\"WebSite\",\"@id\":\"https:\/\/www.suavinex.com\/livingsuavinex\/#website\",\"url\":\"https:\/\/www.suavinex.com\/livingsuavinex\/\",\"name\":\"Living Suavinex\",\"description\":\"| Familias reales\",\"publisher\":{\"@id\":\"https:\/\/www.suavinex.com\/livingsuavinex\/#organization\"},\"potentialAction\":[{\"@type\":\"SearchAction\",\"target\":{\"@type\":\"EntryPoint\",\"urlTemplate\":\"https:\/\/www.suavinex.com\/livingsuavinex\/?s={search_term_string}\"},\"query-input\":{\"@type\":\"PropertyValueSpecification\",\"valueRequired\":true,\"valueName\":\"search_term_string\"}}],\"inLanguage\":\"es\"},{\"@type\":\"Organization\",\"@id\":\"https:\/\/www.suavinex.com\/livingsuavinex\/#organization\",\"name\":\"Suavinex\",\"url\":\"https:\/\/www.suavinex.com\/livingsuavinex\/\",\"logo\":{\"@type\":\"ImageObject\",\"inLanguage\":\"es\",\"@id\":\"https:\/\/www.suavinex.com\/livingsuavinex\/#\/schema\/logo\/image\/\",\"url\":\"https:\/\/www.suavinex.com\/livingsuavinex\/wp-content\/uploads\/2018\/07\/living_sx_logo_mvl.png\",\"contentUrl\":\"https:\/\/www.suavinex.com\/livingsuavinex\/wp-content\/uploads\/2018\/07\/living_sx_logo_mvl.png\",\"width\":350,\"height\":70,\"caption\":\"Suavinex\"},\"image\":{\"@id\":\"https:\/\/www.suavinex.com\/livingsuavinex\/#\/schema\/logo\/image\/\"},\"sameAs\":[\"https:\/\/www.facebook.com\/SuavinexSpain\",\"https:\/\/x.com\/SuavinexSpain\",\"https:\/\/www.instagram.com\/suavinex_spain\/\",\"https:\/\/www.pinterest.es\/SuavinexSpain\/\",\"https:\/\/www.youtube.com\/channel\/UCgeJREx2R_ZvV2aQMrfWgcA\"]},{\"@type\":\"Person\",\"@id\":\"https:\/\/www.suavinex.com\/livingsuavinex\/#\/schema\/person\/64fd7b62c88b0024a3ceeffb47f07eb6\",\"name\":\"Living Suavinex\",\"image\":{\"@type\":\"ImageObject\",\"inLanguage\":\"es\",\"@id\":\"https:\/\/www.suavinex.com\/livingsuavinex\/#\/schema\/person\/image\/\",\"url\":\"https:\/\/www.suavinex.com\/livingsuavinex\/wp-content\/uploads\/2017\/05\/Living-Suavinex_avatar-96x96.png\",\"contentUrl\":\"https:\/\/www.suavinex.com\/livingsuavinex\/wp-content\/uploads\/2017\/05\/Living-Suavinex_avatar-96x96.png\",\"caption\":\"Living Suavinex\"}}]}<\/script>\n<!-- \/ Yoast SEO plugin. -->","yoast_head_json":{"title":"Acn\u00e9 durante el embarazo, \u00bfpor qu\u00e9 aparece?","description":"Los ya conocidos cambios hormonales que se producen en el embarazo pueden afectarnos de diferentes maneras, una de ellas es la aparici\u00f3n de acn\u00e9.","robots":{"index":"index","follow":"follow","max-snippet":"max-snippet:-1","max-image-preview":"max-image-preview:large","max-video-preview":"max-video-preview:-1"},"canonical":"https:\/\/www.suavinex.com\/livingsuavinex\/acne-durante-el-embarazo-por-que-aparece\/","og_locale":"es_ES","og_type":"article","og_title":"Acn\u00e9 durante el embarazo, \u00bfpor qu\u00e9 aparece?","og_description":"Los ya conocidos cambios hormonales que se producen en el embarazo pueden afectarnos de diferentes maneras, una de ellas es la aparici\u00f3n de acn\u00e9.","og_url":"https:\/\/www.suavinex.com\/livingsuavinex\/acne-durante-el-embarazo-por-que-aparece\/","og_site_name":"Living Suavinex","article_publisher":"https:\/\/www.facebook.com\/SuavinexSpain","article_published_time":"2015-07-13T04:55:49+00:00","article_modified_time":"2022-01-12T11:05:16+00:00","og_image":[{"width":876,"height":527,"url":"https:\/\/www.suavinex.com\/livingsuavinex\/wp-content\/uploads\/2018\/06\/acne_embarazo.jpg","type":"image\/jpeg"}],"author":"Living Suavinex","twitter_card":"summary_large_image","twitter_creator":"@SuavinexSpain","twitter_site":"@SuavinexSpain","twitter_misc":{"Escrito por":"Living Suavinex","Tiempo de lectura":"1 minuto"},"schema":{"@context":"https:\/\/schema.org","@graph":[{"@type":"Article","@id":"https:\/\/www.suavinex.com\/livingsuavinex\/acne-durante-el-embarazo-por-que-aparece\/#article","isPartOf":{"@id":"https:\/\/www.suavinex.com\/livingsuavinex\/acne-durante-el-embarazo-por-que-aparece\/"},"author":{"name":"Living Suavinex","@id":"https:\/\/www.suavinex.com\/livingsuavinex\/#\/schema\/person\/64fd7b62c88b0024a3ceeffb47f07eb6"},"headline":"Acn\u00e9 durante el embarazo, \u00bfpor qu\u00e9 aparece?","datePublished":"2015-07-13T04:55:49+00:00","dateModified":"2022-01-12T11:05:16+00:00","mainEntityOfPage":{"@id":"https:\/\/www.suavinex.com\/livingsuavinex\/acne-durante-el-embarazo-por-que-aparece\/"},"wordCount":258,"commentCount":0,"publisher":{"@id":"https:\/\/www.suavinex.com\/livingsuavinex\/#organization"},"image":{"@id":"https:\/\/www.suavinex.com\/livingsuavinex\/acne-durante-el-embarazo-por-que-aparece\/#primaryimage"},"thumbnailUrl":"https:\/\/www.suavinex.com\/livingsuavinex\/wp-content\/uploads\/2018\/06\/acne_embarazo.jpg","articleSection":["Embarazo"],"inLanguage":"es"},{"@type":"WebPage","@id":"https:\/\/www.suavinex.com\/livingsuavinex\/acne-durante-el-embarazo-por-que-aparece\/","url":"https:\/\/www.suavinex.com\/livingsuavinex\/acne-durante-el-embarazo-por-que-aparece\/","name":"Acn\u00e9 durante el embarazo, \u00bfpor qu\u00e9 aparece?","isPartOf":{"@id":"https:\/\/www.suavinex.com\/livingsuavinex\/#website"},"primaryImageOfPage":{"@id":"https:\/\/www.suavinex.com\/livingsuavinex\/acne-durante-el-embarazo-por-que-aparece\/#primaryimage"},"image":{"@id":"https:\/\/www.suavinex.com\/livingsuavinex\/acne-durante-el-embarazo-por-que-aparece\/#primaryimage"},"thumbnailUrl":"https:\/\/www.suavinex.com\/livingsuavinex\/wp-content\/uploads\/2018\/06\/acne_embarazo.jpg","datePublished":"2015-07-13T04:55:49+00:00","dateModified":"2022-01-12T11:05:16+00:00","description":"Los ya conocidos cambios hormonales que se producen en el embarazo pueden afectarnos de diferentes maneras, una de ellas es la aparici\u00f3n de acn\u00e9.","breadcrumb":{"@id":"https:\/\/www.suavinex.com\/livingsuavinex\/acne-durante-el-embarazo-por-que-aparece\/#breadcrumb"},"inLanguage":"es","potentialAction":[{"@type":"ReadAction","target":["https:\/\/www.suavinex.com\/livingsuavinex\/acne-durante-el-embarazo-por-que-aparece\/"]}]},{"@type":"ImageObject","inLanguage":"es","@id":"https:\/\/www.suavinex.com\/livingsuavinex\/acne-durante-el-embarazo-por-que-aparece\/#primaryimage","url":"https:\/\/www.suavinex.com\/livingsuavinex\/wp-content\/uploads\/2018\/06\/acne_embarazo.jpg","contentUrl":"https:\/\/www.suavinex.com\/livingsuavinex\/wp-content\/uploads\/2018\/06\/acne_embarazo.jpg","width":876,"height":527},{"@type":"BreadcrumbList","@id":"https:\/\/www.suavinex.com\/livingsuavinex\/acne-durante-el-embarazo-por-que-aparece\/#breadcrumb","itemListElement":[{"@type":"ListItem","position":1,"name":"Portada","item":"https:\/\/www.suavinex.com\/livingsuavinex\/"},{"@type":"ListItem","position":2,"name":"Acn\u00e9 durante el embarazo, \u00bfpor qu\u00e9 aparece?"}]},{"@type":"WebSite","@id":"https:\/\/www.suavinex.com\/livingsuavinex\/#website","url":"https:\/\/www.suavinex.com\/livingsuavinex\/","name":"Living Suavinex","description":"| Familias reales","publisher":{"@id":"https:\/\/www.suavinex.com\/livingsuavinex\/#organization"},"potentialAction":[{"@type":"SearchAction","target":{"@type":"EntryPoint","urlTemplate":"https:\/\/www.suavinex.com\/livingsuavinex\/?s={search_term_string}"},"query-input":{"@type":"PropertyValueSpecification","valueRequired":true,"valueName":"search_term_string"}}],"inLanguage":"es"},{"@type":"Organization","@id":"https:\/\/www.suavinex.com\/livingsuavinex\/#organization","name":"Suavinex","url":"https:\/\/www.suavinex.com\/livingsuavinex\/","logo":{"@type":"ImageObject","inLanguage":"es","@id":"https:\/\/www.suavinex.com\/livingsuavinex\/#\/schema\/logo\/image\/","url":"https:\/\/www.suavinex.com\/livingsuavinex\/wp-content\/uploads\/2018\/07\/living_sx_logo_mvl.png","contentUrl":"https:\/\/www.suavinex.com\/livingsuavinex\/wp-content\/uploads\/2018\/07\/living_sx_logo_mvl.png","width":350,"height":70,"caption":"Suavinex"},"image":{"@id":"https:\/\/www.suavinex.com\/livingsuavinex\/#\/schema\/logo\/image\/"},"sameAs":["https:\/\/www.facebook.com\/SuavinexSpain","https:\/\/x.com\/SuavinexSpain","https:\/\/www.instagram.com\/suavinex_spain\/","https:\/\/www.pinterest.es\/SuavinexSpain\/","https:\/\/www.youtube.com\/channel\/UCgeJREx2R_ZvV2aQMrfWgcA"]},{"@type":"Person","@id":"https:\/\/www.suavinex.com\/livingsuavinex\/#\/schema\/person\/64fd7b62c88b0024a3ceeffb47f07eb6","name":"Living Suavinex","image":{"@type":"ImageObject","inLanguage":"es","@id":"https:\/\/www.suavinex.com\/livingsuavinex\/#\/schema\/person\/image\/","url":"https:\/\/www.suavinex.com\/livingsuavinex\/wp-content\/uploads\/2017\/05\/Living-Suavinex_avatar-96x96.png","contentUrl":"https:\/\/www.suavinex.com\/livingsuavinex\/wp-content\/uploads\/2017\/05\/Living-Suavinex_avatar-96x96.png","caption":"Living Suavinex"}}]}},"_links":{"self":[{"href":"https:\/\/www.suavinex.com\/livingsuavinex\/wp-json\/wp\/v2\/posts\/13837","targetHints":{"allow":["GET"]}}],"collection":[{"href":"https:\/\/www.suavinex.com\/livingsuavinex\/wp-json\/wp\/v2\/posts"}],"about":[{"href":"https:\/\/www.suavinex.com\/livingsuavinex\/wp-json\/wp\/v2\/types\/post"}],"author":[{"embeddable":true,"href":"https:\/\/www.suavinex.com\/livingsuavinex\/wp-json\/wp\/v2\/users\/288"}],"replies":[{"embeddable":true,"href":"https:\/\/www.suavinex.com\/livingsuavinex\/wp-json\/wp\/v2\/comments?post=13837"}],"version-history":[{"count":6,"href":"https:\/\/www.suavinex.com\/livingsuavinex\/wp-json\/wp\/v2\/posts\/13837\/revisions"}],"predecessor-version":[{"id":42276,"href":"https:\/\/www.suavinex.com\/livingsuavinex\/wp-json\/wp\/v2\/posts\/13837\/revisions\/42276"}],"wp:featuredmedia":[{"embeddable":true,"href":"https:\/\/www.suavinex.com\/livingsuavinex\/wp-json\/wp\/v2\/media\/25746"}],"wp:attachment":[{"href":"https:\/\/www.suavinex.com\/livingsuavinex\/wp-json\/wp\/v2\/media?parent=13837"}],"wp:term":[{"taxonomy":"category","embeddable":true,"href":"https:\/\/www.suavinex.com\/livingsuavinex\/wp-json\/wp\/v2\/categories?post=13837"},{"taxonomy":"post_tag","embeddable":true,"href":"https:\/\/www.suavinex.com\/livingsuavinex\/wp-json\/wp\/v2\/tags?post=13837"}],"curies":[{"name":"wp","href":"https:\/\/api.w.org\/{rel}","templated":true}]}}