{"id":13645,"date":"2015-05-20T11:17:45","date_gmt":"2015-05-20T11:17:45","guid":{"rendered":"https:\/\/www.suavinex.com\/livingsuavinex\/?p=13645"},"modified":"2025-06-19T12:27:38","modified_gmt":"2025-06-19T10:27:38","slug":"conclusiones-consultorio-alergias","status":"publish","type":"post","link":"https:\/\/www.suavinex.com\/livingsuavinex\/conclusiones-consultorio-alergias\/","title":{"rendered":"Conclusiones Consultorio Suavinex alergias infantiles"},"content":{"rendered":"<p>Las alergias son una de las grandes preocupaciones de los padres cuando se trata de la salud de los m\u00e1s peque\u00f1os. Alergias alimentarias, dermatitis, complicaciones respiratorias son posibles afecciones con las que las familias pueden tener que lidiar.<\/p>\n<p>El pasado d\u00eda 13 de mayo el Doctor Jes\u00fas Garrido, autor de la web <strong><a href=\"http:\/\/www.mipediatraonline.com\/\" target=\"_blank\" rel=\"noopener noreferrer\">Mi pediatra online<\/a><\/strong>, contest\u00f3 vuestras dudas sobre el tema en <strong>Consultorio Suavinex: el experto responde<\/strong>. Hemos querido recoger las respuestas m\u00e1s interesantes y que creemos pueden ser de vuestro inter\u00e9s. Son estas:<\/p>\n<p><strong>\u00bfC\u00f3mo saber si un alimento causa alergia en un beb\u00e9?<\/strong> Cuando se van introduciendo alimentos en la dieta del beb\u00e9 es conveniente controlar el peso. Si hay estancamiento o p\u00e9rdida de peso, v\u00f3mitos, diarrea o erupciones en la piel que coinciden con el nuevo alimento lo mejor es suspenderlo y consultar con el pediatra.<\/p>\n<p><strong>La atop\u00eda (o dermatitis at\u00f3pica) favorece la aparici\u00f3n de alergias alimentarias<\/strong> en general. Por ello, a la hora de introducir la alimentaci\u00f3n complementaria en beb\u00e9s hay que estar muy atentos. En estos ni\u00f1os si algo no va bien suele notarse un empeoramiento de la dermatitis.<\/p>\n<p><strong>La alergia a la prote\u00edna de leche de vaca (APLV) desaparece en m\u00e1s de un 80% de casos<\/strong>, antes de los 4 a\u00f1os de edad.<\/p>\n<p><strong>La tendencia a hacer alergias es hereditaria<\/strong>. Si uno de los padres es al\u00e9rgico a la prote\u00edna de leche de vaca (APLV), por ejemplo, hay m\u00e1s posibilidades de que el beb\u00e9 lo sea. Lo mejor es darle a probar la leche entorno al a\u00f1o. Comenzar con yogur y observar si aparecen v\u00f3mitos, diarrea o dermatitis.<\/p>\n<p><strong>Las alergias respiratorias no se definen antes de los 5-6 a\u00f1os<\/strong>, hasta esa edad las patolog\u00edas respiratorias suelen estar desencadenadas por infecciones virales. Las probabilidades de que se convierta en <strong><a href=\"http:\/\/www.mipediatraonline.com\/bronquitis-cronica-en-ninos-y-bebes\/\" target=\"_blank\" rel=\"noopener noreferrer\" class=\"broken_link\">asma al\u00e9rgica<\/a><\/strong> aumentan si el beb\u00e9 tuvo la primera bronquitis\/bronquiolitis con menos de 6 meses, y si adem\u00e1s tiene dermatitis at\u00f3pica y antecedentes de asma en la familia.<\/p>\n<p><strong>Un beb\u00e9 diagnosticado de APLV puede tomar leche materna si la madre no consume ning\u00fan l\u00e1cteo<\/strong>. Si su peso evoluciona dentro de lo normal no es necesario tomar ning\u00fan suplemento a\u00f1adido.<\/p>\n<p>Para un ni\u00f1o al\u00e9rgico a las picaduras de insectos (abeja por ejemplo), salvo que la reacci\u00f3n pueda ser muy peligrosa, se aconseja m\u00e1s tratar la picadura\/reacci\u00f3n cuando sucede (anti-histam\u00ednico oral y corticoide en las picaduras), que la vacunaci\u00f3n, ya que \u00e9stas tambi\u00e9n conllevas riesgos.<\/p>\n<p><strong>Cuando hace mucho calor los beb\u00e9s pueden presentar una irritaci\u00f3n de la piel llamada sudamina<\/strong>. No es una alergia sino una irritaci\u00f3n de los poros que producen el sudor. Suele bastar con refrescarles y aplicar crema hidratante. Algunos ni\u00f1os son m\u00e1s propensos que otros a padecerlo y a veces les acompa\u00f1an durante todo el verano. Lo mejor es evitar situaciones en las que pueda sudar mucho.<\/p>\n<p><strong>Muchos ni\u00f1os que padecen alergias alimentarias tienen una mala relaci\u00f3n con la comida<\/strong>. Puede suceder que el ni\u00f1o haya asociado las molestias de la alergia a comer. Lo mejor es tener una relaci\u00f3n natural con la comida; ofrecer variedad, nunca forzar y dejar de preocuparse si come poco o mucho.<\/p>\n<p><strong>El tratamiento para las alergias a p\u00f3lenes suele ser la vacunaci\u00f3n<\/strong>. Con las alergias alimentarias se usan otros m\u00e9todos como los protocolos de desensibilizaci\u00f3n que no precisan inyectar el al\u00e9rgeno. Para una informaci\u00f3n m\u00e1s exhaustiva, consulta con tu pediatra.<\/p>\n<p><strong>La alergia a p\u00f3lenes es dif\u00edcil de diagnosticar en los primeros a\u00f1os de vida del ni\u00f1o<\/strong>. Puede presentar s\u00edntomas espor\u00e1dicos, pero si presenta picores en nariz y ojos a primera hora de la ma\u00f1ana, mejora durante las horas de calor y empeora al final de la tarde, es muy posible que lo sea.<\/p>\n<p>Las alergias a polvo, p\u00f3lenes y animales que se detectan en ni\u00f1os de corta edad, \u00bfdisminuyen o crecen con el tiempo? Siempre depender\u00e1 de cada ni\u00f1o. Si hay antecedentes familiares de asma o dermatitis at\u00f3pica, tiene m\u00e1s probabilidades de continuar con ello.<\/p>\n<p>Si tu beb\u00e9 menor de 6 meses presenta un ruidito continuo en la nariz y notas que no puede respirar bien, no se trata de una alergia (es demasiado pronto) sino que puede ser una <strong><a href=\"http:\/\/www.mipediatraonline.com\/rinitis-seca-del-lactante\/\" target=\"_blank\" rel=\"noopener noreferrer\" class=\"broken_link\">rinitis seca del lactante<\/a><\/strong>. Todos los ni\u00f1os la padecen durante sus primeros meses de vida, a unos se les nota m\u00e1s que o otros. Es parte de su adaptaci\u00f3n a un mundo de condiciones cambiantes.<\/p>\n<p><strong>\u00bfCu\u00e1ndo realizar pruebas de alergia a p\u00f3lenes a los ni\u00f1os?<\/strong> Antes de los 5-6 a\u00f1os las pruebas de alergia suelen ser muy poco concretas. Los resultados pueden confundir. Lo m\u00e1s conveniente es tratar los s\u00edntomas estacionales. Y si a partir de los 6 a\u00f1os los s\u00edntomas persisten, entonces realizarlas.<\/p>\n<p>Esperamos que estas conclusiones os sirvan como gu\u00eda r\u00e1pida. Os esperamos en pr\u00f3ximos consultorios.<\/p>\n","protected":false},"excerpt":{"rendered":"Os ofrecemos las respuestas m\u00e1s interesantes del consultorio con Jes\u00fas Garrido sobre alergias infantiles.","protected":false},"author":288,"featured_media":23423,"comment_status":"open","ping_status":"open","sticky":false,"template":"","format":"standard","meta":{"inline_featured_image":false,"footnotes":""},"categories":[2272],"tags":[1225],"class_list":["post-13645","post","type-post","status-publish","format-standard","has-post-thumbnail","hentry","category-tips-crianza","tag-consultorio-suavinex"],"yoast_head":"<!-- This site is optimized with the Yoast SEO plugin v26.8 - https:\/\/yoast.com\/product\/yoast-seo-wordpress\/ -->\n<title>Conclusiones Consultorio Suavinex alergias infantiles<\/title>\n<meta name=\"description\" content=\"Las alergias son una de las grandes preocupaciones de los padres cuando se trata de la salud de los m\u00e1s peque\u00f1os.\" \/>\n<meta name=\"robots\" content=\"index, follow, max-snippet:-1, max-image-preview:large, max-video-preview:-1\" \/>\n<link rel=\"canonical\" href=\"https:\/\/www.suavinex.com\/livingsuavinex\/conclusiones-consultorio-alergias\/\" \/>\n<meta property=\"og:locale\" content=\"es_ES\" \/>\n<meta property=\"og:type\" content=\"article\" \/>\n<meta property=\"og:title\" content=\"Conclusiones Consultorio Suavinex alergias infantiles\" \/>\n<meta property=\"og:description\" content=\"Las alergias son una de las grandes preocupaciones de los padres cuando se trata de la salud de los m\u00e1s peque\u00f1os.\" \/>\n<meta property=\"og:url\" content=\"https:\/\/www.suavinex.com\/livingsuavinex\/conclusiones-consultorio-alergias\/\" \/>\n<meta property=\"og:site_name\" content=\"Living Suavinex\" \/>\n<meta property=\"article:publisher\" content=\"https:\/\/www.facebook.com\/SuavinexSpain\" \/>\n<meta property=\"article:published_time\" content=\"2015-05-20T11:17:45+00:00\" \/>\n<meta property=\"article:modified_time\" content=\"2025-06-19T10:27:38+00:00\" \/>\n<meta property=\"og:image\" content=\"https:\/\/www.suavinex.com\/livingsuavinex\/wp-content\/uploads\/2015\/05\/jesus-garrido-conclusiones-opt.jpg\" \/>\n\t<meta property=\"og:image:width\" content=\"876\" \/>\n\t<meta property=\"og:image:height\" content=\"450\" \/>\n\t<meta property=\"og:image:type\" content=\"image\/jpeg\" \/>\n<meta name=\"author\" content=\"Living Suavinex\" \/>\n<meta name=\"twitter:card\" content=\"summary_large_image\" \/>\n<meta name=\"twitter:creator\" content=\"@SuavinexSpain\" \/>\n<meta name=\"twitter:site\" content=\"@SuavinexSpain\" \/>\n<meta name=\"twitter:label1\" content=\"Escrito por\" \/>\n\t<meta name=\"twitter:data1\" content=\"Living Suavinex\" \/>\n\t<meta name=\"twitter:label2\" content=\"Tiempo de lectura\" \/>\n\t<meta name=\"twitter:data2\" content=\"4 minutos\" \/>\n<script type=\"application\/ld+json\" class=\"yoast-schema-graph\">{\"@context\":\"https:\/\/schema.org\",\"@graph\":[{\"@type\":\"Article\",\"@id\":\"https:\/\/www.suavinex.com\/livingsuavinex\/conclusiones-consultorio-alergias\/#article\",\"isPartOf\":{\"@id\":\"https:\/\/www.suavinex.com\/livingsuavinex\/conclusiones-consultorio-alergias\/\"},\"author\":{\"name\":\"Living Suavinex\",\"@id\":\"https:\/\/www.suavinex.com\/livingsuavinex\/#\/schema\/person\/64fd7b62c88b0024a3ceeffb47f07eb6\"},\"headline\":\"Conclusiones Consultorio Suavinex alergias infantiles\",\"datePublished\":\"2015-05-20T11:17:45+00:00\",\"dateModified\":\"2025-06-19T10:27:38+00:00\",\"mainEntityOfPage\":{\"@id\":\"https:\/\/www.suavinex.com\/livingsuavinex\/conclusiones-consultorio-alergias\/\"},\"wordCount\":863,\"commentCount\":0,\"publisher\":{\"@id\":\"https:\/\/www.suavinex.com\/livingsuavinex\/#organization\"},\"image\":{\"@id\":\"https:\/\/www.suavinex.com\/livingsuavinex\/conclusiones-consultorio-alergias\/#primaryimage\"},\"thumbnailUrl\":\"https:\/\/www.suavinex.com\/livingsuavinex\/wp-content\/uploads\/2015\/05\/jesus-garrido-conclusiones-opt.jpg\",\"keywords\":[\"Consultorio Suavinex\"],\"articleSection\":[\"Tips de crianza\"],\"inLanguage\":\"es\"},{\"@type\":\"WebPage\",\"@id\":\"https:\/\/www.suavinex.com\/livingsuavinex\/conclusiones-consultorio-alergias\/\",\"url\":\"https:\/\/www.suavinex.com\/livingsuavinex\/conclusiones-consultorio-alergias\/\",\"name\":\"Conclusiones Consultorio Suavinex alergias infantiles\",\"isPartOf\":{\"@id\":\"https:\/\/www.suavinex.com\/livingsuavinex\/#website\"},\"primaryImageOfPage\":{\"@id\":\"https:\/\/www.suavinex.com\/livingsuavinex\/conclusiones-consultorio-alergias\/#primaryimage\"},\"image\":{\"@id\":\"https:\/\/www.suavinex.com\/livingsuavinex\/conclusiones-consultorio-alergias\/#primaryimage\"},\"thumbnailUrl\":\"https:\/\/www.suavinex.com\/livingsuavinex\/wp-content\/uploads\/2015\/05\/jesus-garrido-conclusiones-opt.jpg\",\"datePublished\":\"2015-05-20T11:17:45+00:00\",\"dateModified\":\"2025-06-19T10:27:38+00:00\",\"description\":\"Las alergias son una de las grandes preocupaciones de los padres cuando se trata de la salud de los m\u00e1s peque\u00f1os.\",\"breadcrumb\":{\"@id\":\"https:\/\/www.suavinex.com\/livingsuavinex\/conclusiones-consultorio-alergias\/#breadcrumb\"},\"inLanguage\":\"es\",\"potentialAction\":[{\"@type\":\"ReadAction\",\"target\":[\"https:\/\/www.suavinex.com\/livingsuavinex\/conclusiones-consultorio-alergias\/\"]}]},{\"@type\":\"ImageObject\",\"inLanguage\":\"es\",\"@id\":\"https:\/\/www.suavinex.com\/livingsuavinex\/conclusiones-consultorio-alergias\/#primaryimage\",\"url\":\"https:\/\/www.suavinex.com\/livingsuavinex\/wp-content\/uploads\/2015\/05\/jesus-garrido-conclusiones-opt.jpg\",\"contentUrl\":\"https:\/\/www.suavinex.com\/livingsuavinex\/wp-content\/uploads\/2015\/05\/jesus-garrido-conclusiones-opt.jpg\",\"width\":876,\"height\":450},{\"@type\":\"BreadcrumbList\",\"@id\":\"https:\/\/www.suavinex.com\/livingsuavinex\/conclusiones-consultorio-alergias\/#breadcrumb\",\"itemListElement\":[{\"@type\":\"ListItem\",\"position\":1,\"name\":\"Portada\",\"item\":\"https:\/\/www.suavinex.com\/livingsuavinex\/\"},{\"@type\":\"ListItem\",\"position\":2,\"name\":\"Conclusiones Consultorio Suavinex alergias infantiles\"}]},{\"@type\":\"WebSite\",\"@id\":\"https:\/\/www.suavinex.com\/livingsuavinex\/#website\",\"url\":\"https:\/\/www.suavinex.com\/livingsuavinex\/\",\"name\":\"Living Suavinex\",\"description\":\"| Familias reales\",\"publisher\":{\"@id\":\"https:\/\/www.suavinex.com\/livingsuavinex\/#organization\"},\"potentialAction\":[{\"@type\":\"SearchAction\",\"target\":{\"@type\":\"EntryPoint\",\"urlTemplate\":\"https:\/\/www.suavinex.com\/livingsuavinex\/?s={search_term_string}\"},\"query-input\":{\"@type\":\"PropertyValueSpecification\",\"valueRequired\":true,\"valueName\":\"search_term_string\"}}],\"inLanguage\":\"es\"},{\"@type\":\"Organization\",\"@id\":\"https:\/\/www.suavinex.com\/livingsuavinex\/#organization\",\"name\":\"Suavinex\",\"url\":\"https:\/\/www.suavinex.com\/livingsuavinex\/\",\"logo\":{\"@type\":\"ImageObject\",\"inLanguage\":\"es\",\"@id\":\"https:\/\/www.suavinex.com\/livingsuavinex\/#\/schema\/logo\/image\/\",\"url\":\"https:\/\/www.suavinex.com\/livingsuavinex\/wp-content\/uploads\/2018\/07\/living_sx_logo_mvl.png\",\"contentUrl\":\"https:\/\/www.suavinex.com\/livingsuavinex\/wp-content\/uploads\/2018\/07\/living_sx_logo_mvl.png\",\"width\":350,\"height\":70,\"caption\":\"Suavinex\"},\"image\":{\"@id\":\"https:\/\/www.suavinex.com\/livingsuavinex\/#\/schema\/logo\/image\/\"},\"sameAs\":[\"https:\/\/www.facebook.com\/SuavinexSpain\",\"https:\/\/x.com\/SuavinexSpain\",\"https:\/\/www.instagram.com\/suavinex_spain\/\",\"https:\/\/www.pinterest.es\/SuavinexSpain\/\",\"https:\/\/www.youtube.com\/channel\/UCgeJREx2R_ZvV2aQMrfWgcA\"]},{\"@type\":\"Person\",\"@id\":\"https:\/\/www.suavinex.com\/livingsuavinex\/#\/schema\/person\/64fd7b62c88b0024a3ceeffb47f07eb6\",\"name\":\"Living Suavinex\",\"image\":{\"@type\":\"ImageObject\",\"inLanguage\":\"es\",\"@id\":\"https:\/\/www.suavinex.com\/livingsuavinex\/#\/schema\/person\/image\/\",\"url\":\"https:\/\/www.suavinex.com\/livingsuavinex\/wp-content\/uploads\/2017\/05\/Living-Suavinex_avatar-96x96.png\",\"contentUrl\":\"https:\/\/www.suavinex.com\/livingsuavinex\/wp-content\/uploads\/2017\/05\/Living-Suavinex_avatar-96x96.png\",\"caption\":\"Living Suavinex\"}}]}<\/script>\n<!-- \/ Yoast SEO plugin. -->","yoast_head_json":{"title":"Conclusiones Consultorio Suavinex alergias infantiles","description":"Las alergias son una de las grandes preocupaciones de los padres cuando se trata de la salud de los m\u00e1s peque\u00f1os.","robots":{"index":"index","follow":"follow","max-snippet":"max-snippet:-1","max-image-preview":"max-image-preview:large","max-video-preview":"max-video-preview:-1"},"canonical":"https:\/\/www.suavinex.com\/livingsuavinex\/conclusiones-consultorio-alergias\/","og_locale":"es_ES","og_type":"article","og_title":"Conclusiones Consultorio Suavinex alergias infantiles","og_description":"Las alergias son una de las grandes preocupaciones de los padres cuando se trata de la salud de los m\u00e1s peque\u00f1os.","og_url":"https:\/\/www.suavinex.com\/livingsuavinex\/conclusiones-consultorio-alergias\/","og_site_name":"Living Suavinex","article_publisher":"https:\/\/www.facebook.com\/SuavinexSpain","article_published_time":"2015-05-20T11:17:45+00:00","article_modified_time":"2025-06-19T10:27:38+00:00","og_image":[{"width":876,"height":450,"url":"https:\/\/www.suavinex.com\/livingsuavinex\/wp-content\/uploads\/2015\/05\/jesus-garrido-conclusiones-opt.jpg","type":"image\/jpeg"}],"author":"Living Suavinex","twitter_card":"summary_large_image","twitter_creator":"@SuavinexSpain","twitter_site":"@SuavinexSpain","twitter_misc":{"Escrito por":"Living Suavinex","Tiempo de lectura":"4 minutos"},"schema":{"@context":"https:\/\/schema.org","@graph":[{"@type":"Article","@id":"https:\/\/www.suavinex.com\/livingsuavinex\/conclusiones-consultorio-alergias\/#article","isPartOf":{"@id":"https:\/\/www.suavinex.com\/livingsuavinex\/conclusiones-consultorio-alergias\/"},"author":{"name":"Living Suavinex","@id":"https:\/\/www.suavinex.com\/livingsuavinex\/#\/schema\/person\/64fd7b62c88b0024a3ceeffb47f07eb6"},"headline":"Conclusiones Consultorio Suavinex alergias infantiles","datePublished":"2015-05-20T11:17:45+00:00","dateModified":"2025-06-19T10:27:38+00:00","mainEntityOfPage":{"@id":"https:\/\/www.suavinex.com\/livingsuavinex\/conclusiones-consultorio-alergias\/"},"wordCount":863,"commentCount":0,"publisher":{"@id":"https:\/\/www.suavinex.com\/livingsuavinex\/#organization"},"image":{"@id":"https:\/\/www.suavinex.com\/livingsuavinex\/conclusiones-consultorio-alergias\/#primaryimage"},"thumbnailUrl":"https:\/\/www.suavinex.com\/livingsuavinex\/wp-content\/uploads\/2015\/05\/jesus-garrido-conclusiones-opt.jpg","keywords":["Consultorio Suavinex"],"articleSection":["Tips de crianza"],"inLanguage":"es"},{"@type":"WebPage","@id":"https:\/\/www.suavinex.com\/livingsuavinex\/conclusiones-consultorio-alergias\/","url":"https:\/\/www.suavinex.com\/livingsuavinex\/conclusiones-consultorio-alergias\/","name":"Conclusiones Consultorio Suavinex alergias infantiles","isPartOf":{"@id":"https:\/\/www.suavinex.com\/livingsuavinex\/#website"},"primaryImageOfPage":{"@id":"https:\/\/www.suavinex.com\/livingsuavinex\/conclusiones-consultorio-alergias\/#primaryimage"},"image":{"@id":"https:\/\/www.suavinex.com\/livingsuavinex\/conclusiones-consultorio-alergias\/#primaryimage"},"thumbnailUrl":"https:\/\/www.suavinex.com\/livingsuavinex\/wp-content\/uploads\/2015\/05\/jesus-garrido-conclusiones-opt.jpg","datePublished":"2015-05-20T11:17:45+00:00","dateModified":"2025-06-19T10:27:38+00:00","description":"Las alergias son una de las grandes preocupaciones de los padres cuando se trata de la salud de los m\u00e1s peque\u00f1os.","breadcrumb":{"@id":"https:\/\/www.suavinex.com\/livingsuavinex\/conclusiones-consultorio-alergias\/#breadcrumb"},"inLanguage":"es","potentialAction":[{"@type":"ReadAction","target":["https:\/\/www.suavinex.com\/livingsuavinex\/conclusiones-consultorio-alergias\/"]}]},{"@type":"ImageObject","inLanguage":"es","@id":"https:\/\/www.suavinex.com\/livingsuavinex\/conclusiones-consultorio-alergias\/#primaryimage","url":"https:\/\/www.suavinex.com\/livingsuavinex\/wp-content\/uploads\/2015\/05\/jesus-garrido-conclusiones-opt.jpg","contentUrl":"https:\/\/www.suavinex.com\/livingsuavinex\/wp-content\/uploads\/2015\/05\/jesus-garrido-conclusiones-opt.jpg","width":876,"height":450},{"@type":"BreadcrumbList","@id":"https:\/\/www.suavinex.com\/livingsuavinex\/conclusiones-consultorio-alergias\/#breadcrumb","itemListElement":[{"@type":"ListItem","position":1,"name":"Portada","item":"https:\/\/www.suavinex.com\/livingsuavinex\/"},{"@type":"ListItem","position":2,"name":"Conclusiones Consultorio Suavinex alergias infantiles"}]},{"@type":"WebSite","@id":"https:\/\/www.suavinex.com\/livingsuavinex\/#website","url":"https:\/\/www.suavinex.com\/livingsuavinex\/","name":"Living Suavinex","description":"| Familias reales","publisher":{"@id":"https:\/\/www.suavinex.com\/livingsuavinex\/#organization"},"potentialAction":[{"@type":"SearchAction","target":{"@type":"EntryPoint","urlTemplate":"https:\/\/www.suavinex.com\/livingsuavinex\/?s={search_term_string}"},"query-input":{"@type":"PropertyValueSpecification","valueRequired":true,"valueName":"search_term_string"}}],"inLanguage":"es"},{"@type":"Organization","@id":"https:\/\/www.suavinex.com\/livingsuavinex\/#organization","name":"Suavinex","url":"https:\/\/www.suavinex.com\/livingsuavinex\/","logo":{"@type":"ImageObject","inLanguage":"es","@id":"https:\/\/www.suavinex.com\/livingsuavinex\/#\/schema\/logo\/image\/","url":"https:\/\/www.suavinex.com\/livingsuavinex\/wp-content\/uploads\/2018\/07\/living_sx_logo_mvl.png","contentUrl":"https:\/\/www.suavinex.com\/livingsuavinex\/wp-content\/uploads\/2018\/07\/living_sx_logo_mvl.png","width":350,"height":70,"caption":"Suavinex"},"image":{"@id":"https:\/\/www.suavinex.com\/livingsuavinex\/#\/schema\/logo\/image\/"},"sameAs":["https:\/\/www.facebook.com\/SuavinexSpain","https:\/\/x.com\/SuavinexSpain","https:\/\/www.instagram.com\/suavinex_spain\/","https:\/\/www.pinterest.es\/SuavinexSpain\/","https:\/\/www.youtube.com\/channel\/UCgeJREx2R_ZvV2aQMrfWgcA"]},{"@type":"Person","@id":"https:\/\/www.suavinex.com\/livingsuavinex\/#\/schema\/person\/64fd7b62c88b0024a3ceeffb47f07eb6","name":"Living Suavinex","image":{"@type":"ImageObject","inLanguage":"es","@id":"https:\/\/www.suavinex.com\/livingsuavinex\/#\/schema\/person\/image\/","url":"https:\/\/www.suavinex.com\/livingsuavinex\/wp-content\/uploads\/2017\/05\/Living-Suavinex_avatar-96x96.png","contentUrl":"https:\/\/www.suavinex.com\/livingsuavinex\/wp-content\/uploads\/2017\/05\/Living-Suavinex_avatar-96x96.png","caption":"Living Suavinex"}}]}},"_links":{"self":[{"href":"https:\/\/www.suavinex.com\/livingsuavinex\/wp-json\/wp\/v2\/posts\/13645","targetHints":{"allow":["GET"]}}],"collection":[{"href":"https:\/\/www.suavinex.com\/livingsuavinex\/wp-json\/wp\/v2\/posts"}],"about":[{"href":"https:\/\/www.suavinex.com\/livingsuavinex\/wp-json\/wp\/v2\/types\/post"}],"author":[{"embeddable":true,"href":"https:\/\/www.suavinex.com\/livingsuavinex\/wp-json\/wp\/v2\/users\/288"}],"replies":[{"embeddable":true,"href":"https:\/\/www.suavinex.com\/livingsuavinex\/wp-json\/wp\/v2\/comments?post=13645"}],"version-history":[{"count":3,"href":"https:\/\/www.suavinex.com\/livingsuavinex\/wp-json\/wp\/v2\/posts\/13645\/revisions"}],"predecessor-version":[{"id":40873,"href":"https:\/\/www.suavinex.com\/livingsuavinex\/wp-json\/wp\/v2\/posts\/13645\/revisions\/40873"}],"wp:featuredmedia":[{"embeddable":true,"href":"https:\/\/www.suavinex.com\/livingsuavinex\/wp-json\/wp\/v2\/media\/23423"}],"wp:attachment":[{"href":"https:\/\/www.suavinex.com\/livingsuavinex\/wp-json\/wp\/v2\/media?parent=13645"}],"wp:term":[{"taxonomy":"category","embeddable":true,"href":"https:\/\/www.suavinex.com\/livingsuavinex\/wp-json\/wp\/v2\/categories?post=13645"},{"taxonomy":"post_tag","embeddable":true,"href":"https:\/\/www.suavinex.com\/livingsuavinex\/wp-json\/wp\/v2\/tags?post=13645"}],"curies":[{"name":"wp","href":"https:\/\/api.w.org\/{rel}","templated":true}]}}