{"id":11834,"date":"2014-11-13T09:05:08","date_gmt":"2014-11-13T09:05:08","guid":{"rendered":"https:\/\/www.suavinex.com\/livingsuavinex\/?p=11834"},"modified":"2025-04-02T13:50:31","modified_gmt":"2025-04-02T11:50:31","slug":"dudas-madre-hijos","status":"publish","type":"post","link":"https:\/\/www.suavinex.com\/livingsuavinex\/dudas-madre-hijos\/","title":{"rendered":"Dudas de madre: \u00bfcu\u00e1ntos a\u00f1os es mejor que se lleven nuestros hijos?"},"content":{"rendered":"\n<p>Por <a title=\"Mamis y Beb\u00e9s\" href=\"http:\/\/www.mamisybebes.com\/\" target=\"_blank\" rel=\"noopener noreferrer\">Mamis y Beb\u00e9s<\/a><\/p>\n\n\n\n<p><a href=\"https:\/\/www.suavinex.com\/livingsuavinex\/precipicio_treintena\/\" target=\"_blank\" rel=\"noopener noreferrer\">Las mujeres<\/a> nos pasamos nuestra juventud sometidas a un rosario de preguntas inc\u00f3modas. Cuando tienes novio, que cu\u00e1ndo te casas. Cuando te casas, que cu\u00e1ndo tienes hijos. Cuando tienes el primero, que <a href=\"https:\/\/www.suavinex.com\/livingsuavinex\/primeriza-hijo\/\" target=\"_blank\" rel=\"noopener noreferrer\">cu\u00e1ndo viene el segundo<\/a>. \u00a1No me dig\u00e1is que no dan ganas de ponerse a gritar! \u00a1V\u00e1yanse ustedes todos\u2026 a fre\u00edr churros! (cambien churros por la palabra que m\u00e1s les guste).<\/p>\n\n\n\n<p>De todas esas, la \u00fanica que quiz\u00e1s s\u00ed que nos hacemos es <strong>\u00bfcu\u00e1nto deber\u00edan llevarse mis hijos?<\/strong> \u00bfCu\u00e1les son las ventajas y desventajas de que se lleven mucho o poco?<\/p>\n\n\n\n<h2 class=\"wp-block-heading\">Hermanos que se llevan muy poco<\/h2>\n\n\n\n<p>Hay quien cree que lo mejor del mundo mundial es que los hermanos se lleven poco. Esto tiene unas <strong>ventajas<\/strong>:<\/p>\n\n\n\n<ul class=\"wp-block-list\">\n<li><strong>Se cr\u00edan a la vez<\/strong>. Al final haces tabula rasa y para todos caf\u00e9. Los ritmos se igualan y va todo a la par.<\/li>\n\n\n\n<li><strong>Es m\u00e1s f\u00e1cil que exista amistad entre hermanos<\/strong>. Si se llevan poco a veces hasta comparten los grupos de amigos.<\/li>\n\n\n\n<li><strong>Llegas antes al momento de mayor independencia de los hijos. <\/strong> O lo que es lo mismo, puedes volver a tu vida anterior (m\u00e1s o menos, tampoco pens\u00e9is que esto es otra vez irnos de botell\u00f3n y estas cosas) antes.<\/li>\n<\/ul>\n\n\n\n<p>Pero claro, \u00a1ay amigos! Toda ventaja se convierte en una desventaja en un segundo. Se cr\u00edan a la vez\u2026 pero los primeros a\u00f1os podr\u00edas parecer con suerte miembro del reparto de <em>The Walking Dead<\/em>. Tal vez tus hijos sean de los que duermen mucho pero, \u2026 tal vez no. Tus hijos pueden ser amigos, pero lo mismo su car\u00e1cter es incompatible y no se llevan especialmente bien, o discuten mucho\u2026 \u00a1Y tal vez est\u00e9s deseando que el momento teta-pa\u00f1al-biber\u00f3n-papilla-chupete etc se alargue lo m\u00e1ximo posible!<\/p>\n\n\n\n<h2 class=\"wp-block-heading\">Hermanos que se llevan entre 2 \u00bd y 4 a\u00f1os<\/h2>\n\n\n\n<p>As\u00ed a priori es lo que la mayor\u00eda busca. Sobre el papel es una buena diferencia porque cuando nace el segundo, el primero ya nos est\u00e1 dando un respiro y <strong>podemos volcarnos en el reci\u00e9n nacido<\/strong>; el mayor no nos necesita tanto. Si son del mismo sexo (y a veces tambi\u00e9n sin serlo) pueden heredar la ropa de sus hermanos. Y a veces esa diferencia de edad puede que no sea insalvable para que se lleven estupendamente.<\/p>\n\n\n\n<p>Pero esto ya sab\u00e9is que es sobre el papel. Un ni\u00f1o de 2 a\u00f1os y medio nos sigue necesitando igualmente, a veces te llevas fatal con tus hermanos tengan la edad que tengan (y el mayor siempre pensar\u00e1 que el peque\u00f1o es un <em>peque\u00f1ajo<\/em> \u2026) y sobre todo \u00a1es que posiblemente acabas de tener un respiro! \u00a1Acababas de volver a dormir por fin, medianamente al menos! Empezar de nuevo cuando est\u00e1s disfrutando las mieles del descanso, de no tener que comprar pa\u00f1ales\u2026 <strong>a veces da una pereza muy perezosa<\/strong>.<\/p>\n\n\n\n<h2 class=\"wp-block-heading\">Hermanos que se llevan muchos a\u00f1os<\/h2>\n\n\n\n<p>No es una opci\u00f3n tan com\u00fan, sobre todo si s\u00f3lo son dos los hijos que planeas tener. Es m\u00e1s frecuente si hay un tercero, pero a veces pasa. No te has planteado tener un segundo hijo y de repente, te apetece. O simplemente la primera infancia del mayor ha sido muy agotadora. O circunstancias laborales. O la naturaleza dice que no y es que no.<\/p>\n\n\n\n<p>Las madres que tienen un hijo que se lleva muchos a\u00f1os con el anterior cuentan que esto tiene tambi\u00e9n sus <strong>ventajas<\/strong>.<\/p>\n\n\n\n<ul class=\"wp-block-list\">\n<li>El mayor te ayuda. Posiblemente fuera quien te pidiera un hermano incluso.<\/li>\n\n\n\n<li>Tienes la ventaja de vivir la maternidad desde una mayor madurez, m\u00e1s adulta y posiblemente de otra manera.<\/li>\n\n\n\n<li>Volver a tener en casa un beb\u00e9 es una alegr\u00eda.<\/li>\n<\/ul>\n\n\n\n<p>Pero claro. El hermano mayor a veces descubre cuando ya est\u00e1 su hermano en casa que \u00e9l s\u00f3lo estaba estupendamente. Te pilla m\u00e1s mayor, m\u00e1s serena pero tambi\u00e9n m\u00e1s cansada. Y a las cuatro de la ma\u00f1ana da una alegr\u00eda tremenda que te despierten en ocasiones\u2026<\/p>\n\n\n\n<h2 class=\"wp-block-heading\">O sea que\u2026<\/h2>\n\n\n\n<p>Va a ser que situaciones perfectas no existen. Existen NUESTRAS situaciones. Y si la vida nos da limones, hagamos limonada. M\u00e1s vale que nos centremos en las ventajas de lo que tenemos en vez de suspirar por lo que nos hubiese gustado que fuese.<\/p>\n\n\n\n<p>\u00bfSe llevan mucho, poco, una barbaridad? \u00bfResulta que tenemos gemelos y con esto no cont\u00e1bamos? \u00bfLa naturaleza nos ha hecho la pu\u00f1eta y no colabora en nuestro sue\u00f1o de tener familia numerosa? Luchemos. Y cuando lo que no pueda ser, no pueda ser y adem\u00e1s sea imposible disfrutemos a tope de lo que tengamos.<\/p>\n\n\n\n<p>No siempre nuestra vida va a salirnos como queremos. Y a veces resulta que el plan que nos propone la naturaleza resulta que no acaba por estar tan mal\u2026 \u00a1Todo depende de c\u00f3mo nos lo tomemos!<\/p>\n\n\n\n<p><\/p>\n","protected":false},"excerpt":{"rendered":"Por Mamis y Beb\u00e9s Las mujeres nos pasamos nuestra juventud sometidas a un rosario de preguntas inc\u00f3modas. Cuando tienes novio, que cu\u00e1ndo te casas. Cuando te casas, que cu\u00e1ndo tienes hijos. Cuando tienes el primero, que cu\u00e1ndo viene el segundo. \u00a1No me dig\u00e1is que no dan ganas de ponerse a&#8230; <a class=\"view-article\" href=\"https:\/\/www.suavinex.com\/livingsuavinex\/dudas-madre-hijos\/\">Ver art\u00edculo<\/a>","protected":false},"author":288,"featured_media":23324,"comment_status":"open","ping_status":"open","sticky":false,"template":"","format":"standard","meta":{"inline_featured_image":false,"footnotes":""},"categories":[2272],"tags":[194,12,9,191],"class_list":["post-11834","post","type-post","status-publish","format-standard","has-post-thumbnail","hentry","category-tips-crianza","tag-familia","tag-hijos","tag-maternidad","tag-paternidad"],"yoast_head":"<!-- This site is optimized with the Yoast SEO plugin v26.8 - https:\/\/yoast.com\/product\/yoast-seo-wordpress\/ -->\n<title>Dudas de madre: \u00bfcu\u00e1ntos a\u00f1os es mejor que se lleven nuestros hijos?<\/title>\n<meta name=\"description\" content=\"Una pregunta fundamental se refiere a los a\u00f1os que se llevan los hijos. Nunca se sabe si es mejor menos o m\u00e1s. En este post tratamos de darte respuesta.\" \/>\n<meta name=\"robots\" content=\"index, follow, max-snippet:-1, max-image-preview:large, max-video-preview:-1\" \/>\n<link rel=\"canonical\" href=\"https:\/\/www.suavinex.com\/livingsuavinex\/dudas-madre-hijos\/\" \/>\n<meta property=\"og:locale\" content=\"es_ES\" \/>\n<meta property=\"og:type\" content=\"article\" \/>\n<meta property=\"og:title\" content=\"Dudas de madre: \u00bfcu\u00e1ntos a\u00f1os es mejor que se lleven nuestros hijos?\" \/>\n<meta property=\"og:description\" content=\"Una pregunta fundamental se refiere a los a\u00f1os que se llevan los hijos. Nunca se sabe si es mejor menos o m\u00e1s. En este post tratamos de darte respuesta.\" \/>\n<meta property=\"og:url\" content=\"https:\/\/www.suavinex.com\/livingsuavinex\/dudas-madre-hijos\/\" \/>\n<meta property=\"og:site_name\" content=\"Living Suavinex\" \/>\n<meta property=\"article:publisher\" content=\"https:\/\/www.facebook.com\/SuavinexSpain\" \/>\n<meta property=\"article:published_time\" content=\"2014-11-13T09:05:08+00:00\" \/>\n<meta property=\"article:modified_time\" content=\"2025-04-02T11:50:31+00:00\" \/>\n<meta property=\"og:image\" content=\"https:\/\/www.suavinex.com\/livingsuavinex\/wp-content\/uploads\/2014\/11\/an\u0303os-hijos-opt.jpg\" \/>\n\t<meta property=\"og:image:width\" content=\"876\" \/>\n\t<meta property=\"og:image:height\" content=\"450\" \/>\n\t<meta property=\"og:image:type\" content=\"image\/jpeg\" \/>\n<meta name=\"author\" content=\"Living Suavinex\" \/>\n<meta name=\"twitter:card\" content=\"summary_large_image\" \/>\n<meta name=\"twitter:creator\" content=\"@SuavinexSpain\" \/>\n<meta name=\"twitter:site\" content=\"@SuavinexSpain\" \/>\n<meta name=\"twitter:label1\" content=\"Escrito por\" \/>\n\t<meta name=\"twitter:data1\" content=\"Living Suavinex\" \/>\n\t<meta name=\"twitter:label2\" content=\"Tiempo de lectura\" \/>\n\t<meta name=\"twitter:data2\" content=\"4 minutos\" \/>\n<script type=\"application\/ld+json\" class=\"yoast-schema-graph\">{\"@context\":\"https:\/\/schema.org\",\"@graph\":[{\"@type\":\"Article\",\"@id\":\"https:\/\/www.suavinex.com\/livingsuavinex\/dudas-madre-hijos\/#article\",\"isPartOf\":{\"@id\":\"https:\/\/www.suavinex.com\/livingsuavinex\/dudas-madre-hijos\/\"},\"author\":{\"name\":\"Living Suavinex\",\"@id\":\"https:\/\/www.suavinex.com\/livingsuavinex\/#\/schema\/person\/64fd7b62c88b0024a3ceeffb47f07eb6\"},\"headline\":\"Dudas de madre: \u00bfcu\u00e1ntos a\u00f1os es mejor que se lleven nuestros hijos?\",\"datePublished\":\"2014-11-13T09:05:08+00:00\",\"dateModified\":\"2025-04-02T11:50:31+00:00\",\"mainEntityOfPage\":{\"@id\":\"https:\/\/www.suavinex.com\/livingsuavinex\/dudas-madre-hijos\/\"},\"wordCount\":849,\"commentCount\":29,\"publisher\":{\"@id\":\"https:\/\/www.suavinex.com\/livingsuavinex\/#organization\"},\"image\":{\"@id\":\"https:\/\/www.suavinex.com\/livingsuavinex\/dudas-madre-hijos\/#primaryimage\"},\"thumbnailUrl\":\"https:\/\/www.suavinex.com\/livingsuavinex\/wp-content\/uploads\/2014\/11\/an\u0303os-hijos-opt.jpg\",\"keywords\":[\"Familia\",\"Hijos\",\"Maternidad\",\"Paternidad\"],\"articleSection\":[\"Tips de crianza\"],\"inLanguage\":\"es\"},{\"@type\":\"WebPage\",\"@id\":\"https:\/\/www.suavinex.com\/livingsuavinex\/dudas-madre-hijos\/\",\"url\":\"https:\/\/www.suavinex.com\/livingsuavinex\/dudas-madre-hijos\/\",\"name\":\"Dudas de madre: \u00bfcu\u00e1ntos a\u00f1os es mejor que se lleven nuestros hijos?\",\"isPartOf\":{\"@id\":\"https:\/\/www.suavinex.com\/livingsuavinex\/#website\"},\"primaryImageOfPage\":{\"@id\":\"https:\/\/www.suavinex.com\/livingsuavinex\/dudas-madre-hijos\/#primaryimage\"},\"image\":{\"@id\":\"https:\/\/www.suavinex.com\/livingsuavinex\/dudas-madre-hijos\/#primaryimage\"},\"thumbnailUrl\":\"https:\/\/www.suavinex.com\/livingsuavinex\/wp-content\/uploads\/2014\/11\/an\u0303os-hijos-opt.jpg\",\"datePublished\":\"2014-11-13T09:05:08+00:00\",\"dateModified\":\"2025-04-02T11:50:31+00:00\",\"description\":\"Una pregunta fundamental se refiere a los a\u00f1os que se llevan los hijos. Nunca se sabe si es mejor menos o m\u00e1s. En este post tratamos de darte respuesta.\",\"breadcrumb\":{\"@id\":\"https:\/\/www.suavinex.com\/livingsuavinex\/dudas-madre-hijos\/#breadcrumb\"},\"inLanguage\":\"es\",\"potentialAction\":[{\"@type\":\"ReadAction\",\"target\":[\"https:\/\/www.suavinex.com\/livingsuavinex\/dudas-madre-hijos\/\"]}]},{\"@type\":\"ImageObject\",\"inLanguage\":\"es\",\"@id\":\"https:\/\/www.suavinex.com\/livingsuavinex\/dudas-madre-hijos\/#primaryimage\",\"url\":\"https:\/\/www.suavinex.com\/livingsuavinex\/wp-content\/uploads\/2014\/11\/an\u0303os-hijos-opt.jpg\",\"contentUrl\":\"https:\/\/www.suavinex.com\/livingsuavinex\/wp-content\/uploads\/2014\/11\/an\u0303os-hijos-opt.jpg\",\"width\":876,\"height\":450},{\"@type\":\"BreadcrumbList\",\"@id\":\"https:\/\/www.suavinex.com\/livingsuavinex\/dudas-madre-hijos\/#breadcrumb\",\"itemListElement\":[{\"@type\":\"ListItem\",\"position\":1,\"name\":\"Portada\",\"item\":\"https:\/\/www.suavinex.com\/livingsuavinex\/\"},{\"@type\":\"ListItem\",\"position\":2,\"name\":\"Dudas de madre: \u00bfcu\u00e1ntos a\u00f1os es mejor que se lleven nuestros hijos?\"}]},{\"@type\":\"WebSite\",\"@id\":\"https:\/\/www.suavinex.com\/livingsuavinex\/#website\",\"url\":\"https:\/\/www.suavinex.com\/livingsuavinex\/\",\"name\":\"Living Suavinex\",\"description\":\"| Familias reales\",\"publisher\":{\"@id\":\"https:\/\/www.suavinex.com\/livingsuavinex\/#organization\"},\"potentialAction\":[{\"@type\":\"SearchAction\",\"target\":{\"@type\":\"EntryPoint\",\"urlTemplate\":\"https:\/\/www.suavinex.com\/livingsuavinex\/?s={search_term_string}\"},\"query-input\":{\"@type\":\"PropertyValueSpecification\",\"valueRequired\":true,\"valueName\":\"search_term_string\"}}],\"inLanguage\":\"es\"},{\"@type\":\"Organization\",\"@id\":\"https:\/\/www.suavinex.com\/livingsuavinex\/#organization\",\"name\":\"Suavinex\",\"url\":\"https:\/\/www.suavinex.com\/livingsuavinex\/\",\"logo\":{\"@type\":\"ImageObject\",\"inLanguage\":\"es\",\"@id\":\"https:\/\/www.suavinex.com\/livingsuavinex\/#\/schema\/logo\/image\/\",\"url\":\"https:\/\/www.suavinex.com\/livingsuavinex\/wp-content\/uploads\/2018\/07\/living_sx_logo_mvl.png\",\"contentUrl\":\"https:\/\/www.suavinex.com\/livingsuavinex\/wp-content\/uploads\/2018\/07\/living_sx_logo_mvl.png\",\"width\":350,\"height\":70,\"caption\":\"Suavinex\"},\"image\":{\"@id\":\"https:\/\/www.suavinex.com\/livingsuavinex\/#\/schema\/logo\/image\/\"},\"sameAs\":[\"https:\/\/www.facebook.com\/SuavinexSpain\",\"https:\/\/x.com\/SuavinexSpain\",\"https:\/\/www.instagram.com\/suavinex_spain\/\",\"https:\/\/www.pinterest.es\/SuavinexSpain\/\",\"https:\/\/www.youtube.com\/channel\/UCgeJREx2R_ZvV2aQMrfWgcA\"]},{\"@type\":\"Person\",\"@id\":\"https:\/\/www.suavinex.com\/livingsuavinex\/#\/schema\/person\/64fd7b62c88b0024a3ceeffb47f07eb6\",\"name\":\"Living Suavinex\",\"image\":{\"@type\":\"ImageObject\",\"inLanguage\":\"es\",\"@id\":\"https:\/\/www.suavinex.com\/livingsuavinex\/#\/schema\/person\/image\/\",\"url\":\"https:\/\/www.suavinex.com\/livingsuavinex\/wp-content\/uploads\/2017\/05\/Living-Suavinex_avatar-96x96.png\",\"contentUrl\":\"https:\/\/www.suavinex.com\/livingsuavinex\/wp-content\/uploads\/2017\/05\/Living-Suavinex_avatar-96x96.png\",\"caption\":\"Living Suavinex\"}}]}<\/script>\n<!-- \/ Yoast SEO plugin. -->","yoast_head_json":{"title":"Dudas de madre: \u00bfcu\u00e1ntos a\u00f1os es mejor que se lleven nuestros hijos?","description":"Una pregunta fundamental se refiere a los a\u00f1os que se llevan los hijos. Nunca se sabe si es mejor menos o m\u00e1s. En este post tratamos de darte respuesta.","robots":{"index":"index","follow":"follow","max-snippet":"max-snippet:-1","max-image-preview":"max-image-preview:large","max-video-preview":"max-video-preview:-1"},"canonical":"https:\/\/www.suavinex.com\/livingsuavinex\/dudas-madre-hijos\/","og_locale":"es_ES","og_type":"article","og_title":"Dudas de madre: \u00bfcu\u00e1ntos a\u00f1os es mejor que se lleven nuestros hijos?","og_description":"Una pregunta fundamental se refiere a los a\u00f1os que se llevan los hijos. Nunca se sabe si es mejor menos o m\u00e1s. En este post tratamos de darte respuesta.","og_url":"https:\/\/www.suavinex.com\/livingsuavinex\/dudas-madre-hijos\/","og_site_name":"Living Suavinex","article_publisher":"https:\/\/www.facebook.com\/SuavinexSpain","article_published_time":"2014-11-13T09:05:08+00:00","article_modified_time":"2025-04-02T11:50:31+00:00","og_image":[{"width":876,"height":450,"url":"https:\/\/www.suavinex.com\/livingsuavinex\/wp-content\/uploads\/2014\/11\/an\u0303os-hijos-opt.jpg","type":"image\/jpeg"}],"author":"Living Suavinex","twitter_card":"summary_large_image","twitter_creator":"@SuavinexSpain","twitter_site":"@SuavinexSpain","twitter_misc":{"Escrito por":"Living Suavinex","Tiempo de lectura":"4 minutos"},"schema":{"@context":"https:\/\/schema.org","@graph":[{"@type":"Article","@id":"https:\/\/www.suavinex.com\/livingsuavinex\/dudas-madre-hijos\/#article","isPartOf":{"@id":"https:\/\/www.suavinex.com\/livingsuavinex\/dudas-madre-hijos\/"},"author":{"name":"Living Suavinex","@id":"https:\/\/www.suavinex.com\/livingsuavinex\/#\/schema\/person\/64fd7b62c88b0024a3ceeffb47f07eb6"},"headline":"Dudas de madre: \u00bfcu\u00e1ntos a\u00f1os es mejor que se lleven nuestros hijos?","datePublished":"2014-11-13T09:05:08+00:00","dateModified":"2025-04-02T11:50:31+00:00","mainEntityOfPage":{"@id":"https:\/\/www.suavinex.com\/livingsuavinex\/dudas-madre-hijos\/"},"wordCount":849,"commentCount":29,"publisher":{"@id":"https:\/\/www.suavinex.com\/livingsuavinex\/#organization"},"image":{"@id":"https:\/\/www.suavinex.com\/livingsuavinex\/dudas-madre-hijos\/#primaryimage"},"thumbnailUrl":"https:\/\/www.suavinex.com\/livingsuavinex\/wp-content\/uploads\/2014\/11\/an\u0303os-hijos-opt.jpg","keywords":["Familia","Hijos","Maternidad","Paternidad"],"articleSection":["Tips de crianza"],"inLanguage":"es"},{"@type":"WebPage","@id":"https:\/\/www.suavinex.com\/livingsuavinex\/dudas-madre-hijos\/","url":"https:\/\/www.suavinex.com\/livingsuavinex\/dudas-madre-hijos\/","name":"Dudas de madre: \u00bfcu\u00e1ntos a\u00f1os es mejor que se lleven nuestros hijos?","isPartOf":{"@id":"https:\/\/www.suavinex.com\/livingsuavinex\/#website"},"primaryImageOfPage":{"@id":"https:\/\/www.suavinex.com\/livingsuavinex\/dudas-madre-hijos\/#primaryimage"},"image":{"@id":"https:\/\/www.suavinex.com\/livingsuavinex\/dudas-madre-hijos\/#primaryimage"},"thumbnailUrl":"https:\/\/www.suavinex.com\/livingsuavinex\/wp-content\/uploads\/2014\/11\/an\u0303os-hijos-opt.jpg","datePublished":"2014-11-13T09:05:08+00:00","dateModified":"2025-04-02T11:50:31+00:00","description":"Una pregunta fundamental se refiere a los a\u00f1os que se llevan los hijos. Nunca se sabe si es mejor menos o m\u00e1s. En este post tratamos de darte respuesta.","breadcrumb":{"@id":"https:\/\/www.suavinex.com\/livingsuavinex\/dudas-madre-hijos\/#breadcrumb"},"inLanguage":"es","potentialAction":[{"@type":"ReadAction","target":["https:\/\/www.suavinex.com\/livingsuavinex\/dudas-madre-hijos\/"]}]},{"@type":"ImageObject","inLanguage":"es","@id":"https:\/\/www.suavinex.com\/livingsuavinex\/dudas-madre-hijos\/#primaryimage","url":"https:\/\/www.suavinex.com\/livingsuavinex\/wp-content\/uploads\/2014\/11\/an\u0303os-hijos-opt.jpg","contentUrl":"https:\/\/www.suavinex.com\/livingsuavinex\/wp-content\/uploads\/2014\/11\/an\u0303os-hijos-opt.jpg","width":876,"height":450},{"@type":"BreadcrumbList","@id":"https:\/\/www.suavinex.com\/livingsuavinex\/dudas-madre-hijos\/#breadcrumb","itemListElement":[{"@type":"ListItem","position":1,"name":"Portada","item":"https:\/\/www.suavinex.com\/livingsuavinex\/"},{"@type":"ListItem","position":2,"name":"Dudas de madre: \u00bfcu\u00e1ntos a\u00f1os es mejor que se lleven nuestros hijos?"}]},{"@type":"WebSite","@id":"https:\/\/www.suavinex.com\/livingsuavinex\/#website","url":"https:\/\/www.suavinex.com\/livingsuavinex\/","name":"Living Suavinex","description":"| Familias reales","publisher":{"@id":"https:\/\/www.suavinex.com\/livingsuavinex\/#organization"},"potentialAction":[{"@type":"SearchAction","target":{"@type":"EntryPoint","urlTemplate":"https:\/\/www.suavinex.com\/livingsuavinex\/?s={search_term_string}"},"query-input":{"@type":"PropertyValueSpecification","valueRequired":true,"valueName":"search_term_string"}}],"inLanguage":"es"},{"@type":"Organization","@id":"https:\/\/www.suavinex.com\/livingsuavinex\/#organization","name":"Suavinex","url":"https:\/\/www.suavinex.com\/livingsuavinex\/","logo":{"@type":"ImageObject","inLanguage":"es","@id":"https:\/\/www.suavinex.com\/livingsuavinex\/#\/schema\/logo\/image\/","url":"https:\/\/www.suavinex.com\/livingsuavinex\/wp-content\/uploads\/2018\/07\/living_sx_logo_mvl.png","contentUrl":"https:\/\/www.suavinex.com\/livingsuavinex\/wp-content\/uploads\/2018\/07\/living_sx_logo_mvl.png","width":350,"height":70,"caption":"Suavinex"},"image":{"@id":"https:\/\/www.suavinex.com\/livingsuavinex\/#\/schema\/logo\/image\/"},"sameAs":["https:\/\/www.facebook.com\/SuavinexSpain","https:\/\/x.com\/SuavinexSpain","https:\/\/www.instagram.com\/suavinex_spain\/","https:\/\/www.pinterest.es\/SuavinexSpain\/","https:\/\/www.youtube.com\/channel\/UCgeJREx2R_ZvV2aQMrfWgcA"]},{"@type":"Person","@id":"https:\/\/www.suavinex.com\/livingsuavinex\/#\/schema\/person\/64fd7b62c88b0024a3ceeffb47f07eb6","name":"Living Suavinex","image":{"@type":"ImageObject","inLanguage":"es","@id":"https:\/\/www.suavinex.com\/livingsuavinex\/#\/schema\/person\/image\/","url":"https:\/\/www.suavinex.com\/livingsuavinex\/wp-content\/uploads\/2017\/05\/Living-Suavinex_avatar-96x96.png","contentUrl":"https:\/\/www.suavinex.com\/livingsuavinex\/wp-content\/uploads\/2017\/05\/Living-Suavinex_avatar-96x96.png","caption":"Living Suavinex"}}]}},"_links":{"self":[{"href":"https:\/\/www.suavinex.com\/livingsuavinex\/wp-json\/wp\/v2\/posts\/11834","targetHints":{"allow":["GET"]}}],"collection":[{"href":"https:\/\/www.suavinex.com\/livingsuavinex\/wp-json\/wp\/v2\/posts"}],"about":[{"href":"https:\/\/www.suavinex.com\/livingsuavinex\/wp-json\/wp\/v2\/types\/post"}],"author":[{"embeddable":true,"href":"https:\/\/www.suavinex.com\/livingsuavinex\/wp-json\/wp\/v2\/users\/288"}],"replies":[{"embeddable":true,"href":"https:\/\/www.suavinex.com\/livingsuavinex\/wp-json\/wp\/v2\/comments?post=11834"}],"version-history":[{"count":9,"href":"https:\/\/www.suavinex.com\/livingsuavinex\/wp-json\/wp\/v2\/posts\/11834\/revisions"}],"predecessor-version":[{"id":46439,"href":"https:\/\/www.suavinex.com\/livingsuavinex\/wp-json\/wp\/v2\/posts\/11834\/revisions\/46439"}],"wp:featuredmedia":[{"embeddable":true,"href":"https:\/\/www.suavinex.com\/livingsuavinex\/wp-json\/wp\/v2\/media\/23324"}],"wp:attachment":[{"href":"https:\/\/www.suavinex.com\/livingsuavinex\/wp-json\/wp\/v2\/media?parent=11834"}],"wp:term":[{"taxonomy":"category","embeddable":true,"href":"https:\/\/www.suavinex.com\/livingsuavinex\/wp-json\/wp\/v2\/categories?post=11834"},{"taxonomy":"post_tag","embeddable":true,"href":"https:\/\/www.suavinex.com\/livingsuavinex\/wp-json\/wp\/v2\/tags?post=11834"}],"curies":[{"name":"wp","href":"https:\/\/api.w.org\/{rel}","templated":true}]}}