{"id":11475,"date":"2014-09-18T07:43:20","date_gmt":"2014-09-18T05:43:20","guid":{"rendered":"https:\/\/www.suavinex.com\/livingsuavinex\/?p=11475"},"modified":"2019-07-23T11:30:49","modified_gmt":"2019-07-23T09:30:49","slug":"reflexiones-madres","status":"publish","type":"post","link":"https:\/\/www.suavinex.com\/livingsuavinex\/reflexiones-madres\/","title":{"rendered":"Reflexiones de madres: tener hijos es una experiencia \u00fanica"},"content":{"rendered":"<p>Por <a title=\"Marta Arjona S\u00e1nchez\" href=\"https:\/\/twitter.com\/martaarjona\" target=\"_blank\" rel=\"noopener noreferrer\">Marta Arjona S\u00e1nchez<\/a><\/p>\n<p>Cuando me propusieron escribir mis impresiones sobre la <a title=\"maternidad\" href=\"http:\/\/shop.suavinex.com\/productos-para-madres-2\/embarazo.html\" target=\"_blank\" rel=\"noopener noreferrer\">maternidad<\/a> me asust\u00e9 un poco y mi reacci\u00f3n, r\u00e1pida y contundente, fue decir que no. Pero me han convencido para intentaros transmitir, si puedo, lo que ha supuesto esta aventura que es ser, hoy en d\u00eda, madre y me he dado cuenta de que \u00a1\u00a1\u00a1500 palabras se me quedan muy cortas!!!!. As\u00ed que he intentado buscar una palabra que resuma mis \u00faltimos cuatro a\u00f1os y creo que la he encontrado, \u2026 <strong><em>desasosiego<\/em><\/strong>.<\/p>\n<p>Sin lugar a dudas, la fecha clave es septiembre. En septiembre de 2010 ten\u00eda una tort\u00edcolis impresionante, mi tarjeta de cr\u00e9dito echaba humo y babeaba ante uno de mis anhelos hist\u00f3ricos, la visi\u00f3n de Noche Estrellada de Van Gogh en el MoMa de Nueva York. En septiembre de 2014 la situaci\u00f3n no ha cambiado tanto: tengo la misma tort\u00edcolis, mi tarjeta de cr\u00e9dito no para de echar humo y estoy habitualmente recubierta de babas en mis noches, ahora tambi\u00e9n, estrelladas.<\/p>\n<h2>Crisis<\/h2>\n<p>Es cierto, no me hab\u00eda dado cuenta hasta ahora que he empezado a escribir. En todo este tiempo todo ha cambiado: la crisis se ha instalado para no dejarnos, mis nuevos jefes me han hecho dudar de las teor\u00edas cient\u00edficas que aseguran que los neardentales se extinguieron y mi marido trabaja con ah\u00ednco para poder dar testimonio de que la conciliaci\u00f3n familiar es un mito.<\/p>\n<p>En todo este tiempo Claudia y Bruno han irrumpido en nuestras vidas hasta el punto de hacerlas irreconocibles.<\/p>\n<p>En todo este tiempo mis h\u00e1bitos han cambiado: el reposo tradicional de despu\u00e9s de comer se ha convertido en el hueco para tender la lavadora, miro el tiempo el fin de semana para ver si se me mojar\u00e1 la ropa tendida y las veladas relajadas tras la cena ya no lo son.<\/p>\n<p>En todo este tiempo he cambiado: t\u00edmida hasta decir basta me prodigo en twiter, instagram y dem\u00e1s redes sociales. T\u00edmida hasta decir basta me descubro con Bruno colgado del pecho en los lugares m\u00e1s concurridos y ordenada hasta rozar lo mani\u00e1tico sorteo monta\u00f1as de juguetes sin que mi pulso se acelere.<\/p>\n<p>En todo este tiempo puedo hacer propios los t\u00f3picos m\u00e1s afianzados en el acerbo popular: <strong>tener hijos es una experiencia \u00fanica<\/strong>, para la que, por m\u00e1s que nos avisan, no estamos preparados y que las matem\u00e1ticas no son, en absoluto, exactas. Uno m\u00e1s uno no son dos. Pero por m\u00e1s que lo hayan repetido creo que no ser\u00e9 capaz de reproducir, ni en 500 ni en 10000 palabras, la maravillosa experiencia que supone ser madre.<\/p>\n<p>Dije que si una palabra describ\u00eda la <strong>maternidad<\/strong> en todo este tiempo esa palabra es <strong><em>desasosiego<\/em><\/strong>. El desasosiego que me produce verlos crecer tan r\u00e1pido. El desasosiego que me produce no ser capaz de retener todos los momentos que hemos compartido con ellos y que me han cambiado hasta el punto de que, su mero recuerdo, me hace sonre\u00edr feliz.<\/p>\n","protected":false},"excerpt":{"rendered":"Por Marta Arjona S\u00e1nchez Cuando me propusieron escribir mis impresiones sobre la maternidad me asust\u00e9 un poco y mi reacci\u00f3n, r\u00e1pida y contundente, fue decir que no. Pero me han convencido para intentaros transmitir, si puedo, lo que ha supuesto esta aventura que es ser, hoy en d\u00eda, madre y&#8230; <a class=\"view-article\" href=\"https:\/\/www.suavinex.com\/livingsuavinex\/reflexiones-madres\/\">Ver art\u00edculo<\/a>","protected":false},"author":288,"featured_media":11476,"comment_status":"open","ping_status":"open","sticky":false,"template":"","format":"standard","meta":{"inline_featured_image":false,"footnotes":""},"categories":[2272],"tags":[12,9],"class_list":["post-11475","post","type-post","status-publish","format-standard","has-post-thumbnail","hentry","category-tips-crianza","tag-hijos","tag-maternidad"],"yoast_head":"<!-- This site is optimized with the Yoast SEO plugin v26.8 - https:\/\/yoast.com\/product\/yoast-seo-wordpress\/ -->\n<title>Reflexiones de madres: tener hijos es una experiencia \u00fanica<\/title>\n<meta name=\"description\" content=\"Tener hijos es una experiencia \u00fanica. En este post Marta Arjona reflexiona sobre ello. \u00bfEst\u00e1s de acuerdo? Danos tu opini\u00f3n.\" \/>\n<meta name=\"robots\" content=\"index, follow, max-snippet:-1, max-image-preview:large, max-video-preview:-1\" \/>\n<link rel=\"canonical\" href=\"https:\/\/www.suavinex.com\/livingsuavinex\/reflexiones-madres\/\" \/>\n<meta property=\"og:locale\" content=\"es_ES\" \/>\n<meta property=\"og:type\" content=\"article\" \/>\n<meta property=\"og:title\" content=\"Reflexiones de madres: tener hijos es una experiencia \u00fanica\" \/>\n<meta property=\"og:description\" content=\"Tener hijos es una experiencia \u00fanica. En este post Marta Arjona reflexiona sobre ello. \u00bfEst\u00e1s de acuerdo? Danos tu opini\u00f3n.\" \/>\n<meta property=\"og:url\" content=\"https:\/\/www.suavinex.com\/livingsuavinex\/reflexiones-madres\/\" \/>\n<meta property=\"og:site_name\" content=\"Living Suavinex\" \/>\n<meta property=\"article:publisher\" content=\"https:\/\/www.facebook.com\/SuavinexSpain\" \/>\n<meta property=\"article:published_time\" content=\"2014-09-18T05:43:20+00:00\" \/>\n<meta property=\"article:modified_time\" content=\"2019-07-23T09:30:49+00:00\" \/>\n<meta property=\"og:image\" content=\"https:\/\/www.suavinex.com\/livingsuavinex\/wp-content\/uploads\/2014\/09\/post-marta-arjona-sin.jpg\" \/>\n\t<meta property=\"og:image:width\" content=\"600\" \/>\n\t<meta property=\"og:image:height\" content=\"340\" \/>\n\t<meta property=\"og:image:type\" content=\"image\/jpeg\" \/>\n<meta name=\"author\" content=\"Living Suavinex\" \/>\n<meta name=\"twitter:card\" content=\"summary_large_image\" \/>\n<meta name=\"twitter:creator\" content=\"@SuavinexSpain\" \/>\n<meta name=\"twitter:site\" content=\"@SuavinexSpain\" \/>\n<meta name=\"twitter:label1\" content=\"Escrito por\" \/>\n\t<meta name=\"twitter:data1\" content=\"Living Suavinex\" \/>\n\t<meta name=\"twitter:label2\" content=\"Tiempo de lectura\" \/>\n\t<meta name=\"twitter:data2\" content=\"3 minutos\" \/>\n<script type=\"application\/ld+json\" class=\"yoast-schema-graph\">{\"@context\":\"https:\/\/schema.org\",\"@graph\":[{\"@type\":\"Article\",\"@id\":\"https:\/\/www.suavinex.com\/livingsuavinex\/reflexiones-madres\/#article\",\"isPartOf\":{\"@id\":\"https:\/\/www.suavinex.com\/livingsuavinex\/reflexiones-madres\/\"},\"author\":{\"name\":\"Living Suavinex\",\"@id\":\"https:\/\/www.suavinex.com\/livingsuavinex\/#\/schema\/person\/64fd7b62c88b0024a3ceeffb47f07eb6\"},\"headline\":\"Reflexiones de madres: tener hijos es una experiencia \u00fanica\",\"datePublished\":\"2014-09-18T05:43:20+00:00\",\"dateModified\":\"2019-07-23T09:30:49+00:00\",\"mainEntityOfPage\":{\"@id\":\"https:\/\/www.suavinex.com\/livingsuavinex\/reflexiones-madres\/\"},\"wordCount\":525,\"commentCount\":9,\"publisher\":{\"@id\":\"https:\/\/www.suavinex.com\/livingsuavinex\/#organization\"},\"image\":{\"@id\":\"https:\/\/www.suavinex.com\/livingsuavinex\/reflexiones-madres\/#primaryimage\"},\"thumbnailUrl\":\"https:\/\/www.suavinex.com\/livingsuavinex\/wp-content\/uploads\/2014\/09\/post-marta-arjona-sin.jpg\",\"keywords\":[\"Hijos\",\"Maternidad\"],\"articleSection\":[\"Tips de crianza\"],\"inLanguage\":\"es\"},{\"@type\":\"WebPage\",\"@id\":\"https:\/\/www.suavinex.com\/livingsuavinex\/reflexiones-madres\/\",\"url\":\"https:\/\/www.suavinex.com\/livingsuavinex\/reflexiones-madres\/\",\"name\":\"Reflexiones de madres: tener hijos es una experiencia \u00fanica\",\"isPartOf\":{\"@id\":\"https:\/\/www.suavinex.com\/livingsuavinex\/#website\"},\"primaryImageOfPage\":{\"@id\":\"https:\/\/www.suavinex.com\/livingsuavinex\/reflexiones-madres\/#primaryimage\"},\"image\":{\"@id\":\"https:\/\/www.suavinex.com\/livingsuavinex\/reflexiones-madres\/#primaryimage\"},\"thumbnailUrl\":\"https:\/\/www.suavinex.com\/livingsuavinex\/wp-content\/uploads\/2014\/09\/post-marta-arjona-sin.jpg\",\"datePublished\":\"2014-09-18T05:43:20+00:00\",\"dateModified\":\"2019-07-23T09:30:49+00:00\",\"description\":\"Tener hijos es una experiencia \u00fanica. En este post Marta Arjona reflexiona sobre ello. \u00bfEst\u00e1s de acuerdo? Danos tu opini\u00f3n.\",\"breadcrumb\":{\"@id\":\"https:\/\/www.suavinex.com\/livingsuavinex\/reflexiones-madres\/#breadcrumb\"},\"inLanguage\":\"es\",\"potentialAction\":[{\"@type\":\"ReadAction\",\"target\":[\"https:\/\/www.suavinex.com\/livingsuavinex\/reflexiones-madres\/\"]}]},{\"@type\":\"ImageObject\",\"inLanguage\":\"es\",\"@id\":\"https:\/\/www.suavinex.com\/livingsuavinex\/reflexiones-madres\/#primaryimage\",\"url\":\"https:\/\/www.suavinex.com\/livingsuavinex\/wp-content\/uploads\/2014\/09\/post-marta-arjona-sin.jpg\",\"contentUrl\":\"https:\/\/www.suavinex.com\/livingsuavinex\/wp-content\/uploads\/2014\/09\/post-marta-arjona-sin.jpg\",\"width\":600,\"height\":340,\"caption\":\"tener hijos es una experiencia \u00fanica\"},{\"@type\":\"BreadcrumbList\",\"@id\":\"https:\/\/www.suavinex.com\/livingsuavinex\/reflexiones-madres\/#breadcrumb\",\"itemListElement\":[{\"@type\":\"ListItem\",\"position\":1,\"name\":\"Portada\",\"item\":\"https:\/\/www.suavinex.com\/livingsuavinex\/\"},{\"@type\":\"ListItem\",\"position\":2,\"name\":\"Reflexiones de madres: tener hijos es una experiencia \u00fanica\"}]},{\"@type\":\"WebSite\",\"@id\":\"https:\/\/www.suavinex.com\/livingsuavinex\/#website\",\"url\":\"https:\/\/www.suavinex.com\/livingsuavinex\/\",\"name\":\"Living Suavinex\",\"description\":\"| Familias reales\",\"publisher\":{\"@id\":\"https:\/\/www.suavinex.com\/livingsuavinex\/#organization\"},\"potentialAction\":[{\"@type\":\"SearchAction\",\"target\":{\"@type\":\"EntryPoint\",\"urlTemplate\":\"https:\/\/www.suavinex.com\/livingsuavinex\/?s={search_term_string}\"},\"query-input\":{\"@type\":\"PropertyValueSpecification\",\"valueRequired\":true,\"valueName\":\"search_term_string\"}}],\"inLanguage\":\"es\"},{\"@type\":\"Organization\",\"@id\":\"https:\/\/www.suavinex.com\/livingsuavinex\/#organization\",\"name\":\"Suavinex\",\"url\":\"https:\/\/www.suavinex.com\/livingsuavinex\/\",\"logo\":{\"@type\":\"ImageObject\",\"inLanguage\":\"es\",\"@id\":\"https:\/\/www.suavinex.com\/livingsuavinex\/#\/schema\/logo\/image\/\",\"url\":\"https:\/\/www.suavinex.com\/livingsuavinex\/wp-content\/uploads\/2018\/07\/living_sx_logo_mvl.png\",\"contentUrl\":\"https:\/\/www.suavinex.com\/livingsuavinex\/wp-content\/uploads\/2018\/07\/living_sx_logo_mvl.png\",\"width\":350,\"height\":70,\"caption\":\"Suavinex\"},\"image\":{\"@id\":\"https:\/\/www.suavinex.com\/livingsuavinex\/#\/schema\/logo\/image\/\"},\"sameAs\":[\"https:\/\/www.facebook.com\/SuavinexSpain\",\"https:\/\/x.com\/SuavinexSpain\",\"https:\/\/www.instagram.com\/suavinex_spain\/\",\"https:\/\/www.pinterest.es\/SuavinexSpain\/\",\"https:\/\/www.youtube.com\/channel\/UCgeJREx2R_ZvV2aQMrfWgcA\"]},{\"@type\":\"Person\",\"@id\":\"https:\/\/www.suavinex.com\/livingsuavinex\/#\/schema\/person\/64fd7b62c88b0024a3ceeffb47f07eb6\",\"name\":\"Living Suavinex\",\"image\":{\"@type\":\"ImageObject\",\"inLanguage\":\"es\",\"@id\":\"https:\/\/www.suavinex.com\/livingsuavinex\/#\/schema\/person\/image\/\",\"url\":\"https:\/\/www.suavinex.com\/livingsuavinex\/wp-content\/uploads\/2017\/05\/Living-Suavinex_avatar-96x96.png\",\"contentUrl\":\"https:\/\/www.suavinex.com\/livingsuavinex\/wp-content\/uploads\/2017\/05\/Living-Suavinex_avatar-96x96.png\",\"caption\":\"Living Suavinex\"}}]}<\/script>\n<!-- \/ Yoast SEO plugin. -->","yoast_head_json":{"title":"Reflexiones de madres: tener hijos es una experiencia \u00fanica","description":"Tener hijos es una experiencia \u00fanica. En este post Marta Arjona reflexiona sobre ello. \u00bfEst\u00e1s de acuerdo? Danos tu opini\u00f3n.","robots":{"index":"index","follow":"follow","max-snippet":"max-snippet:-1","max-image-preview":"max-image-preview:large","max-video-preview":"max-video-preview:-1"},"canonical":"https:\/\/www.suavinex.com\/livingsuavinex\/reflexiones-madres\/","og_locale":"es_ES","og_type":"article","og_title":"Reflexiones de madres: tener hijos es una experiencia \u00fanica","og_description":"Tener hijos es una experiencia \u00fanica. En este post Marta Arjona reflexiona sobre ello. \u00bfEst\u00e1s de acuerdo? Danos tu opini\u00f3n.","og_url":"https:\/\/www.suavinex.com\/livingsuavinex\/reflexiones-madres\/","og_site_name":"Living Suavinex","article_publisher":"https:\/\/www.facebook.com\/SuavinexSpain","article_published_time":"2014-09-18T05:43:20+00:00","article_modified_time":"2019-07-23T09:30:49+00:00","og_image":[{"width":600,"height":340,"url":"https:\/\/www.suavinex.com\/livingsuavinex\/wp-content\/uploads\/2014\/09\/post-marta-arjona-sin.jpg","type":"image\/jpeg"}],"author":"Living Suavinex","twitter_card":"summary_large_image","twitter_creator":"@SuavinexSpain","twitter_site":"@SuavinexSpain","twitter_misc":{"Escrito por":"Living Suavinex","Tiempo de lectura":"3 minutos"},"schema":{"@context":"https:\/\/schema.org","@graph":[{"@type":"Article","@id":"https:\/\/www.suavinex.com\/livingsuavinex\/reflexiones-madres\/#article","isPartOf":{"@id":"https:\/\/www.suavinex.com\/livingsuavinex\/reflexiones-madres\/"},"author":{"name":"Living Suavinex","@id":"https:\/\/www.suavinex.com\/livingsuavinex\/#\/schema\/person\/64fd7b62c88b0024a3ceeffb47f07eb6"},"headline":"Reflexiones de madres: tener hijos es una experiencia \u00fanica","datePublished":"2014-09-18T05:43:20+00:00","dateModified":"2019-07-23T09:30:49+00:00","mainEntityOfPage":{"@id":"https:\/\/www.suavinex.com\/livingsuavinex\/reflexiones-madres\/"},"wordCount":525,"commentCount":9,"publisher":{"@id":"https:\/\/www.suavinex.com\/livingsuavinex\/#organization"},"image":{"@id":"https:\/\/www.suavinex.com\/livingsuavinex\/reflexiones-madres\/#primaryimage"},"thumbnailUrl":"https:\/\/www.suavinex.com\/livingsuavinex\/wp-content\/uploads\/2014\/09\/post-marta-arjona-sin.jpg","keywords":["Hijos","Maternidad"],"articleSection":["Tips de crianza"],"inLanguage":"es"},{"@type":"WebPage","@id":"https:\/\/www.suavinex.com\/livingsuavinex\/reflexiones-madres\/","url":"https:\/\/www.suavinex.com\/livingsuavinex\/reflexiones-madres\/","name":"Reflexiones de madres: tener hijos es una experiencia \u00fanica","isPartOf":{"@id":"https:\/\/www.suavinex.com\/livingsuavinex\/#website"},"primaryImageOfPage":{"@id":"https:\/\/www.suavinex.com\/livingsuavinex\/reflexiones-madres\/#primaryimage"},"image":{"@id":"https:\/\/www.suavinex.com\/livingsuavinex\/reflexiones-madres\/#primaryimage"},"thumbnailUrl":"https:\/\/www.suavinex.com\/livingsuavinex\/wp-content\/uploads\/2014\/09\/post-marta-arjona-sin.jpg","datePublished":"2014-09-18T05:43:20+00:00","dateModified":"2019-07-23T09:30:49+00:00","description":"Tener hijos es una experiencia \u00fanica. En este post Marta Arjona reflexiona sobre ello. \u00bfEst\u00e1s de acuerdo? Danos tu opini\u00f3n.","breadcrumb":{"@id":"https:\/\/www.suavinex.com\/livingsuavinex\/reflexiones-madres\/#breadcrumb"},"inLanguage":"es","potentialAction":[{"@type":"ReadAction","target":["https:\/\/www.suavinex.com\/livingsuavinex\/reflexiones-madres\/"]}]},{"@type":"ImageObject","inLanguage":"es","@id":"https:\/\/www.suavinex.com\/livingsuavinex\/reflexiones-madres\/#primaryimage","url":"https:\/\/www.suavinex.com\/livingsuavinex\/wp-content\/uploads\/2014\/09\/post-marta-arjona-sin.jpg","contentUrl":"https:\/\/www.suavinex.com\/livingsuavinex\/wp-content\/uploads\/2014\/09\/post-marta-arjona-sin.jpg","width":600,"height":340,"caption":"tener hijos es una experiencia \u00fanica"},{"@type":"BreadcrumbList","@id":"https:\/\/www.suavinex.com\/livingsuavinex\/reflexiones-madres\/#breadcrumb","itemListElement":[{"@type":"ListItem","position":1,"name":"Portada","item":"https:\/\/www.suavinex.com\/livingsuavinex\/"},{"@type":"ListItem","position":2,"name":"Reflexiones de madres: tener hijos es una experiencia \u00fanica"}]},{"@type":"WebSite","@id":"https:\/\/www.suavinex.com\/livingsuavinex\/#website","url":"https:\/\/www.suavinex.com\/livingsuavinex\/","name":"Living Suavinex","description":"| Familias reales","publisher":{"@id":"https:\/\/www.suavinex.com\/livingsuavinex\/#organization"},"potentialAction":[{"@type":"SearchAction","target":{"@type":"EntryPoint","urlTemplate":"https:\/\/www.suavinex.com\/livingsuavinex\/?s={search_term_string}"},"query-input":{"@type":"PropertyValueSpecification","valueRequired":true,"valueName":"search_term_string"}}],"inLanguage":"es"},{"@type":"Organization","@id":"https:\/\/www.suavinex.com\/livingsuavinex\/#organization","name":"Suavinex","url":"https:\/\/www.suavinex.com\/livingsuavinex\/","logo":{"@type":"ImageObject","inLanguage":"es","@id":"https:\/\/www.suavinex.com\/livingsuavinex\/#\/schema\/logo\/image\/","url":"https:\/\/www.suavinex.com\/livingsuavinex\/wp-content\/uploads\/2018\/07\/living_sx_logo_mvl.png","contentUrl":"https:\/\/www.suavinex.com\/livingsuavinex\/wp-content\/uploads\/2018\/07\/living_sx_logo_mvl.png","width":350,"height":70,"caption":"Suavinex"},"image":{"@id":"https:\/\/www.suavinex.com\/livingsuavinex\/#\/schema\/logo\/image\/"},"sameAs":["https:\/\/www.facebook.com\/SuavinexSpain","https:\/\/x.com\/SuavinexSpain","https:\/\/www.instagram.com\/suavinex_spain\/","https:\/\/www.pinterest.es\/SuavinexSpain\/","https:\/\/www.youtube.com\/channel\/UCgeJREx2R_ZvV2aQMrfWgcA"]},{"@type":"Person","@id":"https:\/\/www.suavinex.com\/livingsuavinex\/#\/schema\/person\/64fd7b62c88b0024a3ceeffb47f07eb6","name":"Living Suavinex","image":{"@type":"ImageObject","inLanguage":"es","@id":"https:\/\/www.suavinex.com\/livingsuavinex\/#\/schema\/person\/image\/","url":"https:\/\/www.suavinex.com\/livingsuavinex\/wp-content\/uploads\/2017\/05\/Living-Suavinex_avatar-96x96.png","contentUrl":"https:\/\/www.suavinex.com\/livingsuavinex\/wp-content\/uploads\/2017\/05\/Living-Suavinex_avatar-96x96.png","caption":"Living Suavinex"}}]}},"_links":{"self":[{"href":"https:\/\/www.suavinex.com\/livingsuavinex\/wp-json\/wp\/v2\/posts\/11475","targetHints":{"allow":["GET"]}}],"collection":[{"href":"https:\/\/www.suavinex.com\/livingsuavinex\/wp-json\/wp\/v2\/posts"}],"about":[{"href":"https:\/\/www.suavinex.com\/livingsuavinex\/wp-json\/wp\/v2\/types\/post"}],"author":[{"embeddable":true,"href":"https:\/\/www.suavinex.com\/livingsuavinex\/wp-json\/wp\/v2\/users\/288"}],"replies":[{"embeddable":true,"href":"https:\/\/www.suavinex.com\/livingsuavinex\/wp-json\/wp\/v2\/comments?post=11475"}],"version-history":[{"count":5,"href":"https:\/\/www.suavinex.com\/livingsuavinex\/wp-json\/wp\/v2\/posts\/11475\/revisions"}],"predecessor-version":[{"id":23308,"href":"https:\/\/www.suavinex.com\/livingsuavinex\/wp-json\/wp\/v2\/posts\/11475\/revisions\/23308"}],"wp:featuredmedia":[{"embeddable":true,"href":"https:\/\/www.suavinex.com\/livingsuavinex\/wp-json\/wp\/v2\/media\/11476"}],"wp:attachment":[{"href":"https:\/\/www.suavinex.com\/livingsuavinex\/wp-json\/wp\/v2\/media?parent=11475"}],"wp:term":[{"taxonomy":"category","embeddable":true,"href":"https:\/\/www.suavinex.com\/livingsuavinex\/wp-json\/wp\/v2\/categories?post=11475"},{"taxonomy":"post_tag","embeddable":true,"href":"https:\/\/www.suavinex.com\/livingsuavinex\/wp-json\/wp\/v2\/tags?post=11475"}],"curies":[{"name":"wp","href":"https:\/\/api.w.org\/{rel}","templated":true}]}}