{"id":11412,"date":"2014-08-28T06:54:42","date_gmt":"2014-08-28T06:54:42","guid":{"rendered":"https:\/\/www.suavinex.com\/livingsuavinex\/?p=11412"},"modified":"2021-11-29T12:19:42","modified_gmt":"2021-11-29T11:19:42","slug":"cuidados-cordon-umbilical","status":"publish","type":"post","link":"https:\/\/www.suavinex.com\/livingsuavinex\/cuidados-cordon-umbilical\/","title":{"rendered":"Los cuidados del cord\u00f3n umbilical en el reci\u00e9n nacido"},"content":{"rendered":"<p>\u00a1Enhorabuena! Ya tienes a tu beb\u00e9 en casa. \u00a1Qu\u00e9 ilusi\u00f3n!<\/p>\n<p>Ahora ha llegado el momento de enfrentar sus <strong>cuidados, rutinas y necesidades diarias<\/strong>. Empezando por los cuidados del cord\u00f3n umbilical desde el primer d\u00eda tras su nacimiento.<\/p>\n<p>No te preocupes, porque la <strong>higiene del cord\u00f3n umbilical<\/strong> es sencilla. S\u00f3lo tienes que seguir algunas indicaciones y prestar atenci\u00f3n a posibles se\u00f1ales de infecci\u00f3n.<\/p>\n<h2 style=\"text-align: center;\"><strong><img loading=\"lazy\" decoding=\"async\" class=\"alignleft wp-image-41472 size-medium\" src=\"https:\/\/www.suavinex.com\/livingsuavinex\/wp-content\/uploads\/2021\/02\/bebe-bostezando-min-300x300.jpg\" alt=\"bebe bostezando\" width=\"300\" height=\"300\" srcset=\"https:\/\/www.suavinex.com\/livingsuavinex\/wp-content\/uploads\/2021\/02\/bebe-bostezando-min-300x300.jpg 300w, https:\/\/www.suavinex.com\/livingsuavinex\/wp-content\/uploads\/2021\/02\/bebe-bostezando-min-150x150.jpg 150w, https:\/\/www.suavinex.com\/livingsuavinex\/wp-content\/uploads\/2021\/02\/bebe-bostezando-min-66x66.jpg 66w, https:\/\/www.suavinex.com\/livingsuavinex\/wp-content\/uploads\/2021\/02\/bebe-bostezando-min-200x200.jpg 200w, https:\/\/www.suavinex.com\/livingsuavinex\/wp-content\/uploads\/2021\/02\/bebe-bostezando-min-400x400.jpg 400w, https:\/\/www.suavinex.com\/livingsuavinex\/wp-content\/uploads\/2021\/02\/bebe-bostezando-min.jpg 600w\" sizes=\"auto, (max-width: 300px) 100vw, 300px\" \/>Qu\u00e9 es el cord\u00f3n umbilical<\/strong><\/h2>\n<p>El cord\u00f3n umbilical es lo que une al beb\u00e9 y a la madre durante los meses del embarazo. A trav\u00e9s de \u00e9l es como le llega a tu beb\u00e9 el ox\u00edgeno y el alimento antes de nacer.<\/p>\n<p>Dentro del cord\u00f3n umbilical hay un mont\u00f3n de vasos sangu\u00edneos.<\/p>\n<p>Cuando el beb\u00e9 nace y el cord\u00f3n deja de hacer falta, los m\u00e9dicos lo cortan con material est\u00e9ril y le ponen una pinza.<\/p>\n<h2 style=\"text-align: center;\"><strong>Cu\u00e1ndo se cae el cord\u00f3n umbilical<\/strong><\/h2>\n<p>El cord\u00f3n umbilical se va secando con el paso de los d\u00edas y en el plazo de <strong>entre una semana y 20 d\u00edas<\/strong> tras el nacimiento acabar\u00e1 por caerse.<\/p>\n<p>Es muy importante <strong>dejar que el cord\u00f3n se caiga por s\u00ed solo<\/strong>. Incluso cuando parezca que est\u00e1 a punto de caerse y que pende de un hilo min\u00fasculo, no intentes retirarlo t\u00fa ni forzar su ca\u00edda.<\/p>\n<p>Despu\u00e9s de que se produzca la ca\u00edda, queda una peque\u00f1a heridita que tambi\u00e9n hay que <strong>mantener limpia y curar<\/strong>.<\/p>\n<h2 style=\"text-align: center;\"><strong>Por qu\u00e9 limpiar el cord\u00f3n umbilical<\/strong><\/h2>\n<p>Mientras el cord\u00f3n umbilical empieza a cicatrizar, es vulnerable a los g\u00e9rmenes y bacterias habituales. Esto podr\u00eda provocar infecciones de modo que mantener la higiene del cord\u00f3n umbilical es crucial para mantener la salud de tu beb\u00e9.<\/p>\n<p>Recuerda que <strong>el sistema inmune de tu beb\u00e9 es delicado<\/strong>, de modo que infecciones que podr\u00edan parecer muy leves en un adulto o en un ni\u00f1o m\u00e1s mayor pueden traer graves complicaciones para un <a href=\"https:\/\/www.suavinex.com\/livingsuavinex\/que-es-un-neonato\/\">neonato<\/a>.<\/p>\n<h2 style=\"text-align: center;\"><strong>\u00bfC\u00f3mo curar el cord\u00f3n umbilical?<\/strong><\/h2>\n<p>Para mantener los cuidados del cord\u00f3n umbilical se recomienda utilizar:<\/p>\n<ul>\n<li>Alcohol de 70\u00ba. Esta gradaci\u00f3n de alcohol es m\u00e1s suave y ayuda a <a href=\"https:\/\/www.suavinex.com\/livingsuavinex\/piel-del-bebe\/\">proteger la piel del beb\u00e9<\/a> adem\u00e1s de higienizar y desinfectar la zona.<\/li>\n<li>Se trata de un antis\u00e9ptico apto para los beb\u00e9s y recomendado por la <a href=\"https:\/\/www.aeped.es\/\">Asociaci\u00f3n Espa\u00f1ola de Pediatr\u00eda<\/a>.<\/li>\n<li>Gasas y suero fisiol\u00f3gico para limpiar la zona de la pinza.<\/li>\n<\/ul>\n<p>Est\u00e1 <strong>desaconsejado el uso de antis\u00e9pticos con base de yodo<\/strong> (por posibles alteraciones tiroideas del beb\u00e9) o bien mercromina por riesgo de dermatitis.<\/p>\n<p>Las curas han de realizarse al menos dos veces al d\u00eda, una tras la <a href=\"https:\/\/www.suavinex.com\/livingsuavinex\/la-hora-del-bano\/\">hora del ba\u00f1o del beb\u00e9<\/a> y tantas veces como lo necesitase si tras el <a href=\"https:\/\/www.suavinex.com\/livingsuavinex\/cuando-y-como-cambiar-el-panal-al-bebe\/\">cambio de pa\u00f1al<\/a> comprob\u00e1ramos que se ha ensuciado.<\/p>\n<p>Para un correcto cuidado deberemos retirar ligeramente la pinza de pl\u00e1stico hacia arriba para poder limpiar con una gasa esa zona. <strong>No aplicar directamente el alcohol en la piel del beb\u00e9<\/strong>, hacerlo sobre la gasa. Utilizar una gasa para la zona adherida a la pinza y otra para la propia pinza. Aplicar la clorhexidina y dejar secar. Al colocar el pa\u00f1al es conveniente que el cord\u00f3n y la pinza queden por debajo para <strong>evitar que se enganche con la ropa<\/strong> y se produzcan tirones.<\/p>\n<p>Lo habitual es que siguiendo estas pautas a los pocos d\u00edas el cord\u00f3n se caiga por s\u00ed solo. Los d\u00edas sucesivos se recomienda emplear el antis\u00e9ptico sobre la herida y siempre secar debidamente la zona tras el ba\u00f1o.<\/p>\n<h2 style=\"text-align: center;\"><strong><img loading=\"lazy\" decoding=\"async\" class=\"alignright wp-image-40966 size-medium\" src=\"https:\/\/www.suavinex.com\/livingsuavinex\/wp-content\/uploads\/2020\/04\/planes-ninos-familia_2-300x300.png\" alt=\"planes con ni\u00f1os en familia\" width=\"300\" height=\"300\" srcset=\"https:\/\/www.suavinex.com\/livingsuavinex\/wp-content\/uploads\/2020\/04\/planes-ninos-familia_2-300x300.png 300w, https:\/\/www.suavinex.com\/livingsuavinex\/wp-content\/uploads\/2020\/04\/planes-ninos-familia_2-150x150.png 150w, https:\/\/www.suavinex.com\/livingsuavinex\/wp-content\/uploads\/2020\/04\/planes-ninos-familia_2-66x66.png 66w, https:\/\/www.suavinex.com\/livingsuavinex\/wp-content\/uploads\/2020\/04\/planes-ninos-familia_2-200x200.png 200w, https:\/\/www.suavinex.com\/livingsuavinex\/wp-content\/uploads\/2020\/04\/planes-ninos-familia_2-400x400.png 400w, https:\/\/www.suavinex.com\/livingsuavinex\/wp-content\/uploads\/2020\/04\/planes-ninos-familia_2.png 600w\" sizes=\"auto, (max-width: 300px) 100vw, 300px\" \/>Se\u00f1ales de alerta<\/strong><\/h2>\n<p>Si sucede algo y el cord\u00f3n umbilical de tu beb\u00e9 se infecta, estas son las se\u00f1ales a las que debes prestar atenci\u00f3n para identificarlo r\u00e1pidamente.<\/p>\n<ul>\n<li>La aparici\u00f3n de fiebre.<\/li>\n<li>Mal olor del cord\u00f3n junto con la aparici\u00f3n de l\u00edquido amarillento. Es se\u00f1al de infecci\u00f3n.<\/li>\n<li>Si observamos la zona del ombligo roja o inflamada.<\/li>\n<\/ul>\n<p>Una vez ca\u00eddo el cord\u00f3n si observas que el ombligo se sale hacia fuera, podr\u00eda tratarse de una hernia umbilical. Es recomendable consultar con vuestro pediatra.<\/p>\n<p>&nbsp;<\/p>\n<p>Y en vuestro caso, \u00bfcu\u00e1ntos d\u00edas tard\u00f3 en caer el cord\u00f3n umbilical de vuestros beb\u00e9s?<\/p>\n<p>&nbsp;<\/p>\n<p>Fuentes:<\/p>\n<p><a href=\"https:\/\/medlineplus.gov\/spanish\/ency\/article\/001926.htm\">Cuidado del cord\u00f3n umbilical en reci\u00e9n nacidos<\/a> \u2013 Medline Plus<\/p>\n<p><a href=\"https:\/\/www.mayoclinic.org\/es-es\/healthy-lifestyle\/infant-and-toddler-health\/in-depth\/umbilical-cord\/art-20048250\" class=\"broken_link\">Salud de beb\u00e9s y ni\u00f1os peque\u00f1os<\/a> \u2013 Mayo Clinic<\/p>\n<p><a href=\"https:\/\/enfamilia.aeped.es\/edades-etapas\/cuidados-cordon-umbilical\">Cuidados del cord\u00f3n umbilical<\/a> \u2013 En Familia<\/p>\n","protected":false},"excerpt":{"rendered":"\u00a1Enhorabuena! Ya tienes a tu beb\u00e9 en casa. \u00a1Qu\u00e9 ilusi\u00f3n! Ahora ha llegado el momento de enfrentar sus cuidados, rutinas y necesidades diarias. Empezando por los cuidados del cord\u00f3n umbilical desde el primer d\u00eda tras su nacimiento. No te preocupes, porque la higiene del cord\u00f3n umbilical es sencilla. S\u00f3lo tienes&#8230; <a class=\"view-article\" href=\"https:\/\/www.suavinex.com\/livingsuavinex\/cuidados-cordon-umbilical\/\">Ver art\u00edculo<\/a>","protected":false},"author":288,"featured_media":11413,"comment_status":"open","ping_status":"open","sticky":false,"template":"","format":"standard","meta":{"inline_featured_image":false,"footnotes":""},"categories":[2272],"tags":[234,76,9],"class_list":["post-11412","post","type-post","status-publish","format-standard","has-post-thumbnail","hentry","category-tips-crianza","tag-bebe","tag-cuidados","tag-maternidad"],"yoast_head":"<!-- This site is optimized with the Yoast SEO plugin v26.8 - https:\/\/yoast.com\/product\/yoast-seo-wordpress\/ -->\n<title>Los cuidados del cord\u00f3n umbilical en el reci\u00e9n nacido<\/title>\n<meta name=\"description\" content=\"Cuidar el cord\u00f3n umbilical del reci\u00e9n nacido es algo fundamental. No te pierdas nuestro post con todas las claves para hacerlo.\" \/>\n<meta name=\"robots\" content=\"index, follow, max-snippet:-1, max-image-preview:large, max-video-preview:-1\" \/>\n<link rel=\"canonical\" href=\"https:\/\/www.suavinex.com\/livingsuavinex\/cuidados-cordon-umbilical\/\" \/>\n<meta property=\"og:locale\" content=\"es_ES\" \/>\n<meta property=\"og:type\" content=\"article\" \/>\n<meta property=\"og:title\" content=\"Los cuidados del cord\u00f3n umbilical en el reci\u00e9n nacido\" \/>\n<meta property=\"og:description\" content=\"Cuidar el cord\u00f3n umbilical del reci\u00e9n nacido es algo fundamental. No te pierdas nuestro post con todas las claves para hacerlo.\" \/>\n<meta property=\"og:url\" content=\"https:\/\/www.suavinex.com\/livingsuavinex\/cuidados-cordon-umbilical\/\" \/>\n<meta property=\"og:site_name\" content=\"Living Suavinex\" \/>\n<meta property=\"article:publisher\" content=\"https:\/\/www.facebook.com\/SuavinexSpain\" \/>\n<meta property=\"article:published_time\" content=\"2014-08-28T06:54:42+00:00\" \/>\n<meta property=\"article:modified_time\" content=\"2021-11-29T11:19:42+00:00\" \/>\n<meta property=\"og:image\" content=\"https:\/\/www.suavinex.com\/livingsuavinex\/wp-content\/uploads\/2014\/08\/post-agosto14.jpg\" \/>\n\t<meta property=\"og:image:width\" content=\"600\" \/>\n\t<meta property=\"og:image:height\" content=\"340\" \/>\n\t<meta property=\"og:image:type\" content=\"image\/jpeg\" \/>\n<meta name=\"author\" content=\"Living Suavinex\" \/>\n<meta name=\"twitter:card\" content=\"summary_large_image\" \/>\n<meta name=\"twitter:creator\" content=\"@SuavinexSpain\" \/>\n<meta name=\"twitter:site\" content=\"@SuavinexSpain\" \/>\n<meta name=\"twitter:label1\" content=\"Escrito por\" \/>\n\t<meta name=\"twitter:data1\" content=\"Living Suavinex\" \/>\n\t<meta name=\"twitter:label2\" content=\"Tiempo de lectura\" \/>\n\t<meta name=\"twitter:data2\" content=\"4 minutos\" \/>\n<script type=\"application\/ld+json\" class=\"yoast-schema-graph\">{\"@context\":\"https:\/\/schema.org\",\"@graph\":[{\"@type\":\"Article\",\"@id\":\"https:\/\/www.suavinex.com\/livingsuavinex\/cuidados-cordon-umbilical\/#article\",\"isPartOf\":{\"@id\":\"https:\/\/www.suavinex.com\/livingsuavinex\/cuidados-cordon-umbilical\/\"},\"author\":{\"name\":\"Living Suavinex\",\"@id\":\"https:\/\/www.suavinex.com\/livingsuavinex\/#\/schema\/person\/64fd7b62c88b0024a3ceeffb47f07eb6\"},\"headline\":\"Los cuidados del cord\u00f3n umbilical en el reci\u00e9n nacido\",\"datePublished\":\"2014-08-28T06:54:42+00:00\",\"dateModified\":\"2021-11-29T11:19:42+00:00\",\"mainEntityOfPage\":{\"@id\":\"https:\/\/www.suavinex.com\/livingsuavinex\/cuidados-cordon-umbilical\/\"},\"wordCount\":773,\"commentCount\":0,\"publisher\":{\"@id\":\"https:\/\/www.suavinex.com\/livingsuavinex\/#organization\"},\"image\":{\"@id\":\"https:\/\/www.suavinex.com\/livingsuavinex\/cuidados-cordon-umbilical\/#primaryimage\"},\"thumbnailUrl\":\"https:\/\/www.suavinex.com\/livingsuavinex\/wp-content\/uploads\/2014\/08\/post-agosto14.jpg\",\"keywords\":[\"Beb\u00e9\",\"Cuidados\",\"Maternidad\"],\"articleSection\":[\"Tips de crianza\"],\"inLanguage\":\"es\"},{\"@type\":\"WebPage\",\"@id\":\"https:\/\/www.suavinex.com\/livingsuavinex\/cuidados-cordon-umbilical\/\",\"url\":\"https:\/\/www.suavinex.com\/livingsuavinex\/cuidados-cordon-umbilical\/\",\"name\":\"Los cuidados del cord\u00f3n umbilical en el reci\u00e9n nacido\",\"isPartOf\":{\"@id\":\"https:\/\/www.suavinex.com\/livingsuavinex\/#website\"},\"primaryImageOfPage\":{\"@id\":\"https:\/\/www.suavinex.com\/livingsuavinex\/cuidados-cordon-umbilical\/#primaryimage\"},\"image\":{\"@id\":\"https:\/\/www.suavinex.com\/livingsuavinex\/cuidados-cordon-umbilical\/#primaryimage\"},\"thumbnailUrl\":\"https:\/\/www.suavinex.com\/livingsuavinex\/wp-content\/uploads\/2014\/08\/post-agosto14.jpg\",\"datePublished\":\"2014-08-28T06:54:42+00:00\",\"dateModified\":\"2021-11-29T11:19:42+00:00\",\"description\":\"Cuidar el cord\u00f3n umbilical del reci\u00e9n nacido es algo fundamental. No te pierdas nuestro post con todas las claves para hacerlo.\",\"breadcrumb\":{\"@id\":\"https:\/\/www.suavinex.com\/livingsuavinex\/cuidados-cordon-umbilical\/#breadcrumb\"},\"inLanguage\":\"es\",\"potentialAction\":[{\"@type\":\"ReadAction\",\"target\":[\"https:\/\/www.suavinex.com\/livingsuavinex\/cuidados-cordon-umbilical\/\"]}]},{\"@type\":\"ImageObject\",\"inLanguage\":\"es\",\"@id\":\"https:\/\/www.suavinex.com\/livingsuavinex\/cuidados-cordon-umbilical\/#primaryimage\",\"url\":\"https:\/\/www.suavinex.com\/livingsuavinex\/wp-content\/uploads\/2014\/08\/post-agosto14.jpg\",\"contentUrl\":\"https:\/\/www.suavinex.com\/livingsuavinex\/wp-content\/uploads\/2014\/08\/post-agosto14.jpg\",\"width\":600,\"height\":340,\"caption\":\"cord\u00f3n umbilical\"},{\"@type\":\"BreadcrumbList\",\"@id\":\"https:\/\/www.suavinex.com\/livingsuavinex\/cuidados-cordon-umbilical\/#breadcrumb\",\"itemListElement\":[{\"@type\":\"ListItem\",\"position\":1,\"name\":\"Portada\",\"item\":\"https:\/\/www.suavinex.com\/livingsuavinex\/\"},{\"@type\":\"ListItem\",\"position\":2,\"name\":\"Los cuidados del cord\u00f3n umbilical en el reci\u00e9n nacido\"}]},{\"@type\":\"WebSite\",\"@id\":\"https:\/\/www.suavinex.com\/livingsuavinex\/#website\",\"url\":\"https:\/\/www.suavinex.com\/livingsuavinex\/\",\"name\":\"Living Suavinex\",\"description\":\"| Familias reales\",\"publisher\":{\"@id\":\"https:\/\/www.suavinex.com\/livingsuavinex\/#organization\"},\"potentialAction\":[{\"@type\":\"SearchAction\",\"target\":{\"@type\":\"EntryPoint\",\"urlTemplate\":\"https:\/\/www.suavinex.com\/livingsuavinex\/?s={search_term_string}\"},\"query-input\":{\"@type\":\"PropertyValueSpecification\",\"valueRequired\":true,\"valueName\":\"search_term_string\"}}],\"inLanguage\":\"es\"},{\"@type\":\"Organization\",\"@id\":\"https:\/\/www.suavinex.com\/livingsuavinex\/#organization\",\"name\":\"Suavinex\",\"url\":\"https:\/\/www.suavinex.com\/livingsuavinex\/\",\"logo\":{\"@type\":\"ImageObject\",\"inLanguage\":\"es\",\"@id\":\"https:\/\/www.suavinex.com\/livingsuavinex\/#\/schema\/logo\/image\/\",\"url\":\"https:\/\/www.suavinex.com\/livingsuavinex\/wp-content\/uploads\/2018\/07\/living_sx_logo_mvl.png\",\"contentUrl\":\"https:\/\/www.suavinex.com\/livingsuavinex\/wp-content\/uploads\/2018\/07\/living_sx_logo_mvl.png\",\"width\":350,\"height\":70,\"caption\":\"Suavinex\"},\"image\":{\"@id\":\"https:\/\/www.suavinex.com\/livingsuavinex\/#\/schema\/logo\/image\/\"},\"sameAs\":[\"https:\/\/www.facebook.com\/SuavinexSpain\",\"https:\/\/x.com\/SuavinexSpain\",\"https:\/\/www.instagram.com\/suavinex_spain\/\",\"https:\/\/www.pinterest.es\/SuavinexSpain\/\",\"https:\/\/www.youtube.com\/channel\/UCgeJREx2R_ZvV2aQMrfWgcA\"]},{\"@type\":\"Person\",\"@id\":\"https:\/\/www.suavinex.com\/livingsuavinex\/#\/schema\/person\/64fd7b62c88b0024a3ceeffb47f07eb6\",\"name\":\"Living Suavinex\",\"image\":{\"@type\":\"ImageObject\",\"inLanguage\":\"es\",\"@id\":\"https:\/\/www.suavinex.com\/livingsuavinex\/#\/schema\/person\/image\/\",\"url\":\"https:\/\/www.suavinex.com\/livingsuavinex\/wp-content\/uploads\/2017\/05\/Living-Suavinex_avatar-96x96.png\",\"contentUrl\":\"https:\/\/www.suavinex.com\/livingsuavinex\/wp-content\/uploads\/2017\/05\/Living-Suavinex_avatar-96x96.png\",\"caption\":\"Living Suavinex\"}}]}<\/script>\n<!-- \/ Yoast SEO plugin. -->","yoast_head_json":{"title":"Los cuidados del cord\u00f3n umbilical en el reci\u00e9n nacido","description":"Cuidar el cord\u00f3n umbilical del reci\u00e9n nacido es algo fundamental. No te pierdas nuestro post con todas las claves para hacerlo.","robots":{"index":"index","follow":"follow","max-snippet":"max-snippet:-1","max-image-preview":"max-image-preview:large","max-video-preview":"max-video-preview:-1"},"canonical":"https:\/\/www.suavinex.com\/livingsuavinex\/cuidados-cordon-umbilical\/","og_locale":"es_ES","og_type":"article","og_title":"Los cuidados del cord\u00f3n umbilical en el reci\u00e9n nacido","og_description":"Cuidar el cord\u00f3n umbilical del reci\u00e9n nacido es algo fundamental. No te pierdas nuestro post con todas las claves para hacerlo.","og_url":"https:\/\/www.suavinex.com\/livingsuavinex\/cuidados-cordon-umbilical\/","og_site_name":"Living Suavinex","article_publisher":"https:\/\/www.facebook.com\/SuavinexSpain","article_published_time":"2014-08-28T06:54:42+00:00","article_modified_time":"2021-11-29T11:19:42+00:00","og_image":[{"width":600,"height":340,"url":"https:\/\/www.suavinex.com\/livingsuavinex\/wp-content\/uploads\/2014\/08\/post-agosto14.jpg","type":"image\/jpeg"}],"author":"Living Suavinex","twitter_card":"summary_large_image","twitter_creator":"@SuavinexSpain","twitter_site":"@SuavinexSpain","twitter_misc":{"Escrito por":"Living Suavinex","Tiempo de lectura":"4 minutos"},"schema":{"@context":"https:\/\/schema.org","@graph":[{"@type":"Article","@id":"https:\/\/www.suavinex.com\/livingsuavinex\/cuidados-cordon-umbilical\/#article","isPartOf":{"@id":"https:\/\/www.suavinex.com\/livingsuavinex\/cuidados-cordon-umbilical\/"},"author":{"name":"Living Suavinex","@id":"https:\/\/www.suavinex.com\/livingsuavinex\/#\/schema\/person\/64fd7b62c88b0024a3ceeffb47f07eb6"},"headline":"Los cuidados del cord\u00f3n umbilical en el reci\u00e9n nacido","datePublished":"2014-08-28T06:54:42+00:00","dateModified":"2021-11-29T11:19:42+00:00","mainEntityOfPage":{"@id":"https:\/\/www.suavinex.com\/livingsuavinex\/cuidados-cordon-umbilical\/"},"wordCount":773,"commentCount":0,"publisher":{"@id":"https:\/\/www.suavinex.com\/livingsuavinex\/#organization"},"image":{"@id":"https:\/\/www.suavinex.com\/livingsuavinex\/cuidados-cordon-umbilical\/#primaryimage"},"thumbnailUrl":"https:\/\/www.suavinex.com\/livingsuavinex\/wp-content\/uploads\/2014\/08\/post-agosto14.jpg","keywords":["Beb\u00e9","Cuidados","Maternidad"],"articleSection":["Tips de crianza"],"inLanguage":"es"},{"@type":"WebPage","@id":"https:\/\/www.suavinex.com\/livingsuavinex\/cuidados-cordon-umbilical\/","url":"https:\/\/www.suavinex.com\/livingsuavinex\/cuidados-cordon-umbilical\/","name":"Los cuidados del cord\u00f3n umbilical en el reci\u00e9n nacido","isPartOf":{"@id":"https:\/\/www.suavinex.com\/livingsuavinex\/#website"},"primaryImageOfPage":{"@id":"https:\/\/www.suavinex.com\/livingsuavinex\/cuidados-cordon-umbilical\/#primaryimage"},"image":{"@id":"https:\/\/www.suavinex.com\/livingsuavinex\/cuidados-cordon-umbilical\/#primaryimage"},"thumbnailUrl":"https:\/\/www.suavinex.com\/livingsuavinex\/wp-content\/uploads\/2014\/08\/post-agosto14.jpg","datePublished":"2014-08-28T06:54:42+00:00","dateModified":"2021-11-29T11:19:42+00:00","description":"Cuidar el cord\u00f3n umbilical del reci\u00e9n nacido es algo fundamental. No te pierdas nuestro post con todas las claves para hacerlo.","breadcrumb":{"@id":"https:\/\/www.suavinex.com\/livingsuavinex\/cuidados-cordon-umbilical\/#breadcrumb"},"inLanguage":"es","potentialAction":[{"@type":"ReadAction","target":["https:\/\/www.suavinex.com\/livingsuavinex\/cuidados-cordon-umbilical\/"]}]},{"@type":"ImageObject","inLanguage":"es","@id":"https:\/\/www.suavinex.com\/livingsuavinex\/cuidados-cordon-umbilical\/#primaryimage","url":"https:\/\/www.suavinex.com\/livingsuavinex\/wp-content\/uploads\/2014\/08\/post-agosto14.jpg","contentUrl":"https:\/\/www.suavinex.com\/livingsuavinex\/wp-content\/uploads\/2014\/08\/post-agosto14.jpg","width":600,"height":340,"caption":"cord\u00f3n umbilical"},{"@type":"BreadcrumbList","@id":"https:\/\/www.suavinex.com\/livingsuavinex\/cuidados-cordon-umbilical\/#breadcrumb","itemListElement":[{"@type":"ListItem","position":1,"name":"Portada","item":"https:\/\/www.suavinex.com\/livingsuavinex\/"},{"@type":"ListItem","position":2,"name":"Los cuidados del cord\u00f3n umbilical en el reci\u00e9n nacido"}]},{"@type":"WebSite","@id":"https:\/\/www.suavinex.com\/livingsuavinex\/#website","url":"https:\/\/www.suavinex.com\/livingsuavinex\/","name":"Living Suavinex","description":"| Familias reales","publisher":{"@id":"https:\/\/www.suavinex.com\/livingsuavinex\/#organization"},"potentialAction":[{"@type":"SearchAction","target":{"@type":"EntryPoint","urlTemplate":"https:\/\/www.suavinex.com\/livingsuavinex\/?s={search_term_string}"},"query-input":{"@type":"PropertyValueSpecification","valueRequired":true,"valueName":"search_term_string"}}],"inLanguage":"es"},{"@type":"Organization","@id":"https:\/\/www.suavinex.com\/livingsuavinex\/#organization","name":"Suavinex","url":"https:\/\/www.suavinex.com\/livingsuavinex\/","logo":{"@type":"ImageObject","inLanguage":"es","@id":"https:\/\/www.suavinex.com\/livingsuavinex\/#\/schema\/logo\/image\/","url":"https:\/\/www.suavinex.com\/livingsuavinex\/wp-content\/uploads\/2018\/07\/living_sx_logo_mvl.png","contentUrl":"https:\/\/www.suavinex.com\/livingsuavinex\/wp-content\/uploads\/2018\/07\/living_sx_logo_mvl.png","width":350,"height":70,"caption":"Suavinex"},"image":{"@id":"https:\/\/www.suavinex.com\/livingsuavinex\/#\/schema\/logo\/image\/"},"sameAs":["https:\/\/www.facebook.com\/SuavinexSpain","https:\/\/x.com\/SuavinexSpain","https:\/\/www.instagram.com\/suavinex_spain\/","https:\/\/www.pinterest.es\/SuavinexSpain\/","https:\/\/www.youtube.com\/channel\/UCgeJREx2R_ZvV2aQMrfWgcA"]},{"@type":"Person","@id":"https:\/\/www.suavinex.com\/livingsuavinex\/#\/schema\/person\/64fd7b62c88b0024a3ceeffb47f07eb6","name":"Living Suavinex","image":{"@type":"ImageObject","inLanguage":"es","@id":"https:\/\/www.suavinex.com\/livingsuavinex\/#\/schema\/person\/image\/","url":"https:\/\/www.suavinex.com\/livingsuavinex\/wp-content\/uploads\/2017\/05\/Living-Suavinex_avatar-96x96.png","contentUrl":"https:\/\/www.suavinex.com\/livingsuavinex\/wp-content\/uploads\/2017\/05\/Living-Suavinex_avatar-96x96.png","caption":"Living Suavinex"}}]}},"_links":{"self":[{"href":"https:\/\/www.suavinex.com\/livingsuavinex\/wp-json\/wp\/v2\/posts\/11412","targetHints":{"allow":["GET"]}}],"collection":[{"href":"https:\/\/www.suavinex.com\/livingsuavinex\/wp-json\/wp\/v2\/posts"}],"about":[{"href":"https:\/\/www.suavinex.com\/livingsuavinex\/wp-json\/wp\/v2\/types\/post"}],"author":[{"embeddable":true,"href":"https:\/\/www.suavinex.com\/livingsuavinex\/wp-json\/wp\/v2\/users\/288"}],"replies":[{"embeddable":true,"href":"https:\/\/www.suavinex.com\/livingsuavinex\/wp-json\/wp\/v2\/comments?post=11412"}],"version-history":[{"count":10,"href":"https:\/\/www.suavinex.com\/livingsuavinex\/wp-json\/wp\/v2\/posts\/11412\/revisions"}],"predecessor-version":[{"id":42166,"href":"https:\/\/www.suavinex.com\/livingsuavinex\/wp-json\/wp\/v2\/posts\/11412\/revisions\/42166"}],"wp:featuredmedia":[{"embeddable":true,"href":"https:\/\/www.suavinex.com\/livingsuavinex\/wp-json\/wp\/v2\/media\/11413"}],"wp:attachment":[{"href":"https:\/\/www.suavinex.com\/livingsuavinex\/wp-json\/wp\/v2\/media?parent=11412"}],"wp:term":[{"taxonomy":"category","embeddable":true,"href":"https:\/\/www.suavinex.com\/livingsuavinex\/wp-json\/wp\/v2\/categories?post=11412"},{"taxonomy":"post_tag","embeddable":true,"href":"https:\/\/www.suavinex.com\/livingsuavinex\/wp-json\/wp\/v2\/tags?post=11412"}],"curies":[{"name":"wp","href":"https:\/\/api.w.org\/{rel}","templated":true}]}}